{"id":50340,"date":"2023-09-15T20:50:05","date_gmt":"2023-09-15T20:50:05","guid":{"rendered":"https:\/\/dmsjuridica.com\/buscador_20179478954\/salapenalcronologico20230723\/2023\/09\/15\/ap2382-202056710\/"},"modified":"2023-09-15T20:50:05","modified_gmt":"2023-09-15T20:50:05","slug":"ap2382-202056710","status":"publish","type":"post","link":"https:\/\/dmsjuridica.com\/buscador_20179478954\/salapenalcronologico20230723\/2023\/09\/15\/ap2382-202056710\/","title":{"rendered":"AP2382-2020(56710)"},"content":{"rendered":"\n<p>\u00a0 \u00a0 \u00a0 \u00a0\u00a0<\/p>\n<p>EYDER \u00a0PATI\u00d1O CABRERA \u00a0<\/p>\n<p>Magistrado \u00a0Ponente \u00a0<\/p>\n<p>AP2382-2020 \u00a0<\/p>\n<p>Radicaci\u00f3n \u00a0n\u00b0. 56710 \u00a0<\/p>\n<p>Acta n\u00ba \u00a0195. \u00a0<\/p>\n<p>Bogot\u00e1, \u00a0D. C., diecis\u00e9is (16) de septiembre de dos mil veinte (2020). \u00a0<\/p>\n<p>VISTOS: \u00a0<\/p>\n<p>Encontr\u00e1ndose \u00a0acreditado el fallecimiento del ciudadano colombiano Eduardo \u00a0Antonio Bula CORREA solicitado \u00a0en extradici\u00f3n por el \u00a0Gobierno de los Estados Unidos de Am\u00e9rica, \u00a0se procede a decidir acerca de la continuaci\u00f3n del tr\u00e1mite. \u00a0 \u00a0 \u00a0 \u00a0ANTECEDENTES \u00a0Y CONSIDERACIONES \u00a0<\/p>\n<p>\u00a0 \u00a0\u00a0 \u00a0 \u00a0 \u00a0 \u00a0<\/p>\n<p>1. Mediante \u00a0 \u00a0 \u00a0 \u00a0 \u00a0Nota Verbal No. 1453 del 12 de septiembre de 20191, \u00a0 \u00a0 \u00a0 \u00a0 \u00a0el Gobierno de los Estados Unidos de Am\u00e9rica solicit\u00f3 \u00a0 \u00a0 \u00a0 \u00a0 \u00a0al Ministerio de Relaciones Exteriores la detenci\u00f3n \u00a0 \u00a0 \u00a0 \u00a0 \u00a0preventiva con fines de extradici\u00f3n de Eduardo \u00a0 \u00a0 \u00a0 \u00a0 \u00a0Antonio Bula Correa, \u00a0 \u00a0 \u00a0 \u00a0 \u00a0ciudadano colombiano requerido por la Corte Distrital de los Estados \u00a0 \u00a0 \u00a0 \u00a0 \u00a0Unidos para el Distrito Central de California, para que comparezca \u00a0 \u00a0 \u00a0 \u00a0 \u00a0al proceso que se adelanta en su contra por delitos \u00a0 \u00a0 \u00a0 \u00a0 \u00a0de tr\u00e1fico de drogas. \u00a0<\/p>\n<p>\u00a0 \u00a0\u00a0 \u00a0 \u00a0 \u00a0 \u00a0<\/p>\n<p>2. La \u00a0 \u00a0 \u00a0 \u00a0 \u00a0Fiscal\u00eda General de la Naci\u00f3n, con Resoluci\u00f3n \u00a0 \u00a0 \u00a0 \u00a0 \u00a0del 17 de septiembre de 20192, \u00a0 \u00a0 \u00a0 \u00a0 \u00a0orden\u00f3 la captura con fines de extradici\u00f3n de \u00a0 \u00a0 \u00a0 \u00a0 \u00a0Bula \u00a0 \u00a0 \u00a0 \u00a0 \u00a0Correa, \u00a0 \u00a0 \u00a0 \u00a0 \u00a0identificado con c\u00e9dula de ciudadan\u00eda 12.546.778, \u00a0 \u00a0 \u00a0 \u00a0 \u00a0materializada el 19 de septiembre de ese a\u00f1o en la calle 131A \u00a0 \u00a0 \u00a0 \u00a0 \u00a0 No. 53B &#8211; 91 de la ciudad de Bogot\u00e1 D.C.. \u00a0<\/p>\n<p>\u00a0 \u00a0\u00a0 \u00a0 \u00a0 \u00a0 \u00a0<\/p>\n<p>3. A \u00a0 \u00a0 \u00a0 \u00a0 \u00a0trav\u00e9s de Nota Verbal No. 1883 del 15 de noviembre de 20193, \u00a0 \u00a0 \u00a0 \u00a0 \u00a0la representaci\u00f3n diplom\u00e1tica formaliz\u00f3 el \u00a0 \u00a0 \u00a0 \u00a0 \u00a0requerimiento de extradici\u00f3n de Eduardo \u00a0 \u00a0 \u00a0 \u00a0 \u00a0Antonio Bula Correa, \u00a0 \u00a0 \u00a0 \u00a0 \u00a0y \u00a0 \u00a0 \u00a0 \u00a0 \u00a0para tal efecto aport\u00f3 la documentaci\u00f3n pertinente. \u00a0<\/p>\n<p>4. \u00a0 \u00a0 En \u00a0el concepto de que trata el art\u00edculo 496 de la Ley 906 de \u00a02004, \u00a0el \u00a0Ministerio de Relaciones Exteriores indic\u00f34 \u00a0que \u00a0para el caso \u00a0son \u00a0aplicables la \u00abConvenci\u00f3n \u00a0de Naciones Unidas contra el tr\u00e1fico il\u00edcito de \u00a0estupefacientes y sustancias psicotr\u00f3picas\u00bb, suscrita \u00a0en Viena el 20 de diciembre de 1988, y la \u00abConvenci\u00f3n \u00a0de las Naciones Unidas contra la Delincuencia Organizada \u00a0Transnacional\u00bb, adoptada \u00a0en Nueva York el 27 de noviembre de 2000. \u00a0Acto \u00a0seguido envi\u00f3 el expediente al Ministerio de Justicia y del \u00a0Derecho que, a su vez, lo remiti\u00f3 a la Corte Suprema de \u00a0Justicia para que adelantara el tr\u00e1mite a su cargo. \u00a0<\/p>\n<p>5. \u00a0 Con auto del \u00a03 de diciembre del 20195, \u00a0esta Corporaci\u00f3n requiri\u00f3 al ciudadano Bula \u00a0Correa \u00a0para que designara apoderado, pero se abstuvo hacerlo, motivo por el \u00a0cual se solicit\u00f3 a la Defensor\u00eda del Pueblo asignar un \u00a0abogado para que lo representara dentro del presente tr\u00e1mite, \u00a0siendo designada para tal fin, la doctora Emma \u00a0Nayibe Galvis de Holgu\u00edn, facultada \u00a0para actuar por medio de auto del 31 de enero de 2020, donde adem\u00e1s \u00a0se dispuso correr traslado para solicitud de pruebas, de conformidad \u00a0con lo preceptuado en el art\u00edculo 500 del C\u00f3digo de \u00a0Procedimiento Penal. \u00a0<\/p>\n<p>6. \u00a0 Dentro \u00a0del t\u00e9rmino, el Procurador Segundo Delegado para la Casaci\u00f3n \u00a0Penal manifest\u00f3 que no era necesario la solicitud de pr\u00e1ctica \u00a0de pruebas. La defensa por su parte guard\u00f3 silencio. \u00a0<\/p>\n<p>7. \u00a0 \u00a0 El \u00a020 de agosto del 2020, la Direcci\u00f3n de Asuntos Internacionales \u00a0de la Fiscal\u00eda General de la Naci\u00f3n con oficio No. \u00a020201700046981 enviado v\u00eda correo electr\u00f3nico, inform\u00f3 \u00a0a la Secretar\u00eda de esta Sala, que el requerido en extradici\u00f3n \u00a0hab\u00eda fallecido el pasado 3 de agosto en las instalaciones del \u00a0Hospital Policl\u00ednica de esta ciudad. Como soporte se \u00a0adjuntaron los siguientes documentos: \u00a0<\/p>\n<p>(i) \u00a0Certificado de defunci\u00f3n n.\u00b0 \u00a072456086 \u2013 16. \u00a0<\/p>\n<p>(ii) \u00a0Cartilla Biogr\u00e1fica del interno Eduardo \u00a0Antonio Bula Correa. \u00a0<\/p>\n<p>(iii) \u00a0Oficio 113-COMEB-UPJ-179 del 3 de agosto de la presente anualidad \u00a0mediante el cual se comunica al Director del Complejo \u00a0Carcelario y Penitenciario Metropolitano de Bogot\u00e1 el \u00a0deceso de Bula \u00a0Correa \u00a0como tambi\u00e9n que no se iba a practicar inspecci\u00f3n \u00a0t\u00e9cnica a cad\u00e1ver ni necropsia y que el cuerpo quedaba \u00a0a disposici\u00f3n de la Secretar\u00eda de Salud de Bogot\u00e1 \u00a0para los fines pertinentes, en cumplimiento de las \u201cOrientaciones \u00a0para el manejo, traslado y disposici\u00f3n final de cad\u00e1veres \u00a0por Sars-Cov-2 (Covid-19)\u201d, \u00a0expedidas por el Ministerio de Salud y Protecci\u00f3n Social. \u00a0<\/p>\n<p>\u00a0 \u00a0\u00a0 \u00a0 \u00a0 \u00a0 \u00a0<\/p>\n<p>8. Teniendo en \u00a0 \u00a0 \u00a0 \u00a0 \u00a0cuenta que los datos contenidos en el certificado de defunci\u00f3n \u00a0 \u00a0 \u00a0 \u00a0 \u00a0No. 72456086 \u00a0 \u00a0 \u00a0 \u00a0 \u00a0\u2013 1, \u00a0 \u00a0 \u00a0 \u00a0 \u00a0coinciden con la informaci\u00f3n consignada por el requerido en \u00a0 \u00a0 \u00a0 \u00a0 \u00a0los documentos al momento de su captura, entre \u00a0 \u00a0 \u00a0 \u00a0 \u00a0ellos, el acta de \u00a0 \u00a0 \u00a0 \u00a0 \u00a0derechos del capturado7, \u00a0 \u00a0 \u00a0 \u00a0 \u00a0constancia de buen trato8 \u00a0 \u00a0 \u00a0 \u00a0 \u00a0y acta de notificaci\u00f3n de captura con fines de extradici\u00f3n9, \u00a0 \u00a0 \u00a0 \u00a0 \u00a0as\u00ed como los se\u00f1alados en el informe de investigador \u00a0 \u00a0 \u00a0 \u00a0 \u00a0de plena identidad10; \u00a0 \u00a0 \u00a0 \u00a0 \u00a0la Corte estima que se encuentra \u00a0 \u00a0 \u00a0 \u00a0 \u00a0acreditada la \u00a0 \u00a0 \u00a0 \u00a0 \u00a0muerte de Eduardo \u00a0 \u00a0 \u00a0 \u00a0 \u00a0Antonio Bula Correa, \u00a0 \u00a0 \u00a0 \u00a0 \u00a0quien en vida se identificaba con la c\u00e9dula de ciudadan\u00eda \u00a0 \u00a0 \u00a0 \u00a0 \u00a0No. 12.546.778, \u00a0 \u00a0 \u00a0 \u00a0 \u00a0por tanto, se impone la finalizaci\u00f3n del presente tr\u00e1mite \u00a0 \u00a0 \u00a0 \u00a0 \u00a0de extradici\u00f3n. \u00a0<\/p>\n<p>Por \u00a0lo anterior, la Sala devolver\u00e1 Ministerio de Justicia y del \u00a0Derecho el expediente allegado en el presente tr\u00e1mite de \u00a0extradici\u00f3n para lo de su cargo y se informar\u00e1 de esta \u00a0decisi\u00f3n \u00a0al Ministerio de Relaciones Exteriores, a \u00a0la defensa del requerido, a la Procuradur\u00eda Segunda Delegada \u00a0para la Casaci\u00f3n Penal y a la Fiscal\u00eda General de la \u00a0Naci\u00f3n11. \u00a0<\/p>\n<p>En \u00a0m\u00e9rito de lo expuesto, la Corte Suprema de Justicia, en Sala \u00a0de Casaci\u00f3n Penal, \u00a0<\/p>\n<p>RESUELVE: \u00a0<\/p>\n<p>\u00a0 \u00a0\u00a0 \u00a0 \u00a0 \u00a0 \u00a0<\/p>\n<p>1. Cesar \u00a0 \u00a0 \u00a0 \u00a0 \u00a0el presente tr\u00e1mite de extradici\u00f3n del \u00a0 \u00a0 \u00a0 \u00a0 \u00a0nacional \u00a0 \u00a0 \u00a0 \u00a0 \u00a0Eduardo \u00a0 \u00a0 \u00a0 \u00a0 \u00a0Antonio Bula Correa, \u00a0 \u00a0 \u00a0 \u00a0 \u00a0de \u00a0 \u00a0 \u00a0 \u00a0 \u00a0 conformidad con lo dispuesto en la parte motiva. \u00a0<\/p>\n<p>\u00a0 \u00a0\u00a0 \u00a0 \u00a0 \u00a0 \u00a0<\/p>\n<p>2. Disponer \u00a0 \u00a0 \u00a0 \u00a0 \u00a0la devoluci\u00f3n del expediente al Ministerio de Justicia y del \u00a0 \u00a0 \u00a0 \u00a0 \u00a0Derecho para lo de su cargo. \u00a0<\/p>\n<p>\u00a0 \u00a0\u00a0 \u00a0 \u00a0 \u00a0 \u00a0<\/p>\n<p>3. Comun\u00edquese \u00a0 \u00a0 \u00a0 \u00a0 \u00a0esta decisi\u00f3n al Ministerio de Relaciones Exteriores, a \u00a0 \u00a0 \u00a0 \u00a0 \u00a0la defensa del requerido, a la Procuradur\u00eda Segunda Delegada \u00a0 \u00a0 \u00a0 \u00a0 \u00a0para la Casaci\u00f3n Penal y a la Fiscal\u00eda General de la \u00a0 \u00a0 \u00a0 \u00a0 \u00a0Naci\u00f3n. \u00a0<\/p>\n<p>Notif\u00edquese \u00a0y c\u00famplase \u00a0<\/p>\n<p>Patricia \u00a0Salazar Cu\u00e9llar \u00a0<\/p>\n<p>Jos\u00e9 \u00a0Francisco Acu\u00f1a Vizcaya \u00a0<\/p>\n<p>Gerson \u00a0Chaverra Castro \u00a0<\/p>\n<p>Eugenio \u00a0Fern\u00e1ndez Carlier \u00a0<\/p>\n<p>Luis \u00a0Antonio Hern\u00e1ndez Barbosa \u00a0<\/p>\n<p>Jaime \u00a0Humberto Moreno Acero \u00a0<\/p>\n<p>Fabio \u00a0Ospitia Garz\u00f3n \u00a0<\/p>\n<p>Eyder \u00a0Pati\u00f1o Cabrera \u00a0<\/p>\n<p>Hugo \u00a0Quintero bernate \u00a0<\/p>\n<p>NUBIA \u00a0YOLANDA NOVA GARC\u00cdA \u00a0<\/p>\n<p>Secretaria \u00a0<\/p>\n<p>1 \u00a0 \u00a0 \u00a0 \u00a0 \u00a0Folios \u00a0 \u00a0 \u00a0 \u00a0 \u00a03 a 6, 55 a 58 y 7 a 10, 59 a 62 (traducci\u00f3n no oficial) \u00a0 \u00a0 \u00a0 \u00a0 \u00a0carpeta \u00a0 \u00a0 \u00a0 \u00a0 \u00a0anexa. \u00a0<\/p>\n<p>2 \u00a0 \u00a0 \u00a0 \u00a0 \u00a0Folios 11 al 13, ib\u00eddem. \u00a0<\/p>\n<p>3 \u00a0 \u00a0 \u00a0 \u00a0 \u00a0Folios 65 a 68 y 69 a 73, ib\u00eddem. \u00a0<\/p>\n<p>4 \u00a0 \u00a0 \u00a0 \u00a0 \u00a0Oficio \u00a0 \u00a0 \u00a0 \u00a0 \u00a0DIAJI No. 2985 del 18 de noviembre de 2019, obrante a folio 63 \u00a0 \u00a0 \u00a0 \u00a0 \u00a0ib\u00eddem. \u00a0<\/p>\n<p>5 \u00a0 \u00a0 \u00a0 \u00a0 \u00a0Folio \u00a0 \u00a0 \u00a0 \u00a0 \u00a05 cuaderno de la Corte. \u00a0<\/p>\n<p>6 \u00a0 \u00a0 \u00a0 \u00a0 \u00a0Documento digital allegado \u00a0 \u00a0 \u00a0 \u00a0 \u00a0v\u00eda correo electr\u00f3nico el 20 de agosto de 2020. \u00a0<\/p>\n<p>7 \u00a0 \u00a0 \u00a0 \u00a0 \u00a0Folio \u00a0 \u00a0 \u00a0 \u00a0 \u00a019 ib\u00eddem. \u00a0<\/p>\n<p>8 \u00a0 \u00a0 \u00a0 \u00a0 \u00a0Folio \u00a0 \u00a0 \u00a0 \u00a0 \u00a020 ib\u00eddem. \u00a0<\/p>\n<p>9 \u00a0 \u00a0 \u00a0 \u00a0 \u00a0Folio 22 ib\u00eddem. \u00a0<\/p>\n<p>10 \u00a0 \u00a0 \u00a0 \u00a0 \u00a0Folios \u00a0 \u00a0 \u00a0 \u00a0 \u00a031 a 33 ib\u00eddem, documento a trav\u00e9s del cual se \u00a0 \u00a0 \u00a0 \u00a0 \u00a0verific\u00f3 que la identidad de la persona a quien se le tomaron \u00a0 \u00a0 \u00a0 \u00a0 \u00a0impresiones dactilares corresponde a Eduardo \u00a0 \u00a0 \u00a0 \u00a0 \u00a0Antonio Bula Correa \u00a0 \u00a0 \u00a0 \u00a0 \u00a0con n\u00famero de documento (NUIP) 12.546.778. \u00a0<\/p>\n<p>11 \u00a0 \u00a0 \u00a0 \u00a0 \u00a0Como se ha se\u00f1alado en las providencias CSJ AP, 14 ago. 2019, \u00a0 \u00a0 \u00a0 \u00a0 \u00a0rad. 55353, CSJ AP, 3 jul. 2019, rad. 54559, entre otras. \u00a0 \u00a0 \u00a0<\/p>\n<p><\/p>\n","protected":false},"excerpt":{"rendered":"<p>\u00a0 \u00a0 \u00a0 \u00a0\u00a0 EYDER \u00a0PATI\u00d1O CABRERA \u00a0 Magistrado \u00a0Ponente \u00a0 AP2382-2020 \u00a0 Radicaci\u00f3n \u00a0n\u00b0. 56710 \u00a0 Acta n\u00ba \u00a0195. \u00a0 Bogot\u00e1, \u00a0D. C., diecis\u00e9is (16) de septiembre de dos mil veinte (2020). \u00a0 VISTOS: \u00a0 Encontr\u00e1ndose \u00a0acreditado el fallecimiento del ciudadano colombiano Eduardo \u00a0Antonio Bula CORREA solicitado \u00a0en extradici\u00f3n por el \u00a0Gobierno de los [&hellip;]<\/p>\n","protected":false},"author":1,"featured_media":0,"comment_status":"open","ping_status":"open","sticky":false,"template":"","format":"standard","meta":{"footnotes":""},"categories":[29],"tags":[],"class_list":["post-50340","post","type-post","status-publish","format-standard","hentry","category-29"],"_links":{"self":[{"href":"https:\/\/dmsjuridica.com\/buscador_20179478954\/salapenalcronologico20230723\/wp-json\/wp\/v2\/posts\/50340","targetHints":{"allow":["GET"]}}],"collection":[{"href":"https:\/\/dmsjuridica.com\/buscador_20179478954\/salapenalcronologico20230723\/wp-json\/wp\/v2\/posts"}],"about":[{"href":"https:\/\/dmsjuridica.com\/buscador_20179478954\/salapenalcronologico20230723\/wp-json\/wp\/v2\/types\/post"}],"author":[{"embeddable":true,"href":"https:\/\/dmsjuridica.com\/buscador_20179478954\/salapenalcronologico20230723\/wp-json\/wp\/v2\/users\/1"}],"replies":[{"embeddable":true,"href":"https:\/\/dmsjuridica.com\/buscador_20179478954\/salapenalcronologico20230723\/wp-json\/wp\/v2\/comments?post=50340"}],"version-history":[{"count":0,"href":"https:\/\/dmsjuridica.com\/buscador_20179478954\/salapenalcronologico20230723\/wp-json\/wp\/v2\/posts\/50340\/revisions"}],"wp:attachment":[{"href":"https:\/\/dmsjuridica.com\/buscador_20179478954\/salapenalcronologico20230723\/wp-json\/wp\/v2\/media?parent=50340"}],"wp:term":[{"taxonomy":"category","embeddable":true,"href":"https:\/\/dmsjuridica.com\/buscador_20179478954\/salapenalcronologico20230723\/wp-json\/wp\/v2\/categories?post=50340"},{"taxonomy":"post_tag","embeddable":true,"href":"https:\/\/dmsjuridica.com\/buscador_20179478954\/salapenalcronologico20230723\/wp-json\/wp\/v2\/tags?post=50340"}],"curies":[{"name":"wp","href":"https:\/\/api.w.org\/{rel}","templated":true}]}}