{"id":50310,"date":"2023-09-15T20:50:04","date_gmt":"2023-09-15T20:50:04","guid":{"rendered":"https:\/\/dmsjuridica.com\/buscador_20179478954\/salapenalcronologico20230723\/2023\/09\/15\/ap2215-202053526\/"},"modified":"2023-09-15T20:50:04","modified_gmt":"2023-09-15T20:50:04","slug":"ap2215-202053526","status":"publish","type":"post","link":"https:\/\/dmsjuridica.com\/buscador_20179478954\/salapenalcronologico20230723\/2023\/09\/15\/ap2215-202053526\/","title":{"rendered":"AP2215-2020(53526)"},"content":{"rendered":"\n<p>\u00a0 \u00a0 \u00a0 \u00a0\u00a0<\/p>\n<p>JAIME \u00a0HUMBERTO MORENO ACERO \u00a0<\/p>\n<p>Magistrado \u00a0ponente \u00a0<\/p>\n<p>AP2215-2020 \u00a0<\/p>\n<p>Radicaci\u00f3n \u00a0N\u00b0 53.526 \u00a0<\/p>\n<p>Aprobado \u00a0acta No. 190 \u00a0<\/p>\n<p>Bogot\u00e1, \u00a0D.C., nueve (9) de septiembre de dos mil veinte (2020). \u00a0<\/p>\n<p>VISTOS \u00a0<\/p>\n<p>Determina \u00a0la Sala la posibilidad de complementar el auto de 12 de agosto de \u00a02020, por medio del cual se inadmiti\u00f3 la demanda de casaci\u00f3n \u00a0presentada \u00a0por \u00a0la apoderada judicial del procesado GABRIEL ANTONIO MAR\u00cdN \u00a0CASTA\u00d1O. \u00a0<\/p>\n<p>ANTECEDENTES \u00a0Y CONSIDERACIONES \u00a0<\/p>\n<p>1. \u00a0 A trav\u00e9s de la providencia mencionada, en Sala de la misma \u00a0data, esta colegiatura examin\u00f3 en su aspecto formal la demanda \u00a0de casaci\u00f3n presentada por la apoderada del procesado MAR\u00cdN \u00a0CASTA\u00d1O, al cabo de lo cual confluy\u00f3 en su inadmisi\u00f3n. \u00a0<\/p>\n<p>2. \u00a0 Adicionalmente, de manera un\u00e1nime, la Sala dispuso tambi\u00e9n \u00a0que, una vez tramitado el mecanismo de insistencia, si es que se \u00a0promueve y su resultado es opuesto, las diligencias regresaran al \u00a0despacho del Magistrado Ponente en orden a examinar, de manera \u00a0oficiosa, la posible vulneraci\u00f3n de garant\u00edas en \u00a0la que pudo incurrir el Tribunal al determinar la pena accesoria de \u00a0privaci\u00f3n del derecho a la tenencia y porte de arma de fuego, \u00a0caso en el cual,con apeg\u00f3 a la postura de la Corte1, \u00a0precis\u00f3 que no surg\u00eda necesario convocar a audiencia de \u00a0sustentaci\u00f3n, ni surtir el traslado al Ministerio P\u00fablico. \u00a0<\/p>\n<p>3. \u00a0Empero, es claro que se omiti\u00f3 en esa decisi\u00f3n incluir \u00a0la determinaci\u00f3n adoptada en el ac\u00e1pite precedente. En \u00a0consecuencia, se corregir\u00e1 tal equivocaci\u00f3n \u00a0adicionando, en lo pertinente, el auto de 12 de agosto pasado. \u00a0<\/p>\n<p>En \u00a0m\u00e9rito de lo expuesto, la \u00a0CORTE SUPREMA DE JUSTICIA, \u00a0Sala \u00a0de Casaci\u00f3n Penal, \u00a0<\/p>\n<p>RESUELVE \u00a0<\/p>\n<p>ADICIONAR \u00a0la \u00a0providencia dictada por esta Corporaci\u00f3n el 12 de agosto de \u00a02020, en el sentido de ORDENAR \u00a0que \u00a0las diligencias regresen al despacho del Magistrado Ponente, una vez \u00a0tramitado el mecanismo de insistencia, si es que se promueve y su \u00a0resultado es opuesto, en orden a examinar de manera oficiosa la \u00a0posible vulneraci\u00f3n de garant\u00edas fundamentales en \u00a0la que pudo incurrir el Tribunal de Buga al determinar la pena \u00a0accesoria de privaci\u00f3n del derecho a la tenencia y porte de \u00a0arma de fuego. \u00a0<\/p>\n<p>C\u00f3piese, \u00a0notif\u00edquese y c\u00famplase, \u00a0<\/p>\n<p>PATRICIA \u00a0SALAZAR CU\u00c9LLAR \u00a0<\/p>\n<p>JOS\u00c9 \u00a0FRANCISCO ACU\u00d1A VIZCAYA \u00a0<\/p>\n<p>GERSON \u00a0CHAVERRA CASTRO \u00a0<\/p>\n<p>EUGENIO \u00a0FERN\u00c1NDEZ CARLIER \u00a0<\/p>\n<p>LUIS \u00a0ANTONIO HERN\u00c1NDEZ BARBOSA \u00a0<\/p>\n<p>JAIME \u00a0HUMBERTO MORENO ACERO \u00a0<\/p>\n<p>FABIO \u00a0OSPITIA GARZ\u00d3N \u00a0<\/p>\n<p>EYDER \u00a0PATI\u00d1O CABRERA \u00a0<\/p>\n<p>HUGO \u00a0QUINTERO BERNATE \u00a0<\/p>\n<p>Nubia \u00a0Yolanda Nova Garc\u00eda \u00a0<\/p>\n<p>Secretaria \u00a0<\/p>\n<p>Nubia \u00a0Yolanda Nova Garc\u00eda \u00a0<\/p>\n<p>Secretaria \u00a0<\/p>\n<p>1 \u00a0 \u00a0 \u00a0 \u00a0 \u00a0Cfr. autos del 15 de julio de 2007, radicado 27383, y 4 de marzo de \u00a0 \u00a0 \u00a0 \u00a0 \u00a02009, radicado 31109. \u00a0<\/p>\n<p>3 \u00a0 \u00a0 \u00a0<\/p>\n<p><\/p>\n","protected":false},"excerpt":{"rendered":"<p>\u00a0 \u00a0 \u00a0 \u00a0\u00a0 JAIME \u00a0HUMBERTO MORENO ACERO \u00a0 Magistrado \u00a0ponente \u00a0 AP2215-2020 \u00a0 Radicaci\u00f3n \u00a0N\u00b0 53.526 \u00a0 Aprobado \u00a0acta No. 190 \u00a0 Bogot\u00e1, \u00a0D.C., nueve (9) de septiembre de dos mil veinte (2020). \u00a0 VISTOS \u00a0 Determina \u00a0la Sala la posibilidad de complementar el auto de 12 de agosto de \u00a02020, por medio del [&hellip;]<\/p>\n","protected":false},"author":1,"featured_media":0,"comment_status":"open","ping_status":"open","sticky":false,"template":"","format":"standard","meta":{"footnotes":""},"categories":[29],"tags":[],"class_list":["post-50310","post","type-post","status-publish","format-standard","hentry","category-29"],"_links":{"self":[{"href":"https:\/\/dmsjuridica.com\/buscador_20179478954\/salapenalcronologico20230723\/wp-json\/wp\/v2\/posts\/50310","targetHints":{"allow":["GET"]}}],"collection":[{"href":"https:\/\/dmsjuridica.com\/buscador_20179478954\/salapenalcronologico20230723\/wp-json\/wp\/v2\/posts"}],"about":[{"href":"https:\/\/dmsjuridica.com\/buscador_20179478954\/salapenalcronologico20230723\/wp-json\/wp\/v2\/types\/post"}],"author":[{"embeddable":true,"href":"https:\/\/dmsjuridica.com\/buscador_20179478954\/salapenalcronologico20230723\/wp-json\/wp\/v2\/users\/1"}],"replies":[{"embeddable":true,"href":"https:\/\/dmsjuridica.com\/buscador_20179478954\/salapenalcronologico20230723\/wp-json\/wp\/v2\/comments?post=50310"}],"version-history":[{"count":0,"href":"https:\/\/dmsjuridica.com\/buscador_20179478954\/salapenalcronologico20230723\/wp-json\/wp\/v2\/posts\/50310\/revisions"}],"wp:attachment":[{"href":"https:\/\/dmsjuridica.com\/buscador_20179478954\/salapenalcronologico20230723\/wp-json\/wp\/v2\/media?parent=50310"}],"wp:term":[{"taxonomy":"category","embeddable":true,"href":"https:\/\/dmsjuridica.com\/buscador_20179478954\/salapenalcronologico20230723\/wp-json\/wp\/v2\/categories?post=50310"},{"taxonomy":"post_tag","embeddable":true,"href":"https:\/\/dmsjuridica.com\/buscador_20179478954\/salapenalcronologico20230723\/wp-json\/wp\/v2\/tags?post=50310"}],"curies":[{"name":"wp","href":"https:\/\/api.w.org\/{rel}","templated":true}]}}