{"id":50290,"date":"2023-09-15T20:50:03","date_gmt":"2023-09-15T20:50:03","guid":{"rendered":"https:\/\/dmsjuridica.com\/buscador_20179478954\/salapenalcronologico20230723\/2023\/09\/15\/ap2127-202057997\/"},"modified":"2023-09-15T20:50:03","modified_gmt":"2023-09-15T20:50:03","slug":"ap2127-202057997","status":"publish","type":"post","link":"https:\/\/dmsjuridica.com\/buscador_20179478954\/salapenalcronologico20230723\/2023\/09\/15\/ap2127-202057997\/","title":{"rendered":"AP2127-2020(57997)"},"content":{"rendered":"\n<p>\u00a0 \u00a0 \u00a0 \u00a0\u00a0<\/p>\n<p>GERSON CHAVERRA \u00a0CASTRO \u00a0<\/p>\n<p>Magistrado \u00a0ponente \u00a0<\/p>\n<p>AP2127-2020 \u00a0<\/p>\n<p>Radicaci\u00f3n \u00a0n\u00ba 57997 \u00a0<\/p>\n<p>Acta \u00a0No 182 \u00a0<\/p>\n<p>Bogot\u00e1, \u00a0D.C., dos (02) de septiembre de dos mil veinte (2020). \u00a0<\/p>\n<p>ASUNTO \u00a0<\/p>\n<p>La \u00a0Sala define la competencia para conocer de la etapa de juzgamiento \u00a0dentro del proceso adelantado contra \u00a0Hernesto Guti\u00e9rrez Castro por \u00a0el delito de fabricaci\u00f3n, tr\u00e1fico, porte o tenencia de \u00a0armas de fuego, accesorios, partes o municiones agravado. \u00a0<\/p>\n<p>ANTECEDENTES \u00a0<\/p>\n<p>1. En \u00a0audiencia preliminar1 \u00a0del 17 de febrero de 2020, ante el Juzgado 2 Penal Municipal \u00a0Ambulante con Funci\u00f3n de Control de Garant\u00edas de \u00a0Monter\u00eda, una vez se legaliz\u00f3 el allanamiento y la \u00a0captura en flagrancia de Hernesto Guti\u00e9rrez \u00a0Castro -el 16 anterior-, \u00a0la Fiscal\u00eda le formul\u00f3 imputaci\u00f3n como presunto \u00a0autor del delito de fabricaci\u00f3n, tr\u00e1fico, porte o \u00a0tenencia de armas de fuego, accesorios, partes o municiones agravado \u00a0(art\u00edculo 365, inciso 7, del C\u00f3digo Penal)2. \u00a0<\/p>\n<p>2. \u00a0El 24 de junio de 2020 el ente investigador radic\u00f3 escrito de \u00a0acusaci\u00f3n en contra del citado por la conducta referida, ante \u00a0el Juzgado Primero Penal del Circuito de Monter\u00eda, con ocasi\u00f3n \u00a0de los siguientes hechos: \u00a0<\/p>\n<p>\u201cMediante \u00a0orden de registro y allanamiento emitido por la Fiscal\u00eda el 14 \u00a0de febrero con fines de captura del ciudadano Yonny Cano Linares por \u00a0informaci\u00f3n que suministr\u00f3 fuente no formal 10 de \u00a0febrero (sic), se \u00a0realiza procedimiento en el inmueble ubicado con las coordenadas \u00a0geogr\u00e1ficas N 09 29 05 w 75 34 13, ubicada en el municipio de \u00a0Tol\u00fa departamento de Sucre donde hacia las 6:10 horas del 15 \u00a0de febrero se ingres\u00f3 al inmueble de cuatro pisos construido \u00a0en madera, alrededor del inmueble principal se haya una construcci\u00f3n \u00a0que hace parte del inmueble principal se observa en frente de la \u00a0vivienda una persona de sexo masculino quien se identifica con el \u00a0nombre de HERNESTO GUTI\u00c9RREZ CASTRO con C.C. 7.060.827, quien \u00a0manifest\u00f3 ser trabajador, a dos metros de esta persona se \u00a0encontraba tirada una pistola niquelada marca Walter siendo las 7:33 \u00a0se le pregunta en reiteradas ocasiones el porqu\u00e9 de la \u00a0existencia de esa pistola donde \u00e9l se encontraba, para lo cual \u00a0no dio respuesta clara ya que estaba muy nervioso y siendo esta \u00a0persona el \u00fanico en el lugar se procedi\u00f3 a materializar \u00a0la captura.\u201d \u00a0<\/p>\n<p>3. \u00a0Por auto del 8 de julio del a\u00f1o en \u00a0curso, el Juzgado Primero Penal de Circuito de Monter\u00eda, \u00a0rehus\u00f3 la competencia para conocer del asunto, al advertir \u00a0que, conforme con el escrito de acusaci\u00f3n los hechos \u00a0ocurrieron en el municipio de Tol\u00fa, departamento de Sucre, lo \u00a0cual asigna el asunto en los Juzgados Penales del Circuito Judicial \u00a0de Sincelejo. En consecuencia, remiti\u00f3 el proceso al Tribunal \u00a0Superior de Monter\u00eda, acorde con lo normado en el art\u00edculo \u00a054 de la Ley 906 de 2004. \u00a0<\/p>\n<p>4. \u00a0La Sala Penal del Tribunal Superior de Monter\u00eda, por auto del \u00a010 de julio siguiente, env\u00edo el proceso a la Sala de Casaci\u00f3n \u00a0Penal de la Corte Suprema de Justicia, al observar que los despachos \u00a0involucrados se sit\u00faan en diferente distrito judicial, raz\u00f3n \u00a0por la cual aplica la regla fijada en el art\u00edculo 32, numeral \u00a04\u00ba, del C\u00f3digo de Procedimiento Penal. \u00a0<\/p>\n<p>CONSIDERACIONES \u00a0<\/p>\n<p>1. \u00a0De conformidad con lo se\u00f1alado en los art\u00edculos 32, \u00a0numeral 4\u00b0 y 54 de la Ley 906 de 2004, esta Sala es competente \u00a0para conocer del presente asunto, \u00a0en atenci\u00f3n a que los Juzgados \u00a0involucrados son de diferente Distrito Judicial: Monter\u00eda y \u00a0Sincelejo. \u00a0<\/p>\n<p>2. \u00a0El incidente de definici\u00f3n \u00a0de competencia previsto en el art\u00edculo 54 de la Ley 906 de \u00a02004, puede presentarse: (i) en el momento en que se recibe el \u00a0escrito de acusaci\u00f3n y el juez declara su incompetencia antes \u00a0de convocar a las partes para la audiencia de formulaci\u00f3n de \u00a0acusaci\u00f3n; o (ii) \u00a0en el curso de \u00a0la vista acusatoria, ya sea por iniciativa del funcionario judicial o \u00a0por solicitud de las partes, evento \u00e9ste en que se debe agotar \u00a0el tr\u00e1mite se\u00f1alado en la decisi\u00f3n AP2863-2019 \u00a0Rad. 55616 de 17 de julio de 2019 antes de la posible remisi\u00f3n \u00a0del asunto a esta Sala para adoptar la decisi\u00f3n que \u00a0corresponda3. \u00a0<\/p>\n<p>Como en el \u00a0presente caso se trata de la primera hip\u00f3tesis, esto es, por \u00a0iniciativa del funcionario judicial antes de convocarse a las partes \u00a0para la audiencia de formulaci\u00f3n de acusaci\u00f3n, \u00a0corresponde a la Corte decidir de fondo, en raz\u00f3n a los \u00a0principios de eficacia y econom\u00eda procesal. \u00a0<\/p>\n<p>3. \u00a0En ese orden de ideas, corresponde establecer \u00a0cu\u00e1l es la autoridad judicial llamada a conocer la actuaci\u00f3n \u00a0seguida en contra de Hernesto Guti\u00e9rrez \u00a0Castro, como presunto autor del delito de \u00a0fabricaci\u00f3n, tr\u00e1fico, porte o tenencia de armas de \u00a0fuego, accesorios, partes o municiones agravado. \u00a0<\/p>\n<p>Al \u00a0respecto, el art\u00edculo 43 \u00a0del estatuto procesal se\u00f1ala: \u00a0<\/p>\n<p>\u00ab\u2026Competencia. \u00a0Es competente para conocer del juzgamiento el juez del lugar donde \u00a0ocurri\u00f3 el delito. \u00a0<\/p>\n<p>Cuando \u00a0no fuere posible determinar el lugar de ocurrencia del hecho, \u00e9ste \u00a0se hubiere realizado en varios lugares, en uno incierto o en el \u00a0extranjero, la competencia del juez de conocimiento se fija por el \u00a0lugar donde se formule acusaci\u00f3n por parte de la Fiscal\u00eda \u00a0General de la Naci\u00f3n, lo cual har\u00e1 donde se encuentren \u00a0los elementos fundamentales de la acusaci\u00f3n\u2026\u201d. \u00a0<\/p>\n<p>A \u00a0su vez, el art\u00edculo 42 de la Ley 906 de \u00a02004 dispone que, para efectos de juzgamiento, el territorio nacional \u00a0se divide en distritos, circuitos y municipios, por lo cual los \u00a0Jueces Penales del Circuito Especializados conocen de los delitos \u00a0cometidos en el correspondiente Distrito Judicial, los Jueces Penales \u00a0del Circuito conocen de aquellos punibles perpetrados en el \u00a0territorio que comprende el respectivo circuito, mientras que los \u00a0Jueces Municipales se ocupan de aquellos asuntos acaecidos en su \u00a0municipio. \u00a0<\/p>\n<p>3.1. \u00a0De la sinopsis f\u00e1ctica rese\u00f1ada en el escrito de \u00a0acusaci\u00f3n, no surge duda que el lugar de comisi\u00f3n de la \u00a0presunta conducta reprobada se ubica en jurisdicci\u00f3n del \u00a0municipio de Tol\u00fa, sitio donde fue hallada tirada \u00abuna \u00a0pistola niquelada marca Walter\u00bb a dos \u00a0metros de la ubicaci\u00f3n del imputado, quien se encontraba en \u00a0las inmediaciones del inmueble localizado en las \u00a0\u00abcoordenadas geogr\u00e1ficas N 09 29 05 w 75 34 13\u00bb \u00a0, luego, le asiste raz\u00f3n al remitente, \u00a0en cuanto aduce que el Juez competente es uno del Circuito Judicial \u00a0de Sincelejo, a cuyo circuito se adscribe dicha municipalidad4. \u00a0<\/p>\n<p>4. \u00a0Acorde \u00a0con lo anotado, se enviar\u00e1 la actuaci\u00f3n al Juzgado \u00a0Penal del Circuito con Funciones \u00a0de Conocimiento \u00a0de \u00a0Sincelejo \u2013reparto-, \u00a0para que asuma el conocimiento del asunto. \u00a0<\/p>\n<p>En m\u00e9rito \u00a0de lo expuesto la Corte Suprema de Justicia, Sala de Casaci\u00f3n \u00a0Penal, \u00a0<\/p>\n<p>RESUELVE \u00a0<\/p>\n<p>1. \u00a0ASIGNAR al Juzgado \u00a0Penal del Circuito con Funci\u00f3n de Conocimiento de Sincelejo \u00a0\u2013reparto-, la competencia para conocer el proceso adelantado \u00a0contra Hernesto Guti\u00e9rrez \u00a0Castro por el \u00a0delito de fabricaci\u00f3n, tr\u00e1fico, porte o tenencia de \u00a0armas de fuego, accesorios, partes o municiones agravado. \u00a0<\/p>\n<p>Contra esta \u00a0decisi\u00f3n no procede recurso alguno. \u00a0<\/p>\n<p>Comun\u00edquese \u00a0y c\u00famplase. \u00a0<\/p>\n<p>PATRICIA \u00a0SALAZAR CU\u00c9LLAR \u00a0<\/p>\n<p>JOS\u00c9 \u00a0FRANCISCO ACU\u00d1A VISCAYA \u00a0<\/p>\n<p>GERSON CHAVERRA \u00a0CASTRO \u00a0<\/p>\n<p>EUGENIO \u00a0FERN\u00c1NDEZ CARLIER \u00a0<\/p>\n<p>LUIS ANTONIO \u00a0HERN\u00c1NDEZ BARBOSA \u00a0<\/p>\n<p>JAIME HUMBERTO \u00a0MORENO ACERO \u00a0<\/p>\n<p>FABIO OSPITIA \u00a0GARZ\u00d3N \u00a0<\/p>\n<p>EYDER PATI\u00d1O \u00a0CABRERA \u00a0<\/p>\n<p>HUGO QUINTERO \u00a0BERNATE \u00a0<\/p>\n<p>NUBIA YOLANDA NOVA \u00a0GARC\u00cdA \u00a0<\/p>\n<p>Secretaria \u00a0<\/p>\n<p>1Seg\u00fan \u00a0 \u00a0 \u00a0 \u00a0 \u00a0informaci\u00f3n consignada en el escrito de acusaci\u00f3n, \u00a0 \u00a0 \u00a0 \u00a0 \u00a0dado que en la carpeta allegada no aparece registro de la actuaci\u00f3n. \u00a0<\/p>\n<p>2 \u00a0 \u00a0 \u00a0 \u00a0 \u00a0No se determina si fue impuesta o no medida de aseguramiento. \u00a0<\/p>\n<p>3 \u00a0 \u00a0 \u00a0 \u00a0 \u00a0Cfr. CSJ AP290-2020, Rad. 56894, reiterada en AP893-2020, Rad. 57206 \u00a0<\/p>\n<p>4 \u00a0 \u00a0 \u00a0 \u00a0 \u00a0Acuerdo 133 de 1996, del Consejo Superior de la Judicatura \u00a0<\/p>\n<p>\u00a0 \u00a0 \u00a0\u00a0<\/p>\n<p><\/p>\n","protected":false},"excerpt":{"rendered":"<p>\u00a0 \u00a0 \u00a0 \u00a0\u00a0 GERSON CHAVERRA \u00a0CASTRO \u00a0 Magistrado \u00a0ponente \u00a0 AP2127-2020 \u00a0 Radicaci\u00f3n \u00a0n\u00ba 57997 \u00a0 Acta \u00a0No 182 \u00a0 Bogot\u00e1, \u00a0D.C., dos (02) de septiembre de dos mil veinte (2020). \u00a0 ASUNTO \u00a0 La \u00a0Sala define la competencia para conocer de la etapa de juzgamiento \u00a0dentro del proceso adelantado contra \u00a0Hernesto Guti\u00e9rrez Castro [&hellip;]<\/p>\n","protected":false},"author":1,"featured_media":0,"comment_status":"open","ping_status":"open","sticky":false,"template":"","format":"standard","meta":{"footnotes":""},"categories":[29],"tags":[],"class_list":["post-50290","post","type-post","status-publish","format-standard","hentry","category-29"],"_links":{"self":[{"href":"https:\/\/dmsjuridica.com\/buscador_20179478954\/salapenalcronologico20230723\/wp-json\/wp\/v2\/posts\/50290","targetHints":{"allow":["GET"]}}],"collection":[{"href":"https:\/\/dmsjuridica.com\/buscador_20179478954\/salapenalcronologico20230723\/wp-json\/wp\/v2\/posts"}],"about":[{"href":"https:\/\/dmsjuridica.com\/buscador_20179478954\/salapenalcronologico20230723\/wp-json\/wp\/v2\/types\/post"}],"author":[{"embeddable":true,"href":"https:\/\/dmsjuridica.com\/buscador_20179478954\/salapenalcronologico20230723\/wp-json\/wp\/v2\/users\/1"}],"replies":[{"embeddable":true,"href":"https:\/\/dmsjuridica.com\/buscador_20179478954\/salapenalcronologico20230723\/wp-json\/wp\/v2\/comments?post=50290"}],"version-history":[{"count":0,"href":"https:\/\/dmsjuridica.com\/buscador_20179478954\/salapenalcronologico20230723\/wp-json\/wp\/v2\/posts\/50290\/revisions"}],"wp:attachment":[{"href":"https:\/\/dmsjuridica.com\/buscador_20179478954\/salapenalcronologico20230723\/wp-json\/wp\/v2\/media?parent=50290"}],"wp:term":[{"taxonomy":"category","embeddable":true,"href":"https:\/\/dmsjuridica.com\/buscador_20179478954\/salapenalcronologico20230723\/wp-json\/wp\/v2\/categories?post=50290"},{"taxonomy":"post_tag","embeddable":true,"href":"https:\/\/dmsjuridica.com\/buscador_20179478954\/salapenalcronologico20230723\/wp-json\/wp\/v2\/tags?post=50290"}],"curies":[{"name":"wp","href":"https:\/\/api.w.org\/{rel}","templated":true}]}}