{"id":50268,"date":"2023-09-15T20:50:02","date_gmt":"2023-09-15T20:50:02","guid":{"rendered":"https:\/\/dmsjuridica.com\/buscador_20179478954\/salapenalcronologico20230723\/2023\/09\/15\/ap2001-202057959\/"},"modified":"2023-09-15T20:50:02","modified_gmt":"2023-09-15T20:50:02","slug":"ap2001-202057959","status":"publish","type":"post","link":"https:\/\/dmsjuridica.com\/buscador_20179478954\/salapenalcronologico20230723\/2023\/09\/15\/ap2001-202057959\/","title":{"rendered":"AP2001-2020(57959)"},"content":{"rendered":"\n<p>\u00a0 \u00a0 \u00a0 \u00a0\u00a0<\/p>\n<p>\u00a0 \u00a0\u00a0<\/p>\n<p>LUIS ANTONIO HERN\u00c1NDEZ BARBOSA \u00a0<\/p>\n<p>Magistrado ponente \u00a0<\/p>\n<p>AP2001-2020 \u00a0<\/p>\n<p>Radicaci\u00f3n # 57.959 \u00a0<\/p>\n<p>Acta 177 \u00a0<\/p>\n<p>Bogot\u00e1, D,C., veintis\u00e9is (26) de agosto de dos mil \u00a0 \u00a0 \u00a0 \u00a0 \u00a0veinte \u00a0 \u00a0 \u00a0 \u00a0 \u00a0<\/p>\n<p>(2020). \u00a0<\/p>\n<p>VISTOS \u00a0 \u00a0 \u00a0 \u00a0 \u00a0<\/p>\n<p>\u00a0\u00a0 \u00a0 \u00a0 \u00a0 \u00a0<\/p>\n<p>La Corte define cu\u00e1l es la autoridad judicial competente para \u00a0 \u00a0 \u00a0 \u00a0 \u00a0conocer la actuaci\u00f3n seguida contra JUAN HARLEY CONTRERAS \u00a0 \u00a0 \u00a0 \u00a0 \u00a0AGUILAR. \u00a0 \u00a0 \u00a0 \u00a0 \u00a0<\/p>\n<p>\u00a0\u00a0 \u00a0 \u00a0 \u00a0 \u00a0<\/p>\n<p>ANTECEDENTES \u00a0 \u00a0 \u00a0 \u00a0 \u00a0<\/p>\n<p>\u00a0\u00a0 \u00a0 \u00a0 \u00a0 \u00a0 \u00a0 \u00a0 \u00a0 \u00a0 \u00a0 \u00a0 \u00a0 \u00a0 \u00a0<\/p>\n<p>1. El 24 de octubre \u00a0 \u00a0 \u00a0 \u00a0 \u00a0 \u00a0 \u00a0 \u00a0 \u00a0de 2019, \u201cen la Carrera 12 n\u00famero \u00a0 \u00a0 \u00a0 \u00a0 \u00a0 \u00a0 \u00a0 \u00a0 \u00a07-62, m\u00e1s exactamente en el Terminal de Transportes de \u00a0 \u00a0 \u00a0 \u00a0 \u00a0 \u00a0 \u00a0 \u00a0 \u00a0Aguachica\u201d1, \u00a0 \u00a0 \u00a0 \u00a0 \u00a0 \u00a0 \u00a0 \u00a0 \u00a0fue capturado JUAN HARLEY \u00a0 \u00a0 \u00a0 \u00a0 \u00a0 \u00a0 \u00a0 \u00a0 \u00a0CONTRERAS AGUILAR, cuando \u00a0 \u00a0 \u00a0 \u00a0 \u00a0 \u00a0 \u00a0 \u00a0 \u00a0se encontraba \u00a0 \u00a0 \u00a0 \u00a0 \u00a0 \u00a0 \u00a0 \u00a0 \u00a0fuera de \u00a0 \u00a0 \u00a0 \u00a0 \u00a0 \u00a0 \u00a0 \u00a0 \u00a0su residencia \u00a0 \u00a0 \u00a0 \u00a0 \u00a0<\/p>\n<p>\u00a0\u00a0 \u00a0 \u00a0 \u00a0 \u00a0 \u00a0 \u00a0 \u00a0 \u00a0 \u00a0 \u00a0 \u00a0 \u00a0 \u00a0<\/p>\n<p>1. Escrito de \u00a0 \u00a0 \u00a0 \u00a0 \u00a0 \u00a0 \u00a0 \u00a0 \u00a0Acusaci\u00f3n. Folio 3. \u00a0<\/p>\n<p>ubicada en la Calle 6 Nro. 0-08 del Barrio Chapinero de C\u00facuta \u00a0(Norte de Santander), sin autorizaci\u00f3n de autoridad \u00a0competente, no obstante hallarse en detenci\u00f3n domiciliaria \u00a0decretada en el marco de otro proceso penal seguido en su contra, por \u00a0la probable comisi\u00f3n de los delitos de uso de menores de \u00a0edad en la comisi\u00f3n de delitos y hurto calificado. \u00a0<\/p>\n<p>\u00a0 \u00a0\u00a0 \u00a0 \u00a0 \u00a0 \u00a0<\/p>\n<p>2. El d\u00eda \u00a0 \u00a0 \u00a0 \u00a0 \u00a0siguiente, ante el Juzgado 2\u00b0 Promiscuo Municipal \u00a0 \u00a0 \u00a0 \u00a0 \u00a0de Aguachica (Cesar), \u00a0 \u00a0 \u00a0 \u00a0 \u00a0previa legalizaci\u00f3n de la \u00a0 \u00a0 \u00a0 \u00a0 \u00a0captura, la Fiscal\u00eda \u00a0 \u00a0 \u00a0 \u00a0 \u00a0imput\u00f3 a CONTRERAS \u00a0 \u00a0 \u00a0 \u00a0 \u00a0AGUILAR el delito \u00a0 \u00a0 \u00a0 \u00a0 \u00a0de fuga de \u00a0 \u00a0 \u00a0 \u00a0 \u00a0presos de \u00a0 \u00a0 \u00a0 \u00a0 \u00a0conformidad con lo previsto en \u00a0 \u00a0 \u00a0 \u00a0 \u00a0el art\u00edculo 448 del \u00a0 \u00a0 \u00a0 \u00a0 \u00a0C\u00f3digo Penal. El \u00a0 \u00a0 \u00a0 \u00a0 \u00a0procesado no se allan\u00f3 \u00a0 \u00a0 \u00a0 \u00a0 \u00a0a cargos. No \u00a0 \u00a0 \u00a0 \u00a0 \u00a0se solicit\u00f3 imposici\u00f3n de \u00a0 \u00a0 \u00a0 \u00a0 \u00a0medida de \u00a0 \u00a0 \u00a0 \u00a0 \u00a0aseguramiento. \u00a0<\/p>\n<p>El imputado qued\u00f3 a disposici\u00f3n del INPEC para que \u00a0continuara cumpliendo la medida de detenci\u00f3n preventiva \u00a0impuesta con ocasi\u00f3n del otro diligenciamiento cursado en su \u00a0contra2. \u00a0<\/p>\n<p>\u00a0 \u00a0\u00a0 \u00a0 \u00a0 \u00a0 \u00a0<\/p>\n<p>3. El 16 de diciembre \u00a0 \u00a0 \u00a0 \u00a0 \u00a0de 2019 se \u00a0 \u00a0 \u00a0 \u00a0 \u00a0radic\u00f3 escrito de \u00a0 \u00a0 \u00a0 \u00a0 \u00a0acusaci\u00f3n. La \u00a0 \u00a0 \u00a0 \u00a0 \u00a0actuaci\u00f3n correspondi\u00f3 \u00a0 \u00a0 \u00a0 \u00a0 \u00a0por reparto al Juzgado \u00a0 \u00a0 \u00a0 \u00a0 \u00a02\u00b0 Promiscuo del \u00a0 \u00a0 \u00a0 \u00a0 \u00a0Circuito de Aguachica \u00a0 \u00a0 \u00a0 \u00a0 \u00a0(Cesar). \u00a0<\/p>\n<p>\u00a0 \u00a0\u00a0 \u00a0 \u00a0 \u00a0 \u00a0<\/p>\n<p>4. Convocadas \u00a0 \u00a0 \u00a0 \u00a0 \u00a0las partes para la celebraci\u00f3n de la audiencia de formulaci\u00f3n \u00a0 \u00a0 \u00a0 \u00a0 \u00a0de acusaci\u00f3n, el titular del juzgado rehus\u00f3 la \u00a0 \u00a0 \u00a0 \u00a0 \u00a0competencia para conocer las diligencias por el factor \u00a0 \u00a0 \u00a0 \u00a0 \u00a0territorial. Explic\u00f3 que la conducta \u00a0 \u00a0 \u00a0 \u00a0 \u00a0punible atribuida al procesado se cometi\u00f3 en C\u00facuta, \u00a0 \u00a0 \u00a0 \u00a0 \u00a0en tanto all\u00ed se ubica el domicilio del cual se sustrajo \u00a0 \u00a0 \u00a0 \u00a0 \u00a0indebidamente el encartado, quien se encontraba cobijado con medida \u00a0 \u00a0 \u00a0 \u00a0 \u00a0de aseguramiento de detenci\u00f3n \u00a0 \u00a0 \u00a0 \u00a0 \u00a0domiciliaria. \u00a0<\/p>\n<p>\u00a0 \u00a0\u00a0 \u00a0 \u00a0 \u00a0 \u00a0<\/p>\n<p>2. Expediente proceso \u00a0 \u00a0 \u00a0 \u00a0 \u00a0penal. Folio 1. \u00a0<\/p>\n<p>\u00a0 \u00a0\u00a0 \u00a0 \u00a0 \u00a0 \u00a0<\/p>\n<p>5. La fiscal\u00eda \u00a0 \u00a0 \u00a0 \u00a0 \u00a0y la defensa no presentaron objeci\u00f3n alguna a los \u00a0 \u00a0 \u00a0 \u00a0 \u00a0planteamientos del juez. En consecuencia, dispuso el env\u00edo de \u00a0 \u00a0 \u00a0 \u00a0 \u00a0las diligencias a la Sala Penal del Tribunal Superior de Valledupar, \u00a0 \u00a0 \u00a0 \u00a0 \u00a0para la definici\u00f3n de competencia. \u00a0<\/p>\n<p>\u00a0 \u00a0\u00a0 \u00a0 \u00a0 \u00a0 \u00a0<\/p>\n<p>6. Mediante auto \u00a0 \u00a0 \u00a0 \u00a0 \u00a0del 10 de agosto \u00a0 \u00a0 \u00a0 \u00a0 \u00a0de 2020 la \u00a0 \u00a0 \u00a0 \u00a0 \u00a0mencionada Corporaci\u00f3n se\u00f1al\u00f3 que no era \u00a0 \u00a0 \u00a0 \u00a0 \u00a0competente para pronunciarse sobre la impugnaci\u00f3n de \u00a0 \u00a0 \u00a0 \u00a0 \u00a0competencia, dado que \u00e9sta se debate entre juzgados \u00a0 \u00a0 \u00a0 \u00a0 \u00a0pertenecientes a distritos judiciales diferentes. Por ende, asegur\u00f3 \u00a0 \u00a0 \u00a0 \u00a0 \u00a0que de conformidad con lo dispuesto en el numeral 4\u00b0 del \u00a0 \u00a0 \u00a0 \u00a0 \u00a0art\u00edculo 32 de la Ley 906 de 2004, la definici\u00f3n de \u00a0 \u00a0 \u00a0 \u00a0 \u00a0competencia en este asunto le corresponde dirimirla a la Corte \u00a0 \u00a0 \u00a0 \u00a0 \u00a0Suprema de Justicia. \u00a0<\/p>\n<p>En consecuencia, se dispuso el env\u00edo de las diligencias a esta \u00a0Corporaci\u00f3n, para la definici\u00f3n de competencia. \u00a0<\/p>\n<p>CONSIDERACIONES \u00a0<\/p>\n<p>\u00a0 \u00a0\u00a0 \u00a0 \u00a0 \u00a0 \u00a0<\/p>\n<p>1. Corresponde a la \u00a0 \u00a0 \u00a0 \u00a0 \u00a0Sala de Casaci\u00f3n Penal de la Corte Suprema de Justicia, \u00a0 \u00a0 \u00a0 \u00a0 \u00a0conforme a los lineamientos contenidos en el numeral 4\u00b0 del \u00a0 \u00a0 \u00a0 \u00a0 \u00a0art\u00edculo 32 del C\u00f3digo de Procedimiento Penal (Ley 906 \u00a0 \u00a0 \u00a0 \u00a0 \u00a0de 2004), pronunciarse sobre la competencia cuando se trate de \u00a0 \u00a0 \u00a0 \u00a0 \u00a0juzgados de diferentes distritos. \u00a0<\/p>\n<p>\u00a0 \u00a0\u00a0 \u00a0 \u00a0 \u00a0 \u00a0<\/p>\n<p>2. El art\u00edculo \u00a0 \u00a0 \u00a0 \u00a0 \u00a043 de la Ley 906 de 2004 \u00a0 \u00a0 \u00a0 \u00a0 \u00a0establece la competencia territorial en \u00a0 \u00a0 \u00a0 \u00a0 \u00a0el juez del lugar donde \u00a0 \u00a0 \u00a0 \u00a0 \u00a0ocurri\u00f3 el delito y \u00a0 \u00a0 \u00a0 \u00a0 \u00a0si no es posible determinarlo \u00a0 \u00a0 \u00a0 \u00a0 \u00a0o si se realiz\u00f3 en \u00a0 \u00a0 \u00a0 \u00a0 \u00a0varios sitios, en uno \u00a0 \u00a0 \u00a0 \u00a0 \u00a0incierto o en el extranjero, \u00a0 \u00a0 \u00a0 \u00a0 \u00a0se fija en \u00a0 \u00a0 \u00a0 \u00a0 \u00a0el lugar donde se encuentren \u00a0 \u00a0 \u00a0 \u00a0 \u00a0los elementos fundamentales de la acusaci\u00f3n. \u00a0<\/p>\n<p>\u00a0 \u00a0\u00a0 \u00a0 \u00a0 \u00a0 \u00a0<\/p>\n<p>3. Por su \u00a0 \u00a0 \u00a0 \u00a0 \u00a0parte, la jurisprudencia \u00a0 \u00a0 \u00a0 \u00a0 \u00a0reiterada de la Sala ha \u00a0 \u00a0 \u00a0 \u00a0 \u00a0determinado que el \u00a0 \u00a0 \u00a0 \u00a0 \u00a0delito de fuga \u00a0 \u00a0 \u00a0 \u00a0 \u00a0de presos se \u00a0 \u00a0 \u00a0 \u00a0 \u00a0consuma: \u201cen forma instant\u00e1nea y \u00a0 \u00a0 \u00a0 \u00a0 \u00a0produce efectos permanentes a partir del momento en que la persona \u00a0 \u00a0 \u00a0 \u00a0 \u00a0legalmente privada de la libertad desconoce la \u00f3rbita de \u00a0 \u00a0 \u00a0 \u00a0 \u00a0custodia impuesta por el Estado y resuelve trasladarse hacia \u00a0 \u00a0 \u00a0 \u00a0 \u00a0cualquier otro lugar sin permiso o autorizaci\u00f3n expedida por \u00a0 \u00a0 \u00a0 \u00a0 \u00a0la autoridad competente\u201d3. \u00a0<\/p>\n<p>\u00a0 \u00a0\u00a0 \u00a0 \u00a0 \u00a0 \u00a0<\/p>\n<p>4. En el presente \u00a0 \u00a0 \u00a0 \u00a0 \u00a0asunto, de acuerdo con los hechos jur\u00eddicamente relevantes \u00a0 \u00a0 \u00a0 \u00a0 \u00a0relatados por la fiscal\u00eda, JUAN HARLEY \u00a0 \u00a0 \u00a0 \u00a0 \u00a0CONTRERAS AGUILAR evadi\u00f3 \u00a0 \u00a0 \u00a0 \u00a0 \u00a0la medida de \u00a0 \u00a0 \u00a0 \u00a0 \u00a0detenci\u00f3n domiciliaria que \u00a0 \u00a0 \u00a0 \u00a0 \u00a0cumpl\u00eda en la ciudad \u00a0 \u00a0 \u00a0 \u00a0 \u00a0de C\u00facuta. Por \u00a0 \u00a0 \u00a0 \u00a0 \u00a0lo tanto, es all\u00ed en donde se entiende cometido el \u00a0presunto \u00a0 \u00a0 \u00a0 \u00a0 \u00a0delito de fuga de \u00a0 \u00a0 \u00a0 \u00a0 \u00a0presos. \u00a0<\/p>\n<p>\u00a0 \u00a0\u00a0 \u00a0 \u00a0 \u00a0 \u00a0<\/p>\n<p>5. Por consiguiente, \u00a0 \u00a0 \u00a0 \u00a0 \u00a0acorde con lo \u00a0 \u00a0 \u00a0 \u00a0 \u00a0anotado, las diligencias \u00a0 \u00a0 \u00a0 \u00a0 \u00a0ser\u00e1n remitidas inmediatamente al Centro de Servicios \u00a0 \u00a0 \u00a0 \u00a0 \u00a0Judiciales de los Juzgados Penales del Circuito de C\u00facuta \u00a0 \u00a0 \u00a0 \u00a0 \u00a0para que se efect\u00fae el correspondiente reparto. As\u00ed \u00a0 \u00a0 \u00a0 \u00a0 \u00a0mismo, se ordenar\u00e1 comunicar \u00a0 \u00a0 \u00a0 \u00a0 \u00a0la presente decisi\u00f3n \u00a0 \u00a0 \u00a0 \u00a0 \u00a0al Juzgado 2\u00b0 \u00a0 \u00a0 \u00a0 \u00a0 \u00a0Promiscuo del Circuito de \u00a0 \u00a0 \u00a0 \u00a0 \u00a0Aguachica (Cesar). \u00a0<\/p>\n<p>\u00a0 \u00a0\u00a0 \u00a0 \u00a0 \u00a0 \u00a0<\/p>\n<p>6. Lo anterior no \u00a0 \u00a0 \u00a0 \u00a0 \u00a0significa que la Sala desconoce la posici\u00f3n \u00a0 \u00a0 \u00a0 \u00a0 \u00a0adoptada en decisi\u00f3n \u00a0 \u00a0 \u00a0 \u00a0 \u00a0CSJ AP2863-2019, Rad. \u00a0 \u00a0 \u00a0 \u00a0 \u00a055.616, respecto del tr\u00e1mite de este tipo \u00a0 \u00a0 \u00a0 \u00a0 \u00a0de asuntos. \u00a0<\/p>\n<p>Ciertamente, a trav\u00e9s de ese pronunciamiento, la Corte vari\u00f3 \u00a0su jurisprudencia en torno al tr\u00e1mite de la impugnaci\u00f3n \u00a0de competencia que debe surtirse frente al art\u00edculo 54 del C. \u00a0de P.P. Se dijo, en esa oportunidad, que antes de la eventual \u00a0remisi\u00f3n del asunto a esta Sala para adoptar la decisi\u00f3n \u00a0que \u00a0<\/p>\n<p>\u00a0 \u00a0\u00a0 \u00a0 \u00a0 \u00a0 \u00a0<\/p>\n<p>3. CSJ \u00a0 \u00a0 \u00a0 \u00a0 \u00a0autos \u00a0 \u00a0 \u00a0 \u00a0 \u00a0del \u00a0 \u00a0 \u00a0 \u00a0 \u00a05 \u00a0 \u00a0 \u00a0 \u00a0 \u00a0de \u00a0 \u00a0 \u00a0 \u00a0 \u00a0mayo \u00a0 \u00a0 \u00a0 \u00a0 \u00a0de \u00a0 \u00a0 \u00a0 \u00a0 \u00a02010, \u00a0 \u00a0 \u00a0 \u00a0 \u00a014 \u00a0 \u00a0 \u00a0 \u00a0 \u00a0de \u00a0 \u00a0 \u00a0 \u00a0 \u00a0marzo \u00a0 \u00a0 \u00a0 \u00a0 \u00a0de \u00a0 \u00a0 \u00a0 \u00a0 \u00a02011, \u00a0 \u00a0 \u00a0 \u00a0 \u00a09 \u00a0 \u00a0 \u00a0 \u00a0 \u00a0de \u00a0 \u00a0 \u00a0 \u00a0 \u00a0abril \u00a0 \u00a0 \u00a0 \u00a0 \u00a0de \u00a0 \u00a0 \u00a0 \u00a0 \u00a02014, \u00a0 \u00a0 \u00a0 \u00a0 \u00a010 \u00a0 \u00a0 \u00a0 \u00a0 \u00a0de \u00a0 \u00a0 \u00a0 \u00a0 \u00a0junio \u00a0 \u00a0 \u00a0 \u00a0 \u00a0de \u00a0<\/p>\n<p>2015, \u00a0radicados 33915, 36030, 43552 y 46093, reiterado el 7 de junio de \u00a02017, radicado 50414. \u00a0<\/p>\n<p>corresponda, debe \u00a0suscitarse la controversia o debate en torno a dicha tem\u00e1tica, \u00a0por lo que le corresponde al titular del despacho \u00abenviar \u00a0inmediatamente la actuaci\u00f3n al funcionario que considera es el \u00a0facultado para conocer el asunto. \u00c9ste, en caso de hallar \u00a0fundada la manifestaci\u00f3n de incompetencia, asumir\u00e1 el \u00a0tr\u00e1mite del proceso remitido. De \u00a0lo contrario, rechazar\u00e1 su \u00a0conocimiento de \u00a0manera motivada \u00a0y enviar\u00e1 las diligencias a \u00a0la autoridad llamada a dirimir la cuesti\u00f3n\u00bb. \u00a0(Destaca la Sala). \u00a0<\/p>\n<p>En este asunto, es claro que el Juzgado 2\u00b0 Promiscuo del Circuito \u00a0de Aguachica (Cesar) err\u00f3 en el procedimiento impartido. La \u00a0incompetencia manifestada no suscit\u00f3 controversia alguna por \u00a0las partes. De manera que, era su deber remitir el expediente al \u00a0Centro de Servicios Judiciales de los Juzgados Penales del Circuito \u00a0de C\u00facuta para que all\u00ed se efectuara el correspondiente \u00a0reparto, y un juzgado de esa ciudad asumiera el conocimiento del \u00a0asunto, si estaba de acuerdo con la decisi\u00f3n de su hom\u00f3logo \u00a0de Aguachica. \u00a0<\/p>\n<p>La Sala, no obstante, dar\u00e1 por superado el yerro en procura de \u00a0no dilatar m\u00e1s la actuaci\u00f3n. Ello, se reitera, sin que \u00a0tal determinaci\u00f3n comporte una revaluaci\u00f3n de la citada \u00a0postura, como quiera que en lo sucesivo es deber de los funcionarios \u00a0judiciales aplicarla de manera inmediata. (Cfr. CSJ AP 26 feb. 2020, \u00a0rad. 57074). \u00a0<\/p>\n<p>Por tanto, se hace un llamado a la comunidad judicial para que acoja \u00a0lo dispuesto por la Corte en la providencia mencionada. \u00a0<\/p>\n<p>En m\u00e9rito de lo expuesto, la Sala de Casaci\u00f3n Penal de \u00a0 la Corte Suprema de Justicia, \u00a0<\/p>\n<p>RESUELVE \u00a0<\/p>\n<p>\u00a0 \u00a0\u00a0 \u00a0 \u00a0 \u00a0 \u00a0 \u00a0 \u00a0 \u00a0 \u00a0 \u00a0 \u00a0 \u00a0 \u00a0 \u00a0<\/p>\n<p>1. DECLARAR que \u00a0 \u00a0 \u00a0 \u00a0 \u00a0 \u00a0 \u00a0 \u00a0 \u00a0la competencia para conocer el proceso \u00a0 \u00a0 \u00a0 \u00a0 \u00a0 \u00a0 \u00a0 \u00a0 \u00a0adelantado contra JUAN HARLEY \u00a0 \u00a0 \u00a0 \u00a0 \u00a0 \u00a0 \u00a0 \u00a0 \u00a0CONTRERAS AGUILAR por \u00a0 \u00a0 \u00a0 \u00a0 \u00a0 \u00a0 \u00a0 \u00a0 \u00a0el delito de \u00a0 \u00a0 \u00a0 \u00a0 \u00a0 \u00a0 \u00a0 \u00a0 \u00a0fuga de presos \u00a0 \u00a0 \u00a0 \u00a0 \u00a0 \u00a0 \u00a0 \u00a0 \u00a0corresponde a los \u00a0 \u00a0 \u00a0 \u00a0 \u00a0 \u00a0 \u00a0 \u00a0 \u00a0Juzgados Penales del Circuito con Funciones de \u00a0 \u00a0 \u00a0 \u00a0 \u00a0 \u00a0 \u00a0 \u00a0 \u00a0Conocimiento de C\u00facuta -Reparto-. \u00a0 \u00a0<\/p>\n<p>\u00a0 \u00a0\u00a0 \u00a0 \u00a0 \u00a0 \u00a0 \u00a0 \u00a0 \u00a0 \u00a0 \u00a0 \u00a0 \u00a0 \u00a0 \u00a0<\/p>\n<p>2. COMUNICAR la \u00a0 \u00a0 \u00a0 \u00a0 \u00a0 \u00a0 \u00a0 \u00a0 \u00a0presente determinaci\u00f3n al Juzgado 2\u00b0 \u00a0 \u00a0 \u00a0 \u00a0 \u00a0 \u00a0 \u00a0 \u00a0 \u00a0Promiscuo del Circuito de \u00a0 \u00a0 \u00a0 \u00a0 \u00a0 \u00a0 \u00a0 \u00a0 \u00a0Aguachica (Cesar). \u00a0 \u00a0<\/p>\n<p>\u00a0 \u00a0\u00a0 \u00a0 \u00a0 \u00a0 \u00a0 \u00a0 \u00a0 \u00a0 \u00a0 \u00a0 \u00a0 \u00a0 \u00a0 \u00a0<\/p>\n<p>3. Contra \u00a0 \u00a0 \u00a0 \u00a0 \u00a0 \u00a0 \u00a0 \u00a0 \u00a0esta decisi\u00f3n no proceden recursos. \u00a0 \u00a0<\/p>\n<p>Comun\u00edquese y c\u00famplase. \u00a0<\/p>\n<p>PATRICIA SALAZAR CU\u00c9LLAR \u00a0<\/p>\n<p>JOS\u00c9 FRANCISCO ACU\u00d1A VIZCAYA \u00a0<\/p>\n<p>GERSON CHAVERRA CASTRO \u00a0<\/p>\n<p>EUGENIO FERN\u00c1NDEZ CARLIER \u00a0<\/p>\n<p>LUIS \u00a0ANTONIO HERN\u00c1NDEZ BARBOSA \u00a0<\/p>\n<p>JAIME HUMBERTO MORENO ACERO \u00a0<\/p>\n<p>FABIO OSPITIA GARZ\u00d3N \u00a0<\/p>\n<p>EYDER PATI\u00d1O CABRERA \u00a0<\/p>\n<p>HUGO QUINTERO BERNATE \u00a0<\/p>\n<p>NUBIA YOLANDA NOVA GARC\u00cdA \u00a0<\/p>\n<p>Secretaria \u00a0<\/p>\n<p>\u00a0 \u00a0 \u00a0\u00a0<\/p>\n<p><\/p>\n","protected":false},"excerpt":{"rendered":"<p>\u00a0 \u00a0 \u00a0 \u00a0\u00a0 \u00a0 \u00a0\u00a0 LUIS ANTONIO HERN\u00c1NDEZ BARBOSA \u00a0 Magistrado ponente \u00a0 AP2001-2020 \u00a0 Radicaci\u00f3n # 57.959 \u00a0 Acta 177 \u00a0 Bogot\u00e1, D,C., veintis\u00e9is (26) de agosto de dos mil \u00a0 \u00a0 \u00a0 \u00a0 \u00a0veinte \u00a0 \u00a0 \u00a0 \u00a0 \u00a0 (2020). \u00a0 VISTOS \u00a0 \u00a0 \u00a0 \u00a0 \u00a0 \u00a0\u00a0 \u00a0 \u00a0 \u00a0 \u00a0 [&hellip;]<\/p>\n","protected":false},"author":1,"featured_media":0,"comment_status":"open","ping_status":"open","sticky":false,"template":"","format":"standard","meta":{"footnotes":""},"categories":[29],"tags":[],"class_list":["post-50268","post","type-post","status-publish","format-standard","hentry","category-29"],"_links":{"self":[{"href":"https:\/\/dmsjuridica.com\/buscador_20179478954\/salapenalcronologico20230723\/wp-json\/wp\/v2\/posts\/50268","targetHints":{"allow":["GET"]}}],"collection":[{"href":"https:\/\/dmsjuridica.com\/buscador_20179478954\/salapenalcronologico20230723\/wp-json\/wp\/v2\/posts"}],"about":[{"href":"https:\/\/dmsjuridica.com\/buscador_20179478954\/salapenalcronologico20230723\/wp-json\/wp\/v2\/types\/post"}],"author":[{"embeddable":true,"href":"https:\/\/dmsjuridica.com\/buscador_20179478954\/salapenalcronologico20230723\/wp-json\/wp\/v2\/users\/1"}],"replies":[{"embeddable":true,"href":"https:\/\/dmsjuridica.com\/buscador_20179478954\/salapenalcronologico20230723\/wp-json\/wp\/v2\/comments?post=50268"}],"version-history":[{"count":0,"href":"https:\/\/dmsjuridica.com\/buscador_20179478954\/salapenalcronologico20230723\/wp-json\/wp\/v2\/posts\/50268\/revisions"}],"wp:attachment":[{"href":"https:\/\/dmsjuridica.com\/buscador_20179478954\/salapenalcronologico20230723\/wp-json\/wp\/v2\/media?parent=50268"}],"wp:term":[{"taxonomy":"category","embeddable":true,"href":"https:\/\/dmsjuridica.com\/buscador_20179478954\/salapenalcronologico20230723\/wp-json\/wp\/v2\/categories?post=50268"},{"taxonomy":"post_tag","embeddable":true,"href":"https:\/\/dmsjuridica.com\/buscador_20179478954\/salapenalcronologico20230723\/wp-json\/wp\/v2\/tags?post=50268"}],"curies":[{"name":"wp","href":"https:\/\/api.w.org\/{rel}","templated":true}]}}