{"id":50118,"date":"2023-09-15T20:49:55","date_gmt":"2023-09-15T20:49:55","guid":{"rendered":"https:\/\/dmsjuridica.com\/buscador_20179478954\/salapenalcronologico20230723\/2023\/09\/15\/ap1438-202056988\/"},"modified":"2023-09-15T20:49:55","modified_gmt":"2023-09-15T20:49:55","slug":"ap1438-202056988","status":"publish","type":"post","link":"https:\/\/dmsjuridica.com\/buscador_20179478954\/salapenalcronologico20230723\/2023\/09\/15\/ap1438-202056988\/","title":{"rendered":"AP1438-2020(56988)"},"content":{"rendered":"\n<p>\u00a0 \u00a0 \u00a0 \u00a0\u00a0<\/p>\n<p>EUGENIO \u00a0FERN\u00c1NDEZ CARLIER \u00a0<\/p>\n<p>Magistrado \u00a0Ponente \u00a0<\/p>\n<p>AP1438-2020 \u00a0<\/p>\n<p>Radicaci\u00f3n \u00a0N.\u00b0 56988 \u00a0<\/p>\n<p>(Aprobado Acta \u00a0No.\u00a0142)\u00a0 \u00a0<\/p>\n<p>\u00a0 \u00a0<\/p>\n<p>Bogot\u00e1, D. \u00a0C.,\u00a0ocho\u00a0(08)\u00a0julio\u00a0dos mil veinte (2020).\u00a0 \u00a0<\/p>\n<p>\u00a0 \u00a0<\/p>\n<p>ASUNTO \u00a0<\/p>\n<p>Se pronuncia la \u00a0Sala acerca de la solicitud probatoria de la defensora de ALFONSO \u00a0TORRES ESTUPI\u00d1AN, \u00a0ciudadano \u00a0colombiano requerido en extradici\u00f3n por el Gobierno de los \u00a0Estados Unidos. \u00a0<\/p>\n<p>ANTECEDENTES \u00a0<\/p>\n<p>1. \u00a0Mediante Nota Verbal 1967 de 29 de noviembre de 2019, el Gobierno de \u00a0los Estados Unidos de Am\u00e9rica solicit\u00f3 al de Colombia \u00a0la detenci\u00f3n provisional con fines de extradici\u00f3n del \u00a0ciudadano colombiano \u00a0ALFONSO TORRES ESTUPI\u00d1AN, \u00a0requerido para comparecer a juicio por delitos de tr\u00e1fico de \u00a0narc\u00f3ticos y concierto para delinquir. \u00a0<\/p>\n<p>2. \u00a0El Fiscal General de la Naci\u00f3n mediante resoluci\u00f3n \u00a0dictada el 29 de noviembre de 2019, decret\u00f3 la captura de \u00a0aqu\u00e9l, quien fuera retenido el d\u00eda 24 del mismo mes y \u00a0a\u00f1o, en virtud de la circular roja de Interpol con n\u00famero \u00a0de control A-12094\/11-2019 en Tumaco, Nari\u00f1o. \u00a0<\/p>\n<p>3. \u00a0En Nota Verbal 0099 de 22 de enero de 2020, el Gobierno de los \u00a0Estados Unidos de Am\u00e9rica formaliz\u00f3 el pedido de \u00a0extradici\u00f3n. \u00a0<\/p>\n<p>LAS SOLICITUDES \u00a0PROBATORIAS \u00a0<\/p>\n<p>La apoderada \u00a0judicial del requerido, en el t\u00e9rmino de traslado para \u00a0solicitar pruebas solicit\u00f3 requerir a la Fiscal\u00eda \u00a0General de la Naci\u00f3n, Polic\u00eda Nacional, Jurisdicci\u00f3n \u00a0Especial para la Paz y otras autoridades competentes si existen \u00a0condenas o investigaciones en contra de su representado por los \u00a0hechos que fundamentan la acusaci\u00f3n. \u00a0<\/p>\n<p>De otra parte, \u00a0pidi\u00f3 tener en cuenta los documentos allegados al tr\u00e1mite, \u00a0previo a emitir concepto para la extradici\u00f3n con ocasi\u00f3n \u00a0a la avanzada edad precario estado de salud del requerido. \u00a0<\/p>\n<p>Finalmente, \u00a0solicita un t\u00e9rmino de 5 d\u00edas h\u00e1biles a fin de \u00a0arrimar al plenario la historia cl\u00ednica completa de su \u00a0defendido, en tanto debido a las condiciones actuales, esto es la \u00a0contingencia nacional por el denominado COVID-19, fue imposible a la \u00a0fecha obtener los citados documentos. \u00a0<\/p>\n<p>CONSIDERACIONES \u00a0<\/p>\n<p>1. El \u00a0decreto y pr\u00e1ctica de pruebas en el marco del presente tr\u00e1mite \u00a0est\u00e1n sometidos a la observancia de los criterios de \u00a0conducencia, \u00a0pertinencia \u00a0y utilidad, \u00a0cuya determinaci\u00f3n est\u00e1 limitada por los asuntos \u00a0necesarios para la emisi\u00f3n del concepto de extradici\u00f3n, \u00a0tales como, el cumplimiento de las previsiones \u00a0constitucionales sobre la materia y los requisitos se\u00f1alados, \u00a0bien en los tratados p\u00fablicos o en la ley, seg\u00fan sea el \u00a0caso. \u00a0<\/p>\n<p>En \u00a0raz\u00f3n a que el tratado de extradici\u00f3n suscrito entre \u00a0Colombia y los Estados Unidos de Am\u00e9rica, el 14 de septiembre \u00a0de 1979, no es aplicable en el orden interno dada la \u00a0inconstitucionalidad de la Ley 27 de 1980, declarada por la Corte \u00a0Suprema de Justicia en la sentencia del 12 de diciembre de 1986, \u00a0los \u00a0aspectos que deber\u00e1n analizarse en el concepto correspondiente \u00a0se rigen por las previsiones de los art\u00edculos 493 y 502 del \u00a0C\u00f3digo de Procedimiento Penal. \u00a0<\/p>\n<p>Por \u00a0ello, espec\u00edficamente, las solicitudes que en ese sentido se \u00a0hagan deben estar orientadas a constatar los siguientes aspectos: i) \u00a0la validez formal de la documentaci\u00f3n presentada, ii) \u00a0la plena identidad del solicitado, iii) \u00a0la \u00a0doble incriminaci\u00f3n de la conducta y la previsi\u00f3n en la \u00a0legislaci\u00f3n nacional de una pena cuyo m\u00ednimo no sea \u00a0inferior a 4 a\u00f1os de prisi\u00f3n, iv) \u00a0la \u00a0similitud de la providencia proferida en el extranjero con una \u00a0sentencia o acusaci\u00f3n, v) \u00a0el \u00a0acatamiento de lo se\u00f1alado en los tratados p\u00fablicos, \u00a0cuando fuere el caso, vi) \u00a0la \u00a0presencia de aspectos ligados a la imposici\u00f3n de \u00a0condicionamientos \u00a0en caso de emitirse concepto favorable a la extradici\u00f3n, \u00a0vii) \u00a0la \u00a0existencia o no de las restricciones contenidas en el art\u00edculo \u00a035 de la Constituci\u00f3n Pol\u00edtica y en el art\u00edculo \u00a0transitorio 19 del Acto Legislativo No. 01 de 2017, \u00a0as\u00ed como viii) \u00a0la \u00a0concurrencia o no de circunstancias que inhiben la extradici\u00f3n. \u00a0<\/p>\n<p>Por \u00a0consiguiente, si los medios \u00a0de prueba impetrados no \u00a0guardan relaci\u00f3n con esos temas o versan sobre hechos \u00a0notoriamente impertinentes, superfluos o carentes de utilidad, deben \u00a0desestimarse. \u00a0<\/p>\n<p>2. La \u00a0Sala atendiendo la solicitud probatoria hecha por la abogada del \u00a0requerido, relacionada \u00a0con la doble incriminaci\u00f3n, acceder\u00e1 a la misma por \u00a0considerarla pertinente. \u00a0<\/p>\n<p>Por tanto, \u00a0(i) se ordenar\u00e1 \u00a0oficiar a la Fiscal\u00eda General de la Naci\u00f3n, a fin de \u00a0que informe si en contra del ciudadano colombiano ALFONSO \u00a0TORRES ESTUPI\u00d1AN se \u00a0adelanta o adelant\u00f3 investigaci\u00f3n en el pa\u00eds y \u00a0el estado actual de la misma y espec\u00edficamente si \u00a0existe investigaci\u00f3n por los mismos hechos motivos de \u00a0extradici\u00f3n. \u00a0<\/p>\n<p>En caso positivo, \u00a0deber\u00e1 se\u00f1alar el juzgado en el cual se encuentra, a \u00a0cuyo despacho se pedir\u00e1 la informaci\u00f3n sobre su estado \u00a0actual y copia del fallo, en caso de que el proceso haya culminado. \u00a0<\/p>\n<p>(ii) Asimismo, se oficiar\u00e1 \u00a0a la Jurisdicci\u00f3n Especial para la Paz, a efectos de \u00a0corroborar si el requerido se encuentra en la lista de postulados o \u00a0como tercero civil asociado al conflicto, ello con el fin de \u00a0verificar la competencia de esta Corporaci\u00f3n en el presente \u00a0tr\u00e1mite de extradici\u00f3n \u00a0<\/p>\n<p>3. De \u00a0otra parte, en \u00a0relaci\u00f3n al estado de salud del requerido, se ofrece necesario \u00a0se\u00f1alar que, en varias oportunidades, la Corte ha exhortado al \u00a0Gobierno Nacional para \u00a0que, de accederse a la extradici\u00f3n del solicitado, se asegure \u00a0que el Estado requirente le garantice sus derechos a la salud \u00a0y la vida, \u00a0ofreci\u00e9ndole los tratamientos m\u00e9dicos y atenci\u00f3n \u00a0que demanden sus padecimientos1, \u00a0as\u00ed como los cuidados necesarios para su traslado al pa\u00eds \u00a0requirente. \u00a0<\/p>\n<p>Ahora bien, \u00a0teniendo en cuenta la manifestaci\u00f3n hecha por la abogada del \u00a0requerido, se dispondr\u00e1 la incorporaci\u00f3n al tr\u00e1mite \u00a0de los documentos allegados al plenario, a fin de ser evaluados a la \u00a0hora de emitir el concepto que corresponda. \u00a0<\/p>\n<p>Adicionalmente, se \u00a0acceder\u00e1 al plazo solicitado, esto es cinco (5) d\u00edas \u00a0h\u00e1biles, una vez se notifique el presente prove\u00eddo, a \u00a0fin de que allegue al tr\u00e1mite la historia cl\u00ednica \u00a0completa del ciudadano ALFONSO \u00a0TORRES ESTUPI\u00d1AN, \u00a0ello en atenci\u00f3n a la imposibilidad de anexarlos en esta \u00a0oportunidad, con ocasi\u00f3n al virus denominado COVID-19. \u00a0<\/p>\n<p>Finalmente, en \u00a0orden a garantizar los derechos a la salud y a la vida del requerido, \u00a0se oficiar\u00e1 al Instituto de Medicina Legal y Ciencias Forense \u00a0a fin de que eval\u00fae el estado de salud de ALFONSO \u00a0TORRES ESTUPI\u00d1AN, \u00a0para lo cual deber\u00e1 remitirse copia de la historia cl\u00ednica \u00a0allegada al plenario. \u00a0<\/p>\n<p>En m\u00e9rito \u00a0de lo expuesto, la CORTE \u00a0SUPREMA DE JUSTICIA en Sala de Casaci\u00f3n Penal, \u00a0<\/p>\n<p>RESUELVE \u00a0<\/p>\n<p>1. \u00a0Practicar las pruebas relacionadas en el numeral 2\u00ba de este \u00a0prove\u00eddo, conforme se expuso. \u00a0<\/p>\n<p>2. \u00a0Incorporar al tr\u00e1mite los documentos relacionados en la \u00a0solicitud probatoria y adem\u00e1s otorgar un plazo de 5 d\u00edas \u00a0h\u00e1biles a fin de que allegue a historia cl\u00ednica \u00a0completa del requerido. \u00a0<\/p>\n<p>3. \u00a0Oficiar al Instituto de Medicina Legal y Ciencias Forense a fin de \u00a0que eval\u00fae el estado de salud del ciudadano ALFONSO \u00a0TORRES ESTUPI\u00d1AN \u00a0para lo cual deber\u00e1 remitirse copia de la historia cl\u00ednica \u00a0allegada al plenario. \u00a0<\/p>\n<p>Contra esta \u00a0decisi\u00f3n procede el recurso de reposici\u00f3n. \u00a0<\/p>\n<p>C\u00f3piese, \u00a0notif\u00edquese y c\u00famplase. \u00a0<\/p>\n<p>C\u00daMPLASE, \u00a0<\/p>\n<p>PATRICIA \u00a0SALAZAR CU\u00c9LLAR \u00a0<\/p>\n<p>JOS\u00c9 \u00a0FRANCISCO ACU\u00d1A VIZCAYA \u00a0<\/p>\n<p>GERSON \u00a0CHAVERRA CASTRO \u00a0<\/p>\n<p>EUGENIO \u00a0FERN\u00c1NDEZ CARLIER \u00a0<\/p>\n<p>LUIS \u00a0ANTONIO HERN\u00c1NDEZ BARBOSA \u00a0<\/p>\n<p>JAIME \u00a0HUMBERTO MORENO ACERO \u00a0<\/p>\n<p>FABIO \u00a0OSPITIA GARZ\u00d3N \u00a0<\/p>\n<p>EYDER \u00a0PATI\u00d1O CABRERA \u00a0<\/p>\n<p>HUGO \u00a0QUINTERO BERNATE \u00a0<\/p>\n<p>NUBIA \u00a0YOLANDA NOVA GARC\u00cdA \u00a0<\/p>\n<p>Secretaria \u00a0<\/p>\n<p>1 \u00a0 \u00a0 \u00a0 \u00a0 \u00a0En ese sentido, CSJ CP, 10 Ago. 2005, Rad. 23013; CSJ CP, 31 Jul. \u00a0 \u00a0 \u00a0 \u00a0 \u00a02009, Rad. 30329; CSJ CP, 16 Nov. 2010, Rad. 32238; CSJ CP, 29 Ago. \u00a0 \u00a0 \u00a0 \u00a0 \u00a02012, Rad. 38722 y CSJ CP 185 \u2013 2016. \u00a0 \u00a0 \u00a0<\/p>\n<p><\/p>\n","protected":false},"excerpt":{"rendered":"<p>\u00a0 \u00a0 \u00a0 \u00a0\u00a0 EUGENIO \u00a0FERN\u00c1NDEZ CARLIER \u00a0 Magistrado \u00a0Ponente \u00a0 AP1438-2020 \u00a0 Radicaci\u00f3n \u00a0N.\u00b0 56988 \u00a0 (Aprobado Acta \u00a0No.\u00a0142)\u00a0 \u00a0 \u00a0 \u00a0 Bogot\u00e1, D. \u00a0C.,\u00a0ocho\u00a0(08)\u00a0julio\u00a0dos mil veinte (2020).\u00a0 \u00a0 \u00a0 \u00a0 ASUNTO \u00a0 Se pronuncia la \u00a0Sala acerca de la solicitud probatoria de la defensora de ALFONSO \u00a0TORRES ESTUPI\u00d1AN, \u00a0ciudadano \u00a0colombiano requerido en extradici\u00f3n [&hellip;]<\/p>\n","protected":false},"author":1,"featured_media":0,"comment_status":"open","ping_status":"open","sticky":false,"template":"","format":"standard","meta":{"footnotes":""},"categories":[29],"tags":[],"class_list":["post-50118","post","type-post","status-publish","format-standard","hentry","category-29"],"_links":{"self":[{"href":"https:\/\/dmsjuridica.com\/buscador_20179478954\/salapenalcronologico20230723\/wp-json\/wp\/v2\/posts\/50118","targetHints":{"allow":["GET"]}}],"collection":[{"href":"https:\/\/dmsjuridica.com\/buscador_20179478954\/salapenalcronologico20230723\/wp-json\/wp\/v2\/posts"}],"about":[{"href":"https:\/\/dmsjuridica.com\/buscador_20179478954\/salapenalcronologico20230723\/wp-json\/wp\/v2\/types\/post"}],"author":[{"embeddable":true,"href":"https:\/\/dmsjuridica.com\/buscador_20179478954\/salapenalcronologico20230723\/wp-json\/wp\/v2\/users\/1"}],"replies":[{"embeddable":true,"href":"https:\/\/dmsjuridica.com\/buscador_20179478954\/salapenalcronologico20230723\/wp-json\/wp\/v2\/comments?post=50118"}],"version-history":[{"count":0,"href":"https:\/\/dmsjuridica.com\/buscador_20179478954\/salapenalcronologico20230723\/wp-json\/wp\/v2\/posts\/50118\/revisions"}],"wp:attachment":[{"href":"https:\/\/dmsjuridica.com\/buscador_20179478954\/salapenalcronologico20230723\/wp-json\/wp\/v2\/media?parent=50118"}],"wp:term":[{"taxonomy":"category","embeddable":true,"href":"https:\/\/dmsjuridica.com\/buscador_20179478954\/salapenalcronologico20230723\/wp-json\/wp\/v2\/categories?post=50118"},{"taxonomy":"post_tag","embeddable":true,"href":"https:\/\/dmsjuridica.com\/buscador_20179478954\/salapenalcronologico20230723\/wp-json\/wp\/v2\/tags?post=50118"}],"curies":[{"name":"wp","href":"https:\/\/api.w.org\/{rel}","templated":true}]}}