{"id":50111,"date":"2023-09-15T20:49:55","date_gmt":"2023-09-15T20:49:55","guid":{"rendered":"https:\/\/dmsjuridica.com\/buscador_20179478954\/salapenalcronologico20230723\/2023\/09\/15\/ap1414-202057421\/"},"modified":"2023-09-15T20:49:55","modified_gmt":"2023-09-15T20:49:55","slug":"ap1414-202057421","status":"publish","type":"post","link":"https:\/\/dmsjuridica.com\/buscador_20179478954\/salapenalcronologico20230723\/2023\/09\/15\/ap1414-202057421\/","title":{"rendered":"AP1414-2020(57421)"},"content":{"rendered":"\n<p>\u00a0 \u00a0 \u00a0 \u00a0\u00a0<\/p>\n<p>GERSON \u00a0CHAVERRA CASTRO \u00a0<\/p>\n<p>Magistrada \u00a0Ponente \u00a0<\/p>\n<p>AP1414-2020 \u00a0<\/p>\n<p>Radicaci\u00f3n \u00a0N\u00b0 793 \/ 57421 \u00a0<\/p>\n<p>Aprobado acta No. \u00a0142 \u00a0<\/p>\n<p>Bogot\u00e1, \u00a0D.C., ocho (08) de julio de dos mil veinte (2020). \u00a0<\/p>\n<p>ASUNTO \u00a0<\/p>\n<p>Se pronuncia la \u00a0Corte sobre el desistimiento del recurso de apelaci\u00f3n que \u00a0interpuso el defensor de Heriberto \u00a0Machuca Vargas, \u00a0en contra \u00a0del auto que neg\u00f3 la sustituci\u00f3n de las medidas de \u00a0aseguramiento a \u00e9l impuestas y se abstuvo de pronunciarse \u00a0sobre la suspensi\u00f3n condicional de la ejecuci\u00f3n de la \u00a0pena impuesta en la justicia ordinaria, proferido por un Magistrado \u00a0de la Sala de Justicia y Paz del Tribunal Superior de Bogot\u00e1, \u00a0con funci\u00f3n de control de garant\u00edas. \u00a0<\/p>\n<p>ANTECEDENTES \u00a0<\/p>\n<p>1. El 21 de abril \u00a0de 2020, ante la Sala de Justicia y Paz del Tribunal Superior de \u00a0Bogot\u00e1, el defensor del postulado Heriberto \u00a0Machuca Vargas solicit\u00f3 \u00a0la celebraci\u00f3n de una audiencia preliminar de sustituci\u00f3n \u00a0de medida de aseguramiento y suspensi\u00f3n condicional de la \u00a0ejecuci\u00f3n de la pena impuesta en la justicia ordinaria, con \u00a0fundamento en lo dispuesto en la Ley 975 de 2005, art\u00edculos \u00a018A y 18B. \u00a0<\/p>\n<p>2. El 27 \u00a0de mayo siguiente, una vez se cumpli\u00f3 con el tr\u00e1mite \u00a0pertinente, un \u00a0Magistrado con funci\u00f3n de Control de Garant\u00edas decidi\u00f3 \u00a0negar la petici\u00f3n de sustituci\u00f3n de las medidas de \u00a0aseguramiento impuestas al postulado el 30 de abril de 2015 y 22 de \u00a0mayo de 2018 y se abstuvo de pronunciarse respecto de la suspensi\u00f3n \u00a0condicional de la sentencia condenatoria proferida en la jurisdicci\u00f3n \u00a0ordinaria de fecha 31 de enero de 2012. \u00a0<\/p>\n<p>3. \u00a0De inmediato, \u00a0el defensor interpuso y sustent\u00f3 recurso de apelaci\u00f3n, \u00a0el cual fue concedido para ante el superior. \u00a0<\/p>\n<p>4. \u00a0El 1\u00b0 de \u00a0junio del presente a\u00f1o, se reparti\u00f3 la actuaci\u00f3n \u00a0en la Corte1 \u00a0y, el 30 de ese mes, el defensor, alleg\u00f3 memorial informando \u00a0que desiste del recurso interpuesto. \u00a0<\/p>\n<p>CONSIDERACIONES \u00a0<\/p>\n<p>1. \u00a0Seg\u00fan \u00a0lo establecido en el par\u00e1grafo 1\u00ba del art\u00edculo 26 \u00a0de la Ley 975 de 2005 modificado por el 27 de la Ley 1592 de 2012, en \u00a0concordancia con lo previsto en el art\u00edculo 32, numeral 3\u00ba \u00a0de la Ley 906 de 2004, la Sala de Casaci\u00f3n Penal de la Corte \u00a0Suprema de Justicia es competente para conocer de los recursos de \u00a0apelaci\u00f3n que se interpongan contra los autos que profieran \u00a0los Magistrados de las Salas de Justicia y Paz, en ejercicio de la \u00a0funci\u00f3n de control de garant\u00edas. \u00a0<\/p>\n<p>2. El art\u00edculo \u00a0179F del C\u00f3digo de Procedimiento Penal2, \u00a0que resulta aplicable por la remisi\u00f3n ordenada en el precitado \u00a0art\u00edculo 26 de la Ley 975, prev\u00e9 que \u00abpodr\u00e1 \u00a0desistirse de los recursos antes de que el funcionario judicial los \u00a0decida\u00bb. \u00a0<\/p>\n<p>3. Como se \u00a0desprende de los antecedentes procesales descritos, en el presente \u00a0caso se re\u00fanen los presupuestos que viabilizan la aceptaci\u00f3n \u00a0del desistimiento, porque (i) lo realiza el sujeto procesal que \u00a0interpuso el recurso y (ii) se presenta en momento en que la alzada \u00a0no se ha decidido. \u00a0<\/p>\n<p>4. Por \u00a0tal motivo, se aceptar\u00e1 el desistimiento presentado y, \u00a0en consecuencia, se dispondr\u00e1 la devoluci\u00f3n de la \u00a0actuaci\u00f3n al Tribunal de origen. \u00a0<\/p>\n<p>En m\u00e9rito \u00a0de lo expuesto, la \u00a0Corte Suprema de Justicia, Sala de Casaci\u00f3n Penal, \u00a0<\/p>\n<p>RESUELVE \u00a0<\/p>\n<p>Aceptar el \u00a0desistimiento del \u00a0recurso de apelaci\u00f3n interpuesto por la defensa contra la \u00a0decisi\u00f3n proferida el 27 de mayo de 2020, por medio de la \u00a0cual, un Magistrado con funci\u00f3n de Control de Garant\u00edas \u00a0del Tribunal Superior de Justicia y Paz de Bogot\u00e1, decidi\u00f3 \u00a0negar la petici\u00f3n de sustituci\u00f3n de las medidas de \u00a0aseguramiento impuestas al postulado Heriberto \u00a0Machuca Vargas \u00a0y se \u00a0abstuvo de pronunciarse sobre la suspensi\u00f3n condicional de la \u00a0ejecuci\u00f3n de la pena impuesta a \u00e9ste en la justicia \u00a0ordinaria. \u00a0<\/p>\n<p>Comun\u00edquese, \u00a0c\u00famplase y devu\u00e9lvase al Tribunal de origen. \u00a0<\/p>\n<p>PATRICIA \u00a0SALAZAR CU\u00c9LLAR\u00a0 \u00a0<\/p>\n<p>\u00a0 \u00a0<\/p>\n<p>\u00a0 \u00a0<\/p>\n<p>\u00a0 \u00a0<\/p>\n<p>JOS\u00c9 \u00a0FRANCISCO ACU\u00d1A VIZCAYA\u00a0 \u00a0<\/p>\n<p>\u00a0 \u00a0<\/p>\n<p>\u00a0 \u00a0<\/p>\n<p>\u00a0 \u00a0<\/p>\n<p>GERSON CHAVERRA \u00a0CASTRO\u00a0\u00a0 \u00a0<\/p>\n<p>\u00a0 \u00a0<\/p>\n<p>\u00a0 \u00a0<\/p>\n<p>EUGENIO \u00a0FERN\u00c1NDEZ CARLIER\u00a0 \u00a0<\/p>\n<p>\u00a0 \u00a0<\/p>\n<p>\u00a0 \u00a0<\/p>\n<p>\u00a0 \u00a0<\/p>\n<p>\u00a0 \u00a0<\/p>\n<p>LUIS ANTONIO \u00a0HERN\u00c1NDEZ BARBOSA\u00a0 \u00a0<\/p>\n<p>\u00a0 \u00a0<\/p>\n<p>\u00a0 \u00a0<\/p>\n<p>JAIME HUMBERTO \u00a0MORENO ACERO\u00a0 \u00a0<\/p>\n<p>\u00a0 \u00a0<\/p>\n<p>\u00a0 \u00a0<\/p>\n<p>\u00a0 \u00a0<\/p>\n<p>FABIO OSPITIA \u00a0GARZ\u00d3N\u00a0\u00a0 \u00a0<\/p>\n<p>\u00a0 \u00a0<\/p>\n<p>\u00a0 \u00a0<\/p>\n<p>\u00a0 \u00a0<\/p>\n<p>EYDER PATI\u00d1O \u00a0CABRERA\u00a0 \u00a0<\/p>\n<p>\u00a0 \u00a0<\/p>\n<p>\u00a0 \u00a0<\/p>\n<p>\u00a0 \u00a0<\/p>\n<p>HUGO QUINTERO \u00a0BERNATE\u00a0 \u00a0<\/p>\n<p>\u00a0 \u00a0<\/p>\n<p>Nubia Yolanda Nova \u00a0Garc\u00eda\u00a0 \u00a0<\/p>\n<p>Secretaria\u00a0 \u00a0<\/p>\n<p>1 \u00a0 \u00a0 \u00a0 \u00a0 \u00a0Remitida v\u00eda correo electr\u00f3nico. \u00a0<\/p>\n<p>2 \u00a0 \u00a0 \u00a0 \u00a0 \u00a0Adicionado por la Ley \u00a0 \u00a0 \u00a0 \u00a0 \u00a01395 de 2010 \u00a0 \u00a0 \u00a0<\/p>\n<p><\/p>\n","protected":false},"excerpt":{"rendered":"<p>\u00a0 \u00a0 \u00a0 \u00a0\u00a0 GERSON \u00a0CHAVERRA CASTRO \u00a0 Magistrada \u00a0Ponente \u00a0 AP1414-2020 \u00a0 Radicaci\u00f3n \u00a0N\u00b0 793 \/ 57421 \u00a0 Aprobado acta No. \u00a0142 \u00a0 Bogot\u00e1, \u00a0D.C., ocho (08) de julio de dos mil veinte (2020). \u00a0 ASUNTO \u00a0 Se pronuncia la \u00a0Corte sobre el desistimiento del recurso de apelaci\u00f3n que \u00a0interpuso el defensor de Heriberto [&hellip;]<\/p>\n","protected":false},"author":1,"featured_media":0,"comment_status":"open","ping_status":"open","sticky":false,"template":"","format":"standard","meta":{"footnotes":""},"categories":[29],"tags":[],"class_list":["post-50111","post","type-post","status-publish","format-standard","hentry","category-29"],"_links":{"self":[{"href":"https:\/\/dmsjuridica.com\/buscador_20179478954\/salapenalcronologico20230723\/wp-json\/wp\/v2\/posts\/50111","targetHints":{"allow":["GET"]}}],"collection":[{"href":"https:\/\/dmsjuridica.com\/buscador_20179478954\/salapenalcronologico20230723\/wp-json\/wp\/v2\/posts"}],"about":[{"href":"https:\/\/dmsjuridica.com\/buscador_20179478954\/salapenalcronologico20230723\/wp-json\/wp\/v2\/types\/post"}],"author":[{"embeddable":true,"href":"https:\/\/dmsjuridica.com\/buscador_20179478954\/salapenalcronologico20230723\/wp-json\/wp\/v2\/users\/1"}],"replies":[{"embeddable":true,"href":"https:\/\/dmsjuridica.com\/buscador_20179478954\/salapenalcronologico20230723\/wp-json\/wp\/v2\/comments?post=50111"}],"version-history":[{"count":0,"href":"https:\/\/dmsjuridica.com\/buscador_20179478954\/salapenalcronologico20230723\/wp-json\/wp\/v2\/posts\/50111\/revisions"}],"wp:attachment":[{"href":"https:\/\/dmsjuridica.com\/buscador_20179478954\/salapenalcronologico20230723\/wp-json\/wp\/v2\/media?parent=50111"}],"wp:term":[{"taxonomy":"category","embeddable":true,"href":"https:\/\/dmsjuridica.com\/buscador_20179478954\/salapenalcronologico20230723\/wp-json\/wp\/v2\/categories?post=50111"},{"taxonomy":"post_tag","embeddable":true,"href":"https:\/\/dmsjuridica.com\/buscador_20179478954\/salapenalcronologico20230723\/wp-json\/wp\/v2\/tags?post=50111"}],"curies":[{"name":"wp","href":"https:\/\/api.w.org\/{rel}","templated":true}]}}