{"id":50089,"date":"2023-09-15T20:49:54","date_gmt":"2023-09-15T20:49:54","guid":{"rendered":"https:\/\/dmsjuridica.com\/buscador_20179478954\/salapenalcronologico20230723\/2023\/09\/15\/ap1298-202056711\/"},"modified":"2023-09-15T20:49:54","modified_gmt":"2023-09-15T20:49:54","slug":"ap1298-202056711","status":"publish","type":"post","link":"https:\/\/dmsjuridica.com\/buscador_20179478954\/salapenalcronologico20230723\/2023\/09\/15\/ap1298-202056711\/","title":{"rendered":"AP1298-2020(56711)"},"content":{"rendered":"\n<p>\u00a0 \u00a0 \u00a0 \u00a0 \u00a0\u00a0<\/p>\n<p>HUGO \u00a0QUINTERO BERNATE \u00a0<\/p>\n<p>Magistrado \u00a0ponente \u00a0<\/p>\n<p>AP1298-2020 \u00a0<\/p>\n<p>Radicaci\u00f3n \u00a0No. 56711 \u00a0<\/p>\n<p>(Aprobado \u00a0Acta No. 135) \u00a0<\/p>\n<p>Bogot\u00e1, \u00a0D.C., primero (01) de julio de dos mil veinte (2020) \u00a0<\/p>\n<p>ASUNTO: \u00a0<\/p>\n<p>Procede \u00a0la Sala a resolver la petici\u00f3n probatoria formulada por la \u00a0defensa del ciudadano colombiano Manuel \u00a0Enrique Pedrozo Zambrano, reclamado \u00a0por el Gobierno de Estados Unidos de Am\u00e9rica. \u00a0<\/p>\n<p>ANTECEDENTES: \u00a0<\/p>\n<p>1. \u00a0Mediante Nota Verbal No. 14631 \u00a0del 12 de septiembre de 2019, la representaci\u00f3n diplom\u00e1tica \u00a0en ese pa\u00eds solicit\u00f3 la detenci\u00f3n provisional \u00a0con fines de extradici\u00f3n del ciudadano colombiano Manuel \u00a0Enrique Pedrozo Zambrano. \u00a0<\/p>\n<p>2. Con \u00a0oficio DIAJI No. 24052 \u00a0del d\u00eda siguiente, el Ministerio de Relaciones Exteriores \u00a0remiti\u00f3 dicha petici\u00f3n al Fiscal General de la Naci\u00f3n, \u00a0funcionario que con Resoluci\u00f3n del 17 de septiembre de 20193, \u00a0dispuso la captura con fines de extradici\u00f3n de Pedrozo \u00a0Zambrano, \u00a0quien fue aprehendido el 19 del mismo mes y a\u00f1o4en \u00a0la ciudad de Bogot\u00e1 por miembros de la Polic\u00eda \u00a0Nacional. \u00a0<\/p>\n<p>3. \u00a0A \u00a0trav\u00e9s de Nota Verbal No. 1893 del 15 de noviembre de 20195, \u00a0la Embajada del Estados Unidos de Am\u00e9rica formaliz\u00f3 la \u00a0solicitud de extradici\u00f3n de Manuel \u00a0Enrique Pedrozo Zambrano, \u00a0nota que con oficio DIAJI No. 3001 del d\u00eda 18 siguiente6, \u00a0se envi\u00f3 al Ministerio de Justicia y del Derecho. \u00a0<\/p>\n<p>4. El \u00a022 de noviembre de 20197, \u00a0el Ministerio de Justicia y del Derecho remiti\u00f3 a la Corte \u00a0Suprema de Justicia la documentaci\u00f3n ofrecida por el Estado \u00a0requirente, una vez encontr\u00f3 reunidos los requisitos formales \u00a0exigidos en la normatividad penal aplicable. \u00a0<\/p>\n<p>5. \u00a0Recibida la actuaci\u00f3n en la Corporaci\u00f3n, con auto del \u00a018 de febrero de 2020, se le reconoci\u00f3 personer\u00eda a la \u00a0defensora p\u00fablica asignada al solicitado \u00a0Pedrozo Zambrano \u00a0y se dispuso agotar el t\u00e9rmino para pedir pruebas. \u00a0<\/p>\n<p>5.1. \u00a0En uso del traslado, el representante del Ministerio P\u00fablico \u00a0manifest\u00f3 que no se hac\u00eda necesario solicitar pruebas. \u00a0<\/p>\n<p>5.2. \u00a0A su turno la defensa solicit\u00f3 oficiar a la Fiscal\u00eda \u00a0General de la Naci\u00f3n a fin de que informe si contra el \u00a0reclamado se adelanta alg\u00fan proceso penal por los mismos \u00a0hechos o cursan otras investigaciones en orden a establecer si en su \u00a0caso aplica lo preceptuado en el art\u00edculo 504 del C\u00f3digo \u00a0de Procedimiento Penal. \u00a0<\/p>\n<p>CONSIDERACIONES \u00a0<\/p>\n<p>I. Cuesti\u00f3n \u00a0previa: \u00a0<\/p>\n<p>1. La \u00a0Corte ha se\u00f1alado pac\u00edficamente que el concepto que \u00a0debe dictar al interior del tr\u00e1mite de extradici\u00f3n \u00a0entre los pa\u00edses de Colombia y Estados Unidos de Am\u00e9rica \u00a0se contrae a verificar los requisitos contenidos en la Constituci\u00f3n \u00a0Pol\u00edtica y lo previsto en los art\u00edculos 493, 502 y \u00a0concordantes del C\u00f3digo de Procedimiento Penal (Ley \u00a0906 de 2004). \u00a0<\/p>\n<p>Al respecto, cabe precisar, que el 14 \u00a0de septiembre de 1979 la Rep\u00fablica de Colombia y los Estados \u00a0Unidos de Am\u00e9rica suscribieron un tratado de extradici\u00f3n \u00a0que en la actualidad se encuentra vigente, como quiera que ninguno de \u00a0los firmantes lo ha dado por terminado o denunciado tampoco se ha \u00a0celebrado un nuevo tratado, ni se ha aplicado alguno de los \u00a0mecanismos previstos en la Convenci\u00f3n de Viena sobre el \u00a0Derecho de los Tratados para su finalizaci\u00f3n. \u00a0<\/p>\n<p>No obstante, las cl\u00e1usulas del \u00a0aludido instrumento internacional no son aplicables en el orden \u00a0interno, como quiera que las Leyes 27 de 1980 y 68 de 1986, que lo \u00a0incorporaron a la \u00a0normatividad nacional, fueron declaradas inexequibles por la Corte \u00a0Suprema de Justicia, circunstancia que impone aplicar, para este \u00a0caso, las exigencias contenidas en la Ley 906 de 2004, vigente para \u00a0la \u00e9poca de ocurrencia de los hechos. \u00a0<\/p>\n<p>En raz\u00f3n de lo anterior, las \u00a0pruebas que pueden solicitarse y practicarse ser\u00e1n las que \u00a0conduzcan y resulten necesarias para establecer los aspectos a que \u00a0hacen alusi\u00f3n las disposiciones en cita. A saber: (i) \u00a0la validez formal de la \u00a0documentaci\u00f3n presentada, (ii) \u00a0la demostraci\u00f3n \u00a0plena de la identidad del solicitado, (iii) \u00a0la incriminaci\u00f3n \u00a0de la conducta en los dos pa\u00edses, (iv) \u00a0la equivalencia de la \u00a0providencia proferida en el extranjero y (v) \u00a0la prohibici\u00f3n \u00a0de doble juzgamiento. (En \u00a0ese sentido, CSJ CP001-2015 y CSJ CP166-2014, entre otros). \u00a0<\/p>\n<p>As\u00ed las cosas, la Corte solo \u00a0est\u00e1 habilitada para decretar aquellas pruebas que sean \u00a0conducentes, pertinentes y \u00fatiles, \u00fanicamente en \u00a0relaci\u00f3n con las exigencias previstas en la Constituci\u00f3n \u00a0Pol\u00edtica, el C\u00f3digo de Procedimiento Penal y lo \u00a0previsto en los tratados internacionales, si es del caso. \u00a0<\/p>\n<p>De manera que aspectos ajenos, \u00a0exceden la naturaleza, alcances y limitaciones del concepto que debe \u00a0rendir esta Corporaci\u00f3n. Por ende, las pruebas que tengan como \u00a0prop\u00f3sito la verificaci\u00f3n de cuestiones extra\u00f1as \u00a0al mismo, resultan impertinentes. \u00a0<\/p>\n<p>II. Del caso \u00a0concreto \u00a0<\/p>\n<p>Puntualizados \u00a0los par\u00e1metros bajo los cuales corresponde adelantar la \u00a0actividad probatoria en la fase judicial del tr\u00e1mite de \u00a0extradici\u00f3n, es claro que la petici\u00f3n de defensa \u00a0orientada a establecer si el reclamado Manuel \u00a0Enrique Pedrozo Zambrano \u00a0se encuentra vinculado a alg\u00fan proceso penal, resulta \u00a0procedente. \u00a0<\/p>\n<p>Lo anterior, por \u00a0cuanto dentro del tr\u00e1mite de extradici\u00f3n, seg\u00fan \u00a0se ha decantado en la jurisprudencia8, \u00a0a la Corte le corresponde examinar para emitir el concepto, si no hay \u00a0afectaci\u00f3n de la garant\u00eda de cosa juzgada en relaci\u00f3n \u00a0con la persona solicitada, raz\u00f3n por la cual se debe verificar \u00a0que no se haya ejercido jurisdicci\u00f3n respecto del hecho que \u00a0sustenta el pedido de entrega, pues de as\u00ed establecerse se \u00a0configura una causal impeditiva de la extradici\u00f3n. \u00a0<\/p>\n<p>Con \u00a0ese prop\u00f3sito entonces, y conforme lo requiere la defensa, se \u00a0exhortar\u00e1 a la Fiscal\u00eda General de la Naci\u00f3n y a \u00a0la Polic\u00eda Nacional informen si el reclamado Manuel \u00a0Enrique Pedrozo Zambrano, identificado \u00a0con la c\u00e9dula de ciudadan\u00eda No. \u00a072.158.188, ha \u00a0sido investigado, juzgado o condenado, en caso afirmativo, se indique \u00a0la radicaci\u00f3n del proceso, los hechos que motivaron la \u00a0investigaci\u00f3n, qu\u00e9 delitos se le imputan y el estado \u00a0actual de la actuaci\u00f3n. De existir decisiones de fondo se \u00a0allegue copia con su respectiva constancia de ejecutoria. \u00a0<\/p>\n<p>En \u00a0m\u00e9rito de lo expuesto, la Corte Suprema de Justicia, Sala de \u00a0Casaci\u00f3n Penal, \u00a0<\/p>\n<p>RESUELVE: \u00a0<\/p>\n<p>1. ORDENAR la \u00a0pr\u00e1ctica de las pruebas relacionadas en el ac\u00e1pite de \u00a0consideraciones solicitada por la defensa. \u00a0<\/p>\n<p>Contra esta \u00a0decisi\u00f3n no procede ning\u00fan recurso \u00a0<\/p>\n<p>Notif\u00edquese \u00a0y c\u00famplase. \u00a0<\/p>\n<p>PATRICIA \u00a0SALAZAR CU\u00c9LLAR \u00a0<\/p>\n<p>JOS\u00c9 \u00a0FRANCISCO ACU\u00d1A VIZCAYA \u00a0<\/p>\n<p>GERSON CHAVERRA \u00a0CASTRO \u00a0<\/p>\n<p>EUGENIO \u00a0FERN\u00c1NDEZ CARLIER \u00a0<\/p>\n<p>LUIS ANTONIO \u00a0HERN\u00c1NDEZ BARBOSA \u00a0<\/p>\n<p>JAIME HUMBERTO \u00a0MORENO ACERO \u00a0<\/p>\n<p>FABIO OSPITIA \u00a0GARZ\u00d3N \u00a0<\/p>\n<p>EYDER PATI\u00d1O \u00a0CABRERA \u00a0<\/p>\n<p>HUGO \u00a0QUINTERO BERNATE \u00a0<\/p>\n<p>NUBIA \u00a0YOLANDA NOVA GARC\u00cdA \u00a0<\/p>\n<p>Secretaria \u00a0<\/p>\n<p>1 \u00a0 \u00a0 \u00a0 \u00a0 \u00a0Folio \u00a0 \u00a0 \u00a0 \u00a0 \u00a040, \u00a0 \u00a0 \u00a0 \u00a0 \u00a0carpeta anexos. \u00a0<\/p>\n<p>2 \u00a0 \u00a0 \u00a0 \u00a0 \u00a0Folio \u00a0 \u00a0 \u00a0 \u00a0 \u00a02, carpeta anexos. \u00a0<\/p>\n<p>3 \u00a0 \u00a0 \u00a0 \u00a0 \u00a0Folio \u00a0 \u00a0 \u00a0 \u00a0 \u00a09 \u00eddem. \u00a0<\/p>\n<p>4 \u00a0 \u00a0 \u00a0 \u00a0 \u00a0Folio \u00a0 \u00a0 \u00a0 \u00a0 \u00a012 \u00eddem. \u00a0<\/p>\n<p>5 \u00a0 \u00a0 \u00a0 \u00a0 \u00a0Folio \u00a0 \u00a0 \u00a0 \u00a0 \u00a050 \u00eddem. \u00a0<\/p>\n<p>6 \u00a0 \u00a0 \u00a0 \u00a0 \u00a0Folio \u00a0 \u00a0 \u00a0 \u00a0 \u00a044 \u00eddem. \u00a0<\/p>\n<p>7 \u00a0 \u00a0 \u00a0 \u00a0 \u00a0Folio \u00a0 \u00a0 \u00a0 \u00a0 \u00a01 cuaderno Corte. \u00a0<\/p>\n<p>8 \u00a0 \u00a0 \u00a0 \u00a0 \u00a0CSJ, CP, 19 \u00a0 \u00a0 \u00a0 \u00a0 \u00a0feb. 2009, rad. 30374; CSJ CP 6 may. 2009, rad. 30373; CSJ, CP, 16 \u00a0 \u00a0 \u00a0 \u00a0 \u00a0sep. 2009, rad. 31036, entre otros. \u00a0 \u00a0 \u00a0<\/p>\n<p><\/p>\n","protected":false},"excerpt":{"rendered":"<p>\u00a0 \u00a0 \u00a0 \u00a0 \u00a0\u00a0 HUGO \u00a0QUINTERO BERNATE \u00a0 Magistrado \u00a0ponente \u00a0 AP1298-2020 \u00a0 Radicaci\u00f3n \u00a0No. 56711 \u00a0 (Aprobado \u00a0Acta No. 135) \u00a0 Bogot\u00e1, \u00a0D.C., primero (01) de julio de dos mil veinte (2020) \u00a0 ASUNTO: \u00a0 Procede \u00a0la Sala a resolver la petici\u00f3n probatoria formulada por la \u00a0defensa del ciudadano colombiano Manuel \u00a0Enrique Pedrozo [&hellip;]<\/p>\n","protected":false},"author":1,"featured_media":0,"comment_status":"open","ping_status":"open","sticky":false,"template":"","format":"standard","meta":{"footnotes":""},"categories":[29],"tags":[],"class_list":["post-50089","post","type-post","status-publish","format-standard","hentry","category-29"],"_links":{"self":[{"href":"https:\/\/dmsjuridica.com\/buscador_20179478954\/salapenalcronologico20230723\/wp-json\/wp\/v2\/posts\/50089","targetHints":{"allow":["GET"]}}],"collection":[{"href":"https:\/\/dmsjuridica.com\/buscador_20179478954\/salapenalcronologico20230723\/wp-json\/wp\/v2\/posts"}],"about":[{"href":"https:\/\/dmsjuridica.com\/buscador_20179478954\/salapenalcronologico20230723\/wp-json\/wp\/v2\/types\/post"}],"author":[{"embeddable":true,"href":"https:\/\/dmsjuridica.com\/buscador_20179478954\/salapenalcronologico20230723\/wp-json\/wp\/v2\/users\/1"}],"replies":[{"embeddable":true,"href":"https:\/\/dmsjuridica.com\/buscador_20179478954\/salapenalcronologico20230723\/wp-json\/wp\/v2\/comments?post=50089"}],"version-history":[{"count":0,"href":"https:\/\/dmsjuridica.com\/buscador_20179478954\/salapenalcronologico20230723\/wp-json\/wp\/v2\/posts\/50089\/revisions"}],"wp:attachment":[{"href":"https:\/\/dmsjuridica.com\/buscador_20179478954\/salapenalcronologico20230723\/wp-json\/wp\/v2\/media?parent=50089"}],"wp:term":[{"taxonomy":"category","embeddable":true,"href":"https:\/\/dmsjuridica.com\/buscador_20179478954\/salapenalcronologico20230723\/wp-json\/wp\/v2\/categories?post=50089"},{"taxonomy":"post_tag","embeddable":true,"href":"https:\/\/dmsjuridica.com\/buscador_20179478954\/salapenalcronologico20230723\/wp-json\/wp\/v2\/tags?post=50089"}],"curies":[{"name":"wp","href":"https:\/\/api.w.org\/{rel}","templated":true}]}}