{"id":50080,"date":"2023-09-15T20:48:53","date_gmt":"2023-09-15T20:48:53","guid":{"rendered":"https:\/\/dmsjuridica.com\/buscador_20179478954\/salapenalcronologico20230723\/2023\/09\/15\/ap125-202055185\/"},"modified":"2023-09-15T20:48:53","modified_gmt":"2023-09-15T20:48:53","slug":"ap125-202055185","status":"publish","type":"post","link":"https:\/\/dmsjuridica.com\/buscador_20179478954\/salapenalcronologico20230723\/2023\/09\/15\/ap125-202055185\/","title":{"rendered":"AP125-2020(55185)"},"content":{"rendered":"\n<p>\u00a0 \u00a0 \u00a0 \u00a0\u00a0<\/p>\n<p>PATRICIA \u00a0SALAZAR CU\u00c9LLAR \u00a0<\/p>\n<p>Magistrada \u00a0Ponente \u00a0<\/p>\n<p>AP125-2020 \u00a0<\/p>\n<p>Radicaci\u00f3n \u00a0N.\u00b0 55185 \u00a0<\/p>\n<p>Acta \u00a09 \u00a0<\/p>\n<p>Bogot\u00e1 \u00a0D. C., veintid\u00f3s (22) de enero de dos mil veinte (2020). \u00a0<\/p>\n<p>Mediante \u00a0providencia del cuatro (4) de diciembre de dos mil diecinueve (2019), \u00a0aprobada \u00a0en Acta No. 322 de la misma fecha, \u00a0con radicado CP183-2019; \u00a0esta Sala conceptu\u00f3 favorablemente la extradici\u00f3n del \u00a0ciudadano colombiano JOAQU\u00cdN ANDR\u00c9S DUR\u00c1N \u00a0PE\u00d1ALOZA, la cual fue formulada por el Gobierno de la \u00a0Rep\u00fablica Federativa del Brasil, consignando, por error \u00a0involuntario, en el tercer p\u00e1rrafo de la p\u00e1gina 21 de \u00a0dicha decisi\u00f3n, que el nombre del requerido era CARLOS ANDR\u00c9S \u00a0DUQUE ESPINOSA. \u00a0<\/p>\n<p>Por \u00a0lo anterior esta Sala procede a aclarar -de \u00a0acuerdo a \u00a0lo dispuesto en el art\u00edculo 285 del C\u00f3digo General del \u00a0Proceso1- \u00a0que, pese a ese yerro, el requerido, como consta en el resto de la \u00a0decisi\u00f3n, es JOAQU\u00cdN ANDR\u00c9S DUR\u00c1N \u00a0PE\u00d1ALOZA. \u00a0<\/p>\n<p>Contra esta \u00a0decisi\u00f3n no procede recurso alguno. \u00a0<\/p>\n<p>C\u00daMPLASE, \u00a0<\/p>\n<p>EYDER PATI\u00d1O \u00a0CABRERA \u00a0<\/p>\n<p>JOS\u00c9 \u00a0FRANCISCO ACU\u00d1A VIZCAYA \u00a0<\/p>\n<p>EUGENIO \u00a0FERN\u00c1NDEZ CARLIER \u00a0<\/p>\n<p>LUIS ANTONIO \u00a0HERN\u00c1NDEZ BARBOSA \u00a0<\/p>\n<p>JAIME HUMBERTO \u00a0MORENO ACERO \u00a0<\/p>\n<p>PATRICIA \u00a0SALAZAR CU\u00c9LLAR \u00a0<\/p>\n<p>NUBIA \u00a0YOLANDA NOVA GARC\u00cdA \u00a0<\/p>\n<p>Secretaria \u00a0<\/p>\n<p>1 \u00a0 \u00a0 \u00a0 \u00a0 \u00a0En el mismo sentido, el art\u00edculo 309 del C\u00f3digo de \u00a0 \u00a0 \u00a0 \u00a0 \u00a0Procedimiento Civil, establece: \u00ab \u00a0 \u00a0 \u00a0 \u00a0 \u00a0ART\u00cdCULO 309. \u00a0 \u00a0 \u00a0 \u00a0 \u00a0ACLARACION. &lt;Art\u00edculo derogado por el literal c) del \u00a0 \u00a0 \u00a0 \u00a0 \u00a0art\u00edculo 626 de la Ley 1564 de 2012. Rige a partir del 1o. de \u00a0 \u00a0 \u00a0 \u00a0 \u00a0enero de 2014, en los t\u00e9rminos del numeral 6) del art\u00edculo \u00a0 \u00a0 \u00a0 \u00a0 \u00a0627&gt; &lt;Art\u00edculo \u00a0modificado por el art\u00edculo 1, \u00a0 \u00a0 \u00a0 \u00a0 \u00a0numeral 139 del Decreto 2282 de 1989. El nuevo texto es el \u00a0 \u00a0 \u00a0 \u00a0 \u00a0siguiente:&gt; \u00a0 \u00a0 \u00a0 \u00a0 \u00a0<\/p>\n<p>La \u00a0 \u00a0 \u00a0 \u00a0 \u00a0sentencia no es revocable ni reformable por el juez que la \u00a0 \u00a0 \u00a0 \u00a0 \u00a0pronunci\u00f3. Con todo, dentro del t\u00e9rmino de la \u00a0 \u00a0 \u00a0 \u00a0 \u00a0ejecutoria, de oficio o a solicitud de parte, podr\u00e1n \u00a0 \u00a0 \u00a0 \u00a0 \u00a0aclararse en auto complementario los conceptos o frases que ofrezcan \u00a0 \u00a0 \u00a0 \u00a0 \u00a0verdadero motivo de duda, siempre que est\u00e9n contenidas en la \u00a0 \u00a0 \u00a0 \u00a0 \u00a0parte resolutiva de la sentencia o que influyan en ella.\u00bb \u00a0<\/p>\n<p>\u00a0 \u00a0 \u00a0\u00a0<\/p>\n<p><\/p>\n","protected":false},"excerpt":{"rendered":"<p>\u00a0 \u00a0 \u00a0 \u00a0\u00a0 PATRICIA \u00a0SALAZAR CU\u00c9LLAR \u00a0 Magistrada \u00a0Ponente \u00a0 AP125-2020 \u00a0 Radicaci\u00f3n \u00a0N.\u00b0 55185 \u00a0 Acta \u00a09 \u00a0 Bogot\u00e1 \u00a0D. C., veintid\u00f3s (22) de enero de dos mil veinte (2020). \u00a0 Mediante \u00a0providencia del cuatro (4) de diciembre de dos mil diecinueve (2019), \u00a0aprobada \u00a0en Acta No. 322 de la misma fecha, \u00a0con [&hellip;]<\/p>\n","protected":false},"author":1,"featured_media":0,"comment_status":"open","ping_status":"open","sticky":false,"template":"","format":"standard","meta":{"footnotes":""},"categories":[29],"tags":[],"class_list":["post-50080","post","type-post","status-publish","format-standard","hentry","category-29"],"_links":{"self":[{"href":"https:\/\/dmsjuridica.com\/buscador_20179478954\/salapenalcronologico20230723\/wp-json\/wp\/v2\/posts\/50080","targetHints":{"allow":["GET"]}}],"collection":[{"href":"https:\/\/dmsjuridica.com\/buscador_20179478954\/salapenalcronologico20230723\/wp-json\/wp\/v2\/posts"}],"about":[{"href":"https:\/\/dmsjuridica.com\/buscador_20179478954\/salapenalcronologico20230723\/wp-json\/wp\/v2\/types\/post"}],"author":[{"embeddable":true,"href":"https:\/\/dmsjuridica.com\/buscador_20179478954\/salapenalcronologico20230723\/wp-json\/wp\/v2\/users\/1"}],"replies":[{"embeddable":true,"href":"https:\/\/dmsjuridica.com\/buscador_20179478954\/salapenalcronologico20230723\/wp-json\/wp\/v2\/comments?post=50080"}],"version-history":[{"count":0,"href":"https:\/\/dmsjuridica.com\/buscador_20179478954\/salapenalcronologico20230723\/wp-json\/wp\/v2\/posts\/50080\/revisions"}],"wp:attachment":[{"href":"https:\/\/dmsjuridica.com\/buscador_20179478954\/salapenalcronologico20230723\/wp-json\/wp\/v2\/media?parent=50080"}],"wp:term":[{"taxonomy":"category","embeddable":true,"href":"https:\/\/dmsjuridica.com\/buscador_20179478954\/salapenalcronologico20230723\/wp-json\/wp\/v2\/categories?post=50080"},{"taxonomy":"post_tag","embeddable":true,"href":"https:\/\/dmsjuridica.com\/buscador_20179478954\/salapenalcronologico20230723\/wp-json\/wp\/v2\/tags?post=50080"}],"curies":[{"name":"wp","href":"https:\/\/api.w.org\/{rel}","templated":true}]}}