{"id":5006,"date":"2023-09-08T15:15:07","date_gmt":"2023-09-08T15:15:07","guid":{"rendered":"https:\/\/dmsjuridica.com\/buscador_20179478954\/salapenalcronologico20230723\/2023\/09\/08\/1848523-08-01\/"},"modified":"2023-09-08T15:15:07","modified_gmt":"2023-09-08T15:15:07","slug":"1848523-08-01","status":"publish","type":"post","link":"https:\/\/dmsjuridica.com\/buscador_20179478954\/salapenalcronologico20230723\/2023\/09\/08\/1848523-08-01\/","title":{"rendered":"18485(23-08-01)"},"content":{"rendered":"\n<p>\u00a0 \u00a0 Proceso N\u00b0 18485 \u00a0<\/p>\n<p>CORTE SUPREMA DE JUSTICIA \u00a0<\/p>\n<p>SALA DE CASACI\u00d3N PENAL \u00a0<\/p>\n<p>MAGISTRADO PONENTE \u00a0<\/p>\n<p>\u00c1LVARO ORLANDO P\u00c9REZ PINZ\u00d3N \u00a0<\/p>\n<p>Aprobado: Acta No. 124 \u00a0<\/p>\n<p>\u00a0 \u00a0\u00a0 \u00a0\u00a0 \u00a0\u00a0Bogot\u00e1, \u00a0D. \u00a0C.,\u00a0 \u00a0veintitr\u00e9s \u00a0(23) \u00a0de agosto de dos mil uno \u00a0(2001). \u00a0\u00a0<\/p>\n<p>VISTOS \u00a0<\/p>\n<p>\u00a0 \u00a0\u00a0 \u00a0\u00a0 \u00a0\u00a0El \u00a012 \u00a0de \u00a0febrero de 1999, el Juzgado Quinto Penal del Circuito de \u00a0Ibagu\u00e9 \u00a0conden\u00f3 \u00a0al \u00a0se\u00f1or \u00a0PEDRO \u00a0PABLO \u00a0CHAVARRO \u00a0V\u00c1SQUEZ \u00a0por \u00a0el \u00a0delito \u00a0de \u00a0homicidio \u00a0culposo, \u00a0en \u00a0concurso. \u00a0Le \u00a0impuso \u00a030 \u00a0meses \u00a0de prisi\u00f3n, multa de $ 3000 y suspensi\u00f3n del \u00a0ejercicio \u00a0de \u00a0la conducci\u00f3n durante el mismo lapso de la prisi\u00f3n. As\u00ed mismo, \u00a0lo \u00a0sancion\u00f3 \u00a0con \u00a0la \u00a0interdicci\u00f3n \u00a0del \u00a0ejercicio \u00a0de \u00a0derechos \u00a0y funciones \u00a0p\u00fablicas \u00a0por \u00a030 \u00a0meses, \u00a0y \u00a0dispuso \u00a0que \u00a0tanto el procesado, como el tercero \u00a0civilmente \u00a0 \u00a0 \u00a0 responsable \u00a0 \u00a0 \u00a0\u2013\u201cTransportes \u00a0R\u00e1pido \u00a0Tolima-\u00a0 \u00a0y\u00a0 \u00a0la Firma llamada en \u00a0garant\u00eda \u00a0 \u00a0 \u00a0 \u00a0 \u00a0 \u00a0 \u00a0 \u00a0\u2013\u201cColseguros\u201d- \u00a0pagaran \u00a0solidariamente \u00a0los \u00a0da\u00f1os y perjuicios \u00a0morales y materiales causados con la infracci\u00f3n. \u00a0\u00a0<\/p>\n<p>\u00a0 \u00a0\u00a0 \u00a0\u00a0 \u00a0\u00a0Apelado \u00a0el \u00a0fallo por la defensa, el tercero civilmente responsable \u00a0y \u00a0la \u00a0parte \u00a0civil, \u00a0el \u00a08 \u00a0de febrero de 2001 el Tribunal Superior de la misma \u00a0ciudad \u00a0lo \u00a0ratific\u00f3, \u00a0adicion\u00e1ndolo \u00a0en \u00a0el \u00a0sentido \u00a0de condenarlos tambi\u00e9n \u00a0respecto de los perjuicios propinados a otra de las v\u00edctimas. \u00a0\u00a0<\/p>\n<p>\u00a0 \u00a0\u00a0 \u00a0\u00a0 \u00a0\u00a0El \u00a015 \u00a0de \u00a0febrero \u00a0del \u00a02001, \u00a0el apoderado del tercero civilmente \u00a0responsable interpuso la casaci\u00f3n. \u00a0\u00a0<\/p>\n<p>\u00a0 \u00a0\u00a0 \u00a0\u00a0 \u00a0\u00a0En \u00a0la \u00a0fecha \u00a0de ejecutoria de la sentencia de 2\u00aa. instancia\u00a0 \u00a0-22 \u00a0de febrero del mismo a\u00f1o-, por secretar\u00eda qued\u00f3 el asunto a disposici\u00f3n \u00a0del \u00a0impugnante \u00a0para \u00a0que \u00a0presentara \u00a0la \u00a0demanda, que lo fue el 3 de abril de \u00a02001. \u00a0\u00a0<\/p>\n<p>HECHOS Y ACTUACI\u00d3N PROCESAL \u00a0<\/p>\n<p>\u00a0 \u00a0\u00a0 \u00a0\u00a0 \u00a0\u00a0Aproximadamente \u00a0a \u00a0las 5:45 de la ma\u00f1ana del 27 de mayo de 1995, a \u00a0la \u00a0altura \u00a0del \u00a0kil\u00f3metro \u00a035+800 \u00a0metros \u00a0de la v\u00eda que de Ibagu\u00e9 conduce a \u00a0Venadillo \u00a0(Tolima), \u00a0en \u00a0el sitio \u201cPuente La China\u201d, el microb\u00fas de placas \u00a0WDA-598, \u00a0 afiliado \u00a0 a \u00a0 R\u00c1PIDO \u00a0 TOLIMA, \u00a0S.A., \u00a0conducido \u00a0por \u00a0PEDRO \u00a0PABLO \u00a0CHAVARRO \u00a0V\u00c1SQUEZ, \u00a0que no \u00a0llevaba \u00a0pasajeros, \u00a0colision\u00f3 con el campero Daihatsu de placas JR-0390, quien \u00a0con \u00a0JOS\u00c9 \u00a0DEL \u00a0CARMEN \u00a0GONZ\u00c1LEZ \u00a0PAB\u00d3N \u00a0como \u00a0conductor, \u00a0viajaba en sentido \u00a0contrario; \u00a0a \u00a0consecuencia \u00a0del golpe este automotor prendi\u00f3 en llamas y tanto \u00a0el \u00a0conductor, \u00a0como los pasajeros JEREM\u00cdAS RODR\u00cdGUEZ PACHECO, REINALDO MONTES \u00a0ACOSTA, \u00a0JOS\u00c9 \u00a0OSUNA \u00a0CORREAL, \u00a0FRAYDER \u00a0MONTES \u00a0ACOSTA, \u00a0RAFAEL ANTONIO CORREA \u00a0MAR\u00cdN, \u00a0 MAR\u00cdA \u00a0 AYDEE \u00a0 MEJ\u00cdA \u00a0GIRALDO \u00a0y \u00a0MAR\u00cdA \u00a0GLADYS \u00a0BAHAM\u00d3N \u00a0LEYTON, \u00a0fallecieron incinerados. \u00a0\u00a0<\/p>\n<p>\u00a0 \u00a0\u00a0 \u00a0\u00a0 \u00a0\u00a0El \u00a027 \u00a0de mayo de 1995 se abri\u00f3 investigaci\u00f3n, en cuyo desarrollo \u00a0el \u00a021 \u00a0de junio de 1995 se reconoci\u00f3 a la SOCIEDAD TRANSPORTES R\u00c1PIDO TOLIMA, \u00a0S.A., \u00a0como tercero civilmente responsable, empresa que llam\u00f3 en garant\u00eda a LA \u00a0NACIONAL COMPA\u00d1\u00cdA DE SEGUROS GENERALES DE COLOMBIA, S.A. \u00a0\u00a0<\/p>\n<p>\u00a0 \u00a0\u00a0 \u00a0\u00a0 \u00a0\u00a0El \u00a022 \u00a0de \u00a0noviembre de 1995 se clausur\u00f3 la instrucci\u00f3n y el 5 de \u00a0enero \u00a0de \u00a01996 se profiri\u00f3 resoluci\u00f3n de acusaci\u00f3n en contra de PEDRO \u00a0PABLO \u00a0CHAVARRO V\u00c1SQUEZ como autor \u00a0del \u00a0delito de homicidio culposo decisi\u00f3n que, recurrida, fue confirmada por la \u00a0Unidad \u00a0de \u00a0Fiscal\u00eda \u00a0Delegada \u00a0ante el Tribunal de Ibagu\u00e9, el 26 de agosto de \u00a0ese a\u00f1o. \u00a0\u00a0<\/p>\n<p>\u00a0 \u00a0\u00a0 \u00a0\u00a0 \u00a0\u00a0Seguida \u00a0la \u00a0fase \u00a0del \u00a0juicio, \u00a0fueron producidas las sentencias ya \u00a0rese\u00f1adas \u00a0y, \u00a0como \u00a0se \u00a0dijo, \u00a0el \u00a0tercero civilmente responsable acudi\u00f3 a la \u00a0casaci\u00f3n. \u00a0\u00a0<\/p>\n<p>CONSIDERACIONES DE LA CORTE \u00a0<\/p>\n<p>Por \u00a0ausencia \u00a0de \u00a0uno \u00a0de \u00a0los presupuestos \u00a0fundamentales \u00a0para \u00a0acceder \u00a0a \u00a0la casaci\u00f3n, ser\u00e1 inadmitida. Las razones son \u00a0las siguientes: \u00a0\u00a0<\/p>\n<p>1. \u00a0La \u00a0sentencia \u00a0de \u00a0segunda instancia fue \u00a0proferida \u00a0el \u00a08 \u00a0de febrero de 2001 y la casaci\u00f3n interpuesta el 15 de febrero \u00a0del \u00a0mismo \u00a0a\u00f1o, \u00a0es \u00a0decir, \u00a0en \u00a0vigencia \u00a0de \u00a0la \u00a0Ley \u00a0553 del 13 de enero de \u00a02000. \u00a0\u00a0<\/p>\n<p>2. \u00a0De acuerdo con el art\u00edculo 18 de la ley \u00a0mencionada, \u00a0su r\u00e9gimen se aplicaba a los procesos en \u00a0que \u00a0 se \u00a0 interpusiera \u00a0 la \u00a0casaci\u00f3n \u00a0a \u00a0partir \u00a0de \u00a0su \u00a0vigencia. \u00a0\u00a0<\/p>\n<p>3. \u00a0El \u00a0art\u00edculo 1\u00ba. de la Ley 553 de 2000 \u00a0prev\u00e9 \u00a0como \u00a0requisito \u00a0de \u00a0procedibilidad de la casaci\u00f3n, entre otros, que se \u00a0trate \u00a0 de \u00a0 delito \u00a0que \u00a0tenga \u00a0prevista \u00a0pena \u00a0m\u00e1xima \u00a0superior \u00a0a \u00a0ocho \u00a0(8) \u00a0a\u00f1os. \u00a0\u00a0<\/p>\n<p>4. En el C\u00f3digo Penal vigente para la \u00e9poca \u00a0de \u00a0la \u00a0interposici\u00f3n \u00a0del \u00a0mecanismo \u00a0extraordinario, \u00a0el homicidio culposo se \u00a0hallaba \u00a0sancionado \u00a0con \u00a0un m\u00e1ximo de seis (6) a\u00f1os de prisi\u00f3n, lo mismo que \u00a0hoy. \u00a0\u00a0<\/p>\n<p>Siguiendo \u00a0el \u00a0criterio \u00a0de \u00a0la \u00a0Sala \u00a0(por \u00a0ejemplo, \u00a0en \u00a0casaci\u00f3n \u00a0del \u00a023 \u00a0de julio del a\u00f1o en curso -M.P. Edgar Lombana \u00a0Trujillo, \u00a0 radicaci\u00f3n \u00a0 No. \u00a0 18. \u00a0 463-), \u00a0se \u00a0concluye \u00a0que \u00a0fusionadas \u00a0las \u00a0consideraciones \u00a0anteriores, \u00a0la casaci\u00f3n ordinaria interpuesta es improcedente \u00a0por \u00a0tratarse \u00a0de \u00a0un \u00a0delito conminado con pena de prisi\u00f3n inferior a ocho (8) \u00a0a\u00f1os. \u00a0\u00a0<\/p>\n<p>\u00a0 \u00a0\u00a0 \u00a0\u00a0 \u00a0\u00a0En \u00a0m\u00e9rito \u00a0de \u00a0lo \u00a0expuesto, la Corte Suprema de Justicia, Sala de \u00a0Casaci\u00f3n Penal, \u00a0\u00a0<\/p>\n<p>RESUELVE \u00a0\u00a0<\/p>\n<p>Inadmitir \u00a0la \u00a0casaci\u00f3n \u00a0interpuesta por la \u00a0apoderada del tercero civilmente responsable. \u00a0\u00a0<\/p>\n<p>Comun\u00edquese y c\u00famplase. \u00a0<\/p>\n<p>CARLOS EDUARDO MEJ\u00cdA ESCOBAR \u00a0<\/p>\n<p>FERNANDO \u00a0E. \u00a0ARBOLEDA \u00a0RIPOLL \u00a0\u00a0 \u00a0\u00a0 \u00a0\u00a0 \u00a0\u00a0JORGE E. \u00a0C\u00d3RDOBA \u00a0 \u00a0POVEDA \u00a0 \u00a0 \u00a0 \u00a0\u00a0 \u00a0 \u00a0\u00a0 \u00a0 \u00a0 \u00a0\u00a0 \u00a0\u00a0<\/p>\n<p>HERMAN \u00a0 \u00a0 \u00a0 \u00a0 \u00a0 GAL\u00c1N \u00a0CASTELLANOS\u00a0\u00a0\u00a0\u00a0\u00a0 \u00a0CARLOS \u00a0A. G\u00c1LVEZ ARGOTE \u00a0\u00a0 \u00a0\u00a0 \u00a0\u00a0 \u00a0\u00a0 \u00a0\u00a0 \u00a0\u00a0 \u00a0 \u00a0\u00a0 \u00a0 \u00a0 \u00a0 \u00a0 \u00a0 \u00a0 \u00a0 \u00a0 \u00a0\u00a0 \u00a0 \u00a0 \u00a0 \u00a0 \u00a0\u00a0<\/p>\n<p>JORGE \u00a0 \u00a0 \u00a0 AN\u00cdBAL \u00a0 \u00a0 \u00a0 G\u00d3MEZ \u00a0GALLEGO\u00a0\u00a0\u00a0 \u00a0 EDGAR \u00a0 LOMBANA \u00a0TRUJILLO \u00a0\u00a0 \u00a0 \u00a0 \u00a0 \u00a0\u00a0<\/p>\n<p>\u00c1LVARO \u00a0 \u00a0 \u00a0 \u00a0O. \u00a0 \u00a0 \u00a0 \u00a0P\u00c9REZ \u00a0PINZ\u00d3N\u00a0\u00a0\u00a0\u00a0\u00a0\u00a0\u00a0\u00a0\u00a0\u00a0\u00a0\u00a0 \u00a0NILSON \u00a0 E. \u00a0PINILLA \u00a0PINILLA \u00a0\u00a0 \u00a0\u00a0 \u00a0\u00a0 \u00a0\u00a0 \u00a0 \u00a0 \u00a0 \u00a0 \u00a0\u00a0<\/p>\n<p>TERESA RUIZ NU\u00d1EZ \u00a0<\/p>\n<p>Secretaria \u00a0 \u00a0<\/p>\n<p><\/p>\n","protected":false},"excerpt":{"rendered":"<p>\u00a0 \u00a0 Proceso N\u00b0 18485 \u00a0 CORTE SUPREMA DE JUSTICIA \u00a0 SALA DE CASACI\u00d3N PENAL \u00a0 MAGISTRADO PONENTE \u00a0 \u00c1LVARO ORLANDO P\u00c9REZ PINZ\u00d3N \u00a0 Aprobado: Acta No. 124 \u00a0 \u00a0 \u00a0\u00a0 \u00a0\u00a0 \u00a0\u00a0Bogot\u00e1, \u00a0D. \u00a0C.,\u00a0 \u00a0veintitr\u00e9s \u00a0(23) \u00a0de agosto de dos mil uno \u00a0(2001). \u00a0\u00a0 VISTOS \u00a0 \u00a0 \u00a0\u00a0 \u00a0\u00a0 \u00a0\u00a0El \u00a012 \u00a0de \u00a0febrero de [&hellip;]<\/p>\n","protected":false},"author":1,"featured_media":0,"comment_status":"open","ping_status":"open","sticky":false,"template":"","format":"standard","meta":{"footnotes":""},"categories":[9],"tags":[],"class_list":["post-5006","post","type-post","status-publish","format-standard","hentry","category-9"],"_links":{"self":[{"href":"https:\/\/dmsjuridica.com\/buscador_20179478954\/salapenalcronologico20230723\/wp-json\/wp\/v2\/posts\/5006","targetHints":{"allow":["GET"]}}],"collection":[{"href":"https:\/\/dmsjuridica.com\/buscador_20179478954\/salapenalcronologico20230723\/wp-json\/wp\/v2\/posts"}],"about":[{"href":"https:\/\/dmsjuridica.com\/buscador_20179478954\/salapenalcronologico20230723\/wp-json\/wp\/v2\/types\/post"}],"author":[{"embeddable":true,"href":"https:\/\/dmsjuridica.com\/buscador_20179478954\/salapenalcronologico20230723\/wp-json\/wp\/v2\/users\/1"}],"replies":[{"embeddable":true,"href":"https:\/\/dmsjuridica.com\/buscador_20179478954\/salapenalcronologico20230723\/wp-json\/wp\/v2\/comments?post=5006"}],"version-history":[{"count":0,"href":"https:\/\/dmsjuridica.com\/buscador_20179478954\/salapenalcronologico20230723\/wp-json\/wp\/v2\/posts\/5006\/revisions"}],"wp:attachment":[{"href":"https:\/\/dmsjuridica.com\/buscador_20179478954\/salapenalcronologico20230723\/wp-json\/wp\/v2\/media?parent=5006"}],"wp:term":[{"taxonomy":"category","embeddable":true,"href":"https:\/\/dmsjuridica.com\/buscador_20179478954\/salapenalcronologico20230723\/wp-json\/wp\/v2\/categories?post=5006"},{"taxonomy":"post_tag","embeddable":true,"href":"https:\/\/dmsjuridica.com\/buscador_20179478954\/salapenalcronologico20230723\/wp-json\/wp\/v2\/tags?post=5006"}],"curies":[{"name":"wp","href":"https:\/\/api.w.org\/{rel}","templated":true}]}}