{"id":50036,"date":"2023-09-15T20:48:51","date_gmt":"2023-09-15T20:48:51","guid":{"rendered":"https:\/\/dmsjuridica.com\/buscador_20179478954\/salapenalcronologico20230723\/2023\/09\/15\/ap1101-202053394\/"},"modified":"2023-09-15T20:48:51","modified_gmt":"2023-09-15T20:48:51","slug":"ap1101-202053394","status":"publish","type":"post","link":"https:\/\/dmsjuridica.com\/buscador_20179478954\/salapenalcronologico20230723\/2023\/09\/15\/ap1101-202053394\/","title":{"rendered":"AP1101-2020(53394)"},"content":{"rendered":"\n<p>\u00a0 \u00a0 \u00a0 \u00a0\u00a0<\/p>\n<p>EUGENIO \u00a0FERN\u00c1NDEZ CARLIER \u00a0<\/p>\n<p>Magistrado \u00a0ponente \u00a0<\/p>\n<p>AP1101-2020 \u00a0<\/p>\n<p>Radicaci\u00f3n \u00a0N\u00ba 53394 \u00a0<\/p>\n<p>Aprobado acta N\u00ba \u00a0120 \u00a0<\/p>\n<p>Bogot\u00e1, D. \u00a0C., diez (10) de junio de dos mil veinte (2020). \u00a0<\/p>\n<p>Se \u00a0pronuncia la Sala de oficio, acerca de la extinci\u00f3n de la \u00a0acci\u00f3n penal por muerte del procesado LUIS ALFONSO PARRA, \u00a0dentro del tr\u00e1mite del recurso de casaci\u00f3n interpuesto \u00a0por su defensor y por el apoderado del otro incriminado MANUEL \u00a0GIOVANNY PARADA ROJAS. \u00a0<\/p>\n<p>ANTECEDENTES \u00a0Y CONSIDERACIONES \u00a0<\/p>\n<p>El \u00a0comerciante Carlos David Poneff Alcal\u00e1 luego de que fuera \u00a0contactado en Maicao-Guajira por dos sujetos que lo convencieron para \u00a0que se desplazara a Venezuela para adquirir electrodom\u00e9sticos \u00a0a menor, precio, el 14 de mayo de 2013 viaj\u00f3 desde Bogot\u00e1 \u00a0a C\u00facuta (Norte \u00a0de Santander), donde fue recibido por MANUEL GIOVANNY PARADA ROJAS, \u00a0quien lo ayud\u00f3 a desplazarse al vecino pa\u00eds. \u00a0<\/p>\n<p>El \u00a021 de mayo siguiente, Carlos David Poneff Alcal\u00e1 ya en la \u00a0ciudad de Caracas-Venezuela se digiri\u00f3 en compa\u00f1\u00eda \u00a0de dos personas a adquirir la mercanc\u00eda, pero al ingresar a un \u00a0inmueble del barrio Las Brisas, dos sujetos armados que se \u00a0encontraban all\u00ed lo amarraron y lo retuvieron. \u00a0<\/p>\n<p>Ese \u00a0mismo d\u00eda su esposa, Linda Nataly Lemus Fajardo, fue \u00a0contactada telef\u00f3nicamente para exigirle una fuerte suma de \u00a0dinero por la liberaci\u00f3n de aqu\u00e9l. Una vez que ella \u00a0logr\u00f3 negociar con los captores, el 25 del mismo mes y a\u00f1o \u00a0se desplaz\u00f3 hasta un restaurante ubicado en San Antonio del \u00a0T\u00e1chira-Venezuela y entreg\u00f3 la suma de $5.000.000,oo a \u00a0MANUEL GIOVANNY PARADA ROJAS y LUIS ALFONSO PARRA. Ese mismo d\u00eda \u00a0fue liberado Poneff Alcal\u00e1. \u00a0<\/p>\n<p>El \u00a029 de noviembre de 2013 ante el Juzgado Segundo Penal Municipal con \u00a0Funciones de Control de Garant\u00edas Ambulante de San Jos\u00e9 \u00a0de C\u00facuta, se legaliz\u00f3 la captura de LUIS ALFONSO PARRA \u00a0y MANUEL GIOVANNY PARADA ROJAS, al tiempo que se les formul\u00f3 \u00a0imputaci\u00f3n como probables coautores del delito de secuestro \u00a0extorsivo agravado, seg\u00fan los art\u00edculos 169, 170, \u00a0numeral 6\u00ba del C\u00f3digo Penal. Los imputados no aceptaron \u00a0los cargos y fueron afectados con medida de aseguramiento privativa \u00a0de la libertad en establecimiento carcelario, ante el pedimento que \u00a0en ese sentido elev\u00f3 el fiscal. \u00a0<\/p>\n<p>Presentado \u00a0el escrito de acusaci\u00f3n por los mismos il\u00edcitos, el \u00a0asunto correspondi\u00f3 al Juzgado Noveno Penal del Circuito \u00a0Especializado de Bogot\u00e1, ante el cual el 3 de octubre de 2014 \u00a0se cumpli\u00f3 la respectiva formulaci\u00f3n. \u00a0<\/p>\n<p>Surtidas \u00a0en ese despacho judicial las audiencias preparatoria y de juicio \u00a0oral, mediante sentencia de 20 de diciembre de 2016, fue condenado \u00a0PARADA ROJAS como coautor del delito objeto de acusaci\u00f3n y \u00a0LUIS ALFONSO PARRA como c\u00f3mplice del mismo il\u00edcito, \u00a0imponi\u00e9ndole al primero cuarenta (40) a\u00f1os y seis (6) \u00a0meses de prisi\u00f3n con multa de 17.499 salarios m\u00ednimos \u00a0legales mensuales vigentes, en tanto que al segundo, veinticuatro \u00a0(24) a\u00f1os y cinco (5) meses de prisi\u00f3n, con la pena \u00a0pecuniaria de 12.916 s.m.l.m.v. A los dos enjuiciados se les fij\u00f3 \u00a0la inhabilitaci\u00f3n para el ejercicio de derechos y funciones \u00a0p\u00fablicas por el lapso de veinte (20) a\u00f1os, sin \u00a0concederles la suspensi\u00f3n condicional de la ejecuci\u00f3n \u00a0de la pena, ni la prisi\u00f3n domiciliaria. \u00a0<\/p>\n<p>Tal \u00a0sentencia fue confirmada por el Tribunal Superior de Bogot\u00e1 el \u00a06 de junio de 2018 y contra la misma el defensor de ambos enjuiciados \u00a0interpuso recurso extraordinario, allegando la respectiva demanda de \u00a0casaci\u00f3n. \u00a0<\/p>\n<p>Encontr\u00e1ndose \u00a0las diligencias al despacho para evaluar el libelo, el \u00a0Juzgado Noveno Penal del Circuito Especializado de Bogot\u00e1, por \u00a0oficio No. 0656 de 10 de marzo del presente a\u00f1o, comunic\u00f3 \u00a0el fallecimiento de LUIS ALFONSO PARRA, \u00a0anexando el informe de defunci\u00f3n No. 421-EPAMSGIR-GRUJU de 6 \u00a0de marzo del mismo a\u00f1o dirigido al director del \u00a0Establecimiento Penitenciario de Alta y Mediana Seguridad de Gir\u00f3n \u00a0(Santander), donde se encontraba aqu\u00e9l privado de la libertad. \u00a0<\/p>\n<p>La \u00a0Sala mediante auto de 13 de marzo siguiente \u00a0solicit\u00f3 a la \u00a0Registradur\u00eda Nacional del Estado Civil \u00a0remitir copia del \u00a0registro civil de defunci\u00f3n de \u00a0LUIS ALFONSO PARRA, entidad que el pasado \u00a06 de mayo inform\u00f3 que si bien en el Sistema de Informaci\u00f3n \u00a0de Registro Civil -SIRC- no se hall\u00f3 anotaci\u00f3n del \u00a0registro civil, en el Archivo Nacional de Identificaci\u00f3n \u00a0(ANI), la c\u00e9dula de ciudadan\u00eda No. 13.249.861, \u00a0correspondiente a \u00e9l aparece cancelada por muerte desde el 7 \u00a0de abril de 2020, teniendo como informante de la defunci\u00f3n al \u00a0Instituto Nacional de Medicina Legal y Ciencias Forenses. \u00a0<\/p>\n<p>De \u00a0conformidad con los art\u00edculos 82 del C\u00f3digo Penal y 77 \u00a0de la Ley 906 de 2004, la muerte del procesado es una causal para \u00a0extinguir la acci\u00f3n penal, circunstancia que debe estar \u00a0debidamente probada. \u00a0<\/p>\n<p>As\u00ed \u00a0mismo, los art\u00edculos 331 y 332 numeral 1\u00ba del mismo \u00a0ordenamiento adjetivo se\u00f1alan que, cuando aparezca demostrado \u00a0que la actuaci\u00f3n procesal no puede proseguirse, el funcionario \u00a0competente declarar\u00e1 la preclusi\u00f3n. \u00a0<\/p>\n<p>En \u00a0este caso, como aparece acreditada la defunci\u00f3n de LUIS \u00a0ALFONSO PARRA, identificado con la c\u00e9dula de ciudadan\u00eda \u00a0N\u00b0 13.249.861, \u00a0la Sala extinguir\u00e1 la acci\u00f3n penal seguida contra \u00e9l \u00a0y, en consecuencia, declarar\u00e1 la preclusi\u00f3n de la \u00a0actuaci\u00f3n que se le sigui\u00f3. \u00a0<\/p>\n<p>El juzgado de \u00a0primera instancia realizar\u00e1 las anotaciones y cancelaciones \u00a0que se deriven del caso. \u00a0<\/p>\n<p>Cumplido lo \u00a0anterior regresar\u00e1n las diligencias al despacho para el \u00a0estudio de la demanda de casaci\u00f3n presentada a favor de MANUEL \u00a0GIOVANNY PARADA ROJAS. \u00a0<\/p>\n<p>En \u00a0m\u00e9rito de lo expuesto, la Sala Penal de la Corte Suprema de \u00a0Justicia, \u00a0<\/p>\n<p>RESUELVE \u00a0<\/p>\n<p>1.- Declarar \u00a0extinguida la acci\u00f3n penal por muerte del procesado LUIS \u00a0ALFONSO PARRA, en consecuencia, precluir la investigaci\u00f3n \u00a0adelantada en su contra por el delito de secuestro extorsivo \u00a0agravado. \u00a0<\/p>\n<p>2.- Disponer que \u00a0el juzgado de primera instancia realice las anotaciones y \u00a0cancelaciones que sean del caso. \u00a0<\/p>\n<p>3. Cumplido lo \u00a0anterior regresen las diligencias al despacho para el estudio de la \u00a0demanda de casaci\u00f3n presentada a favor de MANUEL \u00a0GIOVANNY PARADA ROJAS. \u00a0<\/p>\n<p>Contra \u00a0esta determinaci\u00f3n procede recurso de reposici\u00f3n. \u00a0<\/p>\n<p>Notif\u00edquese \u00a0y c\u00famplase \u00a0<\/p>\n<p>PATRICIA \u00a0SALAZAR CU\u00c9LLAR \u00a0<\/p>\n<p>JOS\u00c9 \u00a0FRANCISCO ACU\u00d1A VIZCAYA \u00a0<\/p>\n<p>GERSON \u00a0CHAVERRA CASTRO \u00a0<\/p>\n<p>EUGENIO \u00a0FERN\u00c1NDEZ CARLIER \u00a0<\/p>\n<p>LUIS \u00a0ANTONIO HERN\u00c1NDEZ BARBOSA \u00a0<\/p>\n<p>JAIME \u00a0HUMBERTO MORENO ACERO \u00a0<\/p>\n<p>FABIO \u00a0OSPITIA GARZ\u00d3N \u00a0<\/p>\n<p>EYDER \u00a0PATI\u00d1O CABRERA \u00a0<\/p>\n<p>HUGO \u00a0QUINTERO BERNATE \u00a0<\/p>\n<p>NUBIA \u00a0YOLANDA NOVA GARC\u00cdA \u00a0<\/p>\n<p>Secretaria \u00a0<\/p>\n<p>\u00a0 \u00a0 \u00a0\u00a0<\/p>\n<p><\/p>\n","protected":false},"excerpt":{"rendered":"<p>\u00a0 \u00a0 \u00a0 \u00a0\u00a0 EUGENIO \u00a0FERN\u00c1NDEZ CARLIER \u00a0 Magistrado \u00a0ponente \u00a0 AP1101-2020 \u00a0 Radicaci\u00f3n \u00a0N\u00ba 53394 \u00a0 Aprobado acta N\u00ba \u00a0120 \u00a0 Bogot\u00e1, D. \u00a0C., diez (10) de junio de dos mil veinte (2020). \u00a0 Se \u00a0pronuncia la Sala de oficio, acerca de la extinci\u00f3n de la \u00a0acci\u00f3n penal por muerte del procesado LUIS ALFONSO [&hellip;]<\/p>\n","protected":false},"author":1,"featured_media":0,"comment_status":"open","ping_status":"open","sticky":false,"template":"","format":"standard","meta":{"footnotes":""},"categories":[29],"tags":[],"class_list":["post-50036","post","type-post","status-publish","format-standard","hentry","category-29"],"_links":{"self":[{"href":"https:\/\/dmsjuridica.com\/buscador_20179478954\/salapenalcronologico20230723\/wp-json\/wp\/v2\/posts\/50036","targetHints":{"allow":["GET"]}}],"collection":[{"href":"https:\/\/dmsjuridica.com\/buscador_20179478954\/salapenalcronologico20230723\/wp-json\/wp\/v2\/posts"}],"about":[{"href":"https:\/\/dmsjuridica.com\/buscador_20179478954\/salapenalcronologico20230723\/wp-json\/wp\/v2\/types\/post"}],"author":[{"embeddable":true,"href":"https:\/\/dmsjuridica.com\/buscador_20179478954\/salapenalcronologico20230723\/wp-json\/wp\/v2\/users\/1"}],"replies":[{"embeddable":true,"href":"https:\/\/dmsjuridica.com\/buscador_20179478954\/salapenalcronologico20230723\/wp-json\/wp\/v2\/comments?post=50036"}],"version-history":[{"count":0,"href":"https:\/\/dmsjuridica.com\/buscador_20179478954\/salapenalcronologico20230723\/wp-json\/wp\/v2\/posts\/50036\/revisions"}],"wp:attachment":[{"href":"https:\/\/dmsjuridica.com\/buscador_20179478954\/salapenalcronologico20230723\/wp-json\/wp\/v2\/media?parent=50036"}],"wp:term":[{"taxonomy":"category","embeddable":true,"href":"https:\/\/dmsjuridica.com\/buscador_20179478954\/salapenalcronologico20230723\/wp-json\/wp\/v2\/categories?post=50036"},{"taxonomy":"post_tag","embeddable":true,"href":"https:\/\/dmsjuridica.com\/buscador_20179478954\/salapenalcronologico20230723\/wp-json\/wp\/v2\/tags?post=50036"}],"curies":[{"name":"wp","href":"https:\/\/api.w.org\/{rel}","templated":true}]}}