{"id":49898,"date":"2023-09-15T20:48:44","date_gmt":"2023-09-15T20:48:44","guid":{"rendered":"https:\/\/dmsjuridica.com\/buscador_20179478954\/salapenalcronologico20230723\/2023\/09\/15\/5690722-04-20\/"},"modified":"2023-09-15T20:48:44","modified_gmt":"2023-09-15T20:48:44","slug":"5690722-04-20","status":"publish","type":"post","link":"https:\/\/dmsjuridica.com\/buscador_20179478954\/salapenalcronologico20230723\/2023\/09\/15\/5690722-04-20\/","title":{"rendered":"56907(22-04-20)"},"content":{"rendered":"\n<p>\u00a0 \u00a0 \u00a0 \u00a0\u00a0<\/p>\n<p>PATRICIA \u00a0SALAZAR CU\u00c9LLAR \u00a0<\/p>\n<p>Magistrada \u00a0Ponente \u00a0<\/p>\n<p>Radicaci\u00f3n \u00a0N.\u00b0 56907 \u00a0<\/p>\n<p>Acta \u00a081 \u00a0<\/p>\n<p>Bogot\u00e1 \u00a0D. C., veintid\u00f3s (22) de abril de dos mil veinte (2020). \u00a0<\/p>\n<p>VISTOS \u00a0<\/p>\n<p>Se \u00a0pronuncia la Sala sobre las solicitudes probatorias elevadas por la \u00a0defensa, dentro del tr\u00e1mite de extradici\u00f3n que se \u00a0adelanta contra EMILIO JOS\u00c9 P\u00c9REZ GARC\u00cdA, \u00a0requerido por el Gobierno de los Estados Unidos de Am\u00e9rica. \u00a0<\/p>\n<p>ANTECEDENTES \u00a0<\/p>\n<p>1. \u00a0Con \u00a0Nota Verbal No. 1894 del 25 de octubre de 20181, \u00a0el Gobierno de los Estados Unidos solicit\u00f3 al Ministerio de \u00a0Relaciones Exteriores de Colombia la detenci\u00f3n preventiva con \u00a0fines de extradici\u00f3n de EMILIO JOS\u00c9 P\u00c9REZ \u00a0GARC\u00cdA, ciudadano colombiano requerido para comparecer a \u00a0juicio por \u00abun \u00a0delito de \u00a0tr\u00e1fico \u00a0de narc\u00f3ticos\u00bb, \u00a0seg\u00fan la acusaci\u00f3n No. 18-CR-002002, \u00a0dictada el 18 de abril de 2018 en la Corte del Distrito Este de Nueva \u00a0York. \u00a0<\/p>\n<p>2. \u00a0En resoluci\u00f3n del 30 de octubre de 2018, el Fiscal General de \u00a0la Naci\u00f3n decret\u00f3 la captura del requerido con fines de \u00a0extradici\u00f3n. \u00a0Su detenci\u00f3n se materializ\u00f3 el 9 \u00a0de noviembre de 2019 en v\u00eda p\u00fablica de la ciudad de \u00a0Cartagena. \u00a0<\/p>\n<p>3. \u00a0A \u00a0trav\u00e9s de Nota Verbal No. 0009 del 7 de enero de 20203, \u00a0la representaci\u00f3n diplom\u00e1tica formaliz\u00f3 el \u00a0requerimiento de extradici\u00f3n de P\u00c9REZ \u00a0GARC\u00cdA y \u00a0para tal efecto aport\u00f3 la documentaci\u00f3n pertinente. \u00a0<\/p>\n<p>4. \u00a0En \u00a0el concepto de que trata el art\u00edculo 496 de la Ley 906 de \u00a02004, \u00a0el \u00a0Ministerio de Relaciones Exteriores indic\u00f3 que es del caso \u00a0\u00ab\u2026 proceder con sujeci\u00f3n a\u2026 la \u201cConvenci\u00f3n \u00a0de Naciones Unidas contra el tr\u00e1fico il\u00edcito de \u00a0estupefacientes y sustancias psicotr\u00f3picas\u201d (\u2026) \u00a0y \u00a0la \u201cConvenci\u00f3n de las Naciones Unidas contra la \u00a0Delincuencia Organizada Transnacional\u00bb. \u00a0 \u00a0Agreg\u00f3, que en los aspectos no regulados por los instrumentos \u00a0internacionales referidos, el tr\u00e1mite debe regirse por lo \u00a0previsto en los art\u00edculos 491 y 496 del C\u00f3digo de \u00a0Procedimiento Penal4. \u00a0<\/p>\n<p>5. \u00a0El mencionado Ministerio remiti\u00f3 el expediente al de Justicia \u00a0y del Derecho que, tras constatar la debida formalizaci\u00f3n de \u00a0la solicitud, lo envi\u00f3 a la Corte Suprema de Justicia para que \u00a0adelantara el tr\u00e1mite a su cargo. \u00a0<\/p>\n<p>Tras \u00a0arribar a esta Corporaci\u00f3n, mediante auto \u00a0del 2 de enero de este a\u00f1o se requiri\u00f3 al reclamado con \u00a0el fin de que designara apoderado. \u00a0El 30 del mismo mes se reconoci\u00f3 \u00a0personer\u00eda al defensor de confianza que nombr\u00f3 y se \u00a0orden\u00f3 correr \u00a0el \u00a0traslado previsto en el art\u00edculo 500 de la Ley 906 de 2004 \u00a0para presentar pruebas. \u00a0<\/p>\n<p>6. \u00a0Dentro del plazo para elevar postulaciones probatorias, la \u00a0Procuradur\u00eda Segunda Delegada para la Casaci\u00f3n Penal \u00a0inform\u00f3 que no consideraba necesario formular alguna. \u00a0<\/p>\n<p>En \u00a0ese mismo intervalo, la defensa pidi\u00f3 que se reciban los \u00a0testimonios de la esposa y la hermana del reclamado. \u00a0Con ellos \u00a0pretende mostrar la coacci\u00f3n que sobre su prohijado \u00a0ejercieron, al momento de su captura, tanto agentes de la DEA, como \u00a0de la Polic\u00eda Nacional. \u00a0<\/p>\n<p>Reclama \u00a0adem\u00e1s que se solicite el correspondiente reporte de los \u00a0movimientos migratorios de EMILIO JOS\u00c9 P\u00c9REZ GARC\u00cdA, \u00a0para demostrar que nunca ha viajado a los pa\u00edses a los cuales, \u00a0supuestamente, enviaba la sustancia estupefaciente. \u00a0Esa prueba, \u00a0dice, muestra que el procedimiento de extradici\u00f3n no tiene \u00a0sustento alguno y se trata de un \u201cmontaje\u201d. \u00a0<\/p>\n<p>CONSIDERACIONES \u00a0<\/p>\n<p>1. \u00a0La Corte ha se\u00f1alado pac\u00edficamente que el concepto que \u00a0debe dictar al interior del tr\u00e1mite de extradici\u00f3n \u00a0entre los pa\u00edses de Colombia y los Estados Unidos, se contrae \u00a0a verificar \u00a0los \u00a0requisitos contenidos en la Constituci\u00f3n Pol\u00edtica y lo \u00a0previsto en los art\u00edculos 493, 502 y concordantes del C\u00f3digo \u00a0de Procedimiento Penal \u00a0(Ley \u00a0906 de 2004)5. \u00a0<\/p>\n<p>En \u00a0raz\u00f3n de lo anterior, las pruebas que pueden solicitarse y \u00a0practicarse ser\u00e1n las que conduzcan y resulten necesarias para \u00a0establecer los aspectos a que hacen alusi\u00f3n las disposiciones \u00a0en cita. \u00a0A saber: (i) \u00a0la validez formal de la documentaci\u00f3n presentada, (ii) \u00a0la demostraci\u00f3n plena de la identidad del solicitado, (iii) \u00a0la incriminaci\u00f3n de la conducta en los dos pa\u00edses, (iv) \u00a0la equivalencia de la providencia proferida en el extranjero y (v) \u00a0la \u00a0prohibici\u00f3n de doble juzgamiento. (En \u00a0ese sentido, CSJ CP001-2015 y CSJ CP166-2014, entre muchos otros). \u00a0<\/p>\n<p>As\u00ed \u00a0las cosas, la Corte solo est\u00e1 habilitada para decretar \u00a0aquellas pruebas que sean conducentes, pertinentes y \u00fatiles, \u00a0\u00fanicamente en relaci\u00f3n con las exigencias previstas en \u00a0la Constituci\u00f3n Pol\u00edtica, el C\u00f3digo de \u00a0Procedimiento Penal y lo previsto en los tratados internacionales, si \u00a0es del caso. \u00a0<\/p>\n<p>En \u00a0cambio, los aspectos ajenos a tales par\u00e1metros, exceden la \u00a0naturaleza, alcances y limitaciones del concepto que debe rendir esta \u00a0Corporaci\u00f3n. \u00a0Por tal raz\u00f3n, las pruebas que tengan \u00a0como prop\u00f3sito la verificaci\u00f3n de cuestiones extra\u00f1as \u00a0al mismo, resultan impertinentes. \u00a0<\/p>\n<p>2. \u00a0Sobre las pretensiones probatorias. \u00a0<\/p>\n<p>Con \u00a0los \u00a0testimonios y el reporte de movimientos migratorios cuya pr\u00e1ctica \u00a0reclama el apoderado de P\u00c9REZ GARC\u00cdA, lo que busca \u00a0demostrar, en esta sede, es la inocencia de su prohijado. \u00a0<\/p>\n<p>Sin \u00a0embargo, ese aspecto escapa a los fines del concepto, pues como \u00a0expuso \u00a0la Sala en CSJ CP056 \u2013 2018: \u00a0<\/p>\n<p>\u2026 este \u00a0tr\u00e1mite, \u00a0caracterizado por ser de exclusiva cooperaci\u00f3n internacional, \u00a0est\u00e1 \u00a0circunscrito a la verificaci\u00f3n objetiva del cumplimiento de \u00a0los presupuestos convencionales o legales que regulan el pedido de \u00a0entrega \u00a0del requerido, lo \u00a0cual excluye cualquier discusi\u00f3n ajena a estas exigencias6, \u00a0como \u00a0quiera que la \u00a0extradici\u00f3n no \u00a0corresponde a la noci\u00f3n de un proceso penal7. \u00a0<\/p>\n<p>De ah\u00ed que en \u00a0el tr\u00e1mite de extradici\u00f3n no tienen cabida debates \u00a0en \u00a0torno a la competencia del \u00f3rgano judicial o la validez del \u00a0tr\u00e1mite, la validez o m\u00e9rito a la prueba recaudada por \u00a0las autoridades extranjeras sobre la ocurrencia del hecho, el lugar \u00a0de su realizaci\u00f3n, la forma de participaci\u00f3n o el grado \u00a0de responsabilidad del reclamado, \u00a0la calificaci\u00f3n jur\u00eddica, la normatividad que proh\u00edbe \u00a0y sanciona el hecho delictivo, toda vez que tales aspectos \u00a0corresponden a la \u00f3rbita exclusiva de las autoridades \u00a0judiciales de gobierno que eleva la solicitud y, su contradicci\u00f3n \u00a0debe hacerse al interior del respectivo proceso acorde con la \u00a0legislaci\u00f3n del Estado requirente (\u00e9nfasis \u00a0fuera del original). \u00a0<\/p>\n<p>Por \u00a0ende, las postulaciones de la defensa se negar\u00e1n por ser \u00a0improcedentes, en tanto ninguna de ellas est\u00e1 encaminada a \u00a0verificar o complementar alg\u00fan elemento relacionado con los \u00a0temas que la Sala debe analizar para proferir la decisi\u00f3n a su \u00a0cargo. \u00a0Bien se dijo, que lo que pretende el apoderado, en \u00faltimas, \u00a0es controvertir en esta fase la responsabilidad del requerido, pero \u00a0dicho debate debe zanjarse ante las autoridades judiciales de los \u00a0Estados Unidos y es ajeno al tr\u00e1mite de extradici\u00f3n. \u00a0<\/p>\n<p>3. \u00a0De oficio y en aras de descartar una eventual vulneraci\u00f3n del \u00a0principio constitucional del non \u00a0bis in \u00eddem se \u00a0dispondr\u00e1 \u00a0requerir a la Fiscal\u00eda General de la Naci\u00f3n y a la \u00a0Polic\u00eda Nacional para que, \u00a0en \u00a0el perentorio t\u00e9rmino de diez (10) d\u00edas al que se \u00a0refiere el inciso 2\u00ba del art. 500 de la Ley 906 de 20048, \u00a0consulten en sus bases de datos si obra alguna investigaci\u00f3n \u00a0en contra del reclamado EMILIO JOS\u00c9 P\u00c9REZ GARC\u00cdA \u00a0y, en caso afirmativo, informen el n\u00famero de radicaci\u00f3n, \u00a0los hechos objeto de investigaci\u00f3n y el estado actual del \u00a0tr\u00e1mite. \u00a0Deber\u00e1n adem\u00e1s, de ser el caso, \u00a0allegar copia de las decisiones emitidas. \u00a0<\/p>\n<p>En \u00a0m\u00e9rito de lo expuesto, la CORTE \u00a0SUPREMA DE JUSTICIA, SALA DE CASACI\u00d3N PENAL, \u00a0<\/p>\n<p>RESUELVE \u00a0<\/p>\n<p>1. \u00a0DECRETAR \u00a0la prueba que de oficio orden\u00f3 la Sala en el \u00edtem 3 \u00a0de la parte motiva de este fallo. \u00a0<\/p>\n<p>2. \u00a0NEGAR POR IMPROCEDENTES \u00a0las postulaciones probatorias formuladas por la defensa del requerido \u00a0descritas en el numeral 2 \u00a0de la parte considerativa de esta providencia. \u00a0<\/p>\n<p>3. \u00a0Contra \u00a0lo resuelto en el numeral antecedente procede el recurso de \u00a0reposici\u00f3n. \u00a0<\/p>\n<p>C\u00f3piese, \u00a0notif\u00edquese y c\u00famplase \u00a0<\/p>\n<p>PATRICIA \u00a0SALAZAR CU\u00c9LLAR \u00a0<\/p>\n<p>JOS\u00c9 \u00a0FRANCISCO ACU\u00d1A VIZCAYA \u00a0<\/p>\n<p>GERSON \u00a0CHAVERRA CASTRO \u00a0<\/p>\n<p>EUGENIO \u00a0FERN\u00c1NDEZ CARLIER \u00a0<\/p>\n<p>LUIS \u00a0ANTONIO HERN\u00c1NDEZ BARBOSA \u00a0<\/p>\n<p>JAIME \u00a0HUMBERTO MORENO ACERO \u00a0<\/p>\n<p>FABIO \u00a0OSPITIA GARZ\u00d3N \u00a0<\/p>\n<p>EYDER \u00a0PATI\u00d1O CABRERA \u00a0<\/p>\n<p>HUGO \u00a0QUINTERO BERNATE \u00a0<\/p>\n<p>NUBIA YOLANDA \u00a0NOVA GARC\u00cdA \u00a0<\/p>\n<p>Secretaria \u00a0<\/p>\n<p>1 \u00a0 \u00a0 \u00a0 \u00a0 \u00a0Folios 16 a 21 de la carpeta. \u00a0<\/p>\n<p>2 \u00a0 \u00a0 \u00a0 \u00a0 \u00a0Tambi\u00e9n enunciada como Caso No. CR-18-200 y Caso \u00a0 \u00a0 \u00a0 \u00a0 \u00a01:18-cr-00200-ERK. \u00a0<\/p>\n<p>3 \u00a0 \u00a0 \u00a0 \u00a0 \u00a0Fl. \u00a0 \u00a0 \u00a0 \u00a0 \u00a024 a 31 de la carpeta. \u00a0<\/p>\n<p>4 \u00a0 \u00a0 \u00a0 \u00a0 \u00a0Mediante \u00a0 \u00a0 \u00a0 \u00a0 \u00a0oficio DIAJI No. 0053 del 8 de enero de 2020, obrante a folio 22 de \u00a0 \u00a0 \u00a0 \u00a0 \u00a0la carpeta. \u00a0<\/p>\n<p>5 \u00a0 \u00a0 \u00a0 \u00a0 \u00a0Cabe precisar sobre ese punto, que el \u00a0 \u00a0 \u00a0 \u00a0 \u00a014 de septiembre de 1979 la Rep\u00fablica de Colombia y los \u00a0 \u00a0 \u00a0 \u00a0 \u00a0Estados Unidos de Am\u00e9rica suscribieron un tratado de \u00a0 \u00a0 \u00a0 \u00a0 \u00a0extradici\u00f3n, que en la actualidad se encuentra vigente como \u00a0 \u00a0 \u00a0 \u00a0 \u00a0quiera que ninguno de los firmantes lo ha dado por terminado o \u00a0 \u00a0 \u00a0 \u00a0 \u00a0denunciado; tampoco se ha celebrado un nuevo tratado, ni se ha \u00a0 \u00a0 \u00a0 \u00a0 \u00a0aplicado alguno de los mecanismos previstos en la Convenci\u00f3n \u00a0 \u00a0 \u00a0 \u00a0 \u00a0de Viena sobre el Derecho de los Tratados para su finalizaci\u00f3n. \u00a0 \u00a0 \u00a0 \u00a0 \u00a0<\/p>\n<p>No \u00a0 \u00a0 \u00a0 \u00a0 \u00a0obstante, las cl\u00e1usulas del aludido instrumento internacional \u00a0 \u00a0 \u00a0 \u00a0 \u00a0no son aplicables en el orden interno, como quiera que las Leyes 27 \u00a0 \u00a0 \u00a0 \u00a0 \u00a0de 1980 y 68 de 1986 que lo incorporaron a la normatividad nacional, \u00a0 \u00a0 \u00a0 \u00a0 \u00a0fueron declaradas inexequibles por la Corte Suprema de Justicia, \u00a0 \u00a0 \u00a0 \u00a0 \u00a0circunstancia que impone aplicar, para este caso, las exigencias \u00a0 \u00a0 \u00a0 \u00a0 \u00a0contenidas en la Ley 906 de 2004, vigente para la \u00e9poca de \u00a0 \u00a0 \u00a0 \u00a0 \u00a0ocurrencia de los hechos. \u00a0<\/p>\n<p>6 \u00a0 \u00a0 \u00a0 \u00a0 \u00a0CSJ \u00a0 \u00a0 \u00a0 \u00a0 \u00a0AP, 1 Ago. 2007, Rad. 27450. \u00a0<\/p>\n<p>7 \u00a0 \u00a0 \u00a0 \u00a0 \u00a0CSJ \u00a0 \u00a0 \u00a0 \u00a0 \u00a0AP, 15 \u00a0 \u00a0 \u00a0 \u00a0 \u00a0jul. 2005. Rad. \u00a0 \u00a0 \u00a0 \u00a0 \u00a023181. \u00a0<\/p>\n<p>8 \u00a0 \u00a0 \u00a0 \u00a0 \u00a0Vencido el t\u00e9rmino de \u00a0 \u00a0 \u00a0 \u00a0 \u00a0traslado, se abrir\u00e1 \u00a0 \u00a0 \u00a0 \u00a0 \u00a0a pruebas la actuaci\u00f3n por el t\u00e9rmino de diez (10) \u00a0 \u00a0 \u00a0 \u00a0 \u00a0d\u00edas, m\u00e1s el de distancia, \u00a0 \u00a0 \u00a0 \u00a0 \u00a0dentro del cual se practicar\u00e1n las solicitadas y las que a \u00a0 \u00a0 \u00a0 \u00a0 \u00a0juicio de la Corte Suprema de Justicia sean indispensables para \u00a0 \u00a0 \u00a0 \u00a0 \u00a0emitir concepto. \u00a0 \u00a0 \u00a0<\/p>\n<p><\/p>\n","protected":false},"excerpt":{"rendered":"<p>\u00a0 \u00a0 \u00a0 \u00a0\u00a0 PATRICIA \u00a0SALAZAR CU\u00c9LLAR \u00a0 Magistrada \u00a0Ponente \u00a0 Radicaci\u00f3n \u00a0N.\u00b0 56907 \u00a0 Acta \u00a081 \u00a0 Bogot\u00e1 \u00a0D. C., veintid\u00f3s (22) de abril de dos mil veinte (2020). \u00a0 VISTOS \u00a0 Se \u00a0pronuncia la Sala sobre las solicitudes probatorias elevadas por la \u00a0defensa, dentro del tr\u00e1mite de extradici\u00f3n que se \u00a0adelanta contra EMILIO [&hellip;]<\/p>\n","protected":false},"author":1,"featured_media":0,"comment_status":"open","ping_status":"open","sticky":false,"template":"","format":"standard","meta":{"footnotes":""},"categories":[29],"tags":[],"class_list":["post-49898","post","type-post","status-publish","format-standard","hentry","category-29"],"_links":{"self":[{"href":"https:\/\/dmsjuridica.com\/buscador_20179478954\/salapenalcronologico20230723\/wp-json\/wp\/v2\/posts\/49898","targetHints":{"allow":["GET"]}}],"collection":[{"href":"https:\/\/dmsjuridica.com\/buscador_20179478954\/salapenalcronologico20230723\/wp-json\/wp\/v2\/posts"}],"about":[{"href":"https:\/\/dmsjuridica.com\/buscador_20179478954\/salapenalcronologico20230723\/wp-json\/wp\/v2\/types\/post"}],"author":[{"embeddable":true,"href":"https:\/\/dmsjuridica.com\/buscador_20179478954\/salapenalcronologico20230723\/wp-json\/wp\/v2\/users\/1"}],"replies":[{"embeddable":true,"href":"https:\/\/dmsjuridica.com\/buscador_20179478954\/salapenalcronologico20230723\/wp-json\/wp\/v2\/comments?post=49898"}],"version-history":[{"count":0,"href":"https:\/\/dmsjuridica.com\/buscador_20179478954\/salapenalcronologico20230723\/wp-json\/wp\/v2\/posts\/49898\/revisions"}],"wp:attachment":[{"href":"https:\/\/dmsjuridica.com\/buscador_20179478954\/salapenalcronologico20230723\/wp-json\/wp\/v2\/media?parent=49898"}],"wp:term":[{"taxonomy":"category","embeddable":true,"href":"https:\/\/dmsjuridica.com\/buscador_20179478954\/salapenalcronologico20230723\/wp-json\/wp\/v2\/categories?post=49898"},{"taxonomy":"post_tag","embeddable":true,"href":"https:\/\/dmsjuridica.com\/buscador_20179478954\/salapenalcronologico20230723\/wp-json\/wp\/v2\/tags?post=49898"}],"curies":[{"name":"wp","href":"https:\/\/api.w.org\/{rel}","templated":true}]}}