{"id":49892,"date":"2023-09-15T20:48:43","date_gmt":"2023-09-15T20:48:43","guid":{"rendered":"https:\/\/dmsjuridica.com\/buscador_20179478954\/salapenalcronologico20230723\/2023\/09\/15\/5671329-04-20\/"},"modified":"2023-09-15T20:48:43","modified_gmt":"2023-09-15T20:48:43","slug":"5671329-04-20","status":"publish","type":"post","link":"https:\/\/dmsjuridica.com\/buscador_20179478954\/salapenalcronologico20230723\/2023\/09\/15\/5671329-04-20\/","title":{"rendered":"56713(29-04-20)"},"content":{"rendered":"\n<p>\u00a0 \u00a0 \u00a0 \u00a0\u00a0<\/p>\n<p>JOS\u00c9 \u00a0FRANCISCO ACU\u00d1A VIZCAYA \u00a0<\/p>\n<p>Magistrado \u00a0Ponente \u00a0<\/p>\n<p>AP-2020 \u00a0<\/p>\n<p>Radicaci\u00f3n \u00a0N\u00b0 56713 \u00a0<\/p>\n<p>(Aprobado \u00a0Acta No. 087) \u00a0<\/p>\n<p>Bogot\u00e1 \u00a0D.C., veintinueve (29) de abril de dos mil veinte (2020). \u00a0<\/p>\n<p>ASUNTO \u00a0<\/p>\n<p>La Corte resuelve \u00a0la solicitud probatoria efectuada por la apoderada del ciudadano \u00a0colombiano \u00a0Jaison D\u00e1vila Amador, \u00a0requerido en extradici\u00f3n por el Gobierno de los Estados Unidos \u00a0de Am\u00e9rica. \u00a0<\/p>\n<p>ANTECEDENTES \u00a0<\/p>\n<p>1.- \u00a0Mediante Nota Verbal No. 1438 del 11 de septiembre de 2019,1 \u00a0el Gobierno de los Estados Unidos de Am\u00e9rica, a trav\u00e9s \u00a0de su embajada en Colombia, reclam\u00f3 la detenci\u00f3n \u00a0preventiva con fines de extradici\u00f3n del ciudadano colombiano \u00a0Jaison D\u00e1vila Amador, \u00a0identificado con la c\u00e9dula de ciudadan\u00eda No. 73.122.659 \u00a0\u00ab\u2026requerido \u00a0para comparecer a juicio por los delitos de tr\u00e1fico de \u00a0narc\u00f3ticos\u00bb. \u00a0<\/p>\n<p>2.- \u00a0En \u00a0cumplimiento de lo dispuesto en el art\u00edculo 509 de la Ley 906 \u00a0de 2004, la Fiscal\u00eda General de la Naci\u00f3n, en la \u00a0Resoluci\u00f3n del 17 de septiembre de 2019,2 \u00a0decret\u00f3 la captura con fines de extradici\u00f3n del \u00a0mencionado, quien fue detenido en la ciudad de Bogot\u00e1, el 19 \u00a0de septiembre de 2019, por miembros de la Polic\u00eda Nacional, \u00a0Direcci\u00f3n de Investigaci\u00f3n Criminal e Interpol, con \u00a0fundamento en la respectiva Circular Roja de Interpol. \u00a0<\/p>\n<p>3.- \u00a0La embajada de los Estados Unidos formaliz\u00f3 la petici\u00f3n \u00a0de extradici\u00f3n con la Nota Verbal No. 1885 del 15 de noviembre \u00a0del mismo a\u00f1o.3 \u00a0<\/p>\n<p>4.- \u00a0La \u00a0Canciller\u00eda, mediante oficio DIAJI No. 2889 del 18 de \u00a0noviembre de 2019,4 \u00a0remiti\u00f3 copia de la documentaci\u00f3n pertinente y sus \u00a0anexos al Director de Asuntos Internacionales del Ministerio de \u00a0Justicia y del Derecho, entidad \u00a0que a su vez hizo llegar el expediente a esta Corporaci\u00f3n con \u00a0oficio MJD- OFI-19-0035750-DAI-1100 del 26 de noviembre de 2019.5 \u00a0<\/p>\n<p>5.- \u00a0Con auto del 27 de enero de 2020, la Sala reconoci\u00f3 personer\u00eda \u00a0para actuar a la defensora de confianza de Jaison \u00a0D\u00e1vila Amador, \u00a0y, adem\u00e1s, orden\u00f3 surtir el respectivo traslado para la \u00a0solicitud de pruebas, previsto en el art\u00edculo 500 de la Ley \u00a0906 de 2004.6 \u00a0<\/p>\n<p>6.- \u00a0Dentro \u00a0del t\u00e9rmino antes se\u00f1alado, la abogada del requerido en \u00a0extradici\u00f3n solicit\u00f3 oficiar a la Fiscal\u00eda \u00a0General de la Naci\u00f3n para que indique si en su contra se \u00a0tramita o se ha seguido investigaci\u00f3n o juzgamiento por hechos \u00a0y delitos relacionados con los que se aluden en el pedido de \u00a0extradici\u00f3n, ello con la finalidad de descartar una presunta \u00a0afectaci\u00f3n al principio del non \u00a0bis in \u00eddem.7 \u00a0<\/p>\n<p>El \u00a0Procurador Segundo Delegado para la Casaci\u00f3n Penal sostuvo que \u00a0\u00abno \u00a0es necesario solicitar la pr\u00e1ctica de pruebas en el tr\u00e1mite \u00a0de extradici\u00f3n adelantado\u2026\u00bb8 \u00a0<\/p>\n<p>CONSIDERACIONES \u00a0<\/p>\n<p>De \u00a0la solicitud probatoria. \u00a0<\/p>\n<p>El \u00a0decreto y pr\u00e1ctica de pruebas en el marco del presente tr\u00e1mite \u00a0est\u00e1n sometidos a la observancia de los criterios de \u00a0conducencia, \u00a0pertinencia \u00a0y utilidad, \u00a0cuya determinaci\u00f3n est\u00e1 limitada por los asuntos \u00a0necesarios para la emisi\u00f3n del concepto de extradici\u00f3n, \u00a0tales como, el cumplimiento de las previsiones \u00a0constitucionales sobre la materia y los requisitos se\u00f1alados, \u00a0bien en los tratados p\u00fablicos o en la ley, seg\u00fan sea el \u00a0caso. \u00a0<\/p>\n<p>Dado \u00a0que el tratado de extradici\u00f3n suscrito entre Colombia y los \u00a0Estados Unidos de Am\u00e9rica, el 14 de septiembre de 1979, no es \u00a0aplicable en el orden interno debido a la inconstitucionalidad de la \u00a0Ley 27 de 1980, declarada por la Corte Suprema de Justicia en la \u00a0sentencia de 12 de diciembre de 1986,9 \u00a0el concepto deber\u00e1 guiarse por la observaci\u00f3n de las \u00a0exigencias contenidas en los art\u00edculos 502 y 493 del C\u00f3digo \u00a0de Procedimiento Penal. \u00a0<\/p>\n<p>Por \u00a0ello, espec\u00edficamente, las solicitudes que en ese sentido se \u00a0hagan deben estar orientadas a constatar los siguientes aspectos: i) \u00a0la validez formal de la documentaci\u00f3n presentada, ii) \u00a0la plena identidad del solicitado, iii) \u00a0la \u00a0doble incriminaci\u00f3n de la conducta y la previsi\u00f3n en la \u00a0legislaci\u00f3n nacional de una pena cuyo m\u00ednimo no sea \u00a0inferior a 4 a\u00f1os de prisi\u00f3n, iv) \u00a0la \u00a0similitud de la providencia proferida en el extranjero con una \u00a0sentencia o acusaci\u00f3n, v) \u00a0el \u00a0acatamiento de lo se\u00f1alado en los tratados p\u00fablicos, \u00a0cuando fuere el caso, vi) \u00a0la \u00a0presencia de aspectos ligados a la imposici\u00f3n de \u00a0condicionamientos \u00a0en caso de emitirse concepto favorable a la extradici\u00f3n,10 \u00a0vii) \u00a0la \u00a0existencia o no de las restricciones contenidas en el art\u00edculo \u00a035 de la Constituci\u00f3n Pol\u00edtica y en el art\u00edculo \u00a0transitorio 19 del Acto Legislativo No. 01 de 2017, \u00a0as\u00ed como viii) \u00a0la \u00a0concurrencia o no de circunstancias que inhiben la extradici\u00f3n11. \u00a0<\/p>\n<p>Si \u00a0no guardan relaci\u00f3n con esos temas o versan sobre hechos \u00a0notoriamente impertinentes, superfluos o carentes de utilidad, deben \u00a0desestimarse. \u00a0<\/p>\n<p>An\u00e1lisis \u00a0del caso concreto \u00a0<\/p>\n<p>1.- \u00a0En \u00a0el asunto examinado la apoderada \u00a0de Jaison \u00a0D\u00e1vila Amador solicit\u00f3 \u00a0oficiar a la Fiscal\u00eda General de la Naci\u00f3n para que \u00a0indique si contra su asistido \u00abse \u00a0adelant\u00f3 o actualmente se tramita alguna investigaci\u00f3n \u00a0o juicio penal, o ha sido absuelto o condenado por alg\u00fan \u00a0delito relacionado con narcotr\u00e1fico, lavado de activos o \u00a0concierto para delinquir\u00bb, \u00a0en aras de descartar una presunta afrenta al non \u00a0bis in \u00eddem. \u00a0<\/p>\n<p>2.- \u00a0Al respecto, debe decirse que aunado a la labor de corroborar el \u00a0cumplimiento de las exigencias contenidas en los art\u00edculos \u00a0490, 493, 495 y 502 de la Ley 906 de 2004, la Sala, en virtud del \u00a0art\u00edculo 29 de la Constituci\u00f3n Pol\u00edtica y los \u00a0convenios internacionales ratificados por Colombia, debe establecer \u00a0que en nuestro pa\u00eds no se haya aplicado ni se est\u00e9 \u00a0ejerciendo jurisdicci\u00f3n sobre el acontecer f\u00e1ctico y \u00a0jur\u00eddico en la tipificaci\u00f3n de los delitos que \u00a0sustentan el pedido de extradici\u00f3n, por cuanto de esa manera \u00a0se efectiviza no s\u00f3lo la autonom\u00eda y soberan\u00eda \u00a0nacionales, en caso de acreditarse que el Estado Colombiano ha \u00a0desplegado su poder punitivo, sino que adem\u00e1s se procura la \u00a0observancia de prerrogativas fundamentales del procesado, como la de \u00a0no ser juzgado dos veces por el mismo hecho. \u00a0<\/p>\n<p>Conforme \u00a0a este entendimiento, con la finalidad de descartar de manera fundada \u00a0la vinculaci\u00f3n del requerido a alg\u00fan tr\u00e1mite \u00a0judicial en Colombia, y por contera la posible afectaci\u00f3n del \u00a0principio de non \u00a0bis in \u00eddem, \u00a0resulta pertinente y conducente la solicitud de la apoderada del \u00a0requerido sobre oficiar a la Fiscal\u00eda General de la Naci\u00f3n \u00a0para que \u00a0verifique en sus sistemas de informaci\u00f3n, incluyendo SPOA, \u00a0SIJUF, SIAN, \u00a0si hay registro de que Jaison \u00a0D\u00e1vila Amador ha \u00a0sido juzgado o condenado por alguna conducta punible. \u00a0<\/p>\n<p>En \u00a0caso positivo, dicha autoridad deber\u00e1 precisar el contexto \u00a0f\u00e1ctico en que se desarroll\u00f3 la respectiva actuaci\u00f3n, \u00a0la autoridad judicial y el estado actual del proceso. \u00a0<\/p>\n<p>2. \u00a0Con el mismo fin, se ordenar\u00e1 a la Direcci\u00f3n de \u00a0Investigaci\u00f3n Criminal e Interpol DIJIN que consulte en el \u00a0Registro \u00danico Nacional de Antecedentes y Anotaciones \u00a0Judiciales del Sistema de Informaci\u00f3n Operativo-SIOPER- \u00a0de la \u00a0Polic\u00eda Nacional, si contra el mencionado se ha adelantado \u00a0alguna investigaci\u00f3n o aparecen registrados antecedentes en su \u00a0contra. \u00a0<\/p>\n<p>En \u00a0m\u00e9rito de lo expuesto, la Corte Suprema de Justicia, Sala de \u00a0Casaci\u00f3n Penal, \u00a0<\/p>\n<p>RESUELVE \u00a0<\/p>\n<p>1\u00ba. \u00a0DECRETAR \u00a0la siguiente prueba: \u00a0<\/p>\n<p>Requerir \u00a0a la \u00a0Fiscal\u00eda General de la Naci\u00f3n y a la \u00a0Direcci\u00f3n de Investigaci\u00f3n Criminal e Interpol DIJIN \u00a0para que informen si Jaison \u00a0D\u00e1vila Amador \u00a0ha \u00a0sido investigado, juzgado o condenado por alguna conducta punible; en \u00a0caso positivo, se precise el contexto f\u00e1ctico en que se \u00a0desarroll\u00f3 la respectiva actuaci\u00f3n, la autoridad \u00a0judicial y el estado actual del proceso. \u00a0<\/p>\n<p>2\u00b0. \u00a0Contra \u00a0esta decisi\u00f3n procede el recurso de reposici\u00f3n. \u00a0<\/p>\n<p>Notif\u00edquese \u00a0y c\u00famplase \u00a0<\/p>\n<p>PATRICIA \u00a0SALAZAR CU\u00c9LLAR \u00a0<\/p>\n<p>Magistrada \u00a0<\/p>\n<p>JOS\u00c9 \u00a0FRANCISCO ACU\u00d1A VIZCAYA \u00a0<\/p>\n<p>Magistrado \u00a0<\/p>\n<p>GERSON \u00a0CHAVARRA CASTRO \u00a0<\/p>\n<p>Magistrado \u00a0<\/p>\n<p>EUGENIO \u00a0FERN\u00c1NDEZ CARLIER \u00a0<\/p>\n<p>Magistrado \u00a0<\/p>\n<p>LUIS \u00a0ANTONIO HERN\u00c1NDEZ BARBOSA \u00a0<\/p>\n<p>Magistrado \u00a0<\/p>\n<p>JAIME \u00a0HUMBERTO MORENO ACERO \u00a0<\/p>\n<p>Magistrado \u00a0<\/p>\n<p>FABIO \u00a0OSPITIA GARZ\u00d3N \u00a0<\/p>\n<p>Magistrado \u00a0<\/p>\n<p>EYDER \u00a0PATI\u00d1O CABRERA \u00a0<\/p>\n<p>Magistrado \u00a0<\/p>\n<p>HUGO \u00a0QUINTERO BERNATE \u00a0<\/p>\n<p>Magistrado \u00a0<\/p>\n<p>NUBIA \u00a0YOLANDA NOVA GARC\u00cdA \u00a0<\/p>\n<p>Secretaria \u00a0<\/p>\n<p>1 \u00a0 \u00a0 \u00a0 \u00a0 \u00a0Folio. 310 y ss de la Carpeta \u00a0 \u00a0 \u00a0 \u00a0 \u00a0del Ministerio de Justicia y del Derecho. \u00a0<\/p>\n<p>2 \u00a0 \u00a0 \u00a0 \u00a0 \u00a0Folios. \u00a0 \u00a0 \u00a0 \u00a0 \u00a07 y 8 ib\u00eddem. \u00a0<\/p>\n<p>3 \u00a0 \u00a0 \u00a0 \u00a0 \u00a0Folios. \u00a0 \u00a0 \u00a0 \u00a0 \u00a030 &#8211; 33 ib\u00eddem. \u00a0<\/p>\n<p>4 \u00a0 \u00a0 \u00a0 \u00a0 \u00a0Folio. \u00a0 \u00a0 \u00a0 \u00a0 \u00a024 Carpeta del Ministerio de Justicia y del Derecho. \u00a0<\/p>\n<p>5 \u00a0 \u00a0 \u00a0 \u00a0 \u00a0Folio. 1 Cuaderno de la \u00a0 \u00a0 \u00a0 \u00a0 \u00a0Corte. \u00a0<\/p>\n<p>6 \u00a0 \u00a0 \u00a0 \u00a0 \u00a0Folios. \u00a0 \u00a0 \u00a0 \u00a0 \u00a017 y 18 ib\u00eddem. \u00a0<\/p>\n<p>7 \u00a0 \u00a0 \u00a0 \u00a0 \u00a0Folio. 20, ib\u00eddem. \u00a0<\/p>\n<p>8 \u00a0 \u00a0 \u00a0 \u00a0 \u00a0Folio. \u00a0 \u00a0 \u00a0 \u00a0 \u00a019, ib\u00eddem. \u00a0<\/p>\n<p>9 \u00a0 \u00a0 \u00a0 \u00a0 \u00a0Publicada en Gaceta Judicial: Tomo CLXXXVII-2 n.\u00b0 2426, p\u00e1g. \u00a0 \u00a0 \u00a0 \u00a0 \u00a0580-604 \u00a0<\/p>\n<p>10 \u00a0 \u00a0 \u00a0 \u00a0 \u00a0En lo que concierne al \u00a0 \u00a0 \u00a0 \u00a0 \u00a0estado de salud de los requeridos en extradici\u00f3n, en la \u00a0 \u00a0 \u00a0 \u00a0 \u00a0providencia CSJ AP, 3 jul 2013, rad. 41270, se aclar\u00f3 que: \u00abA \u00a0 \u00a0 \u00a0 \u00a0 \u00a0pesar de que en principio habr\u00eda lugar a sostener que la \u00a0 \u00a0 \u00a0 \u00a0 \u00a0prueba reclamada por la defensa no es pertinente, por cuanto no se \u00a0 \u00a0 \u00a0 \u00a0 \u00a0vincula con los requisitos que debe constatar la Corte al momento de \u00a0 \u00a0 \u00a0 \u00a0 \u00a0emitir el concepto respectivo, a su vez no debe perderse de vista \u00a0 \u00a0 \u00a0 \u00a0 \u00a0que el medio de convicci\u00f3n deprecado tiene relaci\u00f3n \u00a0 \u00a0 \u00a0 \u00a0 \u00a0con los eventuales condicionamientos que pueden imponerse en caso de \u00a0 \u00a0 \u00a0 \u00a0 \u00a0que el concepto sea favorable a la extradici\u00f3n, en particular \u00a0 \u00a0 \u00a0 \u00a0 \u00a0en punto del tratamiento que se le debe prodigar al solicitado por \u00a0 \u00a0 \u00a0 \u00a0 \u00a0su calidad de persona humana y de nacional colombiano por \u00a0 \u00a0 \u00a0 \u00a0 \u00a0nacimiento\u00bb. \u00a0<\/p>\n<p>11 \u00a0 \u00a0 \u00a0 \u00a0 \u00a0Dentro \u00a0 \u00a0 \u00a0 \u00a0 \u00a0de estas se destacan, la \u00a0 \u00a0 \u00a0 \u00a0 \u00a0inobservancia de la prohibici\u00f3n de doble juzgamiento (CSJ \u00a0 \u00a0 \u00a0 \u00a0 \u00a0CP001-2015 y CSJ CP166-2014, entre otros), y la prescripci\u00f3n \u00a0 \u00a0 \u00a0 \u00a0 \u00a0de la acci\u00f3n penal o la sanci\u00f3n que dio lugar al \u00a0 \u00a0 \u00a0 \u00a0 \u00a0pedido de extradici\u00f3n. \u00a0<\/p>\n<p>8 \u00a0 \u00a0 \u00a0<\/p>\n<p><\/p>\n","protected":false},"excerpt":{"rendered":"<p>\u00a0 \u00a0 \u00a0 \u00a0\u00a0 JOS\u00c9 \u00a0FRANCISCO ACU\u00d1A VIZCAYA \u00a0 Magistrado \u00a0Ponente \u00a0 AP-2020 \u00a0 Radicaci\u00f3n \u00a0N\u00b0 56713 \u00a0 (Aprobado \u00a0Acta No. 087) \u00a0 Bogot\u00e1 \u00a0D.C., veintinueve (29) de abril de dos mil veinte (2020). \u00a0 ASUNTO \u00a0 La Corte resuelve \u00a0la solicitud probatoria efectuada por la apoderada del ciudadano \u00a0colombiano \u00a0Jaison D\u00e1vila Amador, \u00a0requerido en [&hellip;]<\/p>\n","protected":false},"author":1,"featured_media":0,"comment_status":"open","ping_status":"open","sticky":false,"template":"","format":"standard","meta":{"footnotes":""},"categories":[29],"tags":[],"class_list":["post-49892","post","type-post","status-publish","format-standard","hentry","category-29"],"_links":{"self":[{"href":"https:\/\/dmsjuridica.com\/buscador_20179478954\/salapenalcronologico20230723\/wp-json\/wp\/v2\/posts\/49892","targetHints":{"allow":["GET"]}}],"collection":[{"href":"https:\/\/dmsjuridica.com\/buscador_20179478954\/salapenalcronologico20230723\/wp-json\/wp\/v2\/posts"}],"about":[{"href":"https:\/\/dmsjuridica.com\/buscador_20179478954\/salapenalcronologico20230723\/wp-json\/wp\/v2\/types\/post"}],"author":[{"embeddable":true,"href":"https:\/\/dmsjuridica.com\/buscador_20179478954\/salapenalcronologico20230723\/wp-json\/wp\/v2\/users\/1"}],"replies":[{"embeddable":true,"href":"https:\/\/dmsjuridica.com\/buscador_20179478954\/salapenalcronologico20230723\/wp-json\/wp\/v2\/comments?post=49892"}],"version-history":[{"count":0,"href":"https:\/\/dmsjuridica.com\/buscador_20179478954\/salapenalcronologico20230723\/wp-json\/wp\/v2\/posts\/49892\/revisions"}],"wp:attachment":[{"href":"https:\/\/dmsjuridica.com\/buscador_20179478954\/salapenalcronologico20230723\/wp-json\/wp\/v2\/media?parent=49892"}],"wp:term":[{"taxonomy":"category","embeddable":true,"href":"https:\/\/dmsjuridica.com\/buscador_20179478954\/salapenalcronologico20230723\/wp-json\/wp\/v2\/categories?post=49892"},{"taxonomy":"post_tag","embeddable":true,"href":"https:\/\/dmsjuridica.com\/buscador_20179478954\/salapenalcronologico20230723\/wp-json\/wp\/v2\/tags?post=49892"}],"curies":[{"name":"wp","href":"https:\/\/api.w.org\/{rel}","templated":true}]}}