{"id":49882,"date":"2023-09-15T20:48:43","date_gmt":"2023-09-15T20:48:43","guid":{"rendered":"https:\/\/dmsjuridica.com\/buscador_20179478954\/salapenalcronologico20230723\/2023\/09\/15\/56327-05-20\/"},"modified":"2023-09-15T20:48:43","modified_gmt":"2023-09-15T20:48:43","slug":"56327-05-20","status":"publish","type":"post","link":"https:\/\/dmsjuridica.com\/buscador_20179478954\/salapenalcronologico20230723\/2023\/09\/15\/56327-05-20\/","title":{"rendered":"563(27-05-20)"},"content":{"rendered":"\n<p>\u00a0 \u00a0 \u00a0 \u00a0\u00a0<\/p>\n<p>HUGO \u00a0QUINTERO BERNATE \u00a0<\/p>\n<p>Magistrado \u00a0Ponente \u00a0<\/p>\n<p>AP-2020 \u00a0<\/p>\n<p>Radicaci\u00f3n \u00a0n\u00b0. 563 \u00a0<\/p>\n<p>(Aprobado \u00a0Acta n\u00b0. 105) \u00a0<\/p>\n<p>Bogot\u00e1, \u00a0D.C., veintisiete (27) de mayo de dos mil veinte (2020). \u00a0<\/p>\n<p>ASUNTO \u00a0<\/p>\n<p>Se \u00a0pronuncia la Sala sobre el desistimiento manifestado por el apoderado \u00a0de SALVADOR ARANA SUS, respecto del recurso de apelaci\u00f3n \u00a0interpuesto contra la decisi\u00f3n adoptada, el 3 de abril de \u00a02020, por el Juzgado Sexto de Ejecuci\u00f3n de Penas y Medidas de \u00a0Seguridad de Barranquilla, por cuyo medio neg\u00f3 al condenado la \u00a0sustituci\u00f3n de la prisi\u00f3n en establecimiento de \u00a0reclusi\u00f3n por prisi\u00f3n domiciliaria u hospitalaria por \u00a0enfermedad. \u00a0<\/p>\n<p>ANTECEDENTES \u00a0Y CONSIDERACIONES \u00a0<\/p>\n<p>1. \u00a0La defensa de SALVADOR ARANA SUS solicit\u00f3 al juzgado encargado \u00a0de la vigilancia de la ejecuci\u00f3n de las sentencias de condena \u00a0de \u00fanica instancia proferidas por esta Sala1, \u00a0que fueron objeto de acumulaci\u00f3n jur\u00eddica2, \u00a0la concesi\u00f3n a su favor de la sustituci\u00f3n de la \u00a0ejecuci\u00f3n de la pena en centro carcelario por detenci\u00f3n \u00a0domiciliaria por padecer enfermedad de alto riesgo3. \u00a0<\/p>\n<p>2. \u00a0La solicitud fue resuelta por auto n\u00b0. 168 de 3 de abril de \u00a020204, \u00a0denegando al penado el mecanismo sustitutivo de cumplimiento de la \u00a0pena deprecado, pronunciamiento contra el cual su apoderado interpuso \u00a0y sustent\u00f3 recurso de apelaci\u00f3n en escrito allegado por \u00a0correo electr\u00f3nico el d\u00eda 14 siguiente5, \u00a0cuyos argumentos adicion\u00f3 a trav\u00e9s de documento por \u00a0id\u00e9ntico medio enviado el 27 de los mismos mes y a\u00f1o6. \u00a0<\/p>\n<p>3. \u00a0Surtido el tr\u00e1mite previsto en el inciso primero del art\u00edculo \u00a0194 del C\u00f3digo de Procedimiento Penal de 2000, el juzgado \u00a0ejecutor concedi\u00f3 la alzada y orden\u00f3 el env\u00edo de \u00a0la actuaci\u00f3n a la Sala de Casaci\u00f3n Penal de la Corte \u00a0Suprema de Justicia, autoridad competente para el efecto por haber \u00a0sido la que emiti\u00f3 los fallos de condena acumulados7. \u00a0<\/p>\n<p>4. \u00a0Una vez arrib\u00f3 a esta Corporaci\u00f3n el expediente fue \u00a0asignado por conocimiento previo8, \u00a0y entregado al Despacho del Magistrado Ponente para estudio el pasado \u00a021 de mayo. \u00a0<\/p>\n<p>5. \u00a0No obstante, antes de ello, el abogado defensor de SALVADOR ARANA SUS \u00a0present\u00f3 escrito remitido al correo electr\u00f3nico \u00a0institucional del juzgado de primer grado el 18 de mayo de 2020, en \u00a0el cual manifiesta desistir del recurso interpuesto9. \u00a0<\/p>\n<p>6. \u00a0En consideraci\u00f3n de la competencia que asiste a la Sala de \u00a0conformidad con lo prescrito en el \u00a0art\u00edculo 75 numeral 7\u00b0 de la Ley 600 de 2000, \u00a0toda vez que la \u00a0acci\u00f3n penal fue ejercida contra el exgobernador de Sucre \u00a0SALVADOR ARANA SUS, ser\u00eda del caso resolver \u00a0el recurso de apelaci\u00f3n propuesto por el apoderado del \u00a0condenado. \u00a0<\/p>\n<p>M\u00e1s \u00a0a\u00fan, atendiendo que mediante providencia de 13 de mayo de la \u00a0presente anualidad, la Sala de Casaci\u00f3n Penal de la Corte \u00a0Suprema de Justicia se pronunci\u00f3 sobre su competencia para \u00a0mantener el conocimiento de la actuaciones adelantadas contra \u00a0SALVADOR ARANA SUS respecto de los expedientes radicados 32672 \u00a0y 35954, \u00a0con fundamento en los art\u00edculos 70 de la Ley 1957 de 2019, \u00a0241-11 de la Constituci\u00f3n pol\u00edtica y 9\u00b0 del Acto \u00a0Legislativo 01 de 2017, en consonancia con lo dispuesto en la \u00a0sentencia C-674 de 2017 de la Corte Constitucional. \u00a0<\/p>\n<p>En \u00a0ese sentido, se propuso conflicto positivo de jurisdicci\u00f3n con \u00a0ocasi\u00f3n de la Resoluci\u00f3n No. 000722 proferida el 12 de \u00a0febrero de 2020 por la Subsala Dual Primera de la Sala de Definici\u00f3n \u00a0de Situaciones Jur\u00eddicas de la Jurisdicci\u00f3n Especial \u00a0para la Paz &#8211; JEP, que acept\u00f3 el sometimiento del penado ARANA \u00a0SUS ante esa instancia de justicia en relaci\u00f3n con los \u00a0mencionados procesos. \u00a0<\/p>\n<p>Sin \u00a0embargo, en consideraci\u00f3n que el art\u00edculo 199 de la Ley \u00a0600 de 2000 prev\u00e9 que \u00ab\u2026podr\u00e1 \u00a0desistirse de los recursos antes de que el funcionario judicial los \u00a0decida\u00bb, \u00a0se \u00a0proceder\u00e1 a aceptar el desistimiento de la rese\u00f1ada \u00a0impugnaci\u00f3n, vista la legitimaci\u00f3n que para ese fin le \u00a0asiste al apoderado acorde con las facultades del mandato que le \u00a0fuera conferido10. \u00a0<\/p>\n<p>En \u00a0m\u00e9rito de lo expuesto, la CORTE \u00a0SUPREMA DE JUSTICIA, SALA DE CASACI\u00d3N PENAL, \u00a0<\/p>\n<p>R \u00a0E S U E L V E \u00a0<\/p>\n<p>1. \u00a0ACEPTAR \u00a0 \u00a0 \u00a0 \u00a0el \u00a0desistimiento del recurso de apelaci\u00f3n presentado por el \u00a0apoderado de SALVADOR ARANA SUS, contra el auto que neg\u00f3 la \u00a0sustituci\u00f3n de la prisi\u00f3n en establecimiento de \u00a0reclusi\u00f3n por prisi\u00f3n domiciliaria u hospitalaria por \u00a0enfermedad. \u00a0<\/p>\n<p>2. \u00a0Contra esta decisi\u00f3n procede la reposici\u00f3n11. \u00a0<\/p>\n<p>Notif\u00edquese \u00a0y c\u00famplase. \u00a0<\/p>\n<p>PATRICIA \u00a0SALAZAR CUELLAR \u00a0<\/p>\n<p>JOSE \u00a0FRANCISCO ACU\u00d1A VIZCAYA \u00a0<\/p>\n<p>GERSON \u00a0CHAVERRA CASTRO \u00a0<\/p>\n<p>EUGENIO \u00a0FERNANDEZ CARLIER \u00a0<\/p>\n<p>LUIS \u00a0ANTONIO HERNANDEZ BARBOSA \u00a0<\/p>\n<p>JAIME \u00a0HUMBERTO MORENO ACERO \u00a0<\/p>\n<p>FABIO \u00a0OSPITIA GARZON \u00a0<\/p>\n<p>EYDER \u00a0PATI\u00d1O CABRERA \u00a0<\/p>\n<p>HUGO \u00a0QUINTERO BERANTE \u00a0<\/p>\n<p>NUBIA \u00a0YOLANDA NOVA GARCIA \u00a0<\/p>\n<p>Secretaria \u00a0<\/p>\n<p>1 \u00a0 \u00a0 \u00a0 \u00a0 \u00a0i) Proceso 110013107001200800027-00, radicaci\u00f3n 32672, \u00a0 \u00a0 \u00a0 \u00a0 \u00a0mediante sentencia de 3 de diciembre de 2009, fue condenado a las \u00a0 \u00a0 \u00a0 \u00a0 \u00a0penas de 480 meses de prisi\u00f3n, multa de 4.750 salarios \u00a0 \u00a0 \u00a0 \u00a0 \u00a0m\u00ednimos legales mensuales vigentes e inhabilitaci\u00f3n de \u00a0 \u00a0 \u00a0 \u00a0 \u00a0derechos y funciones p\u00fablicas por el t\u00e9rmino de 20 \u00a0 \u00a0 \u00a0 \u00a0 \u00a0a\u00f1os, precisando que esta \u00faltima opera a perpetuidad \u00a0 \u00a0 \u00a0 \u00a0 \u00a0en relaci\u00f3n con los derechos a inscribirse como candidato a \u00a0 \u00a0 \u00a0 \u00a0 \u00a0cargos de elecci\u00f3n popular, ser elegido servidor p\u00fablico \u00a0 \u00a0 \u00a0 \u00a0 \u00a0y contratar con el Estado, directamente o por interpuesta persona, \u00a0 \u00a0 \u00a0 \u00a0 \u00a0acorde con el inciso 5\u00b0 del art\u00edculo 122 de la \u00a0 \u00a0 \u00a0 \u00a0 \u00a0Constituci\u00f3n Pol\u00edtica; esto en calidad de determinador \u00a0 \u00a0 \u00a0 \u00a0 \u00a0de los delitos de desaparici\u00f3n forzada agravada y homicidio \u00a0 \u00a0 \u00a0 \u00a0 \u00a0agravado, y coautor de concierto para promover grupos armados al \u00a0 \u00a0 \u00a0 \u00a0 \u00a0margen de la ley. \u00a0\u00a0 \u00a0 \u00a0 \u00a0 \u00a0 \u00a0 \u00a0 \u00a0 \u00a0 \u00a0<\/p>\n<p>ii) \u00a0 \u00a0 \u00a0 \u00a0 \u00a0Proceso 11001020400020113595-00, radicaci\u00f3n 35954, \u00a0 \u00a0 \u00a0 \u00a0 \u00a0con sentencia de 11 de septiembre de 2013, fue condenado a las penas \u00a0 \u00a0 \u00a0 \u00a0 \u00a0de 96 meses de prisi\u00f3n, inhabilitaci\u00f3n para el \u00a0 \u00a0 \u00a0 \u00a0 \u00a0ejercicio de derechos y funciones p\u00fablicas por el mismo lapso \u00a0 \u00a0 \u00a0 \u00a0 \u00a0y multa por valor de $478.669.719\u00b0\u00b0, en calidad de coautor \u00a0 \u00a0 \u00a0 \u00a0 \u00a0responsable de peculado por apropiaci\u00f3n a favor de terceros. \u00a0<\/p>\n<p>2 \u00a0 \u00a0 \u00a0 \u00a0 \u00a0Cuaderno original de ejecuci\u00f3n n\u00b0. 1, folios 95 a 99. Por \u00a0 \u00a0 \u00a0 \u00a0 \u00a0auto del 24 de abril de 2014, el Juzgado de Ejecuci\u00f3n de \u00a0 \u00a0 \u00a0 \u00a0 \u00a0Penas y Medidas de Seguridad de Descongesti\u00f3n de \u00a0 \u00a0 \u00a0 \u00a0 \u00a0Barranquilla, resolvi\u00f3 acumular las sanciones impuestas a \u00a0 \u00a0 \u00a0 \u00a0 \u00a0SALVADOR ARANA SUS, fijando la pena de prisi\u00f3n a cumplir en \u00a0 \u00a0 \u00a0 \u00a0 \u00a046 a\u00f1os; las multas de 4.750 salarios m\u00ednimos legales \u00a0 \u00a0 \u00a0 \u00a0 \u00a0mensuales vigentes y $478.669.719\u00b0\u00b0, y la inhabilitaci\u00f3n \u00a0 \u00a0 \u00a0 \u00a0 \u00a0para el ejercicio de derechos y funciones p\u00fablicas en los \u00a0 \u00a0 \u00a0 \u00a0 \u00a0t\u00e9rminos del art\u00edculo 122 inciso 5 de la Constituci\u00f3n \u00a0 \u00a0 \u00a0 \u00a0 \u00a0Pol\u00edtica, con car\u00e1cter intemporal seg\u00fan los \u00a0 \u00a0 \u00a0 \u00a0 \u00a0lineamientos de la sentencia C-652 de 2003 de la Corte \u00a0 \u00a0 \u00a0 \u00a0 \u00a0Constitucional. \u00a0 \u00a0 \u00a0 \u00a0 \u00a0<\/p>\n<p>Contra \u00a0 \u00a0 \u00a0 \u00a0 \u00a0esta decisi\u00f3n interpuso la defensa los recursos de reposici\u00f3n \u00a0 \u00a0 \u00a0 \u00a0 \u00a0y apelaci\u00f3n, siendo el primero de ellos negado; en segunda \u00a0 \u00a0 \u00a0 \u00a0 \u00a0instancia, esta Sala dispuso en CSJ AP1232-2015, 11 mar. 2015, rad. \u00a0 \u00a0 \u00a0 \u00a0 \u00a044773, tasar las penas acumuladas en 40 a\u00f1os de prisi\u00f3n \u00a0 \u00a0 \u00a0 \u00a0 \u00a0y 4750 SMMLV de multa; condenarlo al pago de $478.668.719 por los \u00a0 \u00a0 \u00a0 \u00a0 \u00a0perjuicios que ocasion\u00f3 al incurrir en las conductas punibles \u00a0 \u00a0 \u00a0 \u00a0 \u00a0de homicidio agravado, concierto para promover grupos armados, \u00a0 \u00a0 \u00a0 \u00a0 \u00a0desaparici\u00f3n forzada y peculado por apropiaci\u00f3n. As\u00ed \u00a0 \u00a0 \u00a0 \u00a0 \u00a0mismo, imponerle la pena accesoria de inhabilitaci\u00f3n para el \u00a0 \u00a0 \u00a0 \u00a0 \u00a0ejercicio de derechos y funciones p\u00fablicas por 20 a\u00f1os \u00a0 \u00a0 \u00a0 \u00a0 \u00a0y, conforme al inciso 5 del art\u00edculo 122 de la Constituci\u00f3n \u00a0 \u00a0 \u00a0 \u00a0 \u00a0Nacional, imponerle igualmente la prohibici\u00f3n con car\u00e1cter \u00a0 \u00a0 \u00a0 \u00a0 \u00a0intemporal para inscribirse como candidato a cargos de elecci\u00f3n \u00a0 \u00a0 \u00a0 \u00a0 \u00a0popular, ser elegido, ser designado servidor p\u00fablico y \u00a0 \u00a0 \u00a0 \u00a0 \u00a0contratar con el Estado directamente o por interpuesta persona. \u00a0<\/p>\n<p>3 \u00a0 \u00a0 \u00a0 \u00a0 \u00a0Cuaderno original de ejecuci\u00f3n n\u00b0. 3, folio 98 y ss., \u00a0 \u00a0 \u00a0 \u00a0 \u00a0presentada el 14 de agosto de 2019. \u00a0<\/p>\n<p>4 \u00a0 \u00a0 \u00a0 \u00a0 \u00a0Cuaderno original de ejecuci\u00f3n n\u00b0. 4, folio 98 a 116. \u00a0<\/p>\n<p>5 \u00a0 \u00a0 \u00a0 \u00a0 \u00a0\u00cddem, folios 120 a 129. \u00a0<\/p>\n<p>6 \u00a0 \u00a0 \u00a0 \u00a0 \u00a0\u00cddem, folios 198 a 204. \u00a0<\/p>\n<p>7 \u00a0 \u00a0 \u00a0 \u00a0 \u00a0\u00cddem, folio 276, auto de sustanciaci\u00f3n n\u00b0. 293 de \u00a0 \u00a0 \u00a0 \u00a0 \u00a013 de mayo de 2017 (sic). \u00a0<\/p>\n<p>8 \u00a0 \u00a0 \u00a0 \u00a0 \u00a0Acta de reparto n\u00b0. 32 de 20 de mayo de 2020. \u00a0<\/p>\n<p>9 \u00a0 \u00a0 \u00a0 \u00a0 \u00a0Reenviado y recibido en la misma fecha, tambi\u00e9n por correo \u00a0 \u00a0 \u00a0 \u00a0 \u00a0electr\u00f3nico, en la Secretar\u00eda de la Sala Penal de la \u00a0 \u00a0 \u00a0 \u00a0 \u00a0Corte Suprema de Justicia. \u00a0<\/p>\n<p>10 \u00a0 \u00a0 \u00a0 \u00a0 \u00a0Cuaderno original n\u00b0. 3 de ejecuci\u00f3n, folio 64, poder \u00a0 \u00a0 \u00a0 \u00a0 \u00a0conferido por SALVADOR ARANA SUS al abogado Carlos Augusto Ospina \u00a0 \u00a0 \u00a0 \u00a0 \u00a0Cruz. \u00a0<\/p>\n<p>11 \u00a0 \u00a0 \u00a0 \u00a0 \u00a0Art\u00edculo \u00a0 \u00a0 \u00a0 \u00a0 \u00a0189 de la Ley 600 de 2000. \u00a0 \u00a0 \u00a0<\/p>\n<p><\/p>\n","protected":false},"excerpt":{"rendered":"<p>\u00a0 \u00a0 \u00a0 \u00a0\u00a0 HUGO \u00a0QUINTERO BERNATE \u00a0 Magistrado \u00a0Ponente \u00a0 AP-2020 \u00a0 Radicaci\u00f3n \u00a0n\u00b0. 563 \u00a0 (Aprobado \u00a0Acta n\u00b0. 105) \u00a0 Bogot\u00e1, \u00a0D.C., veintisiete (27) de mayo de dos mil veinte (2020). \u00a0 ASUNTO \u00a0 Se \u00a0pronuncia la Sala sobre el desistimiento manifestado por el apoderado \u00a0de SALVADOR ARANA SUS, respecto del recurso de [&hellip;]<\/p>\n","protected":false},"author":1,"featured_media":0,"comment_status":"open","ping_status":"open","sticky":false,"template":"","format":"standard","meta":{"footnotes":""},"categories":[29],"tags":[],"class_list":["post-49882","post","type-post","status-publish","format-standard","hentry","category-29"],"_links":{"self":[{"href":"https:\/\/dmsjuridica.com\/buscador_20179478954\/salapenalcronologico20230723\/wp-json\/wp\/v2\/posts\/49882","targetHints":{"allow":["GET"]}}],"collection":[{"href":"https:\/\/dmsjuridica.com\/buscador_20179478954\/salapenalcronologico20230723\/wp-json\/wp\/v2\/posts"}],"about":[{"href":"https:\/\/dmsjuridica.com\/buscador_20179478954\/salapenalcronologico20230723\/wp-json\/wp\/v2\/types\/post"}],"author":[{"embeddable":true,"href":"https:\/\/dmsjuridica.com\/buscador_20179478954\/salapenalcronologico20230723\/wp-json\/wp\/v2\/users\/1"}],"replies":[{"embeddable":true,"href":"https:\/\/dmsjuridica.com\/buscador_20179478954\/salapenalcronologico20230723\/wp-json\/wp\/v2\/comments?post=49882"}],"version-history":[{"count":0,"href":"https:\/\/dmsjuridica.com\/buscador_20179478954\/salapenalcronologico20230723\/wp-json\/wp\/v2\/posts\/49882\/revisions"}],"wp:attachment":[{"href":"https:\/\/dmsjuridica.com\/buscador_20179478954\/salapenalcronologico20230723\/wp-json\/wp\/v2\/media?parent=49882"}],"wp:term":[{"taxonomy":"category","embeddable":true,"href":"https:\/\/dmsjuridica.com\/buscador_20179478954\/salapenalcronologico20230723\/wp-json\/wp\/v2\/categories?post=49882"},{"taxonomy":"post_tag","embeddable":true,"href":"https:\/\/dmsjuridica.com\/buscador_20179478954\/salapenalcronologico20230723\/wp-json\/wp\/v2\/tags?post=49882"}],"curies":[{"name":"wp","href":"https:\/\/api.w.org\/{rel}","templated":true}]}}