{"id":49523,"date":"2023-09-14T21:57:10","date_gmt":"2023-09-14T21:57:10","guid":{"rendered":"https:\/\/dmsjuridica.com\/buscador_20179478954\/salapenalcronologico20230723\/2023\/09\/14\/stp9297-2019\/"},"modified":"2023-09-14T21:57:10","modified_gmt":"2023-09-14T21:57:10","slug":"stp9297-2019","status":"publish","type":"post","link":"https:\/\/dmsjuridica.com\/buscador_20179478954\/salapenalcronologico20230723\/2023\/09\/14\/stp9297-2019\/","title":{"rendered":"STP9297-2019"},"content":{"rendered":"\n<p>\u00a0 \u00a0 \u00a0 \u00a0\u00a0<\/p>\n<p>JOS\u00c9 FRANCISCO \u00a0ACU\u00d1A VIZCAYA \u00a0<\/p>\n<p>Magistrado Ponente \u00a0<\/p>\n<p>STP9297-2019 \u00a0<\/p>\n<p>Radicaci\u00f3n n.\u00b0 \u00a0105041 \u00a0<\/p>\n<p>(Aprobaci\u00f3n \u00a0Acta No.154 \u00a0 \u00a0 \u00a0 \u00a0) \u00a0<\/p>\n<p>Bogot\u00e1 D.C., \u00a0veinticinco (25) de junio de dos mil diecinueve (2019) \u00a0<\/p>\n<p>VISTOS \u00a0<\/p>\n<p>Resuelve la Sala de Casaci\u00f3n \u00a0Penal de la Corte Suprema de Justicia, Sala de Decisi\u00f3n de \u00a0Tutelas, la acci\u00f3n interpuesta por Giovanny Andr\u00e9s \u00a0Arroyave contra el Complejo Carcelario y Penitenciario de Ibagu\u00e9 \u00a0-COIBA Picale\u00f1a y la Sala de Justicia y Paz del Tribunal \u00a0Superior del Distrito Judicial de Bogot\u00e1. \u00a0<\/p>\n<p>Fueron vinculados como terceros con \u00a0inter\u00e9s leg\u00edtimo en el presente asunto el Instituto \u00a0Nacional Penitenciario y Carcelario -INPEC, el Juzgado Penal del \u00a0Circuito con funci\u00f3n de ejecuci\u00f3n de las sentencias \u00a0para las Salas de Justicia y Paz del territorio nacional, al Centro \u00a0de Servicios Administrativos de los Juzgados de Ejecuci\u00f3n de \u00a0Penas y Medidas de Seguridad del Circuito de Ibagu\u00e9 y al \u00a0Juzgado Tercero de Ejecuci\u00f3n de Penas y Medidas de Seguridad \u00a0del Circuito de Ibagu\u00e9. \u00a0<\/p>\n<p>ANTECEDENTES \u00a0<\/p>\n<p>Y \u00a0<\/p>\n<p>FUNDAMENTOS DE LA \u00a0ACCI\u00d3N \u00a0<\/p>\n<p>El ciudadano Giovanny Andr\u00e9s \u00a0Arroyave solicita la tutela de sus derechos fundamentales a la \u00a0dignidad humana, al debido proceso y a la igualdad. \u00a0<\/p>\n<p>Censura que sin encontrarse en firme \u00a0la decisi\u00f3n emitida el pasado 16 de mayo por la Sala de \u00a0Justicia y Paz del Tribunal Superior del Distrito Judicial de Bogot\u00e1, \u00a0mediante la cual se dispuso excluirlo del proceso especial de \u00a0Justicia y Paz, el Complejo Carcelario y Penitenciario de Ibagu\u00e9 \u00a0-COIBA Picale\u00f1a lo traslad\u00f3 de patio, poniendo en \u00a0riesgo su seguridad. \u00a0<\/p>\n<p>Refiere que aunque solicit\u00f3 su \u00a0reasignaci\u00f3n al pabell\u00f3n en el que se encontraba por \u00a0ser beneficiario de la Ley 975 de 2005, mientras se define sobre su \u00a0exclusi\u00f3n, a la fecha no ha recibido respuesta. \u00a0<\/p>\n<p>Por lo anterior, y dado que a otros \u00a0internos s\u00ed se les ha mantenido en esa ubicaci\u00f3n \u00a0especial mientras se les resuelve su solicitud, invoca el amparo de \u00a0sus derechos fundamentales.1 \u00a0<\/p>\n<p>Aport\u00f3 como pruebas copias de \u00a0las solicitudes que elev\u00f3 al Complejo Carcelario y \u00a0Penitenciario de Ibagu\u00e9 -COIBA Picale\u00f1a y de la \u00a0notificaci\u00f3n de la decisi\u00f3n de revocarle el beneficio \u00a0de la pena alternativa proferida por el Juzgado Penal del Circuito \u00a0con funci\u00f3n de ejecuci\u00f3n de las sentencias para las \u00a0Salas de Justicia y Paz del territorio nacional.2 \u00a0<\/p>\n<p>RESPUESTA \u00a0DE LAS AUTORIDADES ACCIONADAS Y VINCULADAS \u00a0<\/p>\n<p>\u00a0 \u00a0\u00a0 \u00a0 \u00a0 \u00a0 \u00a0<\/p>\n<p>1. El Juzgado Penal del Circuito \u00a0 \u00a0 \u00a0 \u00a0 \u00a0con funci\u00f3n de ejecuci\u00f3n de las sentencias para las \u00a0 \u00a0 \u00a0 \u00a0 \u00a0Salas de Justicia y Paz del territorio nacional inform\u00f3 que \u00a0 \u00a0 \u00a0 \u00a0 \u00a0su decisi\u00f3n de revocar el beneficio de la pena alternativa \u00a0 \u00a0 \u00a0 \u00a0 \u00a0fue confirmada por la Sala de Justicia y Paz del Tribunal \u00a0 \u00a0 \u00a0 \u00a0 \u00a0Superior del Distrito Judicial de Bogot\u00e1, y que ha resuelto \u00a0 \u00a0 \u00a0 \u00a0 \u00a0todas las solicitudes elevadas por la autoridad a cargo del \u00a0 \u00a0 \u00a0 \u00a0 \u00a0establecimiento donde el accionante se encuentra recluido.3 \u00a0<\/p>\n<p>\u00a0 \u00a0\u00a0 \u00a0 \u00a0 \u00a0 \u00a0<\/p>\n<p>2. El Complejo Carcelario y Penitenciario de Ibagu\u00e9 \u00a0 \u00a0 \u00a0 \u00a0 \u00a0-COIBA Picale\u00f1a solicit\u00f3 denegar el amparo invocado, \u00a0 \u00a0 \u00a0 \u00a0 \u00a0por cuanto s\u00ed ha resuelto las peticiones del accionante, la \u00a0 \u00a0 \u00a0 \u00a0 \u00a0decisi\u00f3n de reubicaci\u00f3n de patios estuvo fundamentada \u00a0 \u00a0 \u00a0 \u00a0 \u00a0en una decisi\u00f3n judicial y la necesidad de garantizar la \u00a0 \u00a0 \u00a0 \u00a0 \u00a0seguridad del accionante, a quien se le asign\u00f3 la actividad \u00a0 \u00a0 \u00a0 \u00a0 \u00a0de telares y tejidos.4 \u00a0<\/p>\n<p>\u00a0 \u00a0\u00a0 \u00a0 \u00a0 \u00a0 \u00a0<\/p>\n<p>3. La Sala de Justicia y Paz del Tribunal Superior \u00a0 \u00a0 \u00a0 \u00a0 \u00a0del Distrito Judicial de Bogot\u00e1 inform\u00f3 sobre el \u00a0 \u00a0 \u00a0 \u00a0 \u00a0tr\u00e1mite dado a la solicitud de exclusi\u00f3n del proceso \u00a0 \u00a0 \u00a0 \u00a0 \u00a0de Justicia y Paz, a la cual se accedi\u00f3 el 16 de mayo de 2019 \u00a0 \u00a0 \u00a0 \u00a0 \u00a0y se espera que la Sala de Casaci\u00f3n Penal resuelva el recurso \u00a0 \u00a0 \u00a0 \u00a0 \u00a0de apelaci\u00f3n.5 \u00a0<\/p>\n<p>\u00a0 \u00a0\u00a0 \u00a0 \u00a0 \u00a0 \u00a0<\/p>\n<p>4. El Instituto Nacional \u00a0 \u00a0 \u00a0 \u00a0 \u00a0Penitenciario y Carcelario -INPEC solicit\u00f3 su desvinculaci\u00f3n \u00a0 \u00a0 \u00a0 \u00a0 \u00a0como tercero con inter\u00e9s leg\u00edtimo en el presente \u00a0 \u00a0 \u00a0 \u00a0 \u00a0asunto.6 \u00a0<\/p>\n<p>CONSIDERACIONES DE LA SALA \u00a0<\/p>\n<p>De conformidad con \u00a0lo previsto en el art\u00edculo 37 del Decreto 2591 de 1991 y el \u00a0numeral 5 del art\u00edculo 2.2.3.1.2.1 del Decreto 1069 de 2015, \u00a0modificado por el art\u00edculo 1 del Decreto 1983 de 2017, esta \u00a0Sala es competente para resolver la acci\u00f3n de tutela \u00a0interpuesta por Giovanny Andr\u00e9s Arroyave \u00a0contra el Complejo Carcelario y Penitenciario de Ibagu\u00e9 \u00a0-COIBA Picale\u00f1a y la Sala de Justicia y Paz del Tribunal \u00a0Superior del Distrito Judicial de Bogot\u00e1. \u00a0<\/p>\n<p>Son dos los problemas jur\u00eddicos \u00a0que convocan a la Sala. El primero consiste en establecer la \u00a0procedibilidad de la solicitud de amparo en relaci\u00f3n con las \u00a0solicitudes elevadas al Complejo Carcelario y Penitenciario de Ibagu\u00e9 \u00a0-COIBA Picale\u00f1a, para que el accionante sea reubicado de \u00a0patio. \u00a0<\/p>\n<p>El segundo consiste en establecer si \u00a0contra las decisiones \u00a0mediante las cuales al accionante le fue revocado el beneficio de la \u00a0pena alternativa y se dispuso su exclusi\u00f3n del proceso \u00a0especial de Justicia y Paz, se configuran los requisitos de \u00a0procedibilidad de la acci\u00f3n de tutela contra decisiones \u00a0judiciales y, en consecuencia, debe concederse el amparo invocado. \u00a0<\/p>\n<p>De la obligaci\u00f3n de responder las \u00a0peticiones. \u00a0<\/p>\n<p>A prop\u00f3sito \u00a0de la acci\u00f3n constitucional de tutela, el art\u00edculo 86 \u00a0de la Carta Pol\u00edtica establece que se trata de un mecanismo \u00a0concebido para la protecci\u00f3n inmediata de los derechos \u00a0fundamentales, cuando estos resulten amenazados o vulnerados por \u00a0cualquier acci\u00f3n u omisi\u00f3n de las autoridades, siempre \u00a0que no exista otro recurso o medio de defensa judicial, a menos que \u00a0se utilice como mecanismo transitorio de protecci\u00f3n para \u00a0evitar un perjuicio irremediable. \u00a0<\/p>\n<p>El \u00a0derecho de petici\u00f3n es una garant\u00eda constitucional que \u00a0permite a los ciudadanos, por una parte, presentar solicitudes \u00a0respetuosas a las autoridades y, por otra parte, que les otorga el \u00a0derecho a obtener una respuesta que sea: (i) \u00a0oportuna, (ii) clara, \u00a0(iii) completa, \u00a0(iv) de \u00a0fondo y (v) congruente \u00a0en relaci\u00f3n con lo pedido.7 \u00a0<\/p>\n<p>Se destaca que los \u00a0dos \u00faltimos elementos expuestos implican que la respuesta \u00a0brindada se debe constituir en una verdadera soluci\u00f3n de la \u00a0petici\u00f3n formulada, sin que ello implique deba accederse a lo \u00a0solicitado.8 \u00a0<\/p>\n<p>As\u00ed \u00a0las cosas, toda autoridad destinataria de una petici\u00f3n \u00a0debidamente presentada debe tener en cuenta, por un lado, su deber de \u00a0respetar y garantizar que su respuesta satisfaga los cinco elementos \u00a0anteriormente enunciados, pues estos integran el n\u00facleo \u00a0esencial a partir del cual orbita el derecho fundamental de petici\u00f3n; \u00a0y por otro, que la respuesta brindada sea efectivamente comunicada al \u00a0peticionario. \u00a0<\/p>\n<p>Requisitos de procedibilidad de la acci\u00f3n \u00a0de tutela contra decisiones judiciales. \u00a0<\/p>\n<p>Por otra parte, como ha sido \u00a0recurrentemente recordado por esta Sala, la acci\u00f3n \u00a0constitucional de tutela es un mecanismo de protecci\u00f3n \u00a0excepcional frente a providencias judiciales, su prosperidad va \u00a0ligada al cumplimiento de estrictos requisitos de \u00a0procedibilidad que implican una carga para la parte accionante, tanto \u00a0en su planteamiento como en su demostraci\u00f3n, como lo ha \u00a0expuesto la propia Corte Constitucional. \u00a0<\/p>\n<p>Por este motivo, y como ha sido \u00a0desarrollado por la Doctrina constitucional, la acci\u00f3n de \u00a0tutela contra providencias judiciales exige: \u00a0<\/p>\n<p>\u00a0 \u00a0\u00a0 \u00a0 \u00a0 \u00a0 \u00a0 \u00a0 \u00a0 \u00a0 \u00a0 \u00a0 \u00a0 \u00a0 \u00a0 \u00a0<\/p>\n<p>a. Que la cuesti\u00f3n que se discuta resulte \u00a0 \u00a0 \u00a0 \u00a0 \u00a0 \u00a0 \u00a0 \u00a0 \u00a0de evidente relevancia constitucional. \u00a0 \u00a0<\/p>\n<p>\u00a0 \u00a0\u00a0 \u00a0 \u00a0 \u00a0 \u00a0 \u00a0 \u00a0 \u00a0 \u00a0 \u00a0 \u00a0 \u00a0 \u00a0 \u00a0<\/p>\n<p>b. Que hayan sido agotados todos los medios \u00a0 \u00a0 \u00a0 \u00a0 \u00a0 \u00a0 \u00a0 \u00a0 \u00a0-ordinarios y extraordinarios- de defensa judicial al alcance de la \u00a0 \u00a0 \u00a0 \u00a0 \u00a0 \u00a0 \u00a0 \u00a0 \u00a0persona afectada, salvo que se trate de evitar la consumaci\u00f3n \u00a0 \u00a0 \u00a0 \u00a0 \u00a0 \u00a0 \u00a0 \u00a0 \u00a0de un perjuicio iusfundamental irremediable. \u00a0 \u00a0<\/p>\n<p>\u00a0 \u00a0\u00a0 \u00a0 \u00a0 \u00a0 \u00a0 \u00a0 \u00a0 \u00a0 \u00a0 \u00a0 \u00a0 \u00a0 \u00a0 \u00a0<\/p>\n<p>c. Que se cumpla el requisito de la inmediatez, es \u00a0 \u00a0 \u00a0 \u00a0 \u00a0 \u00a0 \u00a0 \u00a0 \u00a0decir, que la tutela se hubiere interpuesto en un t\u00e9rmino \u00a0 \u00a0 \u00a0 \u00a0 \u00a0 \u00a0 \u00a0 \u00a0 \u00a0razonable y proporcionado a partir del hecho que origin\u00f3 la \u00a0 \u00a0 \u00a0 \u00a0 \u00a0 \u00a0 \u00a0 \u00a0 \u00a0vulneraci\u00f3n. \u00a0 \u00a0<\/p>\n<p>\u00a0 \u00a0\u00a0 \u00a0 \u00a0 \u00a0 \u00a0 \u00a0 \u00a0 \u00a0 \u00a0 \u00a0 \u00a0 \u00a0 \u00a0 \u00a0<\/p>\n<p>d. Cuando se trate de una irregularidad procesal, \u00a0 \u00a0 \u00a0 \u00a0 \u00a0 \u00a0 \u00a0 \u00a0 \u00a0debe quedar claro que la misma tiene un efecto decisivo o \u00a0 \u00a0 \u00a0 \u00a0 \u00a0 \u00a0 \u00a0 \u00a0 \u00a0determinante en la sentencia que se impugna y que ata\u00f1e a \u00a0 \u00a0 \u00a0 \u00a0 \u00a0 \u00a0 \u00a0 \u00a0 \u00a0los derechos fundamentales de la parte accionante. \u00a0 \u00a0<\/p>\n<p>\u00a0 \u00a0\u00a0 \u00a0 \u00a0 \u00a0 \u00a0 \u00a0 \u00a0 \u00a0 \u00a0 \u00a0 \u00a0 \u00a0 \u00a0 \u00a0<\/p>\n<p>e. Que la parte accionante identifique de manera \u00a0 \u00a0 \u00a0 \u00a0 \u00a0 \u00a0 \u00a0 \u00a0 \u00a0razonable tanto los hechos que generaron la vulneraci\u00f3n como \u00a0 \u00a0 \u00a0 \u00a0 \u00a0 \u00a0 \u00a0 \u00a0 \u00a0los derechos vulnerados y que hubiere alegado tal vulneraci\u00f3n \u00a0 \u00a0 \u00a0 \u00a0 \u00a0 \u00a0 \u00a0 \u00a0 \u00a0en el proceso judicial, siempre que esto hubiere sido posible. \u00a0 \u00a0<\/p>\n<p>\u00a0 \u00a0\u00a0 \u00a0 \u00a0 \u00a0 \u00a0 \u00a0 \u00a0 \u00a0 \u00a0 \u00a0 \u00a0 \u00a0 \u00a0 \u00a0<\/p>\n<p>f. Que la decisi\u00f3n judicial contra la cual \u00a0 \u00a0 \u00a0 \u00a0 \u00a0 \u00a0 \u00a0 \u00a0 \u00a0se formula la acci\u00f3n de tutela no se corresponda con \u00a0 \u00a0 \u00a0 \u00a0 \u00a0 \u00a0 \u00a0 \u00a0 \u00a0sentencias de tutela. \u00a0 \u00a0<\/p>\n<p>Los anteriores requisitos, no pueden \u00a0quedarse en meros enunciados, pues han sido reiterados por la Corte \u00a0Constitucional, primero en la sentencia C-590 de 2005, luego en las \u00a0decisiones T-332, T-212 y T-780 de 2006, reforzando lo dicho en la \u00a0primera de las mencionadas providencias, en el sentido que, cuando se \u00a0trata de acciones de tutela contra providencias judiciales, las \u00a0mismas solo pueden tener cabida \u00ab\u2026si \u00a0se cumplen ciertos y rigurosos requisitos de procedibilidad. Dentro \u00a0de estos pueden distinguirse unos de car\u00e1cter general, que \u00a0habilitan la interposici\u00f3n de la tutela, y otros de car\u00e1cter \u00a0espec\u00edfico, que tocan con la procedencia misma del amparo, una \u00a0vez interpuesta\u00bb. \u00a0<\/p>\n<p>En punto de las \u00a0exigencias espec\u00edficas, como fue recogido en la sentencia \u00a0C-590 de 2005, han sido establecidas las que a \u00a0continuaci\u00f3n se relacionan: \u00a0<\/p>\n<p>a. \u00a0 \u00a0 \u00a0 \u00a0Defecto \u00a0org\u00e1nico, que se presenta cuando el funcionario judicial que \u00a0profiri\u00f3 la providencia impugnada carece absolutamente de \u00a0competencia para ello. \u00a0 \u00a0 \u00a0 \u00a0 \u00a0 \u00a0<\/p>\n<p>b. Defecto procedimental absoluto, que se origina \u00a0 \u00a0 \u00a0 \u00a0 \u00a0cuando el juez actu\u00f3 completamente al margen del \u00a0 \u00a0 \u00a0 \u00a0 \u00a0procedimiento establecido.<\/p>\n<p>c. Defecto f\u00e1ctico, el cual surge cuando el \u00a0 \u00a0 \u00a0 \u00a0 \u00a0juez carece del apoyo probatorio que permita la aplicaci\u00f3n \u00a0 \u00a0 \u00a0 \u00a0 \u00a0del supuesto legal en el que se sustenta la decisi\u00f3n.<\/p>\n<p>d. Defecto material o sustantivo, como son los \u00a0 \u00a0 \u00a0 \u00a0 \u00a0casos en que se decide con base en normas inexistentes o \u00a0 \u00a0 \u00a0 \u00a0 \u00a0inconstitucionales9 \u00a0 \u00a0 \u00a0 \u00a0 \u00a0o que presentan una evidente y grosera contradicci\u00f3n entre \u00a0 \u00a0 \u00a0 \u00a0 \u00a0los fundamentos y la decisi\u00f3n;<\/p>\n<p>e. Error inducido, el cual surge cuando el juez o \u00a0 \u00a0 \u00a0 \u00a0 \u00a0tribunal fue v\u00edctima de un enga\u00f1o por parte de \u00a0 \u00a0 \u00a0 \u00a0 \u00a0terceros y ese enga\u00f1o lo condujo a la toma de una decisi\u00f3n \u00a0 \u00a0 \u00a0 \u00a0 \u00a0que afecta derechos fundamentales.<\/p>\n<p>f. Decisi\u00f3n sin motivaci\u00f3n, \u00a0 \u00a0 \u00a0 \u00a0 \u00a0que implica el incumplimiento de los funcionarios judiciales de \u00a0 \u00a0 \u00a0 \u00a0 \u00a0explicitar los fundamentos f\u00e1cticos y jur\u00eddicos de sus \u00a0 \u00a0 \u00a0 \u00a0 \u00a0decisiones, en el entendido que precisamente en esa motivaci\u00f3n \u00a0 \u00a0 \u00a0 \u00a0 \u00a0reposa la legitimidad de su \u00f3rbita funcional.<\/p>\n<p>g. Desconocimiento del \u00a0 \u00a0 \u00a0 \u00a0 \u00a0precedente, hip\u00f3tesis que se presenta, por ejemplo, \u00a0 \u00a0 \u00a0 \u00a0 \u00a0cuando la Corte Constitucional establece el alcance de un derecho \u00a0 \u00a0 \u00a0 \u00a0 \u00a0fundamental y el juez ordinario aplica una ley limitando \u00a0 \u00a0 \u00a0 \u00a0 \u00a0sustancialmente dicho alcance. En estos casos la tutela procede como \u00a0 \u00a0 \u00a0 \u00a0 \u00a0mecanismo para garantizar la eficacia jur\u00eddica del contenido \u00a0 \u00a0 \u00a0 \u00a0 \u00a0constitucionalmente vinculante del derecho fundamental vulnerado \u00a0 \u00a0 \u00a0 \u00a0 \u00a0[10].<\/p>\n<p>h. Violaci\u00f3n directa de la Constituci\u00f3n. \u00a0<\/p>\n<p>Queda entonces claro que en \u00a0atenci\u00f3n a la fuerza normativa de la cosa juzgada y al respeto \u00a0de la autonom\u00eda judicial, la acci\u00f3n consagrada en el \u00a0art\u00edculo 86 de la Constituci\u00f3n Nacional, cuando se \u00a0dirige a cuestionar una decisi\u00f3n judicial, tiene car\u00e1cter \u00a0excepcional, y su prosperidad est\u00e1 atada a que se cumplan los \u00a0requisitos de procedibilidad anteriormente enunciados. De manera que \u00a0quien acude a ella tiene la carga no s\u00f3lo respecto de su \u00a0planteamiento, sino de su demostraci\u00f3n. \u00a0<\/p>\n<p>An\u00e1lisis del caso concreto. \u00a0<\/p>\n<p>En relaci\u00f3n con la demanda \u00a0formulada por Giovanny Andr\u00e9s Arroyave, la Sala encuentra que \u00a0no hay lugar a conceder el amparo de sus derechos fundamentales, por \u00a0las siguientes razones: \u00a0<\/p>\n<p>\u00a0 \u00a0\u00a0 \u00a0 \u00a0 \u00a0 \u00a0<\/p>\n<p>1. Contrario a lo censurado por el accionante, el \u00a0 \u00a0 \u00a0 \u00a0 \u00a0Complejo Carcelario y Penitenciario de Ibagu\u00e9 -COIBA Picale\u00f1a \u00a0 \u00a0 \u00a0 \u00a0 \u00a0acredit\u00f3 que \u00a0 \u00a0 \u00a0 \u00a0 \u00a0ha resuelto todas las solicitudes formuladas y que le ha comunicado \u00a0 \u00a0 \u00a0 \u00a0 \u00a0efectivamente sus respuestas. \u00a0<\/p>\n<p>Es as\u00ed como a partir de las \u00a0pruebas aportadas se constata que inicialmente, el accionante \u00a0solicit\u00f3 le informaran porqu\u00e9 hab\u00eda sido \u00a0trasladado de patio y la vigilancia de la pena impuesta fue \u00a0reasignada a una autoridad judicial del Circuito de Ibagu\u00e9.11 \u00a0<\/p>\n<p>La autoridad le contest\u00f3 que \u00a0su traslado fue una decisi\u00f3n adoptada por la Junta de \u00a0Distribuci\u00f3n de Patios y asignaci\u00f3n de celdas, con base \u00a0en la decisi\u00f3n judicial que le revoc\u00f3 \u00a0el beneficio de la pena alternativa; y que la ejecuci\u00f3n \u00a0de la pena ordinaria es competencia del Juzgados de Ejecuci\u00f3n \u00a0de Penas y Medidas de Seguridad del Circuito. \u00a0<\/p>\n<p>Estas respuestas fueron emitidas y \u00a0comunicadas personalmente al accionante, inclusive antes que este \u00a0presentara su solicitud de amparo.12 \u00a0<\/p>\n<p>Por lo anterior, y dado que la \u00a0satisfacci\u00f3n de este derecho fundamental no \u00a0implica necesariamente la aceptaci\u00f3n de lo solicitado, no \u00a0hay lugar a conceder el amparo invocado. \u00a0<\/p>\n<p>\u00a0 \u00a0\u00a0 \u00a0 \u00a0 \u00a0 \u00a0<\/p>\n<p>2. Igual \u00a0 \u00a0 \u00a0 \u00a0 \u00a0acontece en lo que concierne a las decisiones judiciales \u00a0 \u00a0 \u00a0 \u00a0 \u00a0cuestionadas por el accionante, pues no se configuran los requisitos \u00a0 \u00a0 \u00a0 \u00a0 \u00a0de procedibilidad de la acci\u00f3n de tutela contra decisiones \u00a0 \u00a0 \u00a0 \u00a0 \u00a0judiciales. \u00a0<\/p>\n<p>\u00a0 \u00a0\u00a0 \u00a0 \u00a0 \u00a0 \u00a0 \u00a0 \u00a0 \u00a0 \u00a0 \u00a0 \u00a0 \u00a0 \u00a0 \u00a0<\/p>\n<p>1. En relaci\u00f3n con la decisiones mediante \u00a0 \u00a0 \u00a0 \u00a0 \u00a0 \u00a0 \u00a0 \u00a0 \u00a0las cuales le fue revocado el beneficio de la pena alternativa, la \u00a0 \u00a0 \u00a0 \u00a0 \u00a0 \u00a0 \u00a0 \u00a0 \u00a0Sala constata que no se configur\u00f3 ninguno de los requisitos \u00a0 \u00a0 \u00a0 \u00a0 \u00a0 \u00a0 \u00a0 \u00a0 \u00a0espec\u00edficos de procedibilidad, pues el Juzgado Penal del \u00a0 \u00a0 \u00a0 \u00a0 \u00a0 \u00a0 \u00a0 \u00a0 \u00a0Circuito con funci\u00f3n de ejecuci\u00f3n de las sentencias \u00a0 \u00a0 \u00a0 \u00a0 \u00a0 \u00a0 \u00a0 \u00a0 \u00a0para las Salas de Justicia y Paz del territorio nacional, y la Sala \u00a0 \u00a0 \u00a0 \u00a0 \u00a0 \u00a0 \u00a0 \u00a0 \u00a0de Justicia y Paz del Tribunal Superior del Distrito Judicial de \u00a0 \u00a0 \u00a0 \u00a0 \u00a0 \u00a0 \u00a0 \u00a0 \u00a0Bogot\u00e1, valoraron el caso del accionante con base en el \u00a0 \u00a0 \u00a0 \u00a0 \u00a0 \u00a0 \u00a0 \u00a0 \u00a0marco jur\u00eddico aplicable y la condena que le fue impuesta \u00a0 \u00a0 \u00a0 \u00a0 \u00a0 \u00a0 \u00a0 \u00a0 \u00a0mientras disfrutaba del beneficio de la libertad a prueba, previsto \u00a0 \u00a0 \u00a0 \u00a0 \u00a0 \u00a0 \u00a0 \u00a0 \u00a0en el art\u00edculo 29 de la Ley 975 de 2005. \u00a0 \u00a0<\/p>\n<p>Se trata de decisiones razonables, \u00a0que no tienen visos de arbitrariedad o fundamento inconstitucional, \u00a0que ser\u00edan las condiciones fundamentales para que el Juez de \u00a0tutela pueda intervenir. \u00a0<\/p>\n<p>\u00a0 \u00a0\u00a0 \u00a0 \u00a0 \u00a0 \u00a0 \u00a0 \u00a0 \u00a0 \u00a0 \u00a0 \u00a0 \u00a0 \u00a0 \u00a0<\/p>\n<p>2. Respecto \u00a0 \u00a0 \u00a0 \u00a0 \u00a0 \u00a0 \u00a0 \u00a0 \u00a0de la decisi\u00f3n que dispuso su exclusi\u00f3n del proceso \u00a0 \u00a0 \u00a0 \u00a0 \u00a0 \u00a0 \u00a0 \u00a0 \u00a0especial de Justicia y Paz, la Sala constata que no se cumple con \u00a0 \u00a0 \u00a0 \u00a0 \u00a0 \u00a0 \u00a0 \u00a0 \u00a0el requisito general de subsidiariedad, comoquiera que est\u00e1 \u00a0 \u00a0 \u00a0 \u00a0 \u00a0 \u00a0 \u00a0 \u00a0 \u00a0pendiente que se resuelva el recurso de apelaci\u00f3n que \u00a0 \u00a0 \u00a0 \u00a0 \u00a0 \u00a0 \u00a0 \u00a0 \u00a0interpuso. \u00a0 \u00a0<\/p>\n<p>As\u00ed, al revisar el estado del \u00a0expediente 110012252000201800210, se evidencia que el recurso de \u00a0apelaci\u00f3n presentado por el defensor del accionante no ha sido \u00a0resuelto.13 \u00a0<\/p>\n<p>La Sala ha precisado que la acci\u00f3n \u00a0de tutela no fue dise\u00f1ada con miras a reemplazar al juez \u00a0competente, de ah\u00ed que no sea de recibo cuando se advierte que \u00a0el accionante cuenta con otro medio judicial para invocar la \u00a0protecci\u00f3n de los derechos fundamentales que considera le han \u00a0sido vulnerados. \u00a0<\/p>\n<p>Tal exigencia, s\u00f3lo admite \u00a0excepci\u00f3n en el evento que se trate de evitar la consumaci\u00f3n \u00a0de un perjuicio irremediable, pues de no ser as\u00ed, esto es, de \u00a0asumirse la acci\u00f3n de tutela como un mecanismo de protecci\u00f3n \u00a0alternativo, se correr\u00eda el riesgo de dejar en el vac\u00edo \u00a0las competencias de las distintas autoridades judiciales y concentrar \u00a0en la jurisdicci\u00f3n constitucional todas las decisiones \u00a0inherentes a ellas, propiciando as\u00ed, un desborde institucional \u00a0en el cumplimiento de las funciones de esta \u00faltima. \u00a0<\/p>\n<p>En este caso, el \u00a0amparo tampoco procede como mecanismo transitorio de protecci\u00f3n, \u00a0pues el accionante no acredit\u00f3 la urgencia, la gravedad, la \u00a0inminencia y la impostergabilidad del amparo; y no hay elementos de \u00a0juicio para considerar que se encuentra ante un perjuicio \u00a0irremediable, porque desde el pasado 24 de mayo en el Complejo \u00a0Carcelario y Penitenciario de Ibagu\u00e9 -COIBA Picale\u00f1a \u00a0le fue asignada el desarrollo de una actividad que le permita redimir \u00a0pena. \u00a0<\/p>\n<p>Por lo expuesto, \u00a0la CORTE \u00a0SUPREMA DE JUSTICIA, SALA DE CASACI\u00d3N PENAL \u2013 EN SALA DE \u00a0DECISI\u00d3N DE ACCIONES DE TUTELA N\u00b0 1, administrando \u00a0justicia, en nombre de la Rep\u00fablica y por autoridad de la Ley, \u00a0<\/p>\n<p>RESUELVE \u00a0<\/p>\n<p>\u00a0 \u00a0\u00a0 \u00a0 \u00a0 \u00a0 \u00a0<\/p>\n<p>1. DENEGAR el amparo solicitado por Giovanny Andr\u00e9s \u00a0 \u00a0 \u00a0 \u00a0 \u00a0Arroyave contra el Complejo Carcelario y Penitenciario de Ibagu\u00e9 \u00a0 \u00a0 \u00a0 \u00a0 \u00a0-COIBA Picale\u00f1a y la Sala de Justicia y Paz del Tribunal \u00a0 \u00a0 \u00a0 \u00a0 \u00a0Superior del Distrito Judicial de Bogot\u00e1, por las razones \u00a0 \u00a0 \u00a0 \u00a0 \u00a0anotadas en precedencia. \u00a0<\/p>\n<p>\u00a0 \u00a0\u00a0 \u00a0 \u00a0 \u00a0 \u00a0<\/p>\n<p>2. NOTIFICAR a los sujetos procesales por el medio \u00a0 \u00a0 \u00a0 \u00a0 \u00a0m\u00e1s expedito el presente fallo, inform\u00e1ndoles que \u00a0 \u00a0 \u00a0 \u00a0 \u00a0puede ser impugnado dentro de los tres d\u00edas siguientes, \u00a0 \u00a0 \u00a0 \u00a0 \u00a0contados a partir de su notificaci\u00f3n. \u00a0<\/p>\n<p>\u00a0 \u00a0\u00a0 \u00a0 \u00a0 \u00a0 \u00a0<\/p>\n<p>3. Si no fuere impugnado, env\u00edese la \u00a0 \u00a0 \u00a0 \u00a0 \u00a0actuaci\u00f3n a la Corte Constitucional para su eventual \u00a0 \u00a0 \u00a0 \u00a0 \u00a0revisi\u00f3n, dentro del t\u00e9rmino indicado en el art\u00edculo \u00a0 \u00a0 \u00a0 \u00a0 \u00a031 del Decreto 2591 de 1991. \u00a0<\/p>\n<p>NOTIF\u00cdQUESE Y C\u00daMPLASE \u00a0<\/p>\n<p>JOS\u00c9 FRANCISCO ACU\u00d1A VIZCAYA \u00a0<\/p>\n<p>EUGENIO FERN\u00c1NDEZ CARLIER \u00a0<\/p>\n<p>NUBIA YOLANDA NOVA GARC\u00cdA \u00a0<\/p>\n<p>Secretaria \u00a0<\/p>\n<p>1 \u00a0 \u00a0 \u00a0 \u00a0 \u00a0Folios 2 a 8. \u00a0<\/p>\n<p>2 \u00a0 \u00a0 \u00a0 \u00a0 \u00a0Folios 9 a 14. \u00a0<\/p>\n<p>3 \u00a0 \u00a0 \u00a0 \u00a0 \u00a0Folios 21 a 23 y disco compacto. \u00a0<\/p>\n<p>4 \u00a0 \u00a0 \u00a0 \u00a0 \u00a0Folios 25 a 58. \u00a0<\/p>\n<p>5 \u00a0 \u00a0 \u00a0 \u00a0 \u00a0Folios 60 a 68. \u00a0<\/p>\n<p>6 \u00a0 \u00a0 \u00a0 \u00a0 \u00a0Folios 70 a 72. \u00a0<\/p>\n<p>7 \u00a0 \u00a0 \u00a0 \u00a0 \u00a0Cfr. CC T-692 de 2009 y C-818 \u00a0 \u00a0 \u00a0 \u00a0 \u00a0de 2011. \u00a0<\/p>\n<p>8 \u00a0 \u00a0 \u00a0 \u00a0 \u00a0Cfr. CC T-487 de \u00a0 \u00a0 \u00a0 \u00a0 \u00a02017. \u00a0<\/p>\n<p>9 \u00a0 \u00a0 \u00a0 \u00a0 \u00a0CC T-522 de 2001. \u00a0<\/p>\n<p>10 \u00a0 \u00a0 \u00a0 \u00a0 \u00a0\u00ab Cfr. \u00a0 \u00a0 \u00a0 \u00a0 \u00a0Sentencias T-462 de \u00a0 \u00a0 \u00a0 \u00a0 \u00a02003 ; SU-1184 de 2001 ; T-1625 de 2000 y T-1031 de 2001. \u00bb \u00a0<\/p>\n<p>11 \u00a0 \u00a0 \u00a0 \u00a0 \u00a0Folios 9 a 13. \u00a0<\/p>\n<p>12 \u00a0 \u00a0 \u00a0 \u00a0 \u00a0Folio 34 a 35. \u00a0<\/p>\n<p>13 \u00a0 \u00a0 \u00a0 \u00a0 \u00a0Rama Judicial, Corte Suprema de Justicia, Sala de Casaci\u00f3n \u00a0 \u00a0 \u00a0 \u00a0 \u00a0Penal. Consulta proceso\u00a0 \u00a0 \u00a0 \u00a0 \u00a011001225200020180021001. [En l\u00ednea:] \u00a0 \u00a0 \u00a0 \u00a0 \u00a0<a href=\"https:\/\/procesos.ramajudicial.gov.co\/consultaprocesos\/ConsultaJusticias21.aspx?  \">https:\/\/procesos.ramajudicial.gov.co\/consultaprocesos\/ConsultaJusticias21.aspx?  <\/a> \u00a0 \u00a0 \u00a0 \u00a0(\u00daltima consulta: 25 de junio de 2019). \u00a0 \u00a0 \u00a0<\/p>\n<p><\/p>\n","protected":false},"excerpt":{"rendered":"<p>\u00a0 \u00a0 \u00a0 \u00a0\u00a0 JOS\u00c9 FRANCISCO \u00a0ACU\u00d1A VIZCAYA \u00a0 Magistrado Ponente \u00a0 STP9297-2019 \u00a0 Radicaci\u00f3n n.\u00b0 \u00a0105041 \u00a0 (Aprobaci\u00f3n \u00a0Acta No.154 \u00a0 \u00a0 \u00a0 \u00a0) \u00a0 Bogot\u00e1 D.C., \u00a0veinticinco (25) de junio de dos mil diecinueve (2019) \u00a0 VISTOS \u00a0 Resuelve la Sala de Casaci\u00f3n \u00a0Penal de la Corte Suprema de Justicia, Sala de Decisi\u00f3n [&hellip;]<\/p>\n","protected":false},"author":1,"featured_media":0,"comment_status":"open","ping_status":"open","sticky":false,"template":"","format":"standard","meta":{"footnotes":""},"categories":[28],"tags":[],"class_list":["post-49523","post","type-post","status-publish","format-standard","hentry","category-28"],"_links":{"self":[{"href":"https:\/\/dmsjuridica.com\/buscador_20179478954\/salapenalcronologico20230723\/wp-json\/wp\/v2\/posts\/49523","targetHints":{"allow":["GET"]}}],"collection":[{"href":"https:\/\/dmsjuridica.com\/buscador_20179478954\/salapenalcronologico20230723\/wp-json\/wp\/v2\/posts"}],"about":[{"href":"https:\/\/dmsjuridica.com\/buscador_20179478954\/salapenalcronologico20230723\/wp-json\/wp\/v2\/types\/post"}],"author":[{"embeddable":true,"href":"https:\/\/dmsjuridica.com\/buscador_20179478954\/salapenalcronologico20230723\/wp-json\/wp\/v2\/users\/1"}],"replies":[{"embeddable":true,"href":"https:\/\/dmsjuridica.com\/buscador_20179478954\/salapenalcronologico20230723\/wp-json\/wp\/v2\/comments?post=49523"}],"version-history":[{"count":0,"href":"https:\/\/dmsjuridica.com\/buscador_20179478954\/salapenalcronologico20230723\/wp-json\/wp\/v2\/posts\/49523\/revisions"}],"wp:attachment":[{"href":"https:\/\/dmsjuridica.com\/buscador_20179478954\/salapenalcronologico20230723\/wp-json\/wp\/v2\/media?parent=49523"}],"wp:term":[{"taxonomy":"category","embeddable":true,"href":"https:\/\/dmsjuridica.com\/buscador_20179478954\/salapenalcronologico20230723\/wp-json\/wp\/v2\/categories?post=49523"},{"taxonomy":"post_tag","embeddable":true,"href":"https:\/\/dmsjuridica.com\/buscador_20179478954\/salapenalcronologico20230723\/wp-json\/wp\/v2\/tags?post=49523"}],"curies":[{"name":"wp","href":"https:\/\/api.w.org\/{rel}","templated":true}]}}