{"id":49266,"date":"2023-09-14T21:54:46","date_gmt":"2023-09-14T21:54:46","guid":{"rendered":"https:\/\/dmsjuridica.com\/buscador_20179478954\/salapenalcronologico20230723\/2023\/09\/14\/stp8586-2019\/"},"modified":"2023-09-14T21:54:46","modified_gmt":"2023-09-14T21:54:46","slug":"stp8586-2019","status":"publish","type":"post","link":"https:\/\/dmsjuridica.com\/buscador_20179478954\/salapenalcronologico20230723\/2023\/09\/14\/stp8586-2019\/","title":{"rendered":"STP8586-2019"},"content":{"rendered":"\n<p>\u00a0 \u00a0 \u00a0 \u00a0\u00a0<\/p>\n<p>JOS\u00c9 \u00a0FRANCISCO ACU\u00d1A VIZCAYA \u00a0<\/p>\n<p>Magistrado \u00a0Ponente \u00a0<\/p>\n<p>STP8586-2019 \u00a0<\/p>\n<p>Radicaci\u00f3n \u00a0No. 104960 \u00a0<\/p>\n<p>Acta n. \u00b0 154 \u00a0<\/p>\n<p>Bogot\u00e1. \u00a0D.C., veinticinco (25) de junio de dos mil diecinueve (2019). \u00a0<\/p>\n<p>Decide \u00a0la Sala el recurso de impugnaci\u00f3n interpuesto por Jhon \u00a0Fredy Barbosa Fuentes \u00a0contra el fallo de tutela proferido por la Sala Penal del Tribunal \u00a0Superior del Distrito Judicial de Bucaramanga el 29 de abril de 2019, \u00a0que \u00a0neg\u00f3 por improcedente el amparo constitucional interpuesto por \u00a0quien funge como recurrente contra los Juzgados \u00a0Segundo, Sexto, Octavo y Once Penal del Circuito, Juzgado Tercero de \u00a0Ejecuci\u00f3n de Penas y Medidas de Seguridad, Fiscal\u00edas \u00a0Seccionales Segunda, Quince, Dieciocho, Diecinueve, Veinticuatro, \u00a0Veinticinco, Veintisiete y Treinta y Dos, todas ellas de la ciudad de \u00a0Bucaramanga, por \u00a0la presunta vulneraci\u00f3n de los derechos fundamentales al \u00a0debido proceso, igualdad y libertad. \u00a0<\/p>\n<p>A \u00a0la presente actuaci\u00f3n se vincul\u00f3 de oficio a Carlos \u00a0Monroy en calidad de defensor p\u00fablico del accionante dentro \u00a0del proceso penal de radicado 680016000160201000698, Fiscal\u00eda \u00a0Treinta y Cinco Seccional de Bucaramanga y al Coordinador de \u00a0Procuradores Judiciales de asuntos penales de la capital del \u00a0departamento de Santander. \u00a0<\/p>\n<p>ANTECEDENTES \u00a0<\/p>\n<p>Y \u00a0<\/p>\n<p>FUNDAMENTOS \u00a0DE LA ACCI\u00d3N \u00a0<\/p>\n<p>As\u00ed \u00a0fueron sintetizados en el fallo constitucional de primera instancia1: \u00a0<\/p>\n<p>Manifest\u00f3 \u00a0el accionante que dentro de los procesos \u00a0radicados680016000160201000698\/680016000160200908200\/68001600016020110164900\/68001600014620090919100\/68001600015920100216200\/68001600016020100032300\/68001600016020100124600\/680016000160200911087\/6800160001600201006734\/68001600016020100368600 \u00a0y 680016000160201301278, que se siguieron en su contra por el delito \u00a0de falsedad en documento privado, los juzgados de conocimiento, esto \u00a0es, el Segundo, Sexto, Octavo y Once Penales del Circuito de la \u00a0ciudad de Bucaramanga, as\u00ed como el Juzgado Tercero Ejecutor \u00a0que vigila las penas, le neg\u00f3 la suspensi\u00f3n condicional \u00a0de la ejecuci\u00f3n de la pena, bajo el argumento de la existencia \u00a0de antecedentes penales, lo cual no era cierto para el momento en que \u00a0se profirieron las sentencias condenatorias correspondientes. \u00a0<\/p>\n<p>EL \u00a0FALLO IMPUGNADO \u00a0 \u00a0<\/p>\n<p>La \u00a0Sala Penal del Tribunal Superior del Distrito Judicial de \u00a0Bucaramanga, mediante decisi\u00f3n adoptada el 29 de abril del a\u00f1o \u00a0en curso, neg\u00f3 por improcedente la presente acci\u00f3n de \u00a0amparo constitucional. \u00a0<\/p>\n<p>Para \u00a0arribar a tal decisi\u00f3n, el Tribunal a \u00a0quo refiri\u00f3 \u00a0que quien ahora acciona no ejerci\u00f3 los recursos ordinarios y\/o \u00a0extraordinarios de ley contra las providencias judiciales que \u00a0cuestiona por v\u00eda constitucional, puntualizando que \u00abdentro \u00a0de las causas seguidas en los Juzgados Segundo, Sexto y Once no \u00a0interpuso recurso de apelaci\u00f3n de manera directa o a trav\u00e9s \u00a0de su apoderado. Respecto de los procesos 2009-08731 y 2007-08524, \u00a0conocidos por los Juzgados Sexto y Octavo respectivamente, si fueron \u00a0apeladas las decisiones, en la primera de las cuales se mantuvo \u00a0inc\u00f3lume la sentencia, espec\u00edficamente lo concerniente \u00a0a la suspensi\u00f3n condicional de la ejecuci\u00f3n de la pena, \u00a0sin que el interesado a trav\u00e9s de su defensa hubiese hecho uso \u00a0del recurso extraordinario de casaci\u00f3n y en la segunda, seg\u00fan \u00a0se expuso, se le concedi\u00f3 en segunda instancia el mentado \u00a0subrogado, descart\u00e1ndose respecto de esa causa, motivo para \u00a0acudir a la tutela\u00bb. \u00a0<\/p>\n<p>De igual manera, \u00a0anot\u00f3 el juez colegiado constitucional de conocimiento \u00a0primigenio que se incumpli\u00f3 el requisito de inmediatez, por \u00a0cuanto las providencias objeto de reproche constitucional se \u00a0profirieron entre 2016 y 2017 y la acci\u00f3n tuitiva se impetr\u00f3 \u00a0en el mes de abril de 2019, esto es, transcurrido al menos un (1) a\u00f1o \u00a0y cuatro (4) meses, sin que exista raz\u00f3n que justifique tal \u00a0demora, puesto que la condici\u00f3n de privado de la libertad no \u00a0impide acudir a la administraci\u00f3n de justicia. \u00a0<\/p>\n<p>LA IMPUGNACI\u00d3N \u00a0<\/p>\n<p>Inconforme \u00a0con la anterior determinaci\u00f3n, la parte actora la impugn\u00f3 \u00a0dentro del plazo legal, \u00a0elevando como pretensi\u00f3n sustancial su revocatoria, para que \u00a0en su lugar, se amparen los derechos fundamentales invocados en el \u00a0libelo tutelar. \u00a0<\/p>\n<p>Como \u00a0sustento a su recurso de impugnaci\u00f3n, en primer lugar aludi\u00f3 \u00a0respecto del fondo del asunto que para negar el subrogado penal de la \u00a0suspensi\u00f3n condicional de la ejecuci\u00f3n de la pena, las \u00a0autoridades judiciales accionadas alegaron la presencia de \u00a0antecedentes penales inexistentes, comoquiera que los supuestos \u00a0f\u00e1cticos que sirvieron de marco para el proferimiento de las \u00a0sentencias condenatorias correspondientes acaecieron con \u00a0posterioridad \u00aba \u00a0la comisi\u00f3n de los hechos ac\u00e1 juzgados\u00bb, \u00a0motivo por el cual, dichos pronunciamientos judiciales no pueden ser \u00a0considerados para analizar la procedencia del sustitutivo penal en \u00a0cita. \u00a0<\/p>\n<p>Respecto \u00a0al cumplimiento de los requisitos generales de procedibilidad de la \u00a0acci\u00f3n de tutela contra las providencias judiciales, el \u00a0opugnador manifest\u00f3 que frente a la residualidad de la acci\u00f3n \u00a0de tutela, que no interpuso los recursos de apelaciones al tener en \u00a0cuenta el t\u00e9rmino que demoraba el superior funcional en \u00a0resolverlos. Por otra parte, en lo que concierne al requisito de \u00a0inmediatez adujo que dada su condici\u00f3n de privado de la \u00a0libertad, la misma se convirti\u00f3 en una limitante para acceder \u00a0de manera m\u00e1s oportuna a la justicia constitucional, por no \u00a0tener acceso a hojas y dem\u00e1s utensilios necesarios para la \u00a0elaboraci\u00f3n del escrito. \u00a0<\/p>\n<p>En \u00a0ese orden, concluy\u00f3 el impugnante que los presupuestos \u00a0generales de procedibilidad deben pasar a segundo plano, debi\u00e9ndose \u00a0procurar la protecci\u00f3n de los derechos fundamentales \u00a0trasgredidos de manera flagrante. \u00a0<\/p>\n<p>CONSIDERACIONES \u00a0DE LA SALA \u00a0<\/p>\n<p>\u00a0 \u00a0\u00a0 \u00a0 \u00a0 \u00a0 \u00a0<\/p>\n<p>1. De \u00a0 \u00a0 \u00a0 \u00a0 \u00a0conformidad con lo normado \u00a0 \u00a0 \u00a0 \u00a0 \u00a0en el art\u00edculo 32 del Decreto 2591 de 1991, art\u00edculo \u00a0 \u00a0 \u00a0 \u00a0 \u00a01\u00ba, numeral 5\u00ba del Decreto 1983 de 2017 \u2013 \u00a0 \u00a0 \u00a0 \u00a0 \u00a0modificatorio del art\u00edculo 2.2.3.1.2.1 del Decreto 1069 de \u00a0 \u00a0 \u00a0 \u00a0 \u00a02015 \u2013, \u00a0 \u00a0 \u00a0 \u00a0 \u00a0esta Sala es competente para resolver el recurso de impugnaci\u00f3n \u00a0 \u00a0 \u00a0 \u00a0 \u00a0interpuesto por Jhon \u00a0 \u00a0 \u00a0 \u00a0 \u00a0Fredy Barbosa Fuentes \u00a0 \u00a0 \u00a0 \u00a0 \u00a0contra el fallo de tutela de primera instancia proferido por la Sala \u00a0 \u00a0 \u00a0 \u00a0 \u00a0Penal del Tribunal Superior del Distrito Judicial de Bucaramanga, \u00a0 \u00a0 \u00a0 \u00a0 \u00a0al ser su superior funcional. \u00a0<\/p>\n<p>\u00a0 \u00a0\u00a0 \u00a0 \u00a0 \u00a0 \u00a0<\/p>\n<p>2. De \u00a0 \u00a0 \u00a0 \u00a0 \u00a0conformidad con los t\u00e9rminos previstos en el l\u00edbelo \u00a0 \u00a0 \u00a0 \u00a0 \u00a0tutelar, se tiene que el problema jur\u00eddico que convoca a la \u00a0 \u00a0 \u00a0 \u00a0 \u00a0Sala consiste \u00a0 \u00a0 \u00a0 \u00a0 \u00a0en determinar si frente a las providencias condenatorias de primera \u00a0 \u00a0 \u00a0 \u00a0 \u00a0instancia proferidas por \u00a0 \u00a0 \u00a0 \u00a0 \u00a0los juzgados accionados (a excepci\u00f3n de la agencia judicial \u00a0 \u00a0 \u00a0 \u00a0 \u00a0Tercera de Ejecuci\u00f3n de Penas y Medidas de Seguridad) \u00a0 \u00a0 \u00a0 \u00a0 \u00a0dentro de los radicados \u00a0\u00a0 \u00a0 \u00a0 \u00a0 \u00a0680016000160201000698\/8001600016020110164900\/68001600014620090919100\/68001600016020100421500\/68001600015920100216200\/68001600016020100032300\/68001600016020100124600\/680016000160200911087\/6800160001600201006734\/68001600016020100368600 \u00a0 \u00a0 \u00a0 \u00a0 \u00a0y 680016000160201301278, \u00a0 \u00a0 \u00a0 \u00a0 \u00a0que negaron el subrogado penal de suspensi\u00f3n condicional de \u00a0 \u00a0 \u00a0 \u00a0 \u00a0la ejecuci\u00f3n de la pena, \u00a0 \u00a0 \u00a0 \u00a0 \u00a0se \u00a0 \u00a0 \u00a0 \u00a0 \u00a0configuran los requisitos de procedibilidad de la acci\u00f3n de \u00a0 \u00a0 \u00a0 \u00a0 \u00a0tutela contra providencias judiciales y, por ende, debe revocarse el \u00a0 \u00a0 \u00a0 \u00a0 \u00a0fallo de tutela de primera instancia y en su lugar concederse el \u00a0 \u00a0 \u00a0 \u00a0 \u00a0amparo invocado. \u00a0<\/p>\n<p>Requisitos de \u00a0procedibilidad de la acci\u00f3n de tutela contra decisiones \u00a0judiciales \u00a0<\/p>\n<p>\u00a0 \u00a0\u00a0 \u00a0 \u00a0 \u00a0 \u00a0 \u00a0 \u00a0 \u00a0 \u00a0 \u00a0 \u00a0 \u00a0 \u00a0 \u00a0<\/p>\n<p>1. El art\u00edculo \u00a0 \u00a0 \u00a0 \u00a0 \u00a0 \u00a0 \u00a0 \u00a0 \u00a086 de la Constituci\u00f3n Pol\u00edtica establece que toda \u00a0 \u00a0 \u00a0 \u00a0 \u00a0 \u00a0 \u00a0 \u00a0 \u00a0persona tiene derecho a promover acci\u00f3n de tutela ante los \u00a0 \u00a0 \u00a0 \u00a0 \u00a0 \u00a0 \u00a0 \u00a0 \u00a0jueces con miras a obtener la protecci\u00f3n inmediata de sus \u00a0 \u00a0 \u00a0 \u00a0 \u00a0 \u00a0 \u00a0 \u00a0 \u00a0garant\u00edas fundamentales, cuando por acci\u00f3n u omisi\u00f3n \u00a0 \u00a0 \u00a0 \u00a0 \u00a0 \u00a0 \u00a0 \u00a0 \u00a0le sean vulnerados o amenazados por cualquier autoridad p\u00fablica \u00a0 \u00a0 \u00a0 \u00a0 \u00a0 \u00a0 \u00a0 \u00a0 \u00a0o por particulares en los casos expresamente previstos en la ley, \u00a0 \u00a0 \u00a0 \u00a0 \u00a0 \u00a0 \u00a0 \u00a0 \u00a0siempre que no haya otro medio de defensa judicial, o existiendo, \u00a0 \u00a0 \u00a0 \u00a0 \u00a0 \u00a0 \u00a0 \u00a0 \u00a0cuando la tutela se utilice de forma transitoria para evitar la \u00a0 \u00a0 \u00a0 \u00a0 \u00a0 \u00a0 \u00a0 \u00a0 \u00a0materializaci\u00f3n de un perjuicio irremediable. \u00a0 \u00a0<\/p>\n<p>Ha \u00a0precisado la Sala que las caracter\u00edsticas de subsidiariedad y \u00a0residualidad que son predicables de la acci\u00f3n de tutela, \u00a0aparejan como consecuencia que no pueda acudirse a tal mecanismo \u00a0excepcional de amparo para lograr la intervenci\u00f3n del juez \u00a0constitucional en procesos en tr\u00e1mite, porque ello a m\u00e1s \u00a0de desnaturalizar su esencia, socava postulados constitucionales como \u00a0la independencia y la autonom\u00eda funcionales que rigen la \u00a0actividad de la Rama Judicial al tenor de la preceptiva contenida en \u00a0el art\u00edculo 228 de la Carta Pol\u00edtica. \u00a0<\/p>\n<p>\u00a0 \u00a0\u00a0 \u00a0 \u00a0 \u00a0 \u00a0 \u00a0 \u00a0 \u00a0 \u00a0 \u00a0 \u00a0 \u00a0 \u00a0 \u00a0<\/p>\n<p>2. En \u00a0 \u00a0 \u00a0 \u00a0 \u00a0 \u00a0 \u00a0 \u00a0 \u00a0trat\u00e1ndose de la procedencia de la acci\u00f3n de tutela \u00a0 \u00a0 \u00a0 \u00a0 \u00a0 \u00a0 \u00a0 \u00a0 \u00a0para cuestionar \u00a0 \u00a0 \u00a0 \u00a0 \u00a0 \u00a0 \u00a0 \u00a0 \u00a0decisiones judiciales, salvo que comporten v\u00edas de hecho, la \u00a0 \u00a0 \u00a0 \u00a0 \u00a0 \u00a0 \u00a0 \u00a0 \u00a0acci\u00f3n es improcedente, porque su finalidad no es la de \u00a0 \u00a0 \u00a0 \u00a0 \u00a0 \u00a0 \u00a0 \u00a0 \u00a0revivir oportunidades o momentos procesales culminados, reponer \u00a0 \u00a0 \u00a0 \u00a0 \u00a0 \u00a0 \u00a0 \u00a0 \u00a0t\u00e9rminos de ejecutoria que permitan la impugnaci\u00f3n de \u00a0 \u00a0 \u00a0 \u00a0 \u00a0 \u00a0 \u00a0 \u00a0 \u00a0las decisiones, y tampoco constituirse en el escenario donde puedan \u00a0 \u00a0 \u00a0 \u00a0 \u00a0 \u00a0 \u00a0 \u00a0 \u00a0efectuarse valoraciones probatorias diferentes a la que realiz\u00f3 \u00a0 \u00a0 \u00a0 \u00a0 \u00a0 \u00a0 \u00a0 \u00a0 \u00a0el juez de conocimiento, a quien corresponde hacer esa labor de \u00a0 \u00a0 \u00a0 \u00a0 \u00a0 \u00a0 \u00a0 \u00a0 \u00a0acuerdo con la competencia que le asigna la ley. \u00a0 \u00a0<\/p>\n<p>Si \u00a0as\u00ed fuera, \u00a0ha dicho la Corte, el recurso de amparo, instrumento de defensa de \u00a0derechos fundamentales, trocar\u00eda en medio adverso a la \u00a0seguridad jur\u00eddica y a la estabilidad social. Por estas \u00a0razones el juez de tutela debe respetar las competencias regladas \u00a0atribuidas a otras autoridades, sin afectar su autonom\u00eda. \u00a0<\/p>\n<p>\u00a0 \u00a0\u00a0 \u00a0 \u00a0 \u00a0 \u00a0 \u00a0 \u00a0 \u00a0 \u00a0 \u00a0 \u00a0 \u00a0 \u00a0 \u00a0<\/p>\n<p>3. Como \u00a0 \u00a0 \u00a0 \u00a0 \u00a0 \u00a0 \u00a0 \u00a0 \u00a0ha sido recurrentemente recordado por esta Sala, la acci\u00f3n \u00a0 \u00a0 \u00a0 \u00a0 \u00a0 \u00a0 \u00a0 \u00a0 \u00a0constitucional de tutela es un mecanismo de protecci\u00f3n \u00a0 \u00a0 \u00a0 \u00a0 \u00a0 \u00a0 \u00a0 \u00a0 \u00a0excepcional frente a providencias judiciales, su prosperidad va \u00a0 \u00a0 \u00a0 \u00a0 \u00a0 \u00a0 \u00a0 \u00a0 \u00a0ligada al cumplimiento de estrictos requisitos \u00a0 \u00a0 \u00a0 \u00a0 \u00a0 \u00a0 \u00a0 \u00a0 \u00a0de \u00a0 \u00a0 \u00a0 \u00a0 \u00a0 \u00a0 \u00a0 \u00a0 \u00a0procedibilidad que implican una carga para el accionante, tanto en \u00a0 \u00a0 \u00a0 \u00a0 \u00a0 \u00a0 \u00a0 \u00a0 \u00a0su planteamiento como en su demostraci\u00f3n, como lo ha \u00a0 \u00a0 \u00a0 \u00a0 \u00a0 \u00a0 \u00a0 \u00a0 \u00a0expuesto la propia Corte Constitucional2. \u00a0 \u00a0<\/p>\n<p>Por este motivo, y \u00a0como ha sido desarrollado por la jurisprudencia constitucional, la \u00a0acci\u00f3n de tutela contra providencias judiciales exige: \u00a0<\/p>\n<p>a. Que la cuesti\u00f3n \u00a0que se discuta resulte de evidente relevancia constitucional. \u00a0<\/p>\n<p>b. \u00a0Que \u00a0hayan sido agotados todos los medios -ordinarios y extraordinarios- \u00a0de defensa judicial al alcance de la persona afectada, salvo que se \u00a0trate de evitar la consumaci\u00f3n de un perjuicio iusfundamental \u00a0irremediable. \u00a0<\/p>\n<p>c. \u00a0Que \u00a0se cumpla el requisito de la inmediatez, es decir, que la tutela se \u00a0hubiere interpuesto en un t\u00e9rmino razonable y proporcionado a \u00a0partir del hecho que origin\u00f3 la vulneraci\u00f3n. \u00a0<\/p>\n<p>d. Cuando se trate \u00a0de una irregularidad procesal, debe quedar claro que la misma tiene \u00a0un efecto decisivo o determinante en la sentencia que se impugna y \u00a0que ata\u00f1e a los derechos fundamentales del accionante. \u00a0<\/p>\n<p>e. \u00a0Que \u00a0el accionante identifique de manera razonable tanto los hechos que \u00a0generaron la vulneraci\u00f3n como los derechos vulnerados y que \u00a0hubiere alegado tal vulneraci\u00f3n en el proceso judicial, \u00a0siempre que esto hubiere sido posible. \u00a0<\/p>\n<p>f. \u00a0Que \u00a0la decisi\u00f3n judicial contra la cual se formula la acci\u00f3n \u00a0de tutela no se corresponda con sentencias de tutela. \u00a0<\/p>\n<p>Los \u00a0anteriores requisitos, no pueden quedarse en meros enunciados, pues \u00a0han sido reiterados por la Corte Constitucional, primero en la \u00a0sentencia C-590 \u00a0de 2005, luego en las decisiones T-332, T-212 y T-780 de 2006, \u00a0reforzando lo dicho en la primera de las mencionadas providencias, en \u00a0el sentido que, cuando se trata \u00a0de acciones de tutela contra providencias judiciales, las mismas solo \u00a0pueden tener cabida \u00ab\u2026si \u00a0se cumplen ciertos y rigurosos requisitos de procedibilidad. Dentro \u00a0de estos pueden distinguirse unos de car\u00e1cter general, que \u00a0habilitan la interposici\u00f3n de la tutela, y otros de car\u00e1cter \u00a0espec\u00edfico, que tocan con la procedencia misma del amparo, una \u00a0vez interpuesta\u00bb \u00a0(Textual). \u00a0<\/p>\n<p>En punto de las \u00a0exigencias espec\u00edficas, como fue recogido en la sentencia \u00a0C-590 de 2005, han sido establecidas las que a continuaci\u00f3n se \u00a0relacionan: \u00a0<\/p>\n<p>a. \u00a0 \u00a0 \u00a0 \u00a0Defecto org\u00e1nico, \u00a0que se presenta cuando el funcionario judicial que profiri\u00f3 la \u00a0providencia impugnada carece absolutamente de competencia para ello. \u00a0 \u00a0 \u00a0 \u00a0 \u00a0 \u00a0<\/p>\n<p>2. Defecto procedimental absoluto, que se origina cuando el juez actu\u00f3 \u00a0 \u00a0 \u00a0 \u00a0 \u00a0completamente al margen del procedimiento establecido.<\/p>\n<p>3. Defecto f\u00e1ctico, el cual surge cuando el juez carece del \u00a0 \u00a0 \u00a0 \u00a0 \u00a0apoyo probatorio que permita la aplicaci\u00f3n del supuesto legal \u00a0 \u00a0 \u00a0 \u00a0 \u00a0en el que se sustenta la decisi\u00f3n.<\/p>\n<p>4. Defecto \u00a0 \u00a0 \u00a0 \u00a0 \u00a0material o sustantivo, como son los casos en que se decide con base \u00a0 \u00a0 \u00a0 \u00a0 \u00a0en normas inexistentes o inconstitucionales3 \u00a0 \u00a0 \u00a0 \u00a0 \u00a0o que presentan una evidente y grosera contradicci\u00f3n entre \u00a0 \u00a0 \u00a0 \u00a0 \u00a0los fundamentos y la decisi\u00f3n;<\/p>\n<p>5. Error inducido, el cual surge cuando el juez o tribunal fue v\u00edctima \u00a0 \u00a0 \u00a0 \u00a0 \u00a0de un enga\u00f1o por parte de terceros y ese enga\u00f1o lo \u00a0 \u00a0 \u00a0 \u00a0 \u00a0condujo a la toma de una decisi\u00f3n que afecta derechos \u00a0 \u00a0 \u00a0 \u00a0 \u00a0fundamentales.<\/p>\n<p>6. Decisi\u00f3n \u00a0 \u00a0 \u00a0 \u00a0 \u00a0sin motivaci\u00f3n, \u00a0 \u00a0 \u00a0 \u00a0 \u00a0que implica el incumplimiento de los funcionarios judiciales de \u00a0 \u00a0 \u00a0 \u00a0 \u00a0explicitar los fundamentos f\u00e1cticos y jur\u00eddicos de sus \u00a0 \u00a0 \u00a0 \u00a0 \u00a0decisiones, en el entendido que precisamente en esa motivaci\u00f3n \u00a0 \u00a0 \u00a0 \u00a0 \u00a0reposa la legitimidad de su \u00f3rbita funcional.<\/p>\n<p>7. Desconocimiento \u00a0 \u00a0 \u00a0 \u00a0 \u00a0del precedente, hip\u00f3tesis que se presenta, por ejemplo, \u00a0 \u00a0 \u00a0 \u00a0 \u00a0cuando la Corte Constitucional establece el alcance de un derecho \u00a0 \u00a0 \u00a0 \u00a0 \u00a0fundamental y el juez ordinario aplica una ley limitando \u00a0 \u00a0 \u00a0 \u00a0 \u00a0sustancialmente dicho alcance. En estos casos la tutela procede como \u00a0 \u00a0 \u00a0 \u00a0 \u00a0mecanismo para garantizar la eficacia jur\u00eddica del contenido \u00a0 \u00a0 \u00a0 \u00a0 \u00a0constitucionalmente vinculante del derecho fundamental vulnerado \u00a0 \u00a0 \u00a0 \u00a0 \u00a0[4].<\/p>\n<p>8. Violaci\u00f3n directa de la Constituci\u00f3n. \u00a0 \u00a0 \u00a0 \u00a0 \u00a0(Textual). \u00a0<\/p>\n<p>Queda \u00a0entonces claro que en \u00a0atenci\u00f3n a la fuerza normativa de la cosa juzgada y al respeto \u00a0de la autonom\u00eda judicial, la acci\u00f3n consagrada en el \u00a0art\u00edculo 86 de la Constituci\u00f3n Nacional, cuando se \u00a0dirige a cuestionar una decisi\u00f3n judicial, tiene car\u00e1cter \u00a0excepcional, y su prosperidad est\u00e1 atada a que se cumplan los \u00a0requisitos de procedibilidad anteriormente enunciados. De manera que \u00a0quien acude a ella tiene la carga no s\u00f3lo respecto de su \u00a0planteamiento, sino de su demostraci\u00f3n. \u00a0<\/p>\n<p>An\u00e1lisis \u00a0del caso concreto. \u00a0<\/p>\n<p>\u00a0 \u00a0\u00a0 \u00a0 \u00a0 \u00a0 \u00a0<\/p>\n<p>1. En \u00a0 \u00a0 \u00a0 \u00a0 \u00a0el presente caso se encuentra \u00a0 \u00a0 \u00a0 \u00a0 \u00a0que la censura constitucional propuesta por la parte actora se \u00a0 \u00a0 \u00a0 \u00a0 \u00a0dirige contra las decisiones judiciales proferidas dentro de los \u00a0 \u00a0 \u00a0 \u00a0 \u00a0procesos penales atr\u00e1s referenciados, mediante las cuales se \u00a0 \u00a0 \u00a0 \u00a0 \u00a0neg\u00f3 la concesi\u00f3n del subrogado penal de la suspensi\u00f3n \u00a0 \u00a0 \u00a0 \u00a0 \u00a0condicional de la ejecuci\u00f3n de la pena, entre otros, por \u00a0 \u00a0 \u00a0 \u00a0 \u00a0cuanto, a su criterio, los antecedentes penales que sustentaron la \u00a0 \u00a0 \u00a0 \u00a0 \u00a0decisiones adversas a sus intereses son inexistentes. \u00a0<\/p>\n<p>\u00a0 \u00a0\u00a0 \u00a0 \u00a0 \u00a0 \u00a0<\/p>\n<p>2. En \u00a0 \u00a0 \u00a0 \u00a0 \u00a0el caso bajo examen, a partir del marco jur\u00eddico presentado y \u00a0 \u00a0 \u00a0 \u00a0 \u00a0la revisi\u00f3n de las pruebas obrantes en el plenario, refulge \u00a0 \u00a0 \u00a0 \u00a0 \u00a0con claridad para la Sala que la solicitud de amparo, no cumple con \u00a0 \u00a0 \u00a0 \u00a0 \u00a0los siguientes requisitos generales de procedibilidad: i) \u00abque \u00a0 \u00a0 \u00a0 \u00a0 \u00a0la tutela se hubiere interpuesto en un t\u00e9rmino razonable y \u00a0 \u00a0 \u00a0 \u00a0 \u00a0proporcionado a partir del hecho que origin\u00f3 la vulneraci\u00f3n\u00bb \u00a0 \u00a0 \u00a0 \u00a0 \u00a0y, ii) \u00abque hayan sido \u00a0 \u00a0 \u00a0 \u00a0 \u00a0agotados todos los medios -ordinarios y extraordinarios- de defensa \u00a0 \u00a0 \u00a0 \u00a0 \u00a0judicial al alcance de la persona afectada, salvo que se trate de \u00a0 \u00a0 \u00a0 \u00a0 \u00a0evitar la consumaci\u00f3n de un perjuicio iusfundamental \u00a0 \u00a0 \u00a0 \u00a0 \u00a0irremediable\u00bb, siendo estas las \u00a0 \u00a0 \u00a0 \u00a0 \u00a0razones de la premisa conclusiva aqu\u00ed vertida. \u00a0<\/p>\n<p>\u00a0 \u00a0\u00a0 \u00a0 \u00a0 \u00a0 \u00a0 \u00a0 \u00a0 \u00a0 \u00a0 \u00a0 \u00a0 \u00a0 \u00a0 \u00a0<\/p>\n<p>1. Del \u00a0 \u00a0 \u00a0 \u00a0 \u00a0 \u00a0 \u00a0 \u00a0 \u00a0principio de inmediatez. \u00a0 \u00a0<\/p>\n<p>Respecto \u00a0de esta tem\u00e1tica, ha de se\u00f1alarse que cuando \u00a0la acci\u00f3n de tutela se formula contra decisiones judiciales, \u00a0la Corte Constitucional mediante la sentencia T-328 de 2010 determin\u00f3 \u00a0que el plazo razonable se determina a partir de las particularidades \u00a0de cada caso, de manera que \u00abEn \u00a0algunos casos, seis (6) meses podr\u00edan resultar suficientes \u00a0para declarar la tutela improcedente; pero, en otros eventos, un \u00a0t\u00e9rmino de 2 a\u00f1os se podr\u00eda considerar razonable \u00a0para ejercer la acci\u00f3n de tutela\u2026\u00bb. \u00a0<\/p>\n<p>Como \u00a0ha sido recordado por esta Sala, la jurisprudencia ha trazado unas \u00a0reglas para determinar si la acci\u00f3n de tutela presentada \u00a0cumple con el requisito de inmediatez, las cuales fueron recogidas \u00a0por la Corte Constitucional mediante la sentencia T-243 de 2008: \u00a0<\/p>\n<p>Ahora bien, \u00bfcu\u00e1les factores deben ser tenidos en \u00a0cuenta para determinar la razonabilidad del lapso? La Corte ha \u00a0establecido, cuando menos, cuatro de ellos: (i) si existe un motivo \u00a0v\u00e1lido para la inactividad de los accionantes; (ii) si la \u00a0inactividad justificada vulnera el n\u00facleo esencial de los \u00a0derechos de terceros afectados con la decisi\u00f3n; (iii) si \u00a0existe un nexo causal entre el ejercicio tard\u00edo de la acci\u00f3n \u00a0y la vulneraci\u00f3n de los derechos fundamentales del interesado; \u00a0(iv) si el fundamento de la acci\u00f3n de tutela surgi\u00f3 \u00a0despu\u00e9s de acaecida la actuaci\u00f3n violatoria de los \u00a0derechos fundamentales, de cualquier forma en un plazo no muy alejado \u00a0de la fecha de interposici\u00f3n. \u00a0<\/p>\n<p>En \u00a0el presente caso, para tener mayor ilustraci\u00f3n sobre las \u00a0fechas de expedici\u00f3n de cada una de las providencias que se \u00a0censuran por el canal supra \u00a0legal, que servir\u00e1n de par\u00e1metro para determinar la \u00a0razonabilidad del plazo de interposici\u00f3n de la acci\u00f3n \u00a0tuitiva, aquellas fueron condensadas en la siguiente tabla: \u00a0<\/p>\n<p>\u00a0 \u00a0\u00a0 \u00a0 \u00a0 \u00a0 \u00a0 \u00a0 \u00a0 \u00a0 \u00a0 \u00a0 \u00a0 \u00a0 \u00a0 \u00a0 \u00a0 \u00a0 \u00a0 \u00a0 \u00a0 \u00a0 \u00a0 \u00a0 \u00a0 \u00a0 \u00a0 \u00a0 \u00a0 \u00a0 \u00a0 \u00a0<\/p>\n<p>Radicado \u00a0 \u00a0 \u00a0 \u00a0 \u00a0 \u00a0 \u00a0 \u00a0 \u00a0 \u00a0 \u00a0 \u00a0 \u00a0 \u00a0 \u00a0 \u00a0 \u00a0 \u00a0 \u00a0 \u00a0 \u00a0 \u00a0 \u00a0 \u00a0 \u00a0 \u00a0 \u00a0 \u00a0 \u00a0 \u00a0 \u00a0 \u00a0 \u00a0 \u00a0 \u00a0<\/p>\n<p>Decisi\u00f3n \u00a0 \u00a0 \u00a0 \u00a0 \u00a0 \u00a0 \u00a0 \u00a0 \u00a0 \u00a0 \u00a0 \u00a0 \u00a0de primera instancia \u00a0 \u00a0 \u00a0 \u00a0 \u00a0 \u00a0 \u00a0 \u00a0 \u00a0 \u00a0 \u00a0 \u00a0 \u00a0 \u00a0 \u00a0 \u00a0 \u00a0 \u00a0 \u00a0 \u00a0 \u00a0 \u00a0 \u00a0 \u00a0 \u00a0 \u00a0 \u00a0 \u00a0 \u00a0 \u00a0 \u00a0 \u00a0 \u00a0 \u00a0 \u00a0<\/p>\n<p>Autoridad \u00a0 \u00a0 \u00a0 \u00a0 \u00a0 \u00a0 \u00a0 \u00a0 \u00a0 \u00a0 \u00a0 \u00a0 \u00a0Judicial \u00a0 \u00a0 \u00a0 \u00a0 \u00a0 \u00a0 \u00a0 \u00a0 \u00a0 \u00a0 \u00a0 \u00a0 \u00a0 \u00a0 \u00a0 \u00a0 \u00a0 \u00a0 \u00a0 \u00a0 \u00a0 \u00a0 \u00a0 \u00a0 \u00a0 \u00a0 \u00a0 \u00a0 \u00a0 \u00a0 \u00a0 \u00a0 \u00a0 \u00a0 \u00a0<\/p>\n<p>Segunda \u00a0 \u00a0 \u00a0 \u00a0 \u00a0 \u00a0 \u00a0 \u00a0 \u00a0 \u00a0 \u00a0 \u00a0 \u00a0Instancia \u00a0 \u00a0 \u00a0 \u00a0 \u00a0 \u00a0 \u00a0 \u00a0 \u00a0 \u00a0 \u00a0 \u00a0 \u00a0 \u00a0 \u00a0 \u00a0 \u00a0 \u00a0 \u00a0 \u00a0 \u00a0 \u00a0 \u00a0 \u00a0 \u00a0 \u00a0 \u00a0 \u00a0 \u00a0 \u00a0 \u00a0 \u00a0 \u00a0 \u00a0 \u00a0<\/p>\n<p>Decisi\u00f3n \u00a0 \u00a0 \u00a0 \u00a0 \u00a0 \u00a0 \u00a0 \u00a0 \u00a0 \u00a0 \u00a0 \u00a0 \u00a0de segunda instancia \u00a0 \u00a0 \u00a0 \u00a0 \u00a0<\/p>\n<p>680016000160201000698 \u00a0 \u00a0 \u00a0 \u00a0 \u00a0 \u00a0 \u00a0 \u00a0 \u00a0 \u00a0 \u00a0 \u00a0 \u00a0 \u00a0 \u00a0 \u00a0 \u00a0 \u00a0 \u00a0 \u00a0 \u00a0 \u00a0 \u00a0 \u00a0 \u00a0 \u00a0 \u00a0 \u00a0 \u00a0 \u00a0 \u00a0 \u00a0 \u00a0 \u00a0 \u00a0<\/p>\n<p>9 de febrero de \u00a0 \u00a0 \u00a0 \u00a0 \u00a0 \u00a0 \u00a0 \u00a0 \u00a0 \u00a0 \u00a0 \u00a0 \u00a02016 \u00a0 \u00a0 \u00a0 \u00a0 \u00a0 \u00a0 \u00a0 \u00a0 \u00a0 \u00a0 \u00a0 \u00a0 \u00a0 \u00a0 \u00a0 \u00a0 \u00a0 \u00a0 \u00a0 \u00a0 \u00a0 \u00a0 \u00a0 \u00a0 \u00a0 \u00a0 \u00a0 \u00a0 \u00a0 \u00a0 \u00a0 \u00a0 \u00a0 \u00a0 \u00a0<\/p>\n<p>Juzgado 11 \u00a0 \u00a0 \u00a0 \u00a0 \u00a0 \u00a0 \u00a0 \u00a0 \u00a0 \u00a0 \u00a0 \u00a0 \u00a0Penal del Circuito de Bucaramanga \u00a0 \u00a0 \u00a0 \u00a0 \u00a0 \u00a0 \u00a0 \u00a0 \u00a0 \u00a0 \u00a0 \u00a0 \u00a0 \u00a0 \u00a0 \u00a0 \u00a0 \u00a0 \u00a0 \u00a0 \u00a0 \u00a0 \u00a0 \u00a0 \u00a0 \u00a0 \u00a0 \u00a0 \u00a0 \u00a0 \u00a0 \u00a0 \u00a0 \u00a0 \u00a0<\/p>\n<p>No interpuso \u00a0 \u00a0 \u00a0 \u00a0 \u00a0 \u00a0 \u00a0 \u00a0 \u00a0 \u00a0 \u00a0 \u00a0 \u00a0recursos \u00a0 \u00a0 \u00a0 \u00a0 \u00a0<\/p>\n<p>68001600016020110164900 \u00a0 \u00a0 \u00a0 \u00a0 \u00a0 \u00a0 \u00a0 \u00a0 \u00a0 \u00a0 \u00a0 \u00a0 \u00a0 \u00a0 \u00a0 \u00a0 \u00a0 \u00a0 \u00a0 \u00a0 \u00a0 \u00a0 \u00a0 \u00a0 \u00a0 \u00a0 \u00a0 \u00a0 \u00a0 \u00a0 \u00a0 \u00a0 \u00a0 \u00a0 \u00a0<\/p>\n<p>18 de agosto de \u00a0 \u00a0 \u00a0 \u00a0 \u00a0 \u00a0 \u00a0 \u00a0 \u00a0 \u00a0 \u00a0 \u00a0 \u00a02016 \u00a0 \u00a0 \u00a0 \u00a0 \u00a0 \u00a0 \u00a0 \u00a0 \u00a0 \u00a0 \u00a0 \u00a0 \u00a0 \u00a0 \u00a0 \u00a0 \u00a0 \u00a0 \u00a0 \u00a0 \u00a0 \u00a0 \u00a0 \u00a0 \u00a0 \u00a0 \u00a0 \u00a0 \u00a0 \u00a0 \u00a0 \u00a0 \u00a0 \u00a0 \u00a0<\/p>\n<p>Juzgado 11 \u00a0 \u00a0 \u00a0 \u00a0 \u00a0 \u00a0 \u00a0 \u00a0 \u00a0 \u00a0 \u00a0 \u00a0 \u00a0Penal del Circuito de Bucaramanga \u00a0 \u00a0 \u00a0 \u00a0 \u00a0 \u00a0 \u00a0 \u00a0 \u00a0 \u00a0 \u00a0 \u00a0 \u00a0 \u00a0 \u00a0 \u00a0 \u00a0 \u00a0 \u00a0 \u00a0 \u00a0 \u00a0 \u00a0 \u00a0 \u00a0 \u00a0 \u00a0 \u00a0 \u00a0 \u00a0 \u00a0 \u00a0 \u00a0 \u00a0 \u00a0<\/p>\n<p>No interpuso \u00a0 \u00a0 \u00a0 \u00a0 \u00a0 \u00a0 \u00a0 \u00a0 \u00a0 \u00a0 \u00a0 \u00a0 \u00a0recursos \u00a0 \u00a0 \u00a0 \u00a0 \u00a0<\/p>\n<p>68001600014620090919100 \u00a0 \u00a0 \u00a0 \u00a0 \u00a0 \u00a0 \u00a0 \u00a0 \u00a0 \u00a0 \u00a0 \u00a0 \u00a0 \u00a0 \u00a0 \u00a0 \u00a0 \u00a0 \u00a0 \u00a0 \u00a0 \u00a0 \u00a0 \u00a0 \u00a0 \u00a0 \u00a0 \u00a0 \u00a0 \u00a0 \u00a0 \u00a0 \u00a0 \u00a0 \u00a0<\/p>\n<p>28 de noviembre \u00a0 \u00a0 \u00a0 \u00a0 \u00a0 \u00a0 \u00a0 \u00a0 \u00a0 \u00a0 \u00a0 \u00a0 \u00a0de 2016 \u00a0 \u00a0 \u00a0 \u00a0 \u00a0 \u00a0 \u00a0 \u00a0 \u00a0 \u00a0 \u00a0 \u00a0 \u00a0 \u00a0 \u00a0 \u00a0 \u00a0 \u00a0 \u00a0 \u00a0 \u00a0 \u00a0 \u00a0 \u00a0 \u00a0 \u00a0 \u00a0 \u00a0 \u00a0 \u00a0 \u00a0 \u00a0 \u00a0 \u00a0 \u00a0<\/p>\n<p>Juzgado 8 Penal \u00a0 \u00a0 \u00a0 \u00a0 \u00a0 \u00a0 \u00a0 \u00a0 \u00a0 \u00a0 \u00a0 \u00a0 \u00a0del Circuito de Bucaramanga \u00a0 \u00a0 \u00a0 \u00a0 \u00a0 \u00a0 \u00a0 \u00a0 \u00a0 \u00a0 \u00a0 \u00a0 \u00a0 \u00a0 \u00a0 \u00a0 \u00a0 \u00a0 \u00a0 \u00a0 \u00a0 \u00a0 \u00a0 \u00a0 \u00a0 \u00a0 \u00a0 \u00a0 \u00a0 \u00a0 \u00a0 \u00a0 \u00a0 \u00a0 \u00a0<\/p>\n<p>No interpuso \u00a0 \u00a0 \u00a0 \u00a0 \u00a0 \u00a0 \u00a0 \u00a0 \u00a0 \u00a0 \u00a0 \u00a0 \u00a0recursos \u00a0 \u00a0 \u00a0 \u00a0 \u00a0<\/p>\n<p>68001600016020100421500 \u00a0 \u00a0 \u00a0 \u00a0 \u00a0 \u00a0 \u00a0 \u00a0 \u00a0 \u00a0 \u00a0 \u00a0 \u00a0 \u00a0 \u00a0 \u00a0 \u00a0 \u00a0 \u00a0 \u00a0 \u00a0 \u00a0 \u00a0 \u00a0 \u00a0 \u00a0 \u00a0 \u00a0 \u00a0 \u00a0 \u00a0 \u00a0 \u00a0 \u00a0 \u00a0<\/p>\n<p>13 de diciembre \u00a0 \u00a0 \u00a0 \u00a0 \u00a0 \u00a0 \u00a0 \u00a0 \u00a0 \u00a0 \u00a0 \u00a0 \u00a0de 2016 \u00a0 \u00a0 \u00a0 \u00a0 \u00a0 \u00a0 \u00a0 \u00a0 \u00a0 \u00a0 \u00a0 \u00a0 \u00a0 \u00a0 \u00a0 \u00a0 \u00a0 \u00a0 \u00a0 \u00a0 \u00a0 \u00a0 \u00a0 \u00a0 \u00a0 \u00a0 \u00a0 \u00a0 \u00a0 \u00a0 \u00a0 \u00a0 \u00a0 \u00a0 \u00a0<\/p>\n<p>Juzgado 2 Penal \u00a0 \u00a0 \u00a0 \u00a0 \u00a0 \u00a0 \u00a0 \u00a0 \u00a0 \u00a0 \u00a0 \u00a0 \u00a0del Circuito de Bucaramanga \u00a0 \u00a0 \u00a0 \u00a0 \u00a0 \u00a0 \u00a0 \u00a0 \u00a0 \u00a0 \u00a0 \u00a0 \u00a0 \u00a0 \u00a0 \u00a0 \u00a0 \u00a0 \u00a0 \u00a0 \u00a0 \u00a0 \u00a0 \u00a0 \u00a0 \u00a0 \u00a0 \u00a0 \u00a0 \u00a0 \u00a0 \u00a0 \u00a0 \u00a0 \u00a0<\/p>\n<p>No interpuso \u00a0 \u00a0 \u00a0 \u00a0 \u00a0 \u00a0 \u00a0 \u00a0 \u00a0 \u00a0 \u00a0 \u00a0 \u00a0recursos \u00a0 \u00a0 \u00a0 \u00a0 \u00a0<\/p>\n<p>68001600015920100216200 \u00a0 \u00a0 \u00a0 \u00a0 \u00a0 \u00a0 \u00a0 \u00a0 \u00a0 \u00a0 \u00a0 \u00a0 \u00a0 \u00a0 \u00a0 \u00a0 \u00a0 \u00a0 \u00a0 \u00a0 \u00a0 \u00a0 \u00a0 \u00a0 \u00a0 \u00a0 \u00a0 \u00a0 \u00a0 \u00a0 \u00a0 \u00a0 \u00a0 \u00a0 \u00a0<\/p>\n<p>9 de febrero de \u00a0 \u00a0 \u00a0 \u00a0 \u00a0 \u00a0 \u00a0 \u00a0 \u00a0 \u00a0 \u00a0 \u00a0 \u00a02017 \u00a0 \u00a0 \u00a0 \u00a0 \u00a0 \u00a0 \u00a0 \u00a0 \u00a0 \u00a0 \u00a0 \u00a0 \u00a0 \u00a0 \u00a0 \u00a0 \u00a0 \u00a0 \u00a0 \u00a0 \u00a0 \u00a0 \u00a0 \u00a0 \u00a0 \u00a0 \u00a0 \u00a0 \u00a0 \u00a0 \u00a0 \u00a0 \u00a0 \u00a0 \u00a0<\/p>\n<p>Juzgado 11 \u00a0 \u00a0 \u00a0 \u00a0 \u00a0 \u00a0 \u00a0 \u00a0 \u00a0 \u00a0 \u00a0 \u00a0 \u00a0Penal del Circuito de Bucaramanga \u00a0 \u00a0 \u00a0 \u00a0 \u00a0 \u00a0 \u00a0 \u00a0 \u00a0 \u00a0 \u00a0 \u00a0 \u00a0 \u00a0 \u00a0 \u00a0 \u00a0 \u00a0 \u00a0 \u00a0 \u00a0 \u00a0 \u00a0 \u00a0 \u00a0 \u00a0 \u00a0 \u00a0 \u00a0 \u00a0 \u00a0 \u00a0 \u00a0 \u00a0 \u00a0<\/p>\n<p>No interpuso \u00a0 \u00a0 \u00a0 \u00a0 \u00a0 \u00a0 \u00a0 \u00a0 \u00a0 \u00a0 \u00a0 \u00a0 \u00a0recursos \u00a0 \u00a0 \u00a0 \u00a0 \u00a0<\/p>\n<p>68547600014720090183500 \u00a0 \u00a0 \u00a0 \u00a0 \u00a0 \u00a0 \u00a0 \u00a0 \u00a0 \u00a0 \u00a0 \u00a0 \u00a0 \u00a0 \u00a0 \u00a0 \u00a0 \u00a0 \u00a0 \u00a0 \u00a0 \u00a0 \u00a0 \u00a0 \u00a0 \u00a0 \u00a0 \u00a0 \u00a0 \u00a0 \u00a0 \u00a0 \u00a0 \u00a0 \u00a0<\/p>\n<p>28 de marzo de \u00a0 \u00a0 \u00a0 \u00a0 \u00a0 \u00a0 \u00a0 \u00a0 \u00a0 \u00a0 \u00a0 \u00a0 \u00a02017 \u00a0 \u00a0 \u00a0 \u00a0 \u00a0 \u00a0 \u00a0 \u00a0 \u00a0 \u00a0 \u00a0 \u00a0 \u00a0 \u00a0 \u00a0 \u00a0 \u00a0 \u00a0 \u00a0 \u00a0 \u00a0 \u00a0 \u00a0 \u00a0 \u00a0 \u00a0 \u00a0 \u00a0 \u00a0 \u00a0 \u00a0 \u00a0 \u00a0 \u00a0 \u00a0<\/p>\n<p>Juzgado 2 Penal \u00a0 \u00a0 \u00a0 \u00a0 \u00a0 \u00a0 \u00a0 \u00a0 \u00a0 \u00a0 \u00a0 \u00a0 \u00a0del Circuito de Bucaramanga \u00a0 \u00a0 \u00a0 \u00a0 \u00a0 \u00a0 \u00a0 \u00a0 \u00a0 \u00a0 \u00a0 \u00a0 \u00a0 \u00a0 \u00a0 \u00a0 \u00a0 \u00a0 \u00a0 \u00a0 \u00a0 \u00a0 \u00a0 \u00a0 \u00a0 \u00a0 \u00a0 \u00a0 \u00a0 \u00a0 \u00a0 \u00a0 \u00a0 \u00a0 \u00a0<\/p>\n<p>No interpuso \u00a0 \u00a0 \u00a0 \u00a0 \u00a0 \u00a0 \u00a0 \u00a0 \u00a0 \u00a0 \u00a0 \u00a0 \u00a0recursos \u00a0 \u00a0 \u00a0 \u00a0 \u00a0<\/p>\n<p>680016000160200911087 \u00a0 \u00a0 \u00a0 \u00a0 \u00a0 \u00a0 \u00a0 \u00a0 \u00a0 \u00a0 \u00a0 \u00a0 \u00a0 \u00a0 \u00a0 \u00a0 \u00a0 \u00a0 \u00a0 \u00a0 \u00a0 \u00a0 \u00a0 \u00a0 \u00a0 \u00a0 \u00a0 \u00a0 \u00a0 \u00a0 \u00a0 \u00a0 \u00a0 \u00a0 \u00a0<\/p>\n<p>25 de abril de \u00a0 \u00a0 \u00a0 \u00a0 \u00a0 \u00a0 \u00a0 \u00a0 \u00a0 \u00a0 \u00a0 \u00a0 \u00a02017 \u00a0 \u00a0 \u00a0 \u00a0 \u00a0 \u00a0 \u00a0 \u00a0 \u00a0 \u00a0 \u00a0 \u00a0 \u00a0 \u00a0 \u00a0 \u00a0 \u00a0 \u00a0 \u00a0 \u00a0 \u00a0 \u00a0 \u00a0 \u00a0 \u00a0 \u00a0 \u00a0 \u00a0 \u00a0 \u00a0 \u00a0 \u00a0 \u00a0 \u00a0 \u00a0<\/p>\n<p>Juzgado 11 \u00a0 \u00a0 \u00a0 \u00a0 \u00a0 \u00a0 \u00a0 \u00a0 \u00a0 \u00a0 \u00a0 \u00a0 \u00a0Penal del Circuito de Bucaramanga \u00a0 \u00a0 \u00a0 \u00a0 \u00a0 \u00a0 \u00a0 \u00a0 \u00a0 \u00a0 \u00a0 \u00a0 \u00a0 \u00a0 \u00a0 \u00a0 \u00a0 \u00a0 \u00a0 \u00a0 \u00a0 \u00a0 \u00a0 \u00a0 \u00a0 \u00a0 \u00a0 \u00a0 \u00a0 \u00a0 \u00a0 \u00a0 \u00a0 \u00a0 \u00a0<\/p>\n<p>No interpuso \u00a0 \u00a0 \u00a0 \u00a0 \u00a0 \u00a0 \u00a0 \u00a0 \u00a0 \u00a0 \u00a0 \u00a0 \u00a0recursos No interpuso recursos \u00a0 \u00a0 \u00a0 \u00a0 \u00a0<\/p>\n<p>68001600016020100032300 \u00a0 \u00a0 \u00a0 \u00a0 \u00a0 \u00a0 \u00a0 \u00a0 \u00a0 \u00a0 \u00a0 \u00a0 \u00a0 \u00a0 \u00a0 \u00a0 \u00a0 \u00a0 \u00a0 \u00a0 \u00a0 \u00a0 \u00a0 \u00a0 \u00a0 \u00a0 \u00a0 \u00a0 \u00a0 \u00a0 \u00a0 \u00a0 \u00a0 \u00a0 \u00a0<\/p>\n<p>25 de abril de \u00a0 \u00a0 \u00a0 \u00a0 \u00a0 \u00a0 \u00a0 \u00a0 \u00a0 \u00a0 \u00a0 \u00a0 \u00a02017 \u00a0 \u00a0 \u00a0 \u00a0 \u00a0 \u00a0 \u00a0 \u00a0 \u00a0 \u00a0 \u00a0 \u00a0 \u00a0 \u00a0 \u00a0 \u00a0 \u00a0 \u00a0 \u00a0 \u00a0 \u00a0 \u00a0 \u00a0 \u00a0 \u00a0 \u00a0 \u00a0 \u00a0 \u00a0 \u00a0 \u00a0 \u00a0 \u00a0 \u00a0 \u00a0<\/p>\n<p>Juzgado 11 \u00a0 \u00a0 \u00a0 \u00a0 \u00a0 \u00a0 \u00a0 \u00a0 \u00a0 \u00a0 \u00a0 \u00a0 \u00a0Penal del Circuito de Bucaramanga \u00a0 \u00a0 \u00a0 \u00a0 \u00a0 \u00a0 \u00a0 \u00a0 \u00a0 \u00a0 \u00a0 \u00a0 \u00a0 \u00a0 \u00a0 \u00a0 \u00a0 \u00a0 \u00a0 \u00a0 \u00a0 \u00a0 \u00a0 \u00a0 \u00a0 \u00a0 \u00a0 \u00a0 \u00a0 \u00a0 \u00a0 \u00a0 \u00a0 \u00a0 \u00a0<\/p>\n<p>No interpuso \u00a0 \u00a0 \u00a0 \u00a0 \u00a0 \u00a0 \u00a0 \u00a0 \u00a0 \u00a0 \u00a0 \u00a0 \u00a0recursos \u00a0 \u00a0 \u00a0 \u00a0 \u00a0<\/p>\n<p>68001600016020100124600 \u00a0 \u00a0 \u00a0 \u00a0 \u00a0 \u00a0 \u00a0 \u00a0 \u00a0 \u00a0 \u00a0 \u00a0 \u00a0 \u00a0 \u00a0 \u00a0 \u00a0 \u00a0 \u00a0 \u00a0 \u00a0 \u00a0 \u00a0 \u00a0 \u00a0 \u00a0 \u00a0 \u00a0 \u00a0 \u00a0 \u00a0 \u00a0 \u00a0 \u00a0 \u00a0<\/p>\n<p>25 de abril de \u00a0 \u00a0 \u00a0 \u00a0 \u00a0 \u00a0 \u00a0 \u00a0 \u00a0 \u00a0 \u00a0 \u00a0 \u00a02017 \u00a0 \u00a0 \u00a0 \u00a0 \u00a0 \u00a0 \u00a0 \u00a0 \u00a0 \u00a0 \u00a0 \u00a0 \u00a0 \u00a0 \u00a0 \u00a0 \u00a0 \u00a0 \u00a0 \u00a0 \u00a0 \u00a0 \u00a0 \u00a0 \u00a0 \u00a0 \u00a0 \u00a0 \u00a0 \u00a0 \u00a0 \u00a0 \u00a0 \u00a0 \u00a0<\/p>\n<p>Juzgado 11 \u00a0 \u00a0 \u00a0 \u00a0 \u00a0 \u00a0 \u00a0 \u00a0 \u00a0 \u00a0 \u00a0 \u00a0 \u00a0Penal del Circuito de Bucaramanga \u00a0 \u00a0 \u00a0 \u00a0 \u00a0 \u00a0 \u00a0 \u00a0 \u00a0 \u00a0 \u00a0 \u00a0 \u00a0 \u00a0 \u00a0 \u00a0 \u00a0 \u00a0 \u00a0 \u00a0 \u00a0 \u00a0 \u00a0 \u00a0 \u00a0 \u00a0 \u00a0 \u00a0 \u00a0 \u00a0 \u00a0 \u00a0 \u00a0 \u00a0 \u00a0<\/p>\n<p>No interpuso \u00a0 \u00a0 \u00a0 \u00a0 \u00a0 \u00a0 \u00a0 \u00a0 \u00a0 \u00a0 \u00a0 \u00a0 \u00a0recursos \u00a0 \u00a0 \u00a0 \u00a0 \u00a0<\/p>\n<p>680016000160201006734 \u00a0 \u00a0 \u00a0 \u00a0 \u00a0 \u00a0 \u00a0 \u00a0 \u00a0 \u00a0 \u00a0 \u00a0 \u00a0 \u00a0 \u00a0 \u00a0 \u00a0 \u00a0 \u00a0 \u00a0 \u00a0 \u00a0 \u00a0 \u00a0 \u00a0 \u00a0 \u00a0 \u00a0 \u00a0 \u00a0 \u00a0 \u00a0 \u00a0 \u00a0 \u00a0<\/p>\n<p>23 de mayo de \u00a0 \u00a0 \u00a0 \u00a0 \u00a0 \u00a0 \u00a0 \u00a0 \u00a0 \u00a0 \u00a0 \u00a0 \u00a02017 \u00a0 \u00a0 \u00a0 \u00a0 \u00a0 \u00a0 \u00a0 \u00a0 \u00a0 \u00a0 \u00a0 \u00a0 \u00a0 \u00a0 \u00a0 \u00a0 \u00a0 \u00a0 \u00a0 \u00a0 \u00a0 \u00a0 \u00a0 \u00a0 \u00a0 \u00a0 \u00a0 \u00a0 \u00a0 \u00a0 \u00a0 \u00a0 \u00a0 \u00a0 \u00a0<\/p>\n<p>Juzgado 11 \u00a0 \u00a0 \u00a0 \u00a0 \u00a0 \u00a0 \u00a0 \u00a0 \u00a0 \u00a0 \u00a0 \u00a0 \u00a0Penal del Circuito de Bucaramanga \u00a0 \u00a0 \u00a0 \u00a0 \u00a0 \u00a0 \u00a0 \u00a0 \u00a0 \u00a0 \u00a0 \u00a0 \u00a0 \u00a0 \u00a0 \u00a0 \u00a0 \u00a0 \u00a0 \u00a0 \u00a0 \u00a0 \u00a0 \u00a0 \u00a0 \u00a0 \u00a0 \u00a0 \u00a0 \u00a0 \u00a0 \u00a0 \u00a0 \u00a0 \u00a0<\/p>\n<p>No interpuso \u00a0 \u00a0 \u00a0 \u00a0 \u00a0 \u00a0 \u00a0 \u00a0 \u00a0 \u00a0 \u00a0 \u00a0 \u00a0recursos \u00a0 \u00a0 \u00a0 \u00a0 \u00a0<\/p>\n<p>68001600016020100368600 \u00a0 \u00a0 \u00a0 \u00a0 \u00a0 \u00a0 \u00a0 \u00a0 \u00a0 \u00a0 \u00a0 \u00a0 \u00a0 \u00a0 \u00a0 \u00a0 \u00a0 \u00a0 \u00a0 \u00a0 \u00a0 \u00a0 \u00a0 \u00a0 \u00a0 \u00a0 \u00a0 \u00a0 \u00a0 \u00a0 \u00a0 \u00a0 \u00a0 \u00a0 \u00a0<\/p>\n<p>31 de julio de \u00a0 \u00a0 \u00a0 \u00a0 \u00a0 \u00a0 \u00a0 \u00a0 \u00a0 \u00a0 \u00a0 \u00a0 \u00a02017 \u00a0 \u00a0 \u00a0 \u00a0 \u00a0 \u00a0 \u00a0 \u00a0 \u00a0 \u00a0 \u00a0 \u00a0 \u00a0 \u00a0 \u00a0 \u00a0 \u00a0 \u00a0 \u00a0 \u00a0 \u00a0 \u00a0 \u00a0 \u00a0 \u00a0 \u00a0 \u00a0 \u00a0 \u00a0 \u00a0 \u00a0 \u00a0 \u00a0 \u00a0 \u00a0<\/p>\n<p>Juzgado 6 Penal \u00a0 \u00a0 \u00a0 \u00a0 \u00a0 \u00a0 \u00a0 \u00a0 \u00a0 \u00a0 \u00a0 \u00a0 \u00a0del Circuito de Bucaramanga \u00a0 \u00a0 \u00a0 \u00a0 \u00a0<\/p>\n<p>680016000160201301278 \u00a0 \u00a0 \u00a0 \u00a0 \u00a0 \u00a0 \u00a0 \u00a0 \u00a0 \u00a0 \u00a0 \u00a0 \u00a0 \u00a0 \u00a0 \u00a0 \u00a0 \u00a0 \u00a0 \u00a0 \u00a0 \u00a0 \u00a0 \u00a0 \u00a0 \u00a0 \u00a0 \u00a0 \u00a0 \u00a0 \u00a0 \u00a0 \u00a0 \u00a0 \u00a0<\/p>\n<p>13 de junio de \u00a0 \u00a0 \u00a0 \u00a0 \u00a0 \u00a0 \u00a0 \u00a0 \u00a0 \u00a0 \u00a0 \u00a0 \u00a02018 \u00a0 \u00a0 \u00a0 \u00a0 \u00a0 \u00a0 \u00a0 \u00a0 \u00a0 \u00a0 \u00a0 \u00a0 \u00a0 \u00a0 \u00a0 \u00a0 \u00a0 \u00a0 \u00a0 \u00a0 \u00a0 \u00a0 \u00a0 \u00a0 \u00a0 \u00a0 \u00a0 \u00a0 \u00a0 \u00a0 \u00a0 \u00a0 \u00a0 \u00a0 \u00a0<\/p>\n<p>Juzgado 8 Penal \u00a0 \u00a0 \u00a0 \u00a0 \u00a0 \u00a0 \u00a0 \u00a0 \u00a0 \u00a0 \u00a0 \u00a0 \u00a0del Circuito de Bucaramanga \u00a0 \u00a0 \u00a0 \u00a0 \u00a0 \u00a0 \u00a0 \u00a0 \u00a0 \u00a0 \u00a0 \u00a0 \u00a0 \u00a0 \u00a0 \u00a0 \u00a0 \u00a0 \u00a0 \u00a0 \u00a0 \u00a0 \u00a0 \u00a0 \u00a0 \u00a0 \u00a0 \u00a0 \u00a0 \u00a0 \u00a0 \u00a0 \u00a0 \u00a0 \u00a0<\/p>\n<p>No interpuso \u00a0 \u00a0 \u00a0 \u00a0 \u00a0 \u00a0 \u00a0 \u00a0 \u00a0 \u00a0 \u00a0 \u00a0 \u00a0recursos \u00a0 \u00a0 \u00a0 \u00a0 \u00a0<\/p>\n<p>68001600016020100053701 \u00a0 \u00a0 \u00a0 \u00a0 \u00a0 \u00a0 \u00a0 \u00a0 \u00a0 \u00a0 \u00a0 \u00a0 \u00a0 \u00a0 \u00a0 \u00a0 \u00a0 \u00a0 \u00a0 \u00a0 \u00a0 \u00a0 \u00a0 \u00a0 \u00a0 \u00a0 \u00a0 \u00a0 \u00a0 \u00a0 \u00a0 \u00a0 \u00a0 \u00a0 \u00a0<\/p>\n<p>13 de junio de \u00a0 \u00a0 \u00a0 \u00a0 \u00a0 \u00a0 \u00a0 \u00a0 \u00a0 \u00a0 \u00a0 \u00a0 \u00a02018 \u00a0 \u00a0 \u00a0 \u00a0 \u00a0 \u00a0 \u00a0 \u00a0 \u00a0 \u00a0 \u00a0 \u00a0 \u00a0 \u00a0 \u00a0 \u00a0 \u00a0 \u00a0 \u00a0 \u00a0 \u00a0 \u00a0 \u00a0 \u00a0 \u00a0 \u00a0 \u00a0 \u00a0 \u00a0 \u00a0 \u00a0 \u00a0 \u00a0 \u00a0 \u00a0<\/p>\n<p>Juzgado 8 Penal \u00a0 \u00a0 \u00a0 \u00a0 \u00a0 \u00a0 \u00a0 \u00a0 \u00a0 \u00a0 \u00a0 \u00a0 \u00a0del Circuito de Bucaramanga \u00a0 \u00a0 \u00a0 \u00a0 \u00a0 \u00a0 \u00a0 \u00a0 \u00a0 \u00a0 \u00a0 \u00a0 \u00a0 \u00a0 \u00a0 \u00a0 \u00a0 \u00a0 \u00a0 \u00a0 \u00a0 \u00a0 \u00a0 \u00a0 \u00a0 \u00a0 \u00a0 \u00a0 \u00a0 \u00a0 \u00a0 \u00a0 \u00a0 \u00a0 \u00a0<\/p>\n<p>24 de octubre \u00a0 \u00a0 \u00a0 \u00a0 \u00a0 \u00a0 \u00a0 \u00a0 \u00a0 \u00a0 \u00a0 \u00a0 \u00a0de 2018 \u00a0 \u00a0 \u00a0 \u00a0 \u00a0 \u00a0 \u00a0 \u00a0 \u00a0 \u00a0 \u00a0 \u00a0 \u00a0 \u00a0 \u00a0 \u00a0 \u00a0 \u00a0 \u00a0 \u00a0 \u00a0 \u00a0 \u00a0 \u00a0 \u00a0 \u00a0 \u00a0 \u00a0 \u00a0 \u00a0 \u00a0 \u00a0 \u00a0 \u00a0 \u00a0<\/p>\n<p>Concede \u00a0 \u00a0 \u00a0 \u00a0 \u00a0 \u00a0 \u00a0 \u00a0 \u00a0 \u00a0 \u00a0 \u00a0 \u00a0suspensi\u00f3n condicional de la ejecuci\u00f3n de la pena \u00a0 \u00a0 \u00a0 \u00a0 \u00a0<\/p>\n<p>68001600016020100026401 \u00a0 \u00a0 \u00a0 \u00a0 \u00a0 \u00a0 \u00a0 \u00a0 \u00a0 \u00a0 \u00a0 \u00a0 \u00a0 \u00a0 \u00a0 \u00a0 \u00a0 \u00a0 \u00a0 \u00a0 \u00a0 \u00a0 \u00a0 \u00a0 \u00a0 \u00a0 \u00a0 \u00a0 \u00a0 \u00a0 \u00a0 \u00a0 \u00a0 \u00a0 \u00a0<\/p>\n<p>7 de septiembre \u00a0 \u00a0 \u00a0 \u00a0 \u00a0 \u00a0 \u00a0 \u00a0 \u00a0 \u00a0 \u00a0 \u00a0 \u00a0de 2017 \u00a0 \u00a0 \u00a0 \u00a0 \u00a0 \u00a0 \u00a0 \u00a0 \u00a0 \u00a0 \u00a0 \u00a0 \u00a0 \u00a0 \u00a0 \u00a0 \u00a0 \u00a0 \u00a0 \u00a0 \u00a0 \u00a0 \u00a0 \u00a0 \u00a0 \u00a0 \u00a0 \u00a0 \u00a0 \u00a0 \u00a0 \u00a0 \u00a0 \u00a0 \u00a0<\/p>\n<p>Juzgado 8 Penal \u00a0 \u00a0 \u00a0 \u00a0 \u00a0 \u00a0 \u00a0 \u00a0 \u00a0 \u00a0 \u00a0 \u00a0 \u00a0del Circuito de Bucaramanga \u00a0 \u00a0 \u00a0 \u00a0 \u00a0 \u00a0 \u00a0 \u00a0 \u00a0 \u00a0 \u00a0 \u00a0 \u00a0 \u00a0 \u00a0 \u00a0 \u00a0 \u00a0 \u00a0 \u00a0 \u00a0 \u00a0 \u00a0 \u00a0 \u00a0 \u00a0 \u00a0 \u00a0 \u00a0 \u00a0 \u00a0 \u00a0 \u00a0 \u00a0 \u00a0<\/p>\n<p>24 de julio de \u00a0 \u00a0 \u00a0 \u00a0 \u00a0 \u00a0 \u00a0 \u00a0 \u00a0 \u00a0 \u00a0 \u00a0 \u00a02018 \u00a0 \u00a0 \u00a0 \u00a0 \u00a0 \u00a0 \u00a0 \u00a0 \u00a0 \u00a0 \u00a0 \u00a0 \u00a0 \u00a0 \u00a0 \u00a0 \u00a0 \u00a0 \u00a0 \u00a0 \u00a0 \u00a0 \u00a0 \u00a0 \u00a0 \u00a0 \u00a0 \u00a0 \u00a0 \u00a0 \u00a0 \u00a0 \u00a0 \u00a0 \u00a0<\/p>\n<p>Concede \u00a0 \u00a0 \u00a0 \u00a0 \u00a0 \u00a0 \u00a0 \u00a0 \u00a0 \u00a0 \u00a0 \u00a0 \u00a0suspensi\u00f3n condicional de la ejecuci\u00f3n de la pena \u00a0 \u00a0 \u00a0 \u00a0 \u00a0<\/p>\n<p>68001600016020070852401 \u00a0 \u00a0 \u00a0 \u00a0 \u00a0 \u00a0 \u00a0 \u00a0 \u00a0 \u00a0 \u00a0 \u00a0 \u00a0 \u00a0 \u00a0 \u00a0 \u00a0 \u00a0 \u00a0 \u00a0 \u00a0 \u00a0 \u00a0 \u00a0 \u00a0 \u00a0 \u00a0 \u00a0 \u00a0 \u00a0 \u00a0 \u00a0 \u00a0 \u00a0 \u00a0<\/p>\n<p>13 de junio de \u00a0 \u00a0 \u00a0 \u00a0 \u00a0 \u00a0 \u00a0 \u00a0 \u00a0 \u00a0 \u00a0 \u00a0 \u00a02018 \u00a0 \u00a0 \u00a0 \u00a0 \u00a0 \u00a0 \u00a0 \u00a0 \u00a0 \u00a0 \u00a0 \u00a0 \u00a0 \u00a0 \u00a0 \u00a0 \u00a0 \u00a0 \u00a0 \u00a0 \u00a0 \u00a0 \u00a0 \u00a0 \u00a0 \u00a0 \u00a0 \u00a0 \u00a0 \u00a0 \u00a0 \u00a0 \u00a0 \u00a0 \u00a0<\/p>\n<p>Juzgado 8 Penal \u00a0 \u00a0 \u00a0 \u00a0 \u00a0 \u00a0 \u00a0 \u00a0 \u00a0 \u00a0 \u00a0 \u00a0 \u00a0del Circuito de Bucaramanga \u00a0 \u00a0 \u00a0 \u00a0 \u00a0 \u00a0 \u00a0 \u00a0 \u00a0 \u00a0 \u00a0 \u00a0 \u00a0 \u00a0 \u00a0 \u00a0 \u00a0 \u00a0 \u00a0 \u00a0 \u00a0 \u00a0 \u00a0 \u00a0 \u00a0 \u00a0 \u00a0 \u00a0 \u00a0 \u00a0 \u00a0 \u00a0 \u00a0 \u00a0 \u00a0<\/p>\n<p>14 de diciembre \u00a0 \u00a0 \u00a0 \u00a0 \u00a0 \u00a0 \u00a0 \u00a0 \u00a0 \u00a0 \u00a0 \u00a0 \u00a0de 2018 \u00a0 \u00a0 \u00a0 \u00a0 \u00a0 \u00a0 \u00a0 \u00a0 \u00a0 \u00a0 \u00a0 \u00a0 \u00a0 \u00a0 \u00a0 \u00a0 \u00a0 \u00a0 \u00a0 \u00a0 \u00a0 \u00a0 \u00a0 \u00a0 \u00a0 \u00a0 \u00a0 \u00a0 \u00a0 \u00a0 \u00a0 \u00a0 \u00a0 \u00a0 \u00a0<\/p>\n<p>Concede \u00a0 \u00a0 \u00a0 \u00a0 \u00a0 \u00a0 \u00a0 \u00a0 \u00a0 \u00a0 \u00a0 \u00a0 \u00a0suspensi\u00f3n condicional de la ejecuci\u00f3n de la pena \u00a0 \u00a0 \u00a0 \u00a0 \u00a0<\/p>\n<p>68001600016020090837101 \u00a0 \u00a0 \u00a0 \u00a0 \u00a0 \u00a0 \u00a0 \u00a0 \u00a0 \u00a0 \u00a0 \u00a0 \u00a0 \u00a0 \u00a0 \u00a0 \u00a0 \u00a0 \u00a0 \u00a0 \u00a0 \u00a0 \u00a0 \u00a0 \u00a0 \u00a0 \u00a0 \u00a0 \u00a0 \u00a0 \u00a0 \u00a0 \u00a0 \u00a0 \u00a0<\/p>\n<p>31 de agosto de \u00a0 \u00a0 \u00a0 \u00a0 \u00a0 \u00a0 \u00a0 \u00a0 \u00a0 \u00a0 \u00a0 \u00a0 \u00a02016 \u00a0 \u00a0 \u00a0 \u00a0 \u00a0 \u00a0 \u00a0 \u00a0 \u00a0 \u00a0 \u00a0 \u00a0 \u00a0 \u00a0 \u00a0 \u00a0 \u00a0 \u00a0 \u00a0 \u00a0 \u00a0 \u00a0 \u00a0 \u00a0 \u00a0 \u00a0 \u00a0 \u00a0 \u00a0 \u00a0 \u00a0 \u00a0 \u00a0 \u00a0 \u00a0<\/p>\n<p>Juzgado 6 Penal \u00a0 \u00a0 \u00a0 \u00a0 \u00a0 \u00a0 \u00a0 \u00a0 \u00a0 \u00a0 \u00a0 \u00a0 \u00a0del Circuito de Bucaramanga \u00a0 \u00a0 \u00a0 \u00a0 \u00a0 \u00a0 \u00a0 \u00a0 \u00a0 \u00a0 \u00a0 \u00a0 \u00a0 \u00a0 \u00a0 \u00a0 \u00a0 \u00a0 \u00a0 \u00a0 \u00a0 \u00a0 \u00a0 \u00a0 \u00a0 \u00a0 \u00a0 \u00a0 \u00a0 \u00a0 \u00a0 \u00a0 \u00a0 \u00a0 \u00a0<\/p>\n<p>17 de julio de \u00a0 \u00a0 \u00a0 \u00a0 \u00a0 \u00a0 \u00a0 \u00a0 \u00a0 \u00a0 \u00a0 \u00a0 \u00a02017 \u00a0 \u00a0 \u00a0 \u00a0 \u00a0 \u00a0 \u00a0 \u00a0 \u00a0 \u00a0 \u00a0 \u00a0 \u00a0 \u00a0 \u00a0 \u00a0 \u00a0 \u00a0 \u00a0 \u00a0 \u00a0 \u00a0 \u00a0 \u00a0 \u00a0 \u00a0 \u00a0 \u00a0 \u00a0 \u00a0 \u00a0 \u00a0 \u00a0 \u00a0 \u00a0<\/p>\n<p>Concede \u00a0 \u00a0 \u00a0 \u00a0 \u00a0 \u00a0 \u00a0 \u00a0 \u00a0 \u00a0 \u00a0 \u00a0 \u00a0suspensi\u00f3n condicional de la ejecuci\u00f3n de la pena \u00a0 \u00a0<\/p>\n<p>De \u00a0la anterior ilustraci\u00f3n, se evidencia que las providencias \u00a0judiciales aqu\u00ed cuestionadas, se profirieron desde el 9 de \u00a0febrero de 2016 a 13 de junio de 2018 \u2013 cuyas \u00a0ejecutorias se materializaron en la misma calenda por la ausencia de \u00a0interposici\u00f3n de recursos \u00a0-, entre tanto, la acci\u00f3n de tutela fue impetrada el 8 de \u00a0abril de la presente anualidad5, \u00a0por tanto, han transcurrido entre 10 meses a m\u00e1s de dos a\u00f1os \u00a0para interponer la acci\u00f3n tuitiva, sin que se advierta la \u00a0presencia de justificaci\u00f3n de la inactividad procesal durante \u00a0dicho interregno. \u00a0<\/p>\n<p>Ahora \u00a0bien, el recurrente en su escrito de alzada alude una situaci\u00f3n \u00a0de justificaci\u00f3n del ejercicio tard\u00edo de la acci\u00f3n \u00a0constitucional en estudio, siendo esta, su situaci\u00f3n de \u00a0persona privada de la libertad, lo cual le imped\u00eda \u00ab\u2026tener \u00a0hojas o lapiceros y mucho menos un c\u00f3digo penal, tampoco hay \u00a0medios como el internet o jurisprudencias o sentencias\u2026s\u00famele \u00a0la ignorancia\u00bb6, \u00a0empero, a criterio de la Sala dicha situaci\u00f3n no adquiere la \u00a0fuerza necesaria para constituirse como causa v\u00e1lida del \u00a0amplio transcurrir temporal que aqu\u00ed se sostiene, puesto que \u00a0en el mismo escrito de impugnaci\u00f3n el opugnador advierte que \u00a0tanto su abogado como su familia han estado pendientes de su \u00a0situaci\u00f3n, a tal punto que le han conseguido providencias \u00a0judiciales para soportar sus pretensiones7, \u00a0de lo que se infiere que la administraci\u00f3n carcelaria nunca ha \u00a0imposibilitado el acceso a los elementos necesarios para la redacci\u00f3n \u00a0de los textos de su inter\u00e9s. \u00a0<\/p>\n<p>De igual manera, \u00a0en lo atiente al estado de ignorancia alegado, debe anotarse que en \u00a0virtud del principio de informalidad que gobierna este tr\u00e1mite, \u00a0la jurisprudencia constitucional ha sostenido que para la \u00a0interposici\u00f3n de la tutela no se requiere de calidad o \u00a0conocimiento jur\u00eddico puntual (CC T-493 de 2007), adem\u00e1s \u00a0de ello, como se dijo el mismo accionante ha se\u00f1alado que el \u00a0profesional del derecho que lo representa nunca ha abandonado su \u00a0caso. \u00a0<\/p>\n<p>Bajo \u00a0ese contexto, la Sala \u00a0advierte \u00a0que la presente censura constitucional resulta inoportuna, por cuanto \u00a0el interregno que avanz\u00f3 entre las providencias judiciales \u00a0cuestionadas y la interposici\u00f3n de la s\u00faplica \u00a0constitucional para el caso concreto se ofrecen desproporcionados, \u00a0pues si se califica como una decisi\u00f3n arbitraria, lo natural y \u00a0l\u00f3gico habr\u00eda sido advertir el yerro cometido y \u00a0rechazarlo de manera inmediata, debi\u00e9ndose, de igual forma, \u00a0arg\u00fcir que los presupuestos f\u00e1cticos denunciados como \u00a0vulneradores eran ya conocidos por el accionante desde el momento \u00a0mismo del proferimiento de las sentencias condenatorias, lo cual se \u00a0corrobora de la tabla inserta en precedencia, pues de all\u00ed se \u00a0advierte que dentro del proceso de radicado 68001600016020090837101 \u00a0se apel\u00f3 la decisi\u00f3n de 31 de agosto de 2016 en lo \u00a0referente al no reconocimiento del subrogado penal en comento y, por \u00a0consiguiente, la Sala no \u00a0puede obviar el cumplimiento de este requisito porque adem\u00e1s \u00a0de desconocer la naturaleza expedita de este mecanismo, ello \u00a0contrariar\u00eda la seguridad jur\u00eddica que orienta a la \u00a0administraci\u00f3n de justicia. \u00a0<\/p>\n<p>\u00a0 \u00a0\u00a0 \u00a0 \u00a0 \u00a0 \u00a0 \u00a0 \u00a0 \u00a0 \u00a0 \u00a0 \u00a0 \u00a0 \u00a0 \u00a0<\/p>\n<p>2. Del \u00a0 \u00a0 \u00a0 \u00a0 \u00a0 \u00a0 \u00a0 \u00a0 \u00a0principio de subsidiariedad. \u00a0 \u00a0<\/p>\n<p>En \u00a0relaci\u00f3n con este punto, conforme \u00a0a la literalidad del inciso 4\u00ba del art\u00edculo 86 \u00a0constitucional, la acci\u00f3n de tutela comporta un car\u00e1cter \u00a0subsidiario o residual consistente en que \u201cEsta \u00a0acci\u00f3n solo proceder\u00e1 cuando el afectado no disponga de \u00a0otro medio de defensa judicial, salvo que aquella se utilice como \u00a0mecanismo transitorio para evitar un perjuicio irremediable+\u201d, \u00a0por \u00a0tanto, en caso de no satisfacerse tal par\u00e1metro de \u00a0procedibilidad la acci\u00f3n tuitiva se torna improcedente al \u00a0tenor de lo previsto en el numeral 1\u00ba del art\u00edculo 6\u00ba \u00a0del Decreto 2591 de 1991 (CC \u00a0T-282 de 2012). \u00a0<\/p>\n<p>De \u00a0esta manera, valga anotar que el principio de subsidiariedad no puede \u00a0ser concebido \u00fanicamente como un requisito formal o procesal, \u00a0sino que se consagra como una verdadera garant\u00eda \u00a0constitucional dirigida a preservar la armon\u00eda del \u00a0ordenamiento jur\u00eddico, habida cuenta que previene que la \u00a0acci\u00f3n de tutela i) supla o reemplace los legalmente \u00a0concebidos, ii) se desnaturalice ante el uso indiscriminado y \u00a0caprichoso de los ciudadanos, iii) se convierta en medio alternativo \u00a0o facultativo que complemente los mecanismos judiciales ordinarios de \u00a0defensa, en aras de obtener un pronunciamiento m\u00e1s \u00e1gil \u00a0y expedito (CC T \u2013 471 de 2017). \u00a0<\/p>\n<p>En \u00a0ese orden de ideas, descendiendo al sub \u00a0lite, la misma parte \u00a0actora y las accionadas aceptaron al un\u00edsono que contra las \u00a0providencias judiciales confutadas en este estadio procesal no \u00a0se interpusieron de manera directa o a trav\u00e9s de apoderado \u00a0judicial, los recursos ordinarios que legalmente proced\u00edan, a \u00a0pesar de conocer de la viabilidad del recurso de apelaci\u00f3n, \u00a0mecanismos \u00a0procedimentales a trav\u00e9s de los cuales pod\u00eda invocar \u00a0las razones que, a su juicio, justificaban la prosperidad de su \u00a0pretensi\u00f3n. \u00a0<\/p>\n<p>No \u00a0obstante lo anterior, deviene necesario precisar que dicha omisi\u00f3n \u00a0procesal no obedeci\u00f3 a un abandono de defensa t\u00e9cnica \u00a0por parte del profesional jur\u00eddico que representaba a Jhon \u00a0Fredy Barbosa Fuentes dentro \u00a0de los procesos penales rese\u00f1ados, situaci\u00f3n que es \u00a0confirmada por el mismo accionante al arg\u00fcir que \u00ab\u2026a\u00fan \u00a0as\u00ed tratamos de apelar pero al ver que las apelaciones se \u00a0demoraban casi un a\u00f1o para ser contestadas empezamos a buscar \u00a0otra estrategia\u2026la verdad no puedo culpar a mi abogado por no \u00a0apelar todos mis procesos\u2026no ten\u00edamos pruebas \u00a0suficientes para demostrar el error ya que mi abogado siempre en el \u00a0447 trat\u00f3 de demostrar que yo no ten\u00eda antecedentes\u2026\u00bb8, \u00a0<\/p>\n<p>Desde \u00a0esa perspectiva, n\u00f3tese que la \u00a0parte actora, debidamente asesorado y con conocimiento directo de las \u00a0circunstancias, renunci\u00f3 bajo su propia voluntad a la \u00a0interposici\u00f3n del recurso ordinario de alzada procedente \u00a0contra las decisiones que hoy cuestiona y, por ende, es dable \u00a0asegurar que dicha omisi\u00f3n nunca obedeci\u00f3 a un estado \u00a0de abandono absoluto del defensor, es decir, no \u00a0se present\u00f3 una situaci\u00f3n de indefensi\u00f3n por \u00a0inactividad categ\u00f3rica del abogado. \u00a0<\/p>\n<p>Significa \u00a0lo anterior, que quien ahora acciona en tutela bajo su propia \u00a0voluntad dej\u00f3 precluir las instancias ordinarias para exponer \u00a0sus inconformidades y reclamar la protecci\u00f3n de sus derechos, \u00a0por manera que no resulta admisible que pretenda a trav\u00e9s de \u00a0esta acci\u00f3n residual, subsidiaria y excepcional, censurar las \u00a0actuaciones desplegadas por los funcionarios competente por fuera de \u00a0los canales dispuestos por el legislador, pues ello, se reitera, \u00a0torna absolutamente improcedente la solicitud de amparo, m\u00e1xime \u00a0si se considera que aquella persona conoc\u00eda de manera directa \u00a0los presupuestos f\u00e1cticos que hoy denuncia como trasgresores, \u00a0pues ello se constituy\u00f3 en la base de apelaci\u00f3n de \u00a0ciertas providencias relacionadas en la tabla que precede. \u00a0<\/p>\n<p>En \u00a0ese orden de ideas, pertinente resulta recordar que acorde con la \u00a0jurisprudencia nacional el principio de subsidiariedad que reviste a \u00a0la acci\u00f3n de tutela envuelve tres caracter\u00edsticas \u00a0importantes que llevan a su improcedencia contra providencias \u00a0judiciales, a saber: \u00ab(i) \u00a0el asunto est\u00e1 en tr\u00e1mite; (ii) no se han agotado los \u00a0medios de defensa judicial ordinarios y extraordinarios; y (iii) se \u00a0usa para revivir etapas procesales en donde se dejaron de emplear los \u00a0recursos previstos en el ordenamiento jur\u00eddico\u00bb \u00a0(C.C.S.T-103\/2014), \u00a0hip\u00f3tesis esta \u00faltima, respecto de la cual, la Corte \u00a0Constitucional, ha dejado por sentado: \u00a0<\/p>\n<p>En ese orden de \u00a0ideas, es reiterativa la posici\u00f3n de la Corte en cuanto a la \u00a0improcedencia de la tutela cuando en desarrollo de un proceso \u00a0judicial las partes pudieron valerse de los recursos judiciales \u00a0ordinarios pero estos no fueron empleados oportunamente, ya que no \u00a0puede constituirse en la v\u00eda para discutir situaciones \u00a0jur\u00eddicas consolidadas que adquirieron firmeza por la \u00a0caducidad de los recursos y acciones que no fueron utilizados \u00a0oportunamente por los interesados. \u00a0<\/p>\n<p>[\u2026] \u00a0<\/p>\n<p>En \u00a0conclusi\u00f3n, es necesario que quien alega la vulneraci\u00f3n \u00a0de sus derechos fundamentales haya agotado los medios de defensa \u00a0disponibles en la legislaci\u00f3n para el efecto. Esta exigencia \u00a0responde al principio de subsidiariedad de la tutela, que pretende \u00a0asegurar que la acci\u00f3n constitucional no sea considerada en s\u00ed \u00a0misma una instancia m\u00e1s en el tr\u00e1mite jurisdiccional, \u00a0ni un mecanismo de defensa que reemplace aquellos otros dise\u00f1ados \u00a0por el legislador. Menos a\u00fan, que resulte ser un camino \u00a0excepcional para solucionar errores u omisiones de las partes o para \u00a0corregir oportunidades vencidas en los procesos jurisdiccionales \u00a0ordinarios. \u00a0<\/p>\n<p>\u00a0 \u00a0\u00a0 \u00a0 \u00a0 \u00a0 \u00a0<\/p>\n<p>3. Como \u00a0 \u00a0 \u00a0 \u00a0 \u00a0colof\u00f3n de lo expuesto, al constatar la Sala que la presente \u00a0 \u00a0 \u00a0 \u00a0 \u00a0solicitud de amparo no cumple con el requisito general de \u00a0 \u00a0 \u00a0 \u00a0 \u00a0inmediatez, subsidiariedad y del deber de denunciar \u00a0 \u00a0 \u00a0 \u00a0 \u00a0la vulneraci\u00f3n en el respectivo proceso judicial ante el juez \u00a0 \u00a0 \u00a0 \u00a0 \u00a0natural, dicha situaci\u00f3n \u00a0 \u00a0 \u00a0 \u00a0 \u00a0jur\u00eddica impide que se estudie de fondo la presencia o \u00a0 \u00a0 \u00a0 \u00a0 \u00a0configuraci\u00f3n de alguna de las causales espec\u00edficas de \u00a0 \u00a0 \u00a0 \u00a0 \u00a0procedibilidad de la acci\u00f3n tuitiva contra providencias \u00a0 \u00a0 \u00a0 \u00a0 \u00a0judiciales, como a bien lo ha sostenido la jurisprudencia \u00a0 \u00a0 \u00a0 \u00a0 \u00a0constitucional bajo la siguiente f\u00f3rmula \u00abLas \u00a0 \u00a0 \u00a0 \u00a0 \u00a0condiciones generales de procedencia son aquellas cuya ocurrencia \u00a0 \u00a0 \u00a0 \u00a0 \u00a0habilita al juez de tutela para adentrarse en el contenido de la \u00a0 \u00a0 \u00a0 \u00a0 \u00a0providencia judicial que se impugna. Dicho de otro modo, son las \u00a0 \u00a0 \u00a0 \u00a0 \u00a0condiciones\u00a0sine \u00a0 \u00a0 \u00a0 \u00a0 \u00a0quibus non\u00a0es \u00a0 \u00a0 \u00a0 \u00a0 \u00a0posible abordar el estudio de la providencia judicial impugnada\u00bb \u00a0 \u00a0 \u00a0 \u00a0 \u00a0(CC T-012 de 18), por \u00a0 \u00a0 \u00a0 \u00a0 \u00a0tanto, las pretensiones frente a esta censura devienen \u00a0 \u00a0 \u00a0 \u00a0 \u00a0improcedentes, como acertadamente sostuvo el juez colegiado \u00a0 \u00a0 \u00a0 \u00a0 \u00a0constitucional de primera instancia. \u00a0<\/p>\n<p>Sin \u00a0m\u00e1s consideraciones, la Sala confirmar\u00e1 el fallo \u00a0impugnado. \u00a0<\/p>\n<p>Por \u00a0lo expuesto, la \u00a0CORTE SUPREMA DE JUSTICIA, SALA DE CASACI\u00d3N PENAL \u2013 SALA \u00a0DE DECISI\u00d3N DE ACCIONES DE TUTELA N\u00ba 1, \u00a0administrando \u00a0justicia en nombre de la Rep\u00fablica y por autoridad de la Ley, \u00a0<\/p>\n<p>RESUELVE \u00a0<\/p>\n<p>1\u00ba \u00a0CONFIRMAR \u00a0la sentencia proferida el \u00a029 de abril de 2019 por \u00a0la Sala \u00a0Penal del Tribunal Superior del Distrito Judicial de Bucaramanga, \u00a0por las razones \u00a0expuestas en la parte considerativa de esta providencia. \u00a0<\/p>\n<p>2\u00ba \u00a0NOTIFICAR \u00a0esta providencia de conformidad con lo dispuesto en el art\u00edculo \u00a030 del Decreto 2591 de 1991. \u00a0<\/p>\n<p>3\u00ba \u00a0REMITIR el proceso a \u00a0la Corte Constitucional para su eventual revisi\u00f3n, de \u00a0conformidad con lo previsto en el art\u00edculo 32 ib\u00eddem. \u00a0<\/p>\n<p>NOTIF\u00cdQUESE \u00a0Y C\u00daMPLASE \u00a0<\/p>\n<p>JOS\u00c9 \u00a0FRANCISCO ACU\u00d1A VIZCAYA \u00a0<\/p>\n<p>EUGENIO \u00a0FERN\u00c1NDEZ CARLIER \u00a0<\/p>\n<p>NUBIA YOLANDA \u00a0NOVA GARC\u00cdA \u00a0<\/p>\n<p>Secretaria \u00a0<\/p>\n<p>1 \u00a0 \u00a0 \u00a0 \u00a0 \u00a0Folio \u00a0 \u00a0 \u00a0 \u00a0 \u00a0126, cuaderno de primera instancia. \u00a0<\/p>\n<p>2 \u00a0 \u00a0 \u00a0 \u00a0 \u00a0Cfr. Corte \u00a0 \u00a0 \u00a0 \u00a0 \u00a0Constitucional. Sentencias C-590 de 2005 y T-332 de 2006. \u00a0<\/p>\n<p>3 \u00a0 \u00a0 \u00a0 \u00a0 \u00a0\u00cddem. Sentencia T-522 de 2001. \u00a0<\/p>\n<p>4 \u00a0 \u00a0 \u00a0 \u00a0 \u00a0\u00ab Cfr. Sentencias T-462 de 2003 ; SU-1184 de 2001 ; T-1625 de \u00a0 \u00a0 \u00a0 \u00a0 \u00a02000 y T-1031 de 2001. \u00bb \u00a0<\/p>\n<p>5 \u00a0 \u00a0 \u00a0 \u00a0 \u00a0Folio 89, cuaderno de primera instancia. \u00a0<\/p>\n<p>6 \u00a0 \u00a0 \u00a0 \u00a0 \u00a0Folio \u00a0 \u00a0 \u00a0 \u00a0 \u00a0141, expediente de primera instancia. \u00a0<\/p>\n<p>7 \u00a0 \u00a0 \u00a0 \u00a0 \u00a0Folio \u00a0 \u00a0 \u00a0 \u00a0 \u00a0144 cuaderno de primera instancia. \u00a0<\/p>\n<p>8 \u00a0 \u00a0 \u00a0 \u00a0 \u00a0Folio \u00a0 \u00a0 \u00a0 \u00a0 \u00a0139 y 140 expediente de primera instancia. \u00a0<\/p>\n<p>\u00a0 \u00a0 \u00a0\u00a0<\/p>\n<p><\/p>\n","protected":false},"excerpt":{"rendered":"<p>\u00a0 \u00a0 \u00a0 \u00a0\u00a0 JOS\u00c9 \u00a0FRANCISCO ACU\u00d1A VIZCAYA \u00a0 Magistrado \u00a0Ponente \u00a0 STP8586-2019 \u00a0 Radicaci\u00f3n \u00a0No. 104960 \u00a0 Acta n. \u00b0 154 \u00a0 Bogot\u00e1. \u00a0D.C., veinticinco (25) de junio de dos mil diecinueve (2019). \u00a0 Decide \u00a0la Sala el recurso de impugnaci\u00f3n interpuesto por Jhon \u00a0Fredy Barbosa Fuentes \u00a0contra el fallo de tutela proferido por [&hellip;]<\/p>\n","protected":false},"author":1,"featured_media":0,"comment_status":"open","ping_status":"open","sticky":false,"template":"","format":"standard","meta":{"footnotes":""},"categories":[28],"tags":[],"class_list":["post-49266","post","type-post","status-publish","format-standard","hentry","category-28"],"_links":{"self":[{"href":"https:\/\/dmsjuridica.com\/buscador_20179478954\/salapenalcronologico20230723\/wp-json\/wp\/v2\/posts\/49266","targetHints":{"allow":["GET"]}}],"collection":[{"href":"https:\/\/dmsjuridica.com\/buscador_20179478954\/salapenalcronologico20230723\/wp-json\/wp\/v2\/posts"}],"about":[{"href":"https:\/\/dmsjuridica.com\/buscador_20179478954\/salapenalcronologico20230723\/wp-json\/wp\/v2\/types\/post"}],"author":[{"embeddable":true,"href":"https:\/\/dmsjuridica.com\/buscador_20179478954\/salapenalcronologico20230723\/wp-json\/wp\/v2\/users\/1"}],"replies":[{"embeddable":true,"href":"https:\/\/dmsjuridica.com\/buscador_20179478954\/salapenalcronologico20230723\/wp-json\/wp\/v2\/comments?post=49266"}],"version-history":[{"count":0,"href":"https:\/\/dmsjuridica.com\/buscador_20179478954\/salapenalcronologico20230723\/wp-json\/wp\/v2\/posts\/49266\/revisions"}],"wp:attachment":[{"href":"https:\/\/dmsjuridica.com\/buscador_20179478954\/salapenalcronologico20230723\/wp-json\/wp\/v2\/media?parent=49266"}],"wp:term":[{"taxonomy":"category","embeddable":true,"href":"https:\/\/dmsjuridica.com\/buscador_20179478954\/salapenalcronologico20230723\/wp-json\/wp\/v2\/categories?post=49266"},{"taxonomy":"post_tag","embeddable":true,"href":"https:\/\/dmsjuridica.com\/buscador_20179478954\/salapenalcronologico20230723\/wp-json\/wp\/v2\/tags?post=49266"}],"curies":[{"name":"wp","href":"https:\/\/api.w.org\/{rel}","templated":true}]}}