{"id":4868,"date":"2023-09-08T15:14:59","date_gmt":"2023-09-08T15:14:59","guid":{"rendered":"https:\/\/dmsjuridica.com\/buscador_20179478954\/salapenalcronologico20230723\/2023\/09\/08\/1811618-12-01\/"},"modified":"2023-09-08T15:14:59","modified_gmt":"2023-09-08T15:14:59","slug":"1811618-12-01","status":"publish","type":"post","link":"https:\/\/dmsjuridica.com\/buscador_20179478954\/salapenalcronologico20230723\/2023\/09\/08\/1811618-12-01\/","title":{"rendered":"18116(18-12-01)"},"content":{"rendered":"\n<p>\u00a0 \u00a0 Proceso No 18116 \u00a0<\/p>\n<p>CORTE SUPREMA DE JUSTICIA \u00a0<\/p>\n<p>SALA DE CASACI\u00d3N PENAL \u00a0<\/p>\n<p>MAGISTRADO \u00a0PONENTE \u00a0\u00a0<\/p>\n<p>\u00c1LVARO ORLANDO P\u00c9REZ PINZ\u00d3N \u00a0<\/p>\n<p>APROBADO ACTA No. 200 \u00a0<\/p>\n<p>Bogot\u00e1, D. C., dieciocho (18) de diciembre de \u00a0dos mil uno (2001). \u00a0\u00a0<\/p>\n<p>VISTOS \u00a0<\/p>\n<p>Se decidir\u00e1 sobre la extinci\u00f3n de la acci\u00f3n \u00a0penal \u00a0por la muerte del procesado JOS\u00c9 ANTONIO ABRIL \u00a0WALTEROS. \u00a0\u00a0<\/p>\n<p>ANTECEDENTES \u00a0\u00a0<\/p>\n<p>\u00a0 \u00a0\u00a0 \u00a0\u00a0 \u00a0\u00a0El \u00a0Juzgado Cuarenta y Siete Penal del Circuito de Bogot\u00e1, mediante \u00a0sentencia \u00a0 del \u00a06 \u00a0de \u00a0diciembre \u00a0de \u00a01999, \u00a0conden\u00f3 \u00a0al \u00a0se\u00f1or \u00a0JOS\u00c9 \u00a0ANTONIO \u00a0ABRIL \u00a0WALTEROS a la pena \u00a0principal \u00a0de 45 a\u00f1os de prisi\u00f3n por los delitos de homicidio agravado y hurto \u00a0calificado \u00a0y \u00a0agravado, providencia que fue confirmada por el Tribunal Superior \u00a0de la misma ciudad el 18 de agosto de 2000. \u00a0\u00a0<\/p>\n<p>\u00a0 \u00a0\u00a0 \u00a0\u00a0 \u00a0\u00a0El \u00a0defensor del procesado interpuso contra este fallo el recurso de \u00a0casaci\u00f3n \u00a0y present\u00f3 la correspondiente demanda, la cual se hallaba a despacho \u00a0del \u00a0magistrado \u00a0sustanciador \u00a0para examinar si cumpl\u00eda las exigencias legales, \u00a0cuando \u00a0se \u00a0tuvo \u00a0noticia \u00a0del deceso del se\u00f1or ABRIL \u00a0WALTEROS. \u00a0\u00a0<\/p>\n<p>CONSIDERACIONES \u00a0\u00a0<\/p>\n<p>\u00a0 \u00a0\u00a0 \u00a0\u00a0 \u00a0\u00a01. \u00a0Como \u00a0se \u00a0acredita \u00a0con \u00a0la \u00a0fotocopia \u00a0aut\u00e9ntica del folio del \u00a0registro \u00a0 civil \u00a0 de \u00a0defunci\u00f3n \u00a0expedida \u00a0por \u00a0la \u00a0Registradora \u00a0Auxiliar \u00a0de \u00a0Teusaquillo \u00a0de \u00a0Bogot\u00e1, \u00a0el 1\u00ba. de septiembre del a\u00f1o en curso se produjo en \u00a0esta \u00a0ciudad la muerte violenta de JOS\u00c9 ANTONIO ABRIL \u00a0WALTEROS. \u00a0\u00a0<\/p>\n<p>2. \u00a0De \u00a0acuerdo \u00a0con \u00a0lo \u00a0previsto \u00a0por \u00a0los \u00a0art\u00edculos \u00a082 \u00a0del \u00a0C\u00f3digo \u00a0Penal \u00a0y 38 del C\u00f3digo de Procedimiento Penal, la \u00a0muerte \u00a0del \u00a0procesado \u00a0extingue la acci\u00f3n penal y da lugar a que se declare la \u00a0cesaci\u00f3n \u00a0de \u00a0procedimiento, lo que en efecto dispondr\u00e1 la Sala. Tal decisi\u00f3n \u00a0conllevar\u00e1 \u00a0la \u00a0de devolver el expediente a la oficina de origen, por cuanto no \u00a0existe otro interesado en esta sede. \u00a0\u00a0<\/p>\n<p>Por \u00a0lo expuesto, la Sala de Casaci\u00f3n Penal \u00a0de la Corte Suprema de Justicia \u00a0\u00a0<\/p>\n<p>RESUELVE \u00a0<\/p>\n<p>Declarar \u00a0extinguida la acci\u00f3n penal por la \u00a0muerte \u00a0 \u00a0del \u00a0 \u00a0procesado \u00a0 JOS\u00c9 \u00a0 ANTONIO \u00a0 ABRIL \u00a0WALTEROS. En consecuencia, se dispone la cesaci\u00f3n del \u00a0procedimiento adelantado en su contra. \u00a0\u00a0<\/p>\n<p>\u00a0 \u00a0\u00a0 \u00a0\u00a0 \u00a0\u00a0Devu\u00e9lvase el expediente a su lugar de origen. \u00a0\u00a0<\/p>\n<p>C\u00f3piese, \u00a0 \u00a0 \u00a0notif\u00edquese, \u00a0 \u00a0 \u00a0y \u00a0c\u00famplase. \u00a0\u00a0<\/p>\n<p>CARLOS EDUARDO \u00a0MEJ\u00cdA ESCOBAR \u00a0\u00a0<\/p>\n<p>FERNANDO \u00a0E. \u00a0ARBOLEDA \u00a0RIPOLL \u00a0\u00a0 \u00a0\u00a0 \u00a0\u00a0 \u00a0\u00a0 \u00a0\u00a0 \u00a0\u00a0 \u00a0 \u00a0 \u00a0 \u00a0JORGE \u00a0 E. \u00a0C\u00d3RDOBA \u00a0POVEDA \u00a0 \u00a0 \u00a0 \u00a0 \u00a0 \u00a0\u00a0<\/p>\n<p>HERMAN \u00a0 GAL\u00c1N \u00a0 CASTELLANOS \u00a0\u00a0 \u00a0\u00a0 \u00a0\u00a0 \u00a0\u00a0 \u00a0\u00a0 \u00a0\u00a0 \u00a0 \u00a0 \u00a0 \u00a0 \u00a0 \u00a0CARLOS \u00a0 \u00a0A. \u00a0 \u00a0G\u00c1LVEZ \u00a0ARGOTE \u00a0 \u00a0 \u00a0 \u00a0 \u00a0\u00a0 \u00a0\u00a0 \u00a0\u00a0 \u00a0\u00a0 \u00a0\u00a0 \u00a0\u00a0 \u00a0\u00a0 \u00a0\u00a0 \u00a0 \u00a0\u00a0 \u00a0 \u00a0 \u00a0 \u00a0 \u00a0 \u00a0 \u00a0 \u00a0 \u00a0\u00a0 \u00a0\u00a0<\/p>\n<p>JORGE \u00a0AN\u00cdBAL \u00a0G\u00d3MEZ \u00a0GALLEGO \u00a0\u00a0 \u00a0\u00a0 \u00a0\u00a0 \u00a0\u00a0 \u00a0\u00a0 \u00a0\u00a0 \u00a0 \u00a0 \u00a0\u00a0 \u00a0 \u00a0 \u00a0\u00a0\u00c9DGAR \u00a0 \u00a0 \u00a0LOMBANA \u00a0TRUJILLO \u00a0 \u00a0 \u00a0 \u00a0 \u00a0\u00a0<\/p>\n<p>\u00c1LVARO \u00a0ORLANDO P\u00c9REZ PINZ\u00d3N \u00a0\u00a0 \u00a0\u00a0 \u00a0\u00a0 \u00a0\u00a0 \u00a0\u00a0 \u00a0\u00a0 \u00a0 \u00a0 \u00a0 \u00a0 \u00a0 \u00a0NILSON \u00a0 \u00a0E. \u00a0 \u00a0PINILLA \u00a0PINILLA \u00a0 \u00a0 \u00a0\u00a0 \u00a0\u00a0 \u00a0\u00a0 \u00a0 \u00a0 \u00a0 \u00a0 \u00a0\u00a0<\/p>\n<p>TERESA RUIZ N\u00da\u00d1EZ \u00a0<\/p>\n<p>Secretaria \u00a0 \u00a0<\/p>\n<p><\/p>\n","protected":false},"excerpt":{"rendered":"<p>\u00a0 \u00a0 Proceso No 18116 \u00a0 CORTE SUPREMA DE JUSTICIA \u00a0 SALA DE CASACI\u00d3N PENAL \u00a0 MAGISTRADO \u00a0PONENTE \u00a0\u00a0 \u00c1LVARO ORLANDO P\u00c9REZ PINZ\u00d3N \u00a0 APROBADO ACTA No. 200 \u00a0 Bogot\u00e1, D. C., dieciocho (18) de diciembre de \u00a0dos mil uno (2001). \u00a0\u00a0 VISTOS \u00a0 Se decidir\u00e1 sobre la extinci\u00f3n de la acci\u00f3n \u00a0penal \u00a0por la [&hellip;]<\/p>\n","protected":false},"author":1,"featured_media":0,"comment_status":"open","ping_status":"open","sticky":false,"template":"","format":"standard","meta":{"footnotes":""},"categories":[9],"tags":[],"class_list":["post-4868","post","type-post","status-publish","format-standard","hentry","category-9"],"_links":{"self":[{"href":"https:\/\/dmsjuridica.com\/buscador_20179478954\/salapenalcronologico20230723\/wp-json\/wp\/v2\/posts\/4868","targetHints":{"allow":["GET"]}}],"collection":[{"href":"https:\/\/dmsjuridica.com\/buscador_20179478954\/salapenalcronologico20230723\/wp-json\/wp\/v2\/posts"}],"about":[{"href":"https:\/\/dmsjuridica.com\/buscador_20179478954\/salapenalcronologico20230723\/wp-json\/wp\/v2\/types\/post"}],"author":[{"embeddable":true,"href":"https:\/\/dmsjuridica.com\/buscador_20179478954\/salapenalcronologico20230723\/wp-json\/wp\/v2\/users\/1"}],"replies":[{"embeddable":true,"href":"https:\/\/dmsjuridica.com\/buscador_20179478954\/salapenalcronologico20230723\/wp-json\/wp\/v2\/comments?post=4868"}],"version-history":[{"count":0,"href":"https:\/\/dmsjuridica.com\/buscador_20179478954\/salapenalcronologico20230723\/wp-json\/wp\/v2\/posts\/4868\/revisions"}],"wp:attachment":[{"href":"https:\/\/dmsjuridica.com\/buscador_20179478954\/salapenalcronologico20230723\/wp-json\/wp\/v2\/media?parent=4868"}],"wp:term":[{"taxonomy":"category","embeddable":true,"href":"https:\/\/dmsjuridica.com\/buscador_20179478954\/salapenalcronologico20230723\/wp-json\/wp\/v2\/categories?post=4868"},{"taxonomy":"post_tag","embeddable":true,"href":"https:\/\/dmsjuridica.com\/buscador_20179478954\/salapenalcronologico20230723\/wp-json\/wp\/v2\/tags?post=4868"}],"curies":[{"name":"wp","href":"https:\/\/api.w.org\/{rel}","templated":true}]}}