{"id":47806,"date":"2023-09-14T21:52:57","date_gmt":"2023-09-14T21:52:57","guid":{"rendered":"https:\/\/dmsjuridica.com\/buscador_20179478954\/salapenalcronologico20230723\/2023\/09\/14\/stp3890-2019_1\/"},"modified":"2023-09-14T21:52:57","modified_gmt":"2023-09-14T21:52:57","slug":"stp3890-2019_1","status":"publish","type":"post","link":"https:\/\/dmsjuridica.com\/buscador_20179478954\/salapenalcronologico20230723\/2023\/09\/14\/stp3890-2019_1\/","title":{"rendered":"STP3890-2019_1"},"content":{"rendered":"\n<p>\u00a0 \u00a0 \u00a0 \u00a0\u00a0<\/p>\n<p>JOS\u00c9 \u00a0FRANCISCO ACU\u00d1A VIZCAYA \u00a0<\/p>\n<p>Magistrado \u00a0Ponente \u00a0<\/p>\n<p>STP3890-2019 \u00a0<\/p>\n<p>Radicaci\u00f3n \u00a0n.\u00b0 103535 \u00a0<\/p>\n<p>(Aprobaci\u00f3n \u00a0Acta No. 74) \u00a0<\/p>\n<p>Bogot\u00e1 \u00a0D.C., veintis\u00e9is (26) de marzo de dos mil diecinueve (2019) \u00a0<\/p>\n<p>VISTOS \u00a0<\/p>\n<p>Resuelve la Sala de Casaci\u00f3n \u00a0Penal de la Corte Suprema de Justicia, Sala de Decisi\u00f3n de \u00a0Tutelas, la acci\u00f3n interpuesta por el Procurador 273 Judicial \u00a0I Penal de Santa Marta, contra la Sala Penal del Tribunal Superior \u00a0del Distrito Judicial de Santa Marta, con ocasi\u00f3n de la \u00a0decisi\u00f3n emitida el pasado 18 de diciembre de 2018, dentro del \u00a0proceso penal radicado bajo el n\u00famero 472886001025201600524 \u00a0(en adelante: proceso penal 2016-00524), mediante la cual declar\u00f3 \u00a0la nulidad de todo lo actuado a partir de la audiencia de aprobaci\u00f3n \u00a0del preacuerdo suscrito. \u00a0<\/p>\n<p>Fueron vinculados como terceros con \u00a0inter\u00e9s leg\u00edtimo en el presente asunto las dem\u00e1s \u00a0autoridades, partes e intervinientes en el proceso aludido. \u00a0<\/p>\n<p>ANTECEDENTES \u00a0<\/p>\n<p>Y \u00a0<\/p>\n<p>FUNDAMENTOS \u00a0DE LA ACCI\u00d3N \u00a0<\/p>\n<p>El \u00a0Procurador 273 Judicial I Penal de Santa Marta solicita el \u00a0amparo del derecho fundamental al debido proceso de los ciudadanos \u00a0Jes\u00fas Alberto Valencia Valencia y Jos\u00e9 Alberto D\u00edaz, \u00a0contra quienes se adelanta el proceso penal 2016-00524 por los \u00a0delitos de homicidio agravado en concurso heterog\u00e9neo con \u00a0fabricaci\u00f3n, tr\u00e1fico o porte de armas de fuego agravado \u00a0y hurto calificado agravado. \u00a0<\/p>\n<p>El agente del Ministerio P\u00fablico \u00a0censura que, contrario a lo establecido por la Sala Penal del \u00a0Tribunal Superior del Distrito Judicial de Santa Marta, en el proceso \u00a0penal 2016-00524 no se configur\u00f3 ninguna causal de nulidad \u00a0porque el procesado Jos\u00e9 Alberto D\u00edaz no acudi\u00f3 \u00a0a la audiencia de verificaci\u00f3n de preacuerdo y lectura de \u00a0sentencia, llevada a cabo el 31 de octubre de 2017, dado que con \u00a0antelaci\u00f3n renunci\u00f3 expresamente a su derecho a estar \u00a0presente. \u00a0<\/p>\n<p>Critica que esa decisi\u00f3n \u00a0desconoci\u00f3 lo establecido por esta Corporaci\u00f3n en \u00a0varias decisiones, sobre la posibilidad de llevar a cabo audiencias \u00a0en la etapa de juzgamiento sin la presencia de los procesados \u00a0privados de la libertad. \u00a0<\/p>\n<p>Por este motivo, solicita amparar los \u00a0derechos fundamentales invocados, dejar sin efectos la sentencia de \u00a0segunda instancia emitida el pasado 18 de diciembre de 2018 y ordenar \u00a0a la Sala Penal del Tribunal Superior del Distrito Judicial de Santa \u00a0Marta que confirme la decisi\u00f3n adoptada por el Juzgado \u00danico \u00a0Penal del Circuito de Fundaci\u00f3n con Funci\u00f3n de \u00a0Conocimiento.1 \u00a0<\/p>\n<p>Alleg\u00f3 como \u00a0pruebas copia de varias piezas procesales, entre ellas la decisi\u00f3n \u00a0censurada.2 \u00a0<\/p>\n<p>RESPUESTA DE LAS AUTORIDADES ACCIONADAS Y VINCULADAS \u00a0<\/p>\n<p>\u00a0 \u00a0\u00a0 \u00a0 \u00a0 \u00a0 \u00a0<\/p>\n<p>1. La Fiscal\u00eda 26 delegada ante los Jueces \u00a0 \u00a0 \u00a0 \u00a0 \u00a0Penales del Circuito de Fundaci\u00f3n3 \u00a0 \u00a0 \u00a0 \u00a0 \u00a0y la ciudadana Yasm\u00edn Movilla Pardo4, \u00a0 \u00a0 \u00a0 \u00a0 \u00a0quien fue reconocida como v\u00edctima, coadyuvaron la solicitud \u00a0 \u00a0 \u00a0 \u00a0 \u00a0de amparo. \u00a0<\/p>\n<p>\u00a0 \u00a0\u00a0 \u00a0 \u00a0 \u00a0 \u00a0<\/p>\n<p>2. El Magistrado ponente de la Sala Penal del \u00a0 \u00a0 \u00a0 \u00a0 \u00a0Tribunal Superior del Distrito Judicial de Santa Marta solicit\u00f3 \u00a0 \u00a0 \u00a0 \u00a0 \u00a0denegar el amparo invocado porque adem\u00e1s que contra la \u00a0 \u00a0 \u00a0 \u00a0 \u00a0decisi\u00f3n censurada no se configuran los requisitos generales \u00a0 \u00a0 \u00a0 \u00a0 \u00a0de procedibilidad, contrario a lo censurado por el Procurador 273 \u00a0 \u00a0 \u00a0 \u00a0 \u00a0Judicial I Penal de Santa Marta, el procesado Jos\u00e9 Alberto \u00a0 \u00a0 \u00a0 \u00a0 \u00a0D\u00edaz, posteriormente y por escrito manifest\u00f3 que s\u00ed \u00a0 \u00a0 \u00a0 \u00a0 \u00a0era su deseo asistir a las diligencias.5 \u00a0<\/p>\n<p>\u00a0 \u00a0\u00a0 \u00a0 \u00a0 \u00a0 \u00a0<\/p>\n<p>3. El Juzgado \u00danico Penal del Circuito de \u00a0 \u00a0 \u00a0 \u00a0 \u00a0Fundaci\u00f3n con Funci\u00f3n de Conocimiento inform\u00f3 \u00a0 \u00a0 \u00a0 \u00a0 \u00a0el tr\u00e1mite dado al proceso penal 2016-00524, resaltando que \u00a0 \u00a0 \u00a0 \u00a0 \u00a0el mismo ha sido respetuoso del debido proceso. Indic\u00f3 que en \u00a0 \u00a0 \u00a0 \u00a0 \u00a0cumplimiento del fallo de segunda instancia, procedi\u00f3 a \u00a0 \u00a0 \u00a0 \u00a0 \u00a0programar la audiencia de verificaci\u00f3n de preacuerdo y \u00a0 \u00a0 \u00a0 \u00a0 \u00a0lectura de sentencia para el pr\u00f3ximo mi\u00e9rcoles 27 de \u00a0 \u00a0 \u00a0 \u00a0 \u00a0marzo.6 \u00a0<\/p>\n<p>CONSIDERACIONES DE LA SALA \u00a0<\/p>\n<p>De conformidad con \u00a0lo previsto en el art\u00edculo 37 del Decreto 2591 de 1991 y el \u00a0numeral 5 del art\u00edculo 2.2.3.1.2.1 del Decreto 1069 de 2015, \u00a0modificado por el art\u00edculo 1 del Decreto 1983 de 2017, esta \u00a0Sala es competente para conocer la acci\u00f3n de tutela promovida \u00a0por el Procurador 273 Judicial I Penal de \u00a0Santa Marta, agente especial en el proceso \u00a0penal 2016-00524, con ocasi\u00f3n de la \u00a0decisi\u00f3n adoptada en segunda instancia dentro del mismo. \u00a0<\/p>\n<p>Al respecto, debe \u00a0recordarse que los agentes del Ministerio P\u00fablico est\u00e1n \u00a0legitimados para interponer acciones de tutela encaminadas a la \u00a0protecci\u00f3n del derecho al debido proceso dentro del proceso \u00a0penal de tendencia acusatoria.7 \u00a0<\/p>\n<p>El problema \u00a0jur\u00eddico que convoca a la Sala consiste en determinar si \u00a0contra la decisi\u00f3n emitida en segunda instancia dentro del \u00a0proceso penal 2016-00524, mediante la cual se declar\u00f3 la \u00a0nulidad de todo lo actuado a partir de la audiencia de aprobaci\u00f3n \u00a0del preacuerdo suscrito, se cumplen los requisitos de procedibilidad \u00a0de la acci\u00f3n de tutela contra decisiones judiciales, y en \u00a0consecuencia debe concederse el amparo invocado. \u00a0<\/p>\n<p>Requisitos de procedibilidad de la acci\u00f3n \u00a0de tutela contra decisiones judiciales. \u00a0<\/p>\n<p>Como ha sido recurrentemente \u00a0recordado por esta Sala, la acci\u00f3n constitucional de tutela es \u00a0un mecanismo de protecci\u00f3n excepcional frente a providencias \u00a0judiciales, su prosperidad va ligada al cumplimiento de estrictos \u00a0requisitos de procedibilidad que implican una carga para el \u00a0accionante, tanto en su planteamiento como en su demostraci\u00f3n, \u00a0como lo ha expuesto la propia Corte Constitucional. \u00a0<\/p>\n<p>Por este motivo, y como ha sido \u00a0desarrollado por la Doctrina constitucional, la acci\u00f3n de \u00a0tutela contra providencias judiciales exige: \u00a0<\/p>\n<p>\u00a0 \u00a0\u00a0 \u00a0 \u00a0 \u00a0 \u00a0 \u00a0 \u00a0 \u00a0 \u00a0 \u00a0 \u00a0 \u00a0 \u00a0 \u00a0<\/p>\n<p>a. Que la cuesti\u00f3n que se discuta resulte \u00a0 \u00a0 \u00a0 \u00a0 \u00a0 \u00a0 \u00a0 \u00a0 \u00a0de evidente relevancia constitucional. \u00a0 \u00a0<\/p>\n<p>\u00a0 \u00a0\u00a0 \u00a0 \u00a0 \u00a0 \u00a0 \u00a0 \u00a0 \u00a0 \u00a0 \u00a0 \u00a0 \u00a0 \u00a0 \u00a0<\/p>\n<p>b. Que hayan sido agotados todos los medios \u00a0 \u00a0 \u00a0 \u00a0 \u00a0 \u00a0 \u00a0 \u00a0 \u00a0-ordinarios y extraordinarios- de defensa judicial al alcance de la \u00a0 \u00a0 \u00a0 \u00a0 \u00a0 \u00a0 \u00a0 \u00a0 \u00a0persona afectada, salvo que se trate de evitar la consumaci\u00f3n \u00a0 \u00a0 \u00a0 \u00a0 \u00a0 \u00a0 \u00a0 \u00a0 \u00a0de un perjuicio iusfundamental irremediable. \u00a0 \u00a0<\/p>\n<p>\u00a0 \u00a0\u00a0 \u00a0 \u00a0 \u00a0 \u00a0 \u00a0 \u00a0 \u00a0 \u00a0 \u00a0 \u00a0 \u00a0 \u00a0 \u00a0<\/p>\n<p>c. Que se cumpla el requisito de la inmediatez, es \u00a0 \u00a0 \u00a0 \u00a0 \u00a0 \u00a0 \u00a0 \u00a0 \u00a0decir, que la tutela se hubiere interpuesto en un t\u00e9rmino \u00a0 \u00a0 \u00a0 \u00a0 \u00a0 \u00a0 \u00a0 \u00a0 \u00a0razonable y proporcionado a partir del hecho que origin\u00f3 la \u00a0 \u00a0 \u00a0 \u00a0 \u00a0 \u00a0 \u00a0 \u00a0 \u00a0vulneraci\u00f3n. \u00a0 \u00a0<\/p>\n<p>\u00a0 \u00a0\u00a0 \u00a0 \u00a0 \u00a0 \u00a0 \u00a0 \u00a0 \u00a0 \u00a0 \u00a0 \u00a0 \u00a0 \u00a0 \u00a0<\/p>\n<p>d. Cuando se trate de una irregularidad procesal, \u00a0 \u00a0 \u00a0 \u00a0 \u00a0 \u00a0 \u00a0 \u00a0 \u00a0debe quedar claro que la misma tiene un efecto decisivo o \u00a0 \u00a0 \u00a0 \u00a0 \u00a0 \u00a0 \u00a0 \u00a0 \u00a0determinante en la sentencia que se impugna y que ata\u00f1e a \u00a0 \u00a0 \u00a0 \u00a0 \u00a0 \u00a0 \u00a0 \u00a0 \u00a0los derechos fundamentales del accionante. \u00a0 \u00a0<\/p>\n<p>\u00a0 \u00a0\u00a0 \u00a0 \u00a0 \u00a0 \u00a0 \u00a0 \u00a0 \u00a0 \u00a0 \u00a0 \u00a0 \u00a0 \u00a0 \u00a0<\/p>\n<p>e. Que el accionante identifique de manera \u00a0 \u00a0 \u00a0 \u00a0 \u00a0 \u00a0 \u00a0 \u00a0 \u00a0razonable tanto los hechos que generaron la vulneraci\u00f3n como \u00a0 \u00a0 \u00a0 \u00a0 \u00a0 \u00a0 \u00a0 \u00a0 \u00a0los derechos vulnerados y que hubiere alegado tal vulneraci\u00f3n \u00a0 \u00a0 \u00a0 \u00a0 \u00a0 \u00a0 \u00a0 \u00a0 \u00a0en el proceso judicial, siempre que esto hubiere sido posible. \u00a0 \u00a0<\/p>\n<p>\u00a0 \u00a0\u00a0 \u00a0 \u00a0 \u00a0 \u00a0 \u00a0 \u00a0 \u00a0 \u00a0 \u00a0 \u00a0 \u00a0 \u00a0 \u00a0<\/p>\n<p>f. Que la decisi\u00f3n judicial contra la cual \u00a0 \u00a0 \u00a0 \u00a0 \u00a0 \u00a0 \u00a0 \u00a0 \u00a0se formula la acci\u00f3n de tutela no se corresponda con \u00a0 \u00a0 \u00a0 \u00a0 \u00a0 \u00a0 \u00a0 \u00a0 \u00a0sentencias de tutela. \u00a0 \u00a0<\/p>\n<p>Los anteriores requisitos, no pueden \u00a0quedarse en meros enunciados, pues han sido reiterados por la Corte \u00a0Constitucional, primero en la sentencia C-590 de 2005, luego en las \u00a0decisiones T-332, T-212 y T-780 de 2006, reforzando lo dicho en la \u00a0primera de las mencionadas providencias, en el sentido que, cuando se \u00a0trata de acciones de tutela contra providencias judiciales, las \u00a0mismas solo pueden tener cabida \u00ab\u2026si \u00a0se cumplen ciertos y rigurosos requisitos de procedibilidad. Dentro \u00a0de estos pueden distinguirse unos de car\u00e1cter general, que \u00a0habilitan la interposici\u00f3n de la tutela, y otros de car\u00e1cter \u00a0espec\u00edfico, que tocan con la procedencia misma del amparo, una \u00a0vez interpuesta\u00bb (Textual). \u00a0<\/p>\n<p>En punto de las \u00a0exigencias espec\u00edficas, como fue recogido en la sentencia \u00a0C-590 de 2005, han sido establecidas las que a \u00a0continuaci\u00f3n se relacionan: \u00a0<\/p>\n<p>a. \u00a0 \u00a0 \u00a0 \u00a0Defecto \u00a0org\u00e1nico, que se presenta cuando el funcionario judicial que \u00a0profiri\u00f3 la providencia impugnada carece absolutamente de \u00a0competencia para ello. \u00a0 \u00a0 \u00a0 \u00a0 \u00a0 \u00a0<\/p>\n<p>b. Defecto procedimental absoluto, que se origina \u00a0 \u00a0 \u00a0 \u00a0 \u00a0cuando el juez actu\u00f3 completamente al margen del \u00a0 \u00a0 \u00a0 \u00a0 \u00a0procedimiento establecido.<\/p>\n<p>c. Defecto f\u00e1ctico, el cual surge cuando el \u00a0 \u00a0 \u00a0 \u00a0 \u00a0juez carece del apoyo probatorio que permita la aplicaci\u00f3n \u00a0 \u00a0 \u00a0 \u00a0 \u00a0del supuesto legal en el que se sustenta la decisi\u00f3n.<\/p>\n<p>d. Defecto material o sustantivo, como son los \u00a0 \u00a0 \u00a0 \u00a0 \u00a0casos en que se decide con base en normas inexistentes o \u00a0 \u00a0 \u00a0 \u00a0 \u00a0inconstitucionales8 \u00a0 \u00a0 \u00a0 \u00a0 \u00a0o que presentan una evidente y grosera contradicci\u00f3n entre \u00a0 \u00a0 \u00a0 \u00a0 \u00a0los fundamentos y la decisi\u00f3n;<\/p>\n<p>e. Error inducido, el cual surge cuando el juez o \u00a0 \u00a0 \u00a0 \u00a0 \u00a0tribunal fue v\u00edctima de un enga\u00f1o por parte de \u00a0 \u00a0 \u00a0 \u00a0 \u00a0terceros y ese enga\u00f1o lo condujo a la toma de una decisi\u00f3n \u00a0 \u00a0 \u00a0 \u00a0 \u00a0que afecta derechos fundamentales.<\/p>\n<p>f. Decisi\u00f3n sin motivaci\u00f3n, que \u00a0 \u00a0 \u00a0 \u00a0 \u00a0implica el incumplimiento de los funcionarios judiciales de \u00a0 \u00a0 \u00a0 \u00a0 \u00a0explicitar los fundamentos f\u00e1cticos y jur\u00eddicos de sus \u00a0 \u00a0 \u00a0 \u00a0 \u00a0decisiones, en el entendido que precisamente en esa motivaci\u00f3n \u00a0 \u00a0 \u00a0 \u00a0 \u00a0reposa la legitimidad de su \u00f3rbita funcional.<\/p>\n<p>g. Desconocimiento del \u00a0 \u00a0 \u00a0 \u00a0 \u00a0precedente, hip\u00f3tesis que se presenta, por ejemplo, \u00a0 \u00a0 \u00a0 \u00a0 \u00a0cuando la Corte Constitucional establece el alcance de un derecho \u00a0 \u00a0 \u00a0 \u00a0 \u00a0fundamental y el juez ordinario aplica una ley limitando \u00a0 \u00a0 \u00a0 \u00a0 \u00a0sustancialmente dicho alcance. En estos casos la tutela procede como \u00a0 \u00a0 \u00a0 \u00a0 \u00a0mecanismo para garantizar la eficacia jur\u00eddica del contenido \u00a0 \u00a0 \u00a0 \u00a0 \u00a0constitucionalmente vinculante del derecho fundamental vulnerado \u00a0 \u00a0 \u00a0 \u00a0 \u00a0[9].<\/p>\n<p>h. Violaci\u00f3n directa de la Constituci\u00f3n. \u00a0 \u00a0 \u00a0 \u00a0 \u00a0(Textual). \u00a0<\/p>\n<p>Queda entonces claro que en \u00a0atenci\u00f3n a la fuerza normativa de la cosa juzgada y al respeto \u00a0de la autonom\u00eda judicial, la acci\u00f3n consagrada en el \u00a0art\u00edculo 86 de la Constituci\u00f3n Nacional, cuando se \u00a0dirige a cuestionar una decisi\u00f3n judicial, tiene car\u00e1cter \u00a0excepcional, y su prosperidad est\u00e1 atada a que se cumplan los \u00a0requisitos de procedibilidad anteriormente enunciados. De manera que \u00a0quien acude a ella tiene la carga no s\u00f3lo respecto de su \u00a0planteamiento, sino de su demostraci\u00f3n. \u00a0<\/p>\n<p>An\u00e1lisis del caso concreto. \u00a0<\/p>\n<p>En el caso bajo \u00a0examen, a partir del marco jur\u00eddico presentado y de la \u00a0revisi\u00f3n de las pruebas obrantes se constata que no se cumple \u00a0con el requisito general de subsidiariedad, comoquiera que el proceso \u00a0penal 2016-00524 no ha concluido, por lo que la \u00a0censura contra la sentencia adoptada por la Sala Penal del \u00a0Tribunal Superior del Distrito Judicial de Santa Marta el \u00a0pasado 18 de diciembre de 2018 debe ser \u00a0definida en la v\u00eda ordinaria. \u00a0<\/p>\n<p>Es as\u00ed como \u00a0se resalta que el precedente invocado por el Procurador 273 \u00a0Judicial I Penal de Santa Marta fue emitido con ocasi\u00f3n de la \u00a0interposici\u00f3n del recurso extraordinario de casaci\u00f3n. \u00a0<\/p>\n<p>La Sala ha precisado que la acci\u00f3n \u00a0de tutela no fue dise\u00f1ada con miras a reemplazar al juez \u00a0competente, de ah\u00ed que no sea de recibo cuando se advierte que \u00a0el accionante cuenta con otro medio judicial para invocar la \u00a0protecci\u00f3n de los derechos fundamentales que considera le han \u00a0sido vulnerados.10 \u00a0<\/p>\n<p>Tal exigencia, s\u00f3lo admite \u00a0excepci\u00f3n en el evento que se trate de evitar la consumaci\u00f3n \u00a0de un perjuicio irremediable, pues de no ser as\u00ed, esto es, de \u00a0asumirse la acci\u00f3n de tutela como un mecanismo de protecci\u00f3n \u00a0alternativo, se correr\u00eda el riesgo de dejar en el vac\u00edo \u00a0las competencias de las distintas autoridades judiciales y concentrar \u00a0en la jurisdicci\u00f3n constitucional todas las decisiones \u00a0inherentes a ellas, propiciando as\u00ed, un desborde institucional \u00a0en el cumplimiento de las funciones de esta \u00faltima. \u00a0<\/p>\n<p>Por cuanto la \u00a0solicitud de amparo que ahora ocupa a la Sala, no cumple con el \u00a0requisito de subsidiariedad para que la acci\u00f3n de tutela \u00a0proceda como mecanismo excepcional\u00edsimo, y el accionante \u00a0tampoco acredit\u00f3 la urgencia, la gravedad, la inminencia y la \u00a0impostergabilidad del amparo, elementos a partir de los cuales \u00a0deber\u00eda considerarse a los ciudadanos Jes\u00fas \u00a0Alberto Valencia Valencia y Jos\u00e9 Alberto D\u00edaz sujetos \u00a0especiales de protecci\u00f3n constitucional, la Sala declarar\u00e1 \u00a0la improcedente del amparo invocado. \u00a0<\/p>\n<p>Por lo expuesto, \u00a0la CORTE \u00a0SUPREMA DE JUSTICIA, SALA DE CASACI\u00d3N PENAL \u2013 EN SALA DE \u00a0DECISI\u00d3N DE ACCIONES DE TUTELA N\u00b0 1, administrando \u00a0justicia, en nombre de la Rep\u00fablica y por autoridad de la Ley, \u00a0<\/p>\n<p>RESUELVE \u00a0<\/p>\n<p>\u00a0 \u00a0\u00a0 \u00a0 \u00a0 \u00a0 \u00a0<\/p>\n<p>1. DECLARAR IMPROCEDENTE el amparo solicitado por \u00a0 \u00a0 \u00a0 \u00a0 \u00a0el Procurador 273 Judicial I Penal de Santa Marta \u00a0 \u00a0 \u00a0 \u00a0 \u00a0contra la Sala Penal del Tribunal Superior del Distrito \u00a0 \u00a0 \u00a0 \u00a0 \u00a0Judicial de Santa Marta, por las razones anotadas en precedencia. \u00a0<\/p>\n<p>\u00a0 \u00a0\u00a0 \u00a0 \u00a0 \u00a0 \u00a0<\/p>\n<p>2. NOTIFICAR a los sujetos \u00a0 \u00a0 \u00a0 \u00a0 \u00a0procesales por el medio m\u00e1s expedito el presente fallo, \u00a0 \u00a0 \u00a0 \u00a0 \u00a0inform\u00e1ndoles que puede ser impugnado dentro de los tres d\u00edas \u00a0 \u00a0 \u00a0 \u00a0 \u00a0siguientes, contados a partir de su notificaci\u00f3n. \u00a0<\/p>\n<p>\u00a0 \u00a0\u00a0 \u00a0 \u00a0 \u00a0 \u00a0<\/p>\n<p>3. Si no fuere impugnado, env\u00edese la \u00a0 \u00a0 \u00a0 \u00a0 \u00a0actuaci\u00f3n a la Corte Constitucional para su eventual \u00a0 \u00a0 \u00a0 \u00a0 \u00a0revisi\u00f3n, dentro del t\u00e9rmino indicado en el art\u00edculo \u00a0 \u00a0 \u00a0 \u00a0 \u00a031 del Decreto 2591 de 1991. \u00a0<\/p>\n<p>NOTIF\u00cdQUESE Y C\u00daMPLASE \u00a0<\/p>\n<p>JOS\u00c9 \u00a0FRANCISCO ACU\u00d1A VIZCAYA \u00a0<\/p>\n<p>EUGENIO \u00a0FERN\u00c1NDEZ CARLIER \u00a0<\/p>\n<p>NUBIA \u00a0YOLANDA NOVA GARC\u00cdA \u00a0<\/p>\n<p>Secretaria \u00a0<\/p>\n<p>1 \u00a0 \u00a0 \u00a0 \u00a0 \u00a0Folios 1 a 12. \u00a0<\/p>\n<p>2 \u00a0 \u00a0 \u00a0 \u00a0 \u00a0Folios 15 a 115. \u00a0<\/p>\n<p>3 \u00a0 \u00a0 \u00a0 \u00a0 \u00a0Folios 148 a 151. \u00a0<\/p>\n<p>4 \u00a0 \u00a0 \u00a0 \u00a0 \u00a0Folios 160 a 161. \u00a0<\/p>\n<p>5 \u00a0 \u00a0 \u00a0 \u00a0 \u00a0Folios 153 a 155. \u00a0<\/p>\n<p>6 \u00a0 \u00a0 \u00a0 \u00a0 \u00a0Folios 157 a 158. \u00a0<\/p>\n<p>7 \u00a0 \u00a0 \u00a0 \u00a0 \u00a0Cfr. CC T-293 de \u00a0 \u00a0 \u00a0 \u00a0 \u00a02013. \u00a0<\/p>\n<p>8 \u00a0 \u00a0 \u00a0 \u00a0 \u00a0\u00cddem. Sentencia T-522 de 2001. \u00a0<\/p>\n<p>9 \u00a0 \u00a0 \u00a0 \u00a0 \u00a0\u00ab Cfr. \u00a0 \u00a0 \u00a0 \u00a0 \u00a0Sentencias T-462 de \u00a0 \u00a0 \u00a0 \u00a0 \u00a02003 ; SU-1184 de 2001 ; T-1625 de 2000 y T-1031 de 2001. \u00bb \u00a0<\/p>\n<p>10 \u00a0 \u00a0 \u00a0 \u00a0 \u00a0Cfr. CSJ SCP \u00a0 \u00a0 \u00a0 \u00a0 \u00a0STP18345-2017, 31 oct 2017, Rad. 94871; STP21888-2017, 12 Dic 2017, \u00a0 \u00a0 \u00a0 \u00a0 \u00a0Rad. 95867; STP3931-2018, 13 mar 2018, rad. 97363; STP7012-2018, 29 \u00a0 \u00a0 \u00a0 \u00a0 \u00a0may 2081, Rad. 98628; STP8963-2018, 03 jul 2018, Rad. 99027; \u00a0 \u00a0 \u00a0 \u00a0 \u00a0STP361-2019, 22 ene 2019, Rad. 101988; STP1200-2019, 05 feb 2019, \u00a0 \u00a0 \u00a0 \u00a0 \u00a0Rad. 102499; entre otras. \u00a0 \u00a0 \u00a0<\/p>\n<p><\/p>\n","protected":false},"excerpt":{"rendered":"<p>\u00a0 \u00a0 \u00a0 \u00a0\u00a0 JOS\u00c9 \u00a0FRANCISCO ACU\u00d1A VIZCAYA \u00a0 Magistrado \u00a0Ponente \u00a0 STP3890-2019 \u00a0 Radicaci\u00f3n \u00a0n.\u00b0 103535 \u00a0 (Aprobaci\u00f3n \u00a0Acta No. 74) \u00a0 Bogot\u00e1 \u00a0D.C., veintis\u00e9is (26) de marzo de dos mil diecinueve (2019) \u00a0 VISTOS \u00a0 Resuelve la Sala de Casaci\u00f3n \u00a0Penal de la Corte Suprema de Justicia, Sala de Decisi\u00f3n de \u00a0Tutelas, la [&hellip;]<\/p>\n","protected":false},"author":1,"featured_media":0,"comment_status":"open","ping_status":"open","sticky":false,"template":"","format":"standard","meta":{"footnotes":""},"categories":[28],"tags":[],"class_list":["post-47806","post","type-post","status-publish","format-standard","hentry","category-28"],"_links":{"self":[{"href":"https:\/\/dmsjuridica.com\/buscador_20179478954\/salapenalcronologico20230723\/wp-json\/wp\/v2\/posts\/47806","targetHints":{"allow":["GET"]}}],"collection":[{"href":"https:\/\/dmsjuridica.com\/buscador_20179478954\/salapenalcronologico20230723\/wp-json\/wp\/v2\/posts"}],"about":[{"href":"https:\/\/dmsjuridica.com\/buscador_20179478954\/salapenalcronologico20230723\/wp-json\/wp\/v2\/types\/post"}],"author":[{"embeddable":true,"href":"https:\/\/dmsjuridica.com\/buscador_20179478954\/salapenalcronologico20230723\/wp-json\/wp\/v2\/users\/1"}],"replies":[{"embeddable":true,"href":"https:\/\/dmsjuridica.com\/buscador_20179478954\/salapenalcronologico20230723\/wp-json\/wp\/v2\/comments?post=47806"}],"version-history":[{"count":0,"href":"https:\/\/dmsjuridica.com\/buscador_20179478954\/salapenalcronologico20230723\/wp-json\/wp\/v2\/posts\/47806\/revisions"}],"wp:attachment":[{"href":"https:\/\/dmsjuridica.com\/buscador_20179478954\/salapenalcronologico20230723\/wp-json\/wp\/v2\/media?parent=47806"}],"wp:term":[{"taxonomy":"category","embeddable":true,"href":"https:\/\/dmsjuridica.com\/buscador_20179478954\/salapenalcronologico20230723\/wp-json\/wp\/v2\/categories?post=47806"},{"taxonomy":"post_tag","embeddable":true,"href":"https:\/\/dmsjuridica.com\/buscador_20179478954\/salapenalcronologico20230723\/wp-json\/wp\/v2\/tags?post=47806"}],"curies":[{"name":"wp","href":"https:\/\/api.w.org\/{rel}","templated":true}]}}