{"id":47558,"date":"2023-09-14T21:52:45","date_gmt":"2023-09-14T21:52:45","guid":{"rendered":"https:\/\/dmsjuridica.com\/buscador_20179478954\/salapenalcronologico20230723\/2023\/09\/14\/stp3163-2019\/"},"modified":"2023-09-14T21:52:45","modified_gmt":"2023-09-14T21:52:45","slug":"stp3163-2019","status":"publish","type":"post","link":"https:\/\/dmsjuridica.com\/buscador_20179478954\/salapenalcronologico20230723\/2023\/09\/14\/stp3163-2019\/","title":{"rendered":"STP3163-2019"},"content":{"rendered":"\n<p>\u00a0 \u00a0 \u00a0 \u00a0\u00a0<\/p>\n<p>PATRICIA \u00a0SALAZAR CU\u00c9LLAR \u00a0<\/p>\n<p>Magistrada \u00a0Ponente \u00a0 \u00a0 \u00a0<\/p>\n<p>STP3163-2019 \u00a0<\/p>\n<p>Radicaci\u00f3n \u00a0N.\u00b0 103420 \u00a0<\/p>\n<p>Acta \u00a064 \u00a0<\/p>\n<p>Bogot\u00e1 \u00a0D. C., doce (12) de marzo de dos mil diecinueve (2019). \u00a0<\/p>\n<p>VISTOS \u00a0<\/p>\n<p>Se \u00a0pronuncia la Sala sobre la demanda de tutela formulada por DALIA \u00a0PORTILLA ROJAS, \u00a0contra la \u00a0SALA PENAL DEL TRIBUNAL SUPERIOR DE VILLAVICENCIO, \u00a0por la supuesta \u00a0vulneraci\u00f3n de sus derechos fundamentales. \u00a0Al tr\u00e1mite \u00a0fueron vinculados, el JUZGADO \u00a0PENAL DEL CIRCUITO DE ACAC\u00cdAS, \u00a0la FISCAL\u00cdA 23 \u00a0SECCIONAL de la \u00a0misma localidad y la REPRESENTACI\u00d3N \u00a0DEL MINISTERIO P\u00daBLICO. \u00a0Adem\u00e1s, \u00a0la RECLUSI\u00d3N \u00a0DE MUJERES DE VILLAVICENCIO. \u00a0<\/p>\n<p>ANTECEDENTES \u00a0Y FUNDAMENTOS \u00a0<\/p>\n<p>Mediante \u00a0sentencia del 2 de noviembre de 2018, el Juzgado Penal del Circuito \u00a0de Acac\u00edas emiti\u00f3 sentencia condenatoria contra DALIA \u00a0PORTILLA ROJAS, como responsable del delito de tr\u00e1fico \u00a0de estupefacientes. \u00a0 Le impuso pena de 64 meses de privaci\u00f3n de la libertad y le \u00a0neg\u00f3 la suspensi\u00f3n condicional de la ejecuci\u00f3n \u00a0de la sanci\u00f3n y la prisi\u00f3n domiciliaria. \u00a0<\/p>\n<p>Esa \u00a0decisi\u00f3n fue apelada por el defensor de la procesada y la \u00a0alzada se encuentra en la Sala Penal del Tribunal Superior de \u00a0Villavicencio, desde el 15 de enero del a\u00f1o que avanza, para \u00a0el tr\u00e1mite correspondiente. \u00a0<\/p>\n<p>Acude \u00a0ahora PORTILLA ROJAS a la extraordinaria v\u00eda de tutela. \u00a0 Informa que durante el tiempo en el que ha estado privada de la \u00a0libertad, su conducta en el penal ha sido calificada como ejemplar \u00a0y \u00a0que, aun cuando la concesi\u00f3n de la prisi\u00f3n domiciliaria \u00a0es uno de los aspectos que fue objeto del recurso de apelaci\u00f3n \u00a0que est\u00e1 en tr\u00e1mite, debe otorg\u00e1rsele. \u00a0<\/p>\n<p>Pide, \u00a0por consiguiente, que se env\u00ede la actuaci\u00f3n a los \u00a0juzgados de ejecuci\u00f3n de penas y que se \u00abreconsidere\u00bb \u00a0la solicitud de sustituci\u00f3n de la prisi\u00f3n intramural \u00a0por la domiciliaria. \u00a0<\/p>\n<p>RESPUESTA \u00a0DE LAS AUTORIDADES INVOLUCRADAS \u00a0 \u00a0 \u00a0<\/p>\n<p>1. \u00a0El Juzgado Penal del Circuito de Acac\u00edas hizo un recuento de \u00a0la actuaci\u00f3n a su cargo. \u00a0Pidi\u00f3, que se niegue el \u00a0amparo por desconocimiento de la condici\u00f3n de subsidiariedad, \u00a0b\u00e1sicamente, porque el motivo de la tutela debe ser definido \u00a0en el recurso de apelaci\u00f3n que formul\u00f3 el apoderado de \u00a0la accionante. \u00a0<\/p>\n<p>2. \u00a0El Tribunal Superior de Villavicencio inform\u00f3 que el \u00a0expediente arrib\u00f3 a esa Colegiatura el 15 de enero del a\u00f1o \u00a0que avanza y se encuentra en el turno 354 para ser decidido, sin que \u00a0exista alguna petici\u00f3n de la demandante en punto de los \u00a0reclamos que fundaron la demanda. \u00a0<\/p>\n<p>3. \u00a0La Fiscal\u00eda 23 Seccional de Acac\u00edas y la Procuradur\u00eda \u00a0341 Judicial de esa ciudad solicitaron, en sendos escritos, que se \u00a0declare improcedente la tutela por carencia del requisito de \u00a0subsidiariedad, toda vez que el proceso a\u00fan est\u00e1 en \u00a0tr\u00e1mite, pendiente de que se desate el recurso de apelaci\u00f3n. \u00a0<\/p>\n<p>4. \u00a0El apoderado de la demandante dentro del proceso penal inform\u00f3 \u00a0de las gestiones que despleg\u00f3 al interior de esa actuaci\u00f3n, \u00a0agreg\u00f3 que ella no mostr\u00f3 inconformidad con la decisi\u00f3n \u00a0de apelar la sentencia de primer nivel y la pretensi\u00f3n que \u00a0formula en la tutela es la misma del recurso vertical. \u00a0<\/p>\n<p>CONSIDERACIONES \u00a0DE LA CORTE \u00a0<\/p>\n<p>1. \u00a0De conformidad con lo establecido en el numeral 5\u00ba del art\u00edculo \u00a02.2.3.1.2.1 del Decreto 1069 de 20151, \u00a0la Sala de Casaci\u00f3n Penal de la Corte Suprema de Justicia es \u00a0competente para resolver la demanda de tutela propuesta por DALIA \u00a0PORTILLA ROJAS, que se dirige, entre otras autoridades, contra la \u00a0Sala Penal del Tribunal Superior de Villavicencio. \u00a0<\/p>\n<p>2. \u00a0Cabe recordar, para la soluci\u00f3n del caso, los requisitos de \u00a0procedencia de la acci\u00f3n de amparo contra providencias \u00a0judiciales2. \u00a0<\/p>\n<p>En \u00a0ese sentido, se ha decantado de tiempo atr\u00e1s que la acci\u00f3n \u00a0de tutela es una v\u00eda de protecci\u00f3n excepcional\u00edsima \u00a0cuando se dirige en contra de providencias judiciales y su \u00a0prosperidad va necesariamente ligada al cumplimiento de estrictos \u00a0requisitos de procedibilidad, que esta Corporaci\u00f3n, en \u00a0posici\u00f3n compartida por la Corte Constitucional3 \u00a0ha venido acogiendo y que implican una carga para el actor, no s\u00f3lo \u00a0en su planteamiento, sino tambi\u00e9n en su demostraci\u00f3n. \u00a0<\/p>\n<p>Tales \u00a0requisitos generales de procedencia de la acci\u00f3n de tutela \u00a0contra providencias judiciales contemplan, \u00a0que la cuesti\u00f3n que se discuta resulte de evidente relevancia \u00a0constitucional. \u00a0Adem\u00e1s, que se hayan agotado todos los medios \u00a0\u2013 \u00a0ordinarios y extraordinarios \u2013 \u00a0de defensa judicial al alcance de la persona afectada, salvo que se \u00a0trate de evitar la consumaci\u00f3n de un perjuicio irremediable. \u00a0<\/p>\n<p>Igualmente, \u00a0exige la jurisprudencia que se cumpla el requisito de la inmediatez, \u00a0el cual impone que la tutela se haya instaurado en un t\u00e9rmino \u00a0razonable y proporcionado a partir del hecho que origin\u00f3 la \u00a0vulneraci\u00f3n; as\u00ed mismo, cuando se trate de una \u00a0irregularidad procesal, debe quedar claro que la misma tiene un \u00a0efecto decisivo o determinante en la sentencia que se impugna y que \u00a0afecta los derechos fundamentales de la parte actora. \u00a0<\/p>\n<p>Adem\u00e1s, \u00a0que el accionante \u00abidentifique \u00a0de manera razonable tanto los hechos que generaron la vulneraci\u00f3n \u00a0como los derechos vulnerados y que hubiere alegado tal vulneraci\u00f3n \u00a0en el proceso judicial siempre que esto hubiere sido posible\u00bb4. \u00a0<\/p>\n<p>Y \u00a0finalmente, que no se trate de sentencias de tutela. \u00a0<\/p>\n<p>De \u00a0otra parte, los requisitos de car\u00e1cter espec\u00edfico han \u00a0sido reiterados en pac\u00edfica jurisprudencia a partir de la \u00a0sentencia C-590\/05. \u00a0 Estos son: (i) \u00a0defecto org\u00e1nico5; \u00a0(ii) \u00a0defecto procedimental absoluto6; \u00a0(iii) \u00a0defecto f\u00e1ctico7; \u00a0(iv) \u00a0defecto material o sustantivo8; \u00a0(v) \u00a0error inducido9; \u00a0(vi) \u00a0decisi\u00f3n sin motivaci\u00f3n10; \u00a0(vii) \u00a0desconocimiento del precedente11; \u00a0y (viii) \u00a0violaci\u00f3n directa de la Constituci\u00f3n. \u00a0<\/p>\n<p>Desde \u00a0la decisi\u00f3n CC C-590\/05 ampliamente referida, la procedencia \u00a0de la tutela contra una providencia emitida por un juez de la \u00a0Rep\u00fablica se habilita, \u00fanicamente, cuando superado el \u00a0filtro de verificaci\u00f3n de los requisitos generales, se \u00a0configure, al menos uno de los defectos espec\u00edficos antes \u00a0mencionados. \u00a0<\/p>\n<p>3. \u00a0Para el caso, ha de destacarse que DALIA PORTILLA ROJAS desconoci\u00f3 \u00a0la condici\u00f3n de subsidiariedad de la tutela, porque como bien \u00a0inform\u00f3 su defensor p\u00fablico, la concesi\u00f3n de la \u00a0prisi\u00f3n domiciliaria es uno de los puntos objeto de ataque que \u00a0contiene el escrito de apelaci\u00f3n que debe ser desatado por la \u00a0Sala Penal del Tribunal Superior de Villavicencio. \u00a0<\/p>\n<p>Pero \u00a0adem\u00e1s, si estima necesario que se env\u00ede la actuaci\u00f3n \u00a0a los juzgados de ejecuci\u00f3n de penas para que all\u00ed se \u00a0emita pronunciamiento sobre su solicitud, tambi\u00e9n tiene la \u00a0posibilidad de desistir \u00a0del recurso vertical, lo cual, ha de aclararse, deber\u00e1 ser \u00a0concertado con su defensor en punto de la conveniencia de aquella \u00a0medida. \u00a0<\/p>\n<p>As\u00ed \u00a0las cosas, como uno de \u00a0los presupuestos de procedibilidad de la acci\u00f3n de tutela \u00a0consiste justamente en que se hayan agotado todos \u00a0los medios ordinarios y extraordinarios de defensa judicial y en este \u00a0caso la aludida condici\u00f3n se echa de menos, se impone la \u00a0improcedencia de la tutela, porque el funcionario de amparo no puede \u00a0inmiscuirse indebidamente en un asunto de competencia de los jueces \u00a0naturales y sobre el cual la demandante tiene a su disposici\u00f3n, \u00a0por el cauce ordinario, un medio de defensa apto para garantizar la \u00a0protecci\u00f3n que se reclama en esta residual \u00a0y subsidiaria \u00a0v\u00eda. \u00a0<\/p>\n<p>En \u00a0esas condiciones, se \u00a0impone declarar improcedente el amparo invocado. \u00a0<\/p>\n<p>En \u00a0m\u00e9rito de lo expuesto, LA \u00a0CORTE SUPREMA DE JUSTICIA, SALA DE CASACI\u00d3N PENAL \u2013 EN \u00a0SALA DE DECISI\u00d3N DE ACCIONES DE TUTELA No. 3, \u00a0administrando justicia en nombre de la Rep\u00fablica y por \u00a0autoridad de la Ley, \u00a0 \u00a0<\/p>\n<p>RESUELVE \u00a0<\/p>\n<p>DECLARAR \u00a0IMPROCEDENTE el \u00a0amparo constitucional invocado. \u00a0<\/p>\n<p>NOTIFICAR \u00a0esta \u00a0providencia de conformidad con el art\u00edculo 30 del Decreto 2591 \u00a0de 1991. \u00a0<\/p>\n<p>REMITIR \u00a0el \u00a0expediente a la Corte Constitucional para su eventual revisi\u00f3n, \u00a0una vez en firme. \u00a0<\/p>\n<p>NOTIF\u00cdQUESE \u00a0y C\u00daMPLASE \u00a0<\/p>\n<p>JOS\u00c9 \u00a0FRANCISCO ACU\u00d1A VIZCAYA \u00a0<\/p>\n<p>EUGENIO \u00a0FERN\u00c1NDEZ CARLIER \u00a0<\/p>\n<p>PATRICIA \u00a0SALAZAR CU\u00c9LLAR \u00a0<\/p>\n<p>NUBIA \u00a0YOLANDA NOVA GARC\u00cdA \u00a0<\/p>\n<p>Secretaria \u00a0<\/p>\n<p>1 \u00a0 \u00a0 \u00a0 \u00a0 \u00a0Las acciones de tutela \u00a0 \u00a0 \u00a0 \u00a0 \u00a0dirigidas contra los Jueces o Tribunales ser\u00e1n repartidas, \u00a0 \u00a0 \u00a0 \u00a0 \u00a0para su conocimiento en primera instancia, al respectivo superior \u00a0 \u00a0 \u00a0 \u00a0 \u00a0funcional de la autoridad jurisdiccional accionada. \u00a0<\/p>\n<p>2 \u00a0 \u00a0 \u00a0 \u00a0 \u00a0\u00abEn \u00a0 \u00a0 \u00a0 \u00a0 \u00a0el marco de la doctrina de la procedencia de la acci\u00f3n de \u00a0 \u00a0 \u00a0 \u00a0 \u00a0tutela contra providencias judiciales, comprende tanto las \u00a0 \u00a0 \u00a0 \u00a0 \u00a0sentencias como los autos que son proferidos por las autoridades \u00a0 \u00a0 \u00a0 \u00a0 \u00a0judiciales.\u00bb \u00a0 \u00a0 \u00a0 \u00a0 \u00a0(T-343\/12). \u00a0<\/p>\n<p>3 \u00a0 \u00a0 \u00a0 \u00a0 \u00a0Fallos \u00a0 \u00a0 \u00a0 \u00a0 \u00a0C-590\/05 y T-332\/06. \u00a0<\/p>\n<p>4 \u00a0 \u00a0 \u00a0 \u00a0 \u00a0Ib\u00eddem. \u00a0<\/p>\n<p>5 \u00a0 \u00a0 \u00a0 \u00a0 \u00a0\u201cque se \u00a0 \u00a0 \u00a0 \u00a0 \u00a0presenta cuando el funcionario judicial que profiri\u00f3 la \u00a0 \u00a0 \u00a0 \u00a0 \u00a0providencia impugnada, carece, absolutamente, de competencia para \u00a0 \u00a0 \u00a0 \u00a0 \u00a0ello\u201d. \u00a0<\/p>\n<p>6 \u00a0 \u00a0 \u00a0 \u00a0 \u00a0\u201ccuando el \u00a0 \u00a0 \u00a0 \u00a0 \u00a0juez actu\u00f3 completamente al margen del procedimiento \u00a0 \u00a0 \u00a0 \u00a0 \u00a0establecido\u201d. \u00a0<\/p>\n<p>7 \u00a0 \u00a0 \u00a0 \u00a0 \u00a0\u201ccuando el \u00a0 \u00a0 \u00a0 \u00a0 \u00a0juez carece del apoyo probatorio que permita la aplicaci\u00f3n \u00a0 \u00a0 \u00a0 \u00a0 \u00a0del supuesto legal en el que se sustenta la decisi\u00f3n\u201d. \u00a0<\/p>\n<p>8 \u00a0 \u00a0 \u00a0 \u00a0 \u00a0\u201cse decide con \u00a0 \u00a0 \u00a0 \u00a0 \u00a0base en normas inexistentes o inconstitucionales o que presentan una \u00a0 \u00a0 \u00a0 \u00a0 \u00a0evidente y grosera contradicci\u00f3n entre los fundamentos y la \u00a0 \u00a0 \u00a0 \u00a0 \u00a0decisi\u00f3n\u201d. \u00a0<\/p>\n<p>9 \u00a0 \u00a0 \u00a0 \u00a0 \u00a0\u201ccuando el \u00a0 \u00a0 \u00a0 \u00a0 \u00a0juez o tribunal fue v\u00edctima de un enga\u00f1o por parte de \u00a0 \u00a0 \u00a0 \u00a0 \u00a0terceros y ese enga\u00f1o lo condujo a la toma de una decisi\u00f3n \u00a0 \u00a0 \u00a0 \u00a0 \u00a0que afecta derechos fundamentales\u201d. \u00a0<\/p>\n<p>10 \u00a0 \u00a0 \u00a0 \u00a0 \u00a0\u201cque implica \u00a0 \u00a0 \u00a0 \u00a0 \u00a0el incumplimiento de los servidores judiciales de dar cuenta de los \u00a0 \u00a0 \u00a0 \u00a0 \u00a0fundamentos f\u00e1cticos y jur\u00eddicos de sus decisiones en \u00a0 \u00a0 \u00a0 \u00a0 \u00a0el entendido que precisamente en esa motivaci\u00f3n reposa la \u00a0 \u00a0 \u00a0 \u00a0 \u00a0legitimidad de su \u00f3rbita funcional\u201d. \u00a0<\/p>\n<p>11 \u00a0 \u00a0 \u00a0 \u00a0 \u00a0\u201ccuando la \u00a0 \u00a0 \u00a0 \u00a0 \u00a0Corte Constitucional establece el alcance de un derecho fundamental \u00a0 \u00a0 \u00a0 \u00a0 \u00a0y el juez ordinario aplica una ley limitando sustancialmente dicho \u00a0 \u00a0 \u00a0 \u00a0 \u00a0alcance\u201d. \u00a0 \u00a0 \u00a0<\/p>\n<p><\/p>\n","protected":false},"excerpt":{"rendered":"<p>\u00a0 \u00a0 \u00a0 \u00a0\u00a0 PATRICIA \u00a0SALAZAR CU\u00c9LLAR \u00a0 Magistrada \u00a0Ponente \u00a0 \u00a0 \u00a0 STP3163-2019 \u00a0 Radicaci\u00f3n \u00a0N.\u00b0 103420 \u00a0 Acta \u00a064 \u00a0 Bogot\u00e1 \u00a0D. C., doce (12) de marzo de dos mil diecinueve (2019). \u00a0 VISTOS \u00a0 Se \u00a0pronuncia la Sala sobre la demanda de tutela formulada por DALIA \u00a0PORTILLA ROJAS, \u00a0contra la \u00a0SALA PENAL [&hellip;]<\/p>\n","protected":false},"author":1,"featured_media":0,"comment_status":"open","ping_status":"open","sticky":false,"template":"","format":"standard","meta":{"footnotes":""},"categories":[28],"tags":[],"class_list":["post-47558","post","type-post","status-publish","format-standard","hentry","category-28"],"_links":{"self":[{"href":"https:\/\/dmsjuridica.com\/buscador_20179478954\/salapenalcronologico20230723\/wp-json\/wp\/v2\/posts\/47558","targetHints":{"allow":["GET"]}}],"collection":[{"href":"https:\/\/dmsjuridica.com\/buscador_20179478954\/salapenalcronologico20230723\/wp-json\/wp\/v2\/posts"}],"about":[{"href":"https:\/\/dmsjuridica.com\/buscador_20179478954\/salapenalcronologico20230723\/wp-json\/wp\/v2\/types\/post"}],"author":[{"embeddable":true,"href":"https:\/\/dmsjuridica.com\/buscador_20179478954\/salapenalcronologico20230723\/wp-json\/wp\/v2\/users\/1"}],"replies":[{"embeddable":true,"href":"https:\/\/dmsjuridica.com\/buscador_20179478954\/salapenalcronologico20230723\/wp-json\/wp\/v2\/comments?post=47558"}],"version-history":[{"count":0,"href":"https:\/\/dmsjuridica.com\/buscador_20179478954\/salapenalcronologico20230723\/wp-json\/wp\/v2\/posts\/47558\/revisions"}],"wp:attachment":[{"href":"https:\/\/dmsjuridica.com\/buscador_20179478954\/salapenalcronologico20230723\/wp-json\/wp\/v2\/media?parent=47558"}],"wp:term":[{"taxonomy":"category","embeddable":true,"href":"https:\/\/dmsjuridica.com\/buscador_20179478954\/salapenalcronologico20230723\/wp-json\/wp\/v2\/categories?post=47558"},{"taxonomy":"post_tag","embeddable":true,"href":"https:\/\/dmsjuridica.com\/buscador_20179478954\/salapenalcronologico20230723\/wp-json\/wp\/v2\/tags?post=47558"}],"curies":[{"name":"wp","href":"https:\/\/api.w.org\/{rel}","templated":true}]}}