{"id":47090,"date":"2023-09-14T22:01:57","date_gmt":"2023-09-14T22:01:57","guid":{"rendered":"https:\/\/dmsjuridica.com\/buscador_20179478954\/salapenalcronologico20230723\/2023\/09\/14\/stp17374-2019\/"},"modified":"2023-09-14T22:01:57","modified_gmt":"2023-09-14T22:01:57","slug":"stp17374-2019","status":"publish","type":"post","link":"https:\/\/dmsjuridica.com\/buscador_20179478954\/salapenalcronologico20230723\/2023\/09\/14\/stp17374-2019\/","title":{"rendered":"STP17374-2019"},"content":{"rendered":"\n<p>\u00a0 \u00a0 \u00a0 \u00a0\u00a0<\/p>\n<p>JOS\u00c9 \u00a0FRANCISCO ACU\u00d1A VIZCAYA \u00a0<\/p>\n<p>Magistrado \u00a0Ponente \u00a0<\/p>\n<p>STP107374-2019 \u00a0<\/p>\n<p>Radicaci\u00f3n \u00a0n.\u00b0 108345 \u00a0<\/p>\n<p>(Aprobado \u00a0Acta No.339) \u00a0<\/p>\n<p>Bogot\u00e1 \u00a0D.C., trece (13) de diciembre de dos mil diecinueve (2019) \u00a0<\/p>\n<p>VISTOS \u00a0<\/p>\n<p>Resuelve la Sala de Casaci\u00f3n \u00a0Penal de la Corte Suprema de Justicia, Sala de Decisi\u00f3n de \u00a0Tutelas, la acci\u00f3n interpuesta por Ranly Seneth S\u00e1enz \u00a0Camacho contra las Salas Jurisdiccionales Disciplinarias del Consejo \u00a0Seccional de la Judicatura Del Meta y del Consejo Superior de la \u00a0Judicatura, con ocasi\u00f3n de las sentencias emitidas dentro del \u00a0proceso disciplinario radicado bajo el n\u00famero \u00a050001110200020160028601 (en adelante: proceso disciplinario \u00a02016-00286). \u00a0<\/p>\n<p>Las dem\u00e1s autoridades, partes \u00a0e intervinientes del referido expediente fueron vinculados como \u00a0terceros con inter\u00e9s leg\u00edtimo en el presente asunto. \u00a0<\/p>\n<p>ANTECEDENTES \u00a0<\/p>\n<p>Y \u00a0<\/p>\n<p>FUNDAMENTOS \u00a0DE LA ACCI\u00d3N \u00a0<\/p>\n<p>Ranly Seneth S\u00e1enz \u00a0Camacho solicita el amparo de su derecho fundamental al debido \u00a0proceso, igualdad, al trabajo, entre otros, los cuales considera le \u00a0est\u00e1n siendo vulnerados con la sanci\u00f3n de suspensi\u00f3n \u00a0por dos a\u00f1os en el ejercicio de la profesi\u00f3n de \u00a0abogada, que le fue impuesta en el marco del proceso disciplinario \u00a02016-00286. \u00a0<\/p>\n<p>Censura que las Salas \u00a0Jurisdiccionales Disciplinarias del Consejo Seccional de la \u00a0Judicatura del Tolima y del Consejo Superior de la Judicatura \u00a0desconocieron la libertad contractual que existe entre las partes \u00a0para fijar los honorarios, al igual que la competencia de los jueces \u00a0ordinarios para regularlos cuando se presentan desacuerdos al \u00a0respecto. \u00a0<\/p>\n<p>Asimismo, critica que las autoridades \u00a0accionadas no realizaron un an\u00e1lisis suficiente de la \u00a0actividad profesional ejercida, y, adem\u00e1s, cuestiona los \u00a0argumentos esgrimidos por las mismas para imponer la sanci\u00f3n \u00a0tanto en primera instancia como en el grado jurisdiccional de \u00a0consulta. \u00a0<\/p>\n<p>Por estos motivos, y dado que \u00a0considera vulnerado sus derechos fundamentales que se dejen sin \u00a0efectos las decisiones cuestionadas, para que sea absuelta de la \u00a0sanci\u00f3n impuesta o se le reduzca la sanci\u00f3n de tal \u00a0forma que sea proporcional con las particularidades de su caso. \u00a0<\/p>\n<p>Como pruebas aport\u00f3 copia de \u00a0varias piezas procesales, entre ellas, las sentencias emitidas en su \u00a0contra y el contrato de servicios profesionales suscrito.1 \u00a0<\/p>\n<p>RESPUESTA DE LAS AUTORIDADES ACCIONADAS \u00a0<\/p>\n<p>Dentro del t\u00e9rmino concedido, solamente se \u00a0recibi\u00f3 respuesta del Patrimonio Aut\u00f3nomo de Remanentes \u00a0del Seguro Social en Liquidaci\u00f3n, que solicit\u00f3 su \u00a0desvinculaci\u00f3n de las presentes diligencias.2 \u00a0<\/p>\n<p>CONSIDERACIONES DE LA SALA \u00a0<\/p>\n<p>De conformidad con \u00a0lo previsto en el art\u00edculo 37 del Decreto 2591 de 1991 y el \u00a0numeral 8 del art\u00edculo 2.2.3.1.2.1 del Decreto 1069 de 2015, \u00a0modificado por el art\u00edculo 1 del Decreto 1983 de 2017, \u00a0esta Sala es competente para resolver la acci\u00f3n de tutela \u00a0formulada por Ranly Seneth S\u00e1enz \u00a0Camacho contra las Salas Jurisdiccionales Disciplinarias del \u00a0Consejo Seccional de la Judicatura Del Meta y del Consejo Superior de \u00a0la Judicatura. \u00a0<\/p>\n<p>El \u00a0problema jur\u00eddico que convoca a la Sala consiste en determinar \u00a0si contra las sentencias emitidas \u00a0dentro del proceso disciplinario 50001110200020160028601, mediante \u00a0las cuales la accionante fue sancionada con la suspensi\u00f3n por \u00a0dos a\u00f1os del ejercicio de la profesi\u00f3n, se configuran \u00a0los requisitos de procedibilidad de la acci\u00f3n de tutela contra \u00a0providencias judiciales y, en consecuencia, debe concederse el amparo \u00a0invocado. \u00a0<\/p>\n<p>Requisitos de procedibilidad de la acci\u00f3n \u00a0de tutela contra decisiones judiciales. \u00a0<\/p>\n<p>Como ha sido recurrentemente \u00a0recordado por esta Sala, la acci\u00f3n constitucional de tutela es \u00a0un mecanismo de protecci\u00f3n excepcional frente a providencias \u00a0judiciales, su prosperidad va ligada al cumplimiento de estrictos \u00a0requisitos de procedibilidad que implican una carga para la \u00a0accionante, tanto en su planteamiento como en su demostraci\u00f3n, \u00a0como lo ha expuesto la propia Corte Constitucional. \u00a0<\/p>\n<p>Por este motivo, y como ha sido \u00a0desarrollado por la Doctrina constitucional, la acci\u00f3n de \u00a0tutela contra providencias judiciales exige: \u00a0<\/p>\n<p>\u00a0 \u00a0\u00a0 \u00a0 \u00a0 \u00a0 \u00a0 \u00a0 \u00a0 \u00a0 \u00a0 \u00a0 \u00a0 \u00a0 \u00a0 \u00a0<\/p>\n<p>a. Que la cuesti\u00f3n que se discuta resulte \u00a0 \u00a0 \u00a0 \u00a0 \u00a0 \u00a0 \u00a0 \u00a0 \u00a0de evidente relevancia constitucional. \u00a0 \u00a0<\/p>\n<p>\u00a0 \u00a0\u00a0 \u00a0 \u00a0 \u00a0 \u00a0 \u00a0 \u00a0 \u00a0 \u00a0 \u00a0 \u00a0 \u00a0 \u00a0 \u00a0<\/p>\n<p>b. Que hayan sido agotados todos los medios \u00a0 \u00a0 \u00a0 \u00a0 \u00a0 \u00a0 \u00a0 \u00a0 \u00a0-ordinarios y extraordinarios- de defensa judicial al alcance de la \u00a0 \u00a0 \u00a0 \u00a0 \u00a0 \u00a0 \u00a0 \u00a0 \u00a0persona afectada, salvo que se trate de evitar la consumaci\u00f3n \u00a0 \u00a0 \u00a0 \u00a0 \u00a0 \u00a0 \u00a0 \u00a0 \u00a0de un perjuicio iusfundamental irremediable. \u00a0 \u00a0<\/p>\n<p>\u00a0 \u00a0\u00a0 \u00a0 \u00a0 \u00a0 \u00a0 \u00a0 \u00a0 \u00a0 \u00a0 \u00a0 \u00a0 \u00a0 \u00a0 \u00a0<\/p>\n<p>c. Que se cumpla el requisito de la inmediatez, es \u00a0 \u00a0 \u00a0 \u00a0 \u00a0 \u00a0 \u00a0 \u00a0 \u00a0decir, que la tutela se hubiere interpuesto en un t\u00e9rmino \u00a0 \u00a0 \u00a0 \u00a0 \u00a0 \u00a0 \u00a0 \u00a0 \u00a0razonable y proporcionado a partir del hecho que origin\u00f3 la \u00a0 \u00a0 \u00a0 \u00a0 \u00a0 \u00a0 \u00a0 \u00a0 \u00a0vulneraci\u00f3n. \u00a0 \u00a0<\/p>\n<p>\u00a0 \u00a0\u00a0 \u00a0 \u00a0 \u00a0 \u00a0 \u00a0 \u00a0 \u00a0 \u00a0 \u00a0 \u00a0 \u00a0 \u00a0 \u00a0<\/p>\n<p>d. Cuando se trate de una irregularidad procesal, \u00a0 \u00a0 \u00a0 \u00a0 \u00a0 \u00a0 \u00a0 \u00a0 \u00a0debe quedar claro que la misma tiene un efecto decisivo o \u00a0 \u00a0 \u00a0 \u00a0 \u00a0 \u00a0 \u00a0 \u00a0 \u00a0determinante en la sentencia que se impugna y que ata\u00f1e a \u00a0 \u00a0 \u00a0 \u00a0 \u00a0 \u00a0 \u00a0 \u00a0 \u00a0los derechos fundamentales de la accionante. \u00a0 \u00a0<\/p>\n<p>\u00a0 \u00a0\u00a0 \u00a0 \u00a0 \u00a0 \u00a0 \u00a0 \u00a0 \u00a0 \u00a0 \u00a0 \u00a0 \u00a0 \u00a0 \u00a0<\/p>\n<p>e. Que la accionante identifique de manera \u00a0 \u00a0 \u00a0 \u00a0 \u00a0 \u00a0 \u00a0 \u00a0 \u00a0razonable tanto los hechos que generaron la vulneraci\u00f3n como \u00a0 \u00a0 \u00a0 \u00a0 \u00a0 \u00a0 \u00a0 \u00a0 \u00a0los derechos vulnerados y que hubiere alegado tal vulneraci\u00f3n \u00a0 \u00a0 \u00a0 \u00a0 \u00a0 \u00a0 \u00a0 \u00a0 \u00a0en el proceso judicial, siempre que esto hubiere sido posible. \u00a0 \u00a0<\/p>\n<p>\u00a0 \u00a0\u00a0 \u00a0 \u00a0 \u00a0 \u00a0 \u00a0 \u00a0 \u00a0 \u00a0 \u00a0 \u00a0 \u00a0 \u00a0 \u00a0<\/p>\n<p>f. Que la decisi\u00f3n judicial contra la cual \u00a0 \u00a0 \u00a0 \u00a0 \u00a0 \u00a0 \u00a0 \u00a0 \u00a0se formula la acci\u00f3n de tutela no se corresponda con \u00a0 \u00a0 \u00a0 \u00a0 \u00a0 \u00a0 \u00a0 \u00a0 \u00a0sentencias de tutela. \u00a0 \u00a0<\/p>\n<p>Los anteriores requisitos, no pueden \u00a0quedarse en meros enunciados, pues han sido reiterados por la Corte \u00a0Constitucional, primero en la sentencia C-590 de 2005, luego en las \u00a0decisiones T-332, T-212 y T-780 de 2006, reforzando lo dicho en la \u00a0primera de las mencionadas providencias, en el sentido que, cuando se \u00a0trata de acciones de tutela contra providencias judiciales, las \u00a0mismas solo pueden tener cabida \u00ab\u2026si \u00a0se cumplen ciertos y rigurosos requisitos de procedibilidad. Dentro \u00a0de estos pueden distinguirse unos de car\u00e1cter general, que \u00a0habilitan la interposici\u00f3n de la tutela, y otros de car\u00e1cter \u00a0espec\u00edfico, que tocan con la procedencia misma del amparo, una \u00a0vez interpuesta\u00bb (Textual). \u00a0<\/p>\n<p>En punto de las \u00a0exigencias espec\u00edficas, como fue recogido en la sentencia \u00a0C-590 de 2005, han sido establecidas las que a \u00a0continuaci\u00f3n se relacionan: \u00a0<\/p>\n<p>a. \u00a0 \u00a0 \u00a0 \u00a0Defecto \u00a0org\u00e1nico, que se presenta cuando el funcionario judicial que \u00a0profiri\u00f3 la providencia impugnada carece absolutamente de \u00a0competencia para ello. \u00a0 \u00a0 \u00a0 \u00a0 \u00a0 \u00a0<\/p>\n<p>b. Defecto \u00a0 \u00a0 \u00a0 \u00a0 \u00a0procedimental absoluto, que se origina cuando el juez actu\u00f3 \u00a0 \u00a0 \u00a0 \u00a0 \u00a0completamente al margen del procedimiento establecido.<\/p>\n<p>c. Defecto \u00a0 \u00a0 \u00a0 \u00a0 \u00a0f\u00e1ctico, el cual surge cuando el juez carece del apoyo \u00a0 \u00a0 \u00a0 \u00a0 \u00a0probatorio que permita la aplicaci\u00f3n del supuesto legal en el \u00a0 \u00a0 \u00a0 \u00a0 \u00a0que se sustenta la decisi\u00f3n.<\/p>\n<p>d. Defecto \u00a0 \u00a0 \u00a0 \u00a0 \u00a0material o sustantivo, como son los casos en que se decide con base \u00a0 \u00a0 \u00a0 \u00a0 \u00a0en normas inexistentes o inconstitucionales3 \u00a0 \u00a0 \u00a0 \u00a0 \u00a0o que presentan una evidente y grosera contradicci\u00f3n entre \u00a0 \u00a0 \u00a0 \u00a0 \u00a0los fundamentos y la decisi\u00f3n;<\/p>\n<p>e. Error \u00a0 \u00a0 \u00a0 \u00a0 \u00a0inducido, el cual surge cuando el juez o tribunal fue v\u00edctima \u00a0 \u00a0 \u00a0 \u00a0 \u00a0de un enga\u00f1o por parte de terceros y ese enga\u00f1o lo \u00a0 \u00a0 \u00a0 \u00a0 \u00a0condujo a la toma de una decisi\u00f3n que afecta derechos \u00a0 \u00a0 \u00a0 \u00a0 \u00a0fundamentales.<\/p>\n<p>f. Decisi\u00f3n \u00a0 \u00a0 \u00a0 \u00a0 \u00a0sin motivaci\u00f3n, que implica el incumplimiento \u00a0 \u00a0 \u00a0 \u00a0 \u00a0de los funcionarios judiciales de explicitar los fundamentos \u00a0 \u00a0 \u00a0 \u00a0 \u00a0f\u00e1cticos y jur\u00eddicos de sus decisiones, en el \u00a0 \u00a0 \u00a0 \u00a0 \u00a0entendido que precisamente en esa motivaci\u00f3n reposa la \u00a0 \u00a0 \u00a0 \u00a0 \u00a0legitimidad de su \u00f3rbita funcional.<\/p>\n<p>g. Desconocimiento \u00a0 \u00a0 \u00a0 \u00a0 \u00a0del precedente, hip\u00f3tesis que se presenta, por \u00a0 \u00a0 \u00a0 \u00a0 \u00a0ejemplo, cuando la Corte Constitucional establece el alcance de un \u00a0 \u00a0 \u00a0 \u00a0 \u00a0derecho fundamental y el juez ordinario aplica una ley limitando \u00a0 \u00a0 \u00a0 \u00a0 \u00a0sustancialmente dicho alcance. En estos casos la tutela procede como \u00a0 \u00a0 \u00a0 \u00a0 \u00a0mecanismo para garantizar la eficacia jur\u00eddica del contenido \u00a0 \u00a0 \u00a0 \u00a0 \u00a0constitucionalmente vinculante del derecho fundamental vulnerado \u00a0 \u00a0 \u00a0 \u00a0 \u00a0[4].<\/p>\n<p>h. Violaci\u00f3n \u00a0 \u00a0 \u00a0 \u00a0 \u00a0directa de la Constituci\u00f3n. \u00a0 \u00a0 \u00a0 \u00a0 \u00a0(Textual). \u00a0<\/p>\n<p>Queda entonces claro que en \u00a0atenci\u00f3n a la fuerza normativa de la cosa juzgada y al respeto \u00a0de la autonom\u00eda judicial, la acci\u00f3n consagrada en el \u00a0art\u00edculo 86 de la Constituci\u00f3n Nacional, cuando se \u00a0dirige a cuestionar una decisi\u00f3n judicial, tiene car\u00e1cter \u00a0excepcional, y su prosperidad est\u00e1 atada a que se cumplan los \u00a0requisitos de procedibilidad anteriormente enunciados. De manera que \u00a0quien acude a ella tiene la carga no s\u00f3lo respecto de su \u00a0planteamiento, sino de su demostraci\u00f3n. \u00a0<\/p>\n<p>An\u00e1lisis \u00a0del caso concreto. \u00a0<\/p>\n<p>Con base en el marco jur\u00eddico \u00a0presentado, la Sala revis\u00f3 la solicitud de amparo y las \u00a0pruebas recaudadas, a partir de lo cual evidencia que la presente \u00a0solicitud de amparo no cumple con el requisito general de inmediatez, \u00a0pues la accionante no acudi\u00f3 a esta acci\u00f3n dentro de un \u00a0plazo razonable. \u00a0<\/p>\n<p>Si bien en su \u00a0escrito de tutela la accionante se\u00f1al\u00f3 que su solicitud \u00a0de amparo cumple con este presupuesto, porque \u00ab\u2026a \u00a0la fecha no han transcurrido m\u00e1s de tres (3) meses desde el \u00a0momento en que se surti\u00f3 la segunda instancia, sin que esta \u00a0decisi\u00f3n hubiese sido notificada en forma personal; am\u00e9n \u00a0que el archivo de las diligencias se dispuso el 19 de septiembre del \u00a0a\u00f1o en curso\u00bb5 \u00a0(Textual), lo cierto es que al consultar en la \u00a0p\u00e1gina web de la Rama Judicial, la informaci\u00f3n obrante \u00a0respecto del proceso disciplinario 50001110200020160028601, se \u00a0evidencia que las notificaciones de la decisi\u00f3n proferida en \u00a0el grado jurisdiccional de consulta fueron libradas desde el 22 de \u00a0noviembre de 2018, por medio \u00a0electr\u00f3nico y telegrama que fue enviado a la misma direcci\u00f3n \u00a0f\u00edsica que la accionante inform\u00f3 en su escrito de \u00a0tutela.6 \u00a0<\/p>\n<p>Asimismo, la Sala \u00a0no puede perder de vista que en dicho registro se encuentra una clara \u00a0notificaci\u00f3n por estado realizada por esta autoridad judicial \u00a0el 12 de diciembre de 2018. \u00a0<\/p>\n<p>Por ello la Sala cuenta con elementos \u00a0de juicio suficientes para inferir que al menos para diciembre de \u00a02018, la accionante tuvo conocimiento de la decisi\u00f3n adoptada \u00a0en el grado jurisdiccional de consulta, por ende no encuentra \u00a0suficientes las justificaciones presentadas para acudir a esta acci\u00f3n \u00a0m\u00e1s de un a\u00f1o despu\u00e9s de culminado el proceso \u00a0disciplinario 2016-00286. \u00a0<\/p>\n<p>Por estos motivos, \u00a0y teniendo en cuenta que la accionante tampoco acredit\u00f3 la \u00a0inminencia, gravedad, urgencia e impostergabilidad del amparo que \u00a0hagan necesaria la intervenci\u00f3n del Juez Constitucional, lo \u00a0procedente es declarar improcedente la solicitud de amparo invocada. \u00a0<\/p>\n<p>Por lo expuesto, \u00a0la CORTE \u00a0SUPREMA DE JUSTICIA, SALA DE CASACI\u00d3N PENAL \u2013 EN SALA DE \u00a0DECISI\u00d3N DE ACCIONES DE TUTELA N\u00b0 1, administrando \u00a0justicia, en nombre de la Rep\u00fablica y por autoridad de la Ley, \u00a0<\/p>\n<p>RESUELVE \u00a0<\/p>\n<p>\u00a0 \u00a0\u00a0 \u00a0 \u00a0 \u00a0 \u00a0<\/p>\n<p>1. DECLARAR IMPROCEDENTE el amparo solicitado por \u00a0 \u00a0 \u00a0 \u00a0 \u00a0Ranly Seneth S\u00e1enz Camacho contra las Salas Jurisdiccionales \u00a0 \u00a0 \u00a0 \u00a0 \u00a0Disciplinarias del Consejo Seccional de la Judicatura Del Meta y del \u00a0 \u00a0 \u00a0 \u00a0 \u00a0Consejo Superior de la Judicatura, con ocasi\u00f3n de las \u00a0 \u00a0 \u00a0 \u00a0 \u00a0sentencias emitidas dentro del proceso disciplinario radicado bajo \u00a0 \u00a0 \u00a0 \u00a0 \u00a0el n\u00famero 50001110200020160028601, por las razones anotadas \u00a0 \u00a0 \u00a0 \u00a0 \u00a0en precedencia. \u00a0<\/p>\n<p>\u00a0 \u00a0\u00a0 \u00a0 \u00a0 \u00a0 \u00a0<\/p>\n<p>2. NOTIFICAR a los sujetos procesales por el medio \u00a0 \u00a0 \u00a0 \u00a0 \u00a0m\u00e1s expedito el presente fallo, inform\u00e1ndoles que \u00a0 \u00a0 \u00a0 \u00a0 \u00a0puede ser impugnado dentro de los tres d\u00edas siguientes, \u00a0 \u00a0 \u00a0 \u00a0 \u00a0contados a partir de su notificaci\u00f3n. \u00a0<\/p>\n<p>\u00a0 \u00a0\u00a0 \u00a0 \u00a0 \u00a0 \u00a0<\/p>\n<p>3. Si no fuere impugnado, env\u00edese la \u00a0 \u00a0 \u00a0 \u00a0 \u00a0actuaci\u00f3n a la Corte Constitucional para su eventual \u00a0 \u00a0 \u00a0 \u00a0 \u00a0revisi\u00f3n, dentro del t\u00e9rmino indicado en el art\u00edculo \u00a0 \u00a0 \u00a0 \u00a0 \u00a031 del Decreto 2591 de 1991. \u00a0<\/p>\n<p>NOTIF\u00cdQUESE Y C\u00daMPLASE \u00a0<\/p>\n<p>JOS\u00c9 \u00a0FRANCISCO ACU\u00d1A VIZCAYA \u00a0<\/p>\n<p>EUGENIO \u00a0FERN\u00c1NDEZ CARLIER \u00a0<\/p>\n<p>NUBIA YOLANDA NOVA GARC\u00cdA \u00a0<\/p>\n<p>Secretaria \u00a0<\/p>\n<p>1 \u00a0 \u00a0 \u00a0 \u00a0 \u00a0Folios 1 a 40. \u00a0<\/p>\n<p>2 \u00a0 \u00a0 \u00a0 \u00a0 \u00a0Folios 67 a 73. \u00a0<\/p>\n<p>3 \u00a0 \u00a0 \u00a0 \u00a0 \u00a0CC T-522 de 2001. \u00a0<\/p>\n<p>4 \u00a0 \u00a0 \u00a0 \u00a0 \u00a0\u00abCfr. \u00a0 \u00a0 \u00a0 \u00a0 \u00a0Sentencias T-462 de \u00a0 \u00a0 \u00a0 \u00a0 \u00a02003; SU-1184 de 2001; T-1625 de 2000 y T-1031 de 2001.\u00bb \u00a0<\/p>\n<p>5 \u00a0 \u00a0 \u00a0 \u00a0 \u00a0Folio 6, cuaderno original. \u00a0<\/p>\n<p>6 \u00a0 \u00a0 \u00a0 \u00a0 \u00a0Folios 60 al 65, cuaderno original. \u00a0 \u00a0 \u00a0<\/p>\n<p><\/p>\n","protected":false},"excerpt":{"rendered":"<p>\u00a0 \u00a0 \u00a0 \u00a0\u00a0 JOS\u00c9 \u00a0FRANCISCO ACU\u00d1A VIZCAYA \u00a0 Magistrado \u00a0Ponente \u00a0 STP107374-2019 \u00a0 Radicaci\u00f3n \u00a0n.\u00b0 108345 \u00a0 (Aprobado \u00a0Acta No.339) \u00a0 Bogot\u00e1 \u00a0D.C., trece (13) de diciembre de dos mil diecinueve (2019) \u00a0 VISTOS \u00a0 Resuelve la Sala de Casaci\u00f3n \u00a0Penal de la Corte Suprema de Justicia, Sala de Decisi\u00f3n de \u00a0Tutelas, la acci\u00f3n [&hellip;]<\/p>\n","protected":false},"author":1,"featured_media":0,"comment_status":"open","ping_status":"open","sticky":false,"template":"","format":"standard","meta":{"footnotes":""},"categories":[28],"tags":[],"class_list":["post-47090","post","type-post","status-publish","format-standard","hentry","category-28"],"_links":{"self":[{"href":"https:\/\/dmsjuridica.com\/buscador_20179478954\/salapenalcronologico20230723\/wp-json\/wp\/v2\/posts\/47090","targetHints":{"allow":["GET"]}}],"collection":[{"href":"https:\/\/dmsjuridica.com\/buscador_20179478954\/salapenalcronologico20230723\/wp-json\/wp\/v2\/posts"}],"about":[{"href":"https:\/\/dmsjuridica.com\/buscador_20179478954\/salapenalcronologico20230723\/wp-json\/wp\/v2\/types\/post"}],"author":[{"embeddable":true,"href":"https:\/\/dmsjuridica.com\/buscador_20179478954\/salapenalcronologico20230723\/wp-json\/wp\/v2\/users\/1"}],"replies":[{"embeddable":true,"href":"https:\/\/dmsjuridica.com\/buscador_20179478954\/salapenalcronologico20230723\/wp-json\/wp\/v2\/comments?post=47090"}],"version-history":[{"count":0,"href":"https:\/\/dmsjuridica.com\/buscador_20179478954\/salapenalcronologico20230723\/wp-json\/wp\/v2\/posts\/47090\/revisions"}],"wp:attachment":[{"href":"https:\/\/dmsjuridica.com\/buscador_20179478954\/salapenalcronologico20230723\/wp-json\/wp\/v2\/media?parent=47090"}],"wp:term":[{"taxonomy":"category","embeddable":true,"href":"https:\/\/dmsjuridica.com\/buscador_20179478954\/salapenalcronologico20230723\/wp-json\/wp\/v2\/categories?post=47090"},{"taxonomy":"post_tag","embeddable":true,"href":"https:\/\/dmsjuridica.com\/buscador_20179478954\/salapenalcronologico20230723\/wp-json\/wp\/v2\/tags?post=47090"}],"curies":[{"name":"wp","href":"https:\/\/api.w.org\/{rel}","templated":true}]}}