{"id":46972,"date":"2023-09-14T22:01:52","date_gmt":"2023-09-14T22:01:52","guid":{"rendered":"https:\/\/dmsjuridica.com\/buscador_20179478954\/salapenalcronologico20230723\/2023\/09\/14\/stp17140-2019\/"},"modified":"2023-09-14T22:01:52","modified_gmt":"2023-09-14T22:01:52","slug":"stp17140-2019","status":"publish","type":"post","link":"https:\/\/dmsjuridica.com\/buscador_20179478954\/salapenalcronologico20230723\/2023\/09\/14\/stp17140-2019\/","title":{"rendered":"STP17140-2019"},"content":{"rendered":"\n<p>\u00a0 \u00a0 \u00a0 \u00a0\u00a0<\/p>\n<p>JAIME HUMBERTO \u00a0MORENO ACERO \u00a0<\/p>\n<p>Magistrado \u00a0ponente \u00a0<\/p>\n<p>STP17140-2019 \u00a0<\/p>\n<p>Radicaci\u00f3n \u00a0n\u00b0 107771 \u00a0<\/p>\n<p>Acta 316 \u00a0<\/p>\n<p>Bogot\u00e1, \u00a0D.C., veintisiete (27) de noviembre de dos mil diecinueve (2019). \u00a0<\/p>\n<p>\u00a0 \u00a0\u00a0 \u00a0 \u00a0 \u00a0 \u00a0<\/p>\n<p>I. ASUNTO \u00a0<\/p>\n<p>Decide la Sala la \u00a0impugnaci\u00f3n interpuesta por MAR\u00cdA \u00a0CONSUELO MESA BARRERO, \u00a0en relaci\u00f3n con el fallo proferido el 11 de octubre de 2019 \u00a0por la Sala Penal del Tribunal Superior de Ibagu\u00e9, que declar\u00f3 \u00a0improcedente el amparo de su derecho fundamental al debido proceso, \u00a0presuntamente vulnerado por el Juzgado \u00a0Primero de Ejecuci\u00f3n de Penas y Medidas de Seguridad \u00a0de esa ciudad. \u00a0<\/p>\n<p>\u00a0 \u00a0\u00a0 \u00a0 \u00a0 \u00a0 \u00a0<\/p>\n<p>II. HECHOS Y \u00a0 \u00a0 \u00a0 \u00a0 \u00a0FUNDAMENTOS DE LA ACCI\u00d3N \u00a0<\/p>\n<p>Los sucesos que \u00a0motivaron la solicitud de amparo constitucional y las pretensiones de \u00a0la demandante, fueron rese\u00f1ados por la Sala de Decisi\u00f3n \u00a0Penal del Tribunal Superior de Ibagu\u00e9, de la forma como sigue: \u00a0<\/p>\n<p>Manifest\u00f3 \u00a0la accionante que en atenci\u00f3n a lo dispuesto en la Ley 1826 de \u00a02017 y las sentencias C- 640 y 015 de 2017 y 2018, respectivamente, \u00a0le solicit\u00f3 al juez vig\u00eda, la redosificaci\u00f3n de \u00a0la pena impuesta por lo menos en una sexta parte, petici\u00f3n que \u00a0fue negada, por lo que consider\u00f3 vulnerados sus derechos \u00a0constitucionales fundamentales y pidi\u00f3 se acceda a la \u00a0solicitud antes referida. \u00a0<\/p>\n<p>\u00a0 \u00a0\u00a0 \u00a0 \u00a0 \u00a0 \u00a0<\/p>\n<p>III. DEL \u00a0 \u00a0 \u00a0 \u00a0 \u00a0FALLO RECURRIDO \u00a0<\/p>\n<p>La Sala de \u00a0Decisi\u00f3n Penal del \u00a0Tribunal Superior de Ibagu\u00e9, \u00a0declar\u00f3 improcedente el amparo al considerar que, en este \u00a0caso, no se configura el requisito de la subsidiariedad, ya que \u00a0revisado el sistema de informaci\u00f3n Justicia XXI y el \u00a0expediente allegado en calidad de pr\u00e9stamo, se evidencia que \u00a0el 16 de septiembre de 2019 la accionante fue notificada \u00a0personalmente del auto del 9 del mismo mes y a\u00f1o, proferido \u00a0por el Juzgado de Ejecuci\u00f3n de Penas accionado, sin que fuera \u00a0objeto de recurso alguno por parte de la interesada. \u00a0<\/p>\n<p>\u00a0 \u00a0\u00a0 \u00a0 \u00a0 \u00a0 \u00a0<\/p>\n<p>IV. DE \u00a0 \u00a0 \u00a0 \u00a0 \u00a0LA IMPUGNACI\u00d3N \u00a0<\/p>\n<p>Fue presentada por \u00a0MAR\u00cdA \u00a0CONSUELO MESA BARRERO, \u00a0sin que realizara fundamentaci\u00f3n alguna. \u00a0<\/p>\n<p>\u00a0 \u00a0\u00a0 \u00a0 \u00a0 \u00a0 \u00a0<\/p>\n<p>V. CONSIDERACIONES \u00a0<\/p>\n<p>De conformidad con \u00a0lo establecido en el art\u00edculo \u00a032 del Decreto 2591 de 1991, \u00a0es competente esta Sala para pronunciarse sobre la impugnaci\u00f3n \u00a0presentada contra el fallo emitido por la Sala de Decisi\u00f3n \u00a0Penal del Tribunal Superior de Ibagu\u00e9, cuyo superior \u00a0jer\u00e1rquico lo es esta Corporaci\u00f3n. \u00a0<\/p>\n<p>El canon 86 de la \u00a0Constituci\u00f3n Pol\u00edtica establece que toda persona tiene \u00a0derecho a promover acci\u00f3n de tutela ante los jueces, con miras \u00a0a obtener la protecci\u00f3n inmediata de sus derechos \u00a0fundamentales, cuando por acci\u00f3n u omisi\u00f3n le sean \u00a0vulnerados o amenazados por cualquier autoridad p\u00fablica o por \u00a0particulares, en los casos previstos de forma expresa en la ley; \u00a0siempre que no exista otro medio de defensa judicial o, existiendo, \u00a0la misma se utilice como mecanismo transitorio para evitar la \u00a0materializaci\u00f3n de un perjuicio de car\u00e1cter \u00a0irremediable. \u00a0<\/p>\n<p>Uno de los \u00a0presupuestos de procedibilidad consiste, precisamente, en que se \u00a0hayan agotado todas las herramientas judiciales (CC C-590- 2005 y CC \u00a0T-332-2006; CSJ STP16324-2016, 10 nov. 2016, radicado 89049), porque \u00a0es ante el fallador natural, el estadio adecuado donde el \u00a0peticionario puede plantear sus desavenencias, expresar los motivos \u00a0de su desacuerdo frente a las decisiones adoptadas, y recurrirlas, \u00a0hasta llegar, incluso, a la autoridad de cierre de la jurisdicci\u00f3n \u00a0ordinaria, si fuere el caso, para que finalmente dirima la cuesti\u00f3n \u00a0debatida. \u00a0<\/p>\n<p>En el caso que \u00a0concita la atenci\u00f3n de la Sala, el problema jur\u00eddico se \u00a0contrae a determinar si el A \u00a0quo constitucional \u00a0acert\u00f3 al declarar improcedente el amparo invocado por \u00a0MAR\u00cdA \u00a0CONSUELO MESA BARRERO, \u00a0al considerar que desconoci\u00f3 el car\u00e1cter subsidiario de \u00a0la acci\u00f3n de tutela al no presentar recurso de reposici\u00f3n \u00a0y\/o apelaci\u00f3n contra el interlocutorio proferido el 9 de \u00a0septiembre de 2019 por el Juzgado \u00a0Primero de Ejecuci\u00f3n de Penas y Medidas de Seguridad \u00a0de Ibagu\u00e9, mediante el cual neg\u00f3 a la accionante la \u00a0redosificaci\u00f3n de la pena impuesta dentro del proceso 11 0001 \u00a060 00 000 2013 72800 00. \u00a0<\/p>\n<p>Frente \u00a0a ello, la Sala confirmar\u00e1 la desestimaci\u00f3n del amparo \u00a0reclamado, dado que la demandante incumpli\u00f3 con el requisito \u00a0consistente en agotar los medios ordinarios para la salvaguarda de \u00a0sus intereses; pues, sin justificaci\u00f3n valida, \u00a0no emple\u00f3 \u00a0los recursos que \u00a0ten\u00eda a su alcance para refutar la decisi\u00f3n que hoy \u00a0pretende enervar. Ello es as\u00ed, pues una vez proferido el \u00a0interlocutorio del 9 de septiembre del a\u00f1o avante, por medio \u00a0del cual se neg\u00f3 la redosificaci\u00f3n de la pena impuesta \u00a0en su contra, pudo \u00a0directamente o a trav\u00e9s de apoderado cuestionar dicha \u00a0determinaci\u00f3n a trav\u00e9s de la reposici\u00f3n y\/o \u00a0apelaci\u00f3n. Por el contrario, sin explicaci\u00f3n \u00a0contundente, no hizo uso de ning\u00fan medio de defensa, teniendo \u00a0la posibilidad para hacerlo. \u00a0<\/p>\n<p>Por \u00a0intermedio de dichos instrumentos, que se ofrecen adecuados, pod\u00eda \u00a0la interesada esgrimir las argumentaciones que intenta plantear por \u00a0la v\u00eda constitucional y propiciar un pronunciamiento al \u00a0interior del cauce natural del diligenciamiento, sin que sea \u00a0procedente que se proponga por este sendero para obtener lo deseado1. \u00a0<\/p>\n<p>Entonces, \u00a0acreditada la posibilidad que tuvo la tutelante para postular su \u00a0criterio al interior del cauce natural del proceso, resulta inviable \u00a0conceder la pretensi\u00f3n planteada en esta tutela, habida cuenta \u00a0que ahora no puede valerse de su propia actitud procesal para acudir \u00a0de manera directa a esta herramienta, situaci\u00f3n que desconoce \u00a0las v\u00edas legales id\u00f3neas para ello. \u00a0<\/p>\n<p>Bajo \u00a0tales consideraciones, se impartir\u00e1 confirmaci\u00f3n a la \u00a0sentencia impugnada. \u00a0<\/p>\n<p>En m\u00e9rito \u00a0de lo expuesto, la Sala \u00a0de Tutelas No. 3 de la Sala de Casaci\u00f3n Penal de la Corte \u00a0Suprema de Justicia, \u00a0administrando justicia en nombre de la Rep\u00fablica y por \u00a0autoridad de la Ley, \u00a0<\/p>\n<p>RESUELVE \u00a0<\/p>\n<p>Primero: \u00a0Confirmar \u00a0el \u00a0fallo impugnado. \u00a0<\/p>\n<p>Segundo: \u00a0Remitir \u00a0el expediente a la Corte Constitucional, para su eventual revisi\u00f3n, \u00a0una vez ejecutoriada esta decisi\u00f3n. \u00a0<\/p>\n<p>Notif\u00edquese \u00a0y c\u00famplase. \u00a0<\/p>\n<p>JAIME HUMBERTO \u00a0MORENO ACERO \u00a0<\/p>\n<p>EYDER PATI\u00d1O \u00a0CABRERA \u00a0<\/p>\n<p>Nubia Yolanda Nova \u00a0Garc\u00eda \u00a0<\/p>\n<p>Secretaria \u00a0<\/p>\n<p>1 \u00a0 \u00a0 \u00a0 \u00a0 \u00a0Ver CC T-480-2011. \u00a0 \u00a0 \u00a0<\/p>\n<p><\/p>\n","protected":false},"excerpt":{"rendered":"<p>\u00a0 \u00a0 \u00a0 \u00a0\u00a0 JAIME HUMBERTO \u00a0MORENO ACERO \u00a0 Magistrado \u00a0ponente \u00a0 STP17140-2019 \u00a0 Radicaci\u00f3n \u00a0n\u00b0 107771 \u00a0 Acta 316 \u00a0 Bogot\u00e1, \u00a0D.C., veintisiete (27) de noviembre de dos mil diecinueve (2019). \u00a0 \u00a0 \u00a0\u00a0 \u00a0 \u00a0 \u00a0 \u00a0 I. ASUNTO \u00a0 Decide la Sala la \u00a0impugnaci\u00f3n interpuesta por MAR\u00cdA \u00a0CONSUELO MESA BARRERO, \u00a0en relaci\u00f3n [&hellip;]<\/p>\n","protected":false},"author":1,"featured_media":0,"comment_status":"open","ping_status":"open","sticky":false,"template":"","format":"standard","meta":{"footnotes":""},"categories":[28],"tags":[],"class_list":["post-46972","post","type-post","status-publish","format-standard","hentry","category-28"],"_links":{"self":[{"href":"https:\/\/dmsjuridica.com\/buscador_20179478954\/salapenalcronologico20230723\/wp-json\/wp\/v2\/posts\/46972","targetHints":{"allow":["GET"]}}],"collection":[{"href":"https:\/\/dmsjuridica.com\/buscador_20179478954\/salapenalcronologico20230723\/wp-json\/wp\/v2\/posts"}],"about":[{"href":"https:\/\/dmsjuridica.com\/buscador_20179478954\/salapenalcronologico20230723\/wp-json\/wp\/v2\/types\/post"}],"author":[{"embeddable":true,"href":"https:\/\/dmsjuridica.com\/buscador_20179478954\/salapenalcronologico20230723\/wp-json\/wp\/v2\/users\/1"}],"replies":[{"embeddable":true,"href":"https:\/\/dmsjuridica.com\/buscador_20179478954\/salapenalcronologico20230723\/wp-json\/wp\/v2\/comments?post=46972"}],"version-history":[{"count":0,"href":"https:\/\/dmsjuridica.com\/buscador_20179478954\/salapenalcronologico20230723\/wp-json\/wp\/v2\/posts\/46972\/revisions"}],"wp:attachment":[{"href":"https:\/\/dmsjuridica.com\/buscador_20179478954\/salapenalcronologico20230723\/wp-json\/wp\/v2\/media?parent=46972"}],"wp:term":[{"taxonomy":"category","embeddable":true,"href":"https:\/\/dmsjuridica.com\/buscador_20179478954\/salapenalcronologico20230723\/wp-json\/wp\/v2\/categories?post=46972"},{"taxonomy":"post_tag","embeddable":true,"href":"https:\/\/dmsjuridica.com\/buscador_20179478954\/salapenalcronologico20230723\/wp-json\/wp\/v2\/tags?post=46972"}],"curies":[{"name":"wp","href":"https:\/\/api.w.org\/{rel}","templated":true}]}}