{"id":46893,"date":"2023-09-14T22:01:48","date_gmt":"2023-09-14T22:01:48","guid":{"rendered":"https:\/\/dmsjuridica.com\/buscador_20179478954\/salapenalcronologico20230723\/2023\/09\/14\/stp16879-2019\/"},"modified":"2023-09-14T22:01:48","modified_gmt":"2023-09-14T22:01:48","slug":"stp16879-2019","status":"publish","type":"post","link":"https:\/\/dmsjuridica.com\/buscador_20179478954\/salapenalcronologico20230723\/2023\/09\/14\/stp16879-2019\/","title":{"rendered":"STP16879-2019"},"content":{"rendered":"\n<p>\u00a0 \u00a0 \u00a0 \u00a0\u00a0<\/p>\n<p>JOS\u00c9 \u00a0FRANCISCO ACU\u00d1A VIZCAYA \u00a0<\/p>\n<p>Magistrado \u00a0Ponente \u00a0<\/p>\n<p>STP16879-2019 \u00a0<\/p>\n<p>Radicaci\u00f3n \u00a0n.\u00b0 108144 \u00a0<\/p>\n<p>(Aprobaci\u00f3n Acta n\u00famero 330) \u00a0<\/p>\n<p>Bogot\u00e1 \u00a0D.C., diez (10) de diciembre de dos mil diecinueve (2019) \u00a0<\/p>\n<p>VISTOS \u00a0<\/p>\n<p>Resuelve la Sala de Casaci\u00f3n \u00a0Penal de la Corte Suprema de Justicia, Sala de Decisi\u00f3n de \u00a0Tutelas, la acci\u00f3n de tutela promovida por Nancy Fabiola \u00a0Alfonso Ruiz contra las Salas Jurisdiccionales Disciplinarias del \u00a0Consejo Seccional de la Judicatura de Bogot\u00e1 y del Consejo \u00a0Superior de la Judicatura, con ocasi\u00f3n de las providencias que \u00a0resolvieron el proceso disciplinario 11001110200020160381901. \u00a0<\/p>\n<p>Fueron vinculados como terceros con inter\u00e9s \u00a0leg\u00edtimo en el presente asunto las dem\u00e1s autoridades, \u00a0partes e intervinientes en el referido expediente (en adelante: \u00a0proceso disciplinario 2016-03819). \u00a0<\/p>\n<p>ANTECEDENTES \u00a0<\/p>\n<p>Y \u00a0<\/p>\n<p>FUNDAMENTOS \u00a0DE LA ACCI\u00d3N \u00a0<\/p>\n<p>Nancy Fabiola Alfonso Ruiz, solicita \u00a0el amparo de sus derechos fundamentales al debido proceso, buen \u00a0nombre, honra e igualdad, los cuales considera que le fueron \u00a0vulnerados dentro del proceso disciplinario 2016-03819. \u00a0<\/p>\n<p>Al respecto, censura que haya sido \u00a0procesada en ausencia pese a que la informaci\u00f3n obrante en el \u00a0Registro Nacional de Abogados se encuentra actualizada. \u00a0<\/p>\n<p>Asimismo, critica que se \u00a0desconocieron los principios de in dubio pro disciplinado y \u00a0\u00abde la Sala impar\u00bb, adem\u00e1s \u00a0que el fallo de primera instancia careci\u00f3 de la argumentaci\u00f3n \u00a0probatoria suficiente para atribuirle la falta disciplinaria por la \u00a0cual fue sancionada. \u00a0<\/p>\n<p>Por estos motivos, la accionante \u00a0solicita dejar sin efectos las sentencias proferidas dentro del \u00a0proceso disciplinario 2016-03819 y que se eliminen las anotaciones \u00a0obrantes en el Registro Nacional de Abogados. \u00a0<\/p>\n<p>Allega como \u00a0pruebas copia de las sentencias censuradas y del certificado \u00a0de antecedentes disciplinarios de abogados. \u00a0<\/p>\n<p>RESPUESTA DE LAS AUTORIDADES ACCIONADAS Y \u00a0VINCULADAS \u00a0<\/p>\n<p>\u00a0 \u00a0\u00a0 \u00a0 \u00a0 \u00a0 \u00a0<\/p>\n<p>1. El Magistrado ponente de la Sala Jurisdiccional \u00a0 \u00a0 \u00a0 \u00a0 \u00a0Disciplinaria del Consejo Superior de la Judicatura, solicit\u00f3 \u00a0 \u00a0 \u00a0 \u00a0 \u00a0denegar el amparo pues durante el tr\u00e1mite del proceso \u00a0 \u00a0 \u00a0 \u00a0 \u00a0disciplinario 2016-03819 se respetaron los derechos de la \u00a0 \u00a0 \u00a0 \u00a0 \u00a0accionante, quien fundament\u00f3 su defensa en las mismas \u00a0 \u00a0 \u00a0 \u00a0 \u00a0alegaciones que ahora presenta. Aport\u00f3 copia de la sentencia \u00a0 \u00a0 \u00a0 \u00a0 \u00a0censurada que emiti\u00f3. \u00a0<\/p>\n<p>\u00a0 \u00a0\u00a0 \u00a0 \u00a0 \u00a0 \u00a0<\/p>\n<p>2. El Magistrado ponente de la Sala Jurisdiccional \u00a0 \u00a0 \u00a0 \u00a0 \u00a0Disciplinaria del Consejo Seccional de la Judicatura de Bogot\u00e1, \u00a0 \u00a0 \u00a0 \u00a0 \u00a0solicit\u00f3 declarar improcedente el amparo porque considera que \u00a0 \u00a0 \u00a0 \u00a0 \u00a0la accionante no acudi\u00f3 dentro de un plazo razonable, adem\u00e1s \u00a0 \u00a0 \u00a0 \u00a0 \u00a0que contra las decisiones censuradas no se configur\u00f3 ninguno \u00a0 \u00a0 \u00a0 \u00a0 \u00a0de los requisitos espec\u00edficos de procedibilidad. Aport\u00f3 \u00a0 \u00a0 \u00a0 \u00a0 \u00a0copia de la sentencia censurada de primera instancia y remiti\u00f3 \u00a0 \u00a0 \u00a0 \u00a0 \u00a0en calidad de pr\u00e9stamo el expediente. \u00a0<\/p>\n<p>CONSIDERACIONES DE LA SALA \u00a0<\/p>\n<p>De conformidad con \u00a0lo previsto en el art\u00edculo 37 del Decreto 2591 de 1991, el \u00a0numeral 8 del art\u00edculo 2.2.3.1.2.1 del Decreto 1069 de 2015, \u00a0modificado por el art\u00edculo 1 del Decreto 1983 de 2017, esta \u00a0Sala es competente para resolver la acci\u00f3n de tutela \u00a0interpuesta por Nancy Fabiola Alfonso Ruiz, \u00a0contra las Salas Jurisdiccionales Disciplinarias del Consejo \u00a0Seccional de la Judicatura de Bogot\u00e1 y del Consejo Superior de \u00a0la Judicatura. \u00a0<\/p>\n<p>El problema \u00a0jur\u00eddico que convoca a la Sala consiste en determinar si \u00a0contra las sentencias emitidas dentro del proceso \u00a0disciplinario 2016-03819, en el que la accionante fue sancionada, se \u00a0configuran los requisitos de procedibilidad de la acci\u00f3n de \u00a0tutela contra providencias judiciales y, en consecuencia, debe \u00a0concederse el amparo invocado. \u00a0<\/p>\n<p>Requisitos de procedibilidad de la acci\u00f3n \u00a0de tutela contra decisiones judiciales. \u00a0<\/p>\n<p>Como ha sido recurrentemente \u00a0recordado por esta Sala, la acci\u00f3n constitucional de tutela es \u00a0un mecanismo de protecci\u00f3n excepcional frente a providencias \u00a0judiciales, su prosperidad va ligada al cumplimiento de estrictos \u00a0requisitos de procedibilidad que implican una carga para la \u00a0accionante, tanto en su planteamiento como en su demostraci\u00f3n, \u00a0como lo ha expuesto la propia Corte Constitucional. \u00a0<\/p>\n<p>Por este motivo, y como ha sido \u00a0desarrollado por la Doctrina constitucional, la acci\u00f3n de \u00a0tutela contra providencias judiciales exige: \u00a0<\/p>\n<p>\u00a0 \u00a0\u00a0 \u00a0 \u00a0 \u00a0 \u00a0 \u00a0 \u00a0 \u00a0 \u00a0 \u00a0 \u00a0 \u00a0 \u00a0 \u00a0<\/p>\n<p>a. Que la cuesti\u00f3n que se discuta resulte \u00a0 \u00a0 \u00a0 \u00a0 \u00a0 \u00a0 \u00a0 \u00a0 \u00a0de evidente relevancia constitucional. \u00a0 \u00a0<\/p>\n<p>\u00a0 \u00a0\u00a0 \u00a0 \u00a0 \u00a0 \u00a0 \u00a0 \u00a0 \u00a0 \u00a0 \u00a0 \u00a0 \u00a0 \u00a0 \u00a0<\/p>\n<p>b. Que hayan sido agotados todos los medios \u00a0 \u00a0 \u00a0 \u00a0 \u00a0 \u00a0 \u00a0 \u00a0 \u00a0-ordinarios y extraordinarios- de defensa judicial al alcance de la \u00a0 \u00a0 \u00a0 \u00a0 \u00a0 \u00a0 \u00a0 \u00a0 \u00a0persona afectada, salvo que se trate de evitar la consumaci\u00f3n \u00a0 \u00a0 \u00a0 \u00a0 \u00a0 \u00a0 \u00a0 \u00a0 \u00a0de un perjuicio iusfundamental irremediable. \u00a0 \u00a0<\/p>\n<p>\u00a0 \u00a0\u00a0 \u00a0 \u00a0 \u00a0 \u00a0 \u00a0 \u00a0 \u00a0 \u00a0 \u00a0 \u00a0 \u00a0 \u00a0 \u00a0<\/p>\n<p>c. Que se cumpla el requisito de la inmediatez, es \u00a0 \u00a0 \u00a0 \u00a0 \u00a0 \u00a0 \u00a0 \u00a0 \u00a0decir, que la tutela se hubiere interpuesto en un t\u00e9rmino \u00a0 \u00a0 \u00a0 \u00a0 \u00a0 \u00a0 \u00a0 \u00a0 \u00a0razonable y proporcionado a partir del hecho que origin\u00f3 la \u00a0 \u00a0 \u00a0 \u00a0 \u00a0 \u00a0 \u00a0 \u00a0 \u00a0vulneraci\u00f3n. \u00a0 \u00a0<\/p>\n<p>\u00a0 \u00a0\u00a0 \u00a0 \u00a0 \u00a0 \u00a0 \u00a0 \u00a0 \u00a0 \u00a0 \u00a0 \u00a0 \u00a0 \u00a0 \u00a0<\/p>\n<p>d. Cuando se trate de una irregularidad procesal, \u00a0 \u00a0 \u00a0 \u00a0 \u00a0 \u00a0 \u00a0 \u00a0 \u00a0debe quedar claro que la misma tiene un efecto decisivo o \u00a0 \u00a0 \u00a0 \u00a0 \u00a0 \u00a0 \u00a0 \u00a0 \u00a0determinante en la sentencia que se impugna y que ata\u00f1e a \u00a0 \u00a0 \u00a0 \u00a0 \u00a0 \u00a0 \u00a0 \u00a0 \u00a0los derechos fundamentales de la accionante. \u00a0 \u00a0<\/p>\n<p>\u00a0 \u00a0\u00a0 \u00a0 \u00a0 \u00a0 \u00a0 \u00a0 \u00a0 \u00a0 \u00a0 \u00a0 \u00a0 \u00a0 \u00a0 \u00a0<\/p>\n<p>e. Que la accionante identifique de manera \u00a0 \u00a0 \u00a0 \u00a0 \u00a0 \u00a0 \u00a0 \u00a0 \u00a0razonable tanto los hechos que generaron la vulneraci\u00f3n como \u00a0 \u00a0 \u00a0 \u00a0 \u00a0 \u00a0 \u00a0 \u00a0 \u00a0los derechos vulnerados y que hubiere alegado tal vulneraci\u00f3n \u00a0 \u00a0 \u00a0 \u00a0 \u00a0 \u00a0 \u00a0 \u00a0 \u00a0en el proceso judicial, siempre que esto hubiere sido posible. \u00a0 \u00a0<\/p>\n<p>\u00a0 \u00a0\u00a0 \u00a0 \u00a0 \u00a0 \u00a0 \u00a0 \u00a0 \u00a0 \u00a0 \u00a0 \u00a0 \u00a0 \u00a0 \u00a0<\/p>\n<p>f. Que la decisi\u00f3n judicial contra la cual \u00a0 \u00a0 \u00a0 \u00a0 \u00a0 \u00a0 \u00a0 \u00a0 \u00a0se formula la acci\u00f3n de tutela no se corresponda con \u00a0 \u00a0 \u00a0 \u00a0 \u00a0 \u00a0 \u00a0 \u00a0 \u00a0sentencias de tutela. \u00a0 \u00a0<\/p>\n<p>Los anteriores requisitos, no pueden \u00a0quedarse en meros enunciados, pues han sido reiterados por la Corte \u00a0Constitucional, primero en la sentencia C-590 de 2005, luego en las \u00a0decisiones T-332, T-212 y T-780 de 2006, reforzando lo dicho en la \u00a0primera de las mencionadas providencias, en el sentido que, cuando se \u00a0trata de acciones de tutela contra providencias judiciales, las \u00a0mismas solo pueden tener cabida \u00ab\u2026si \u00a0se cumplen ciertos y rigurosos requisitos de procedibilidad. Dentro \u00a0de estos pueden distinguirse unos de car\u00e1cter general, que \u00a0habilitan la interposici\u00f3n de la tutela, y otros de car\u00e1cter \u00a0espec\u00edfico, que tocan con la procedencia misma del amparo, una \u00a0vez interpuesta\u00bb. \u00a0<\/p>\n<p>En punto de las \u00a0exigencias espec\u00edficas, como fue recogido en la sentencia \u00a0C-590 de 2005, han sido establecidas las que a \u00a0continuaci\u00f3n se relacionan: \u00a0<\/p>\n<p>a. \u00a0 \u00a0 \u00a0 \u00a0Defecto \u00a0org\u00e1nico, que se presenta cuando el funcionario judicial que \u00a0profiri\u00f3 la providencia impugnada carece absolutamente de \u00a0competencia para ello. \u00a0 \u00a0 \u00a0 \u00a0 \u00a0 \u00a0<\/p>\n<p>b. Defecto \u00a0 \u00a0 \u00a0 \u00a0 \u00a0procedimental absoluto, que se origina cuando el juez actu\u00f3 \u00a0 \u00a0 \u00a0 \u00a0 \u00a0completamente al margen del procedimiento establecido.<\/p>\n<p>c. Defecto \u00a0 \u00a0 \u00a0 \u00a0 \u00a0f\u00e1ctico, el cual surge cuando el juez carece del apoyo \u00a0 \u00a0 \u00a0 \u00a0 \u00a0probatorio que permita la aplicaci\u00f3n del supuesto legal en el \u00a0 \u00a0 \u00a0 \u00a0 \u00a0que se sustenta la decisi\u00f3n.<\/p>\n<p>d. Defecto \u00a0 \u00a0 \u00a0 \u00a0 \u00a0material o sustantivo, como son los casos en que se decide con base \u00a0 \u00a0 \u00a0 \u00a0 \u00a0en normas inexistentes o inconstitucionales1 \u00a0 \u00a0 \u00a0 \u00a0 \u00a0o que presentan una evidente y grosera contradicci\u00f3n entre \u00a0 \u00a0 \u00a0 \u00a0 \u00a0los fundamentos y la decisi\u00f3n;<\/p>\n<p>e. Error \u00a0 \u00a0 \u00a0 \u00a0 \u00a0inducido, el cual surge cuando el juez o tribunal fue v\u00edctima \u00a0 \u00a0 \u00a0 \u00a0 \u00a0de un enga\u00f1o por parte de terceros y ese enga\u00f1o lo \u00a0 \u00a0 \u00a0 \u00a0 \u00a0condujo a la toma de una decisi\u00f3n que afecta derechos \u00a0 \u00a0 \u00a0 \u00a0 \u00a0fundamentales.<\/p>\n<p>f. Decisi\u00f3n \u00a0 \u00a0 \u00a0 \u00a0 \u00a0sin motivaci\u00f3n, \u00a0 \u00a0 \u00a0 \u00a0 \u00a0que implica el incumplimiento de los funcionarios judiciales de \u00a0 \u00a0 \u00a0 \u00a0 \u00a0explicitar los fundamentos f\u00e1cticos y jur\u00eddicos de sus \u00a0 \u00a0 \u00a0 \u00a0 \u00a0decisiones, en el entendido que precisamente en esa motivaci\u00f3n \u00a0 \u00a0 \u00a0 \u00a0 \u00a0reposa la legitimidad de su \u00f3rbita funcional.<\/p>\n<p>g. Desconocimiento \u00a0 \u00a0 \u00a0 \u00a0 \u00a0del precedente, hip\u00f3tesis que se presenta, por \u00a0 \u00a0 \u00a0 \u00a0 \u00a0ejemplo, cuando la Corte Constitucional establece el alcance de un \u00a0 \u00a0 \u00a0 \u00a0 \u00a0derecho fundamental y el juez ordinario aplica una ley limitando \u00a0 \u00a0 \u00a0 \u00a0 \u00a0sustancialmente dicho alcance. En estos casos la tutela procede como \u00a0 \u00a0 \u00a0 \u00a0 \u00a0mecanismo para garantizar la eficacia jur\u00eddica del contenido \u00a0 \u00a0 \u00a0 \u00a0 \u00a0constitucionalmente vinculante del derecho fundamental vulnerado \u00a0 \u00a0 \u00a0 \u00a0 \u00a0[2].<\/p>\n<p>h. Violaci\u00f3n \u00a0 \u00a0 \u00a0 \u00a0 \u00a0directa de la Constituci\u00f3n. \u00a0<\/p>\n<p>Queda entonces claro que en \u00a0atenci\u00f3n a la fuerza normativa de la cosa juzgada y al respeto \u00a0de la autonom\u00eda judicial, la acci\u00f3n consagrada en el \u00a0art\u00edculo 86 de la Constituci\u00f3n Nacional, cuando se \u00a0dirige a cuestionar una decisi\u00f3n judicial, tiene car\u00e1cter \u00a0excepcional, y su prosperidad est\u00e1 atada a que se cumplan los \u00a0requisitos de procedibilidad anteriormente enunciados. De manera que \u00a0quien acude a ella tiene la carga no s\u00f3lo respecto de su \u00a0planteamiento, sino de su demostraci\u00f3n. \u00a0<\/p>\n<p>An\u00e1lisis del caso concreto. \u00a0<\/p>\n<p>Al respecto, la Sala encuentra que \u00a0las providencias proferidas dentro del proceso disciplinario \u00a02016-03819, no vulneran de alguna forma los derechos fundamentales de \u00a0Nancy Fabiola Alfonso Ruiz, por lo que no se configur\u00f3 ninguno \u00a0de los requisitos espec\u00edficos de procedibilidad de la acci\u00f3n \u00a0de tutela contra providencias judiciales y debe denegarse el amparo \u00a0invocado. \u00a0<\/p>\n<p>Contrario a lo alegado, a partir de \u00a0la revisi\u00f3n de las decisiones criticadas, la Sala descarta la \u00a0insuficiencia probatoria reprochada, puesto que se advierte que la \u00a0sanci\u00f3n fue el resultado de la valoraci\u00f3n del tr\u00e1mite \u00a0que la accionante dio al mandato que le fue conferido para constituir \u00a0y liquidar una sociedad patrimonial de hecho, para lo cual fueron \u00a0revisados, entre otros, los documentos que le fueron entregados y la \u00a0informaci\u00f3n que aport\u00f3 la Notar\u00eda donde los \u00a0radic\u00f3. \u00a0<\/p>\n<p>Por lo cual, al existir certeza sobre \u00a0la configuraci\u00f3n de la falta disciplinaria que le fue \u00a0endilgada, no era procedente la aplicaci\u00f3n del principio in \u00a0dubio pro disciplinado. \u00a0<\/p>\n<p>Tampoco podr\u00eda considerarse \u00a0que en primera instancia se le vulner\u00f3 su derecho fundamental \u00a0al debido proceso, porque lo que el Legislador estableci\u00f3 es \u00a0que los procesos disciplinarios contra abogados fueran tramitados, \u00a0tanto en primera como en segunda instancia, por jueces colegiados, \u00a0que se organizan en salas de decisi\u00f3n que no necesariamente \u00a0deben estar compuestas por un n\u00famero impar de miembros, pues \u00a0lo que se garantiza es que los casos sean deliberados para que las \u00a0decisiones sean m\u00e1s consistentes.3 \u00a0<\/p>\n<p>La Sala recuerda que la acci\u00f3n \u00a0de tutela no es un mecanismo que este encaminado a suplir las \u00a0instancias ordinarias o constituir una instancia paralela, por lo \u00a0cual es necesario agotar los mecanismos de defensa establecidos antes \u00a0de acudir a esta acci\u00f3n. \u00a0<\/p>\n<p>La simple discrepancia o desacuerdo \u00a0con el contenido de una decisi\u00f3n no habilita la interposici\u00f3n \u00a0de la acci\u00f3n de tutela, porque este mecanismo excepcional no \u00a0fue dise\u00f1ado como una instancia adicional o paralela. \u00a0<\/p>\n<p>La demanda de \u00a0tutela tampoco procede como mecanismo transitorio de protecci\u00f3n \u00a0porque la sanci\u00f3n que la accionante recibi\u00f3 fue un \u00a0llamado de atenci\u00f3n por su conducta descuidada y en esta \u00a0instancia no acredit\u00f3 la urgencia, la gravedad, la \u00a0inminencia y la impostergabilidad del amparo, que \u00a0haga necesaria la intervenci\u00f3n del Juez Constitucional. \u00a0<\/p>\n<p>Por lo expuesto, \u00a0la CORTE SUPREMA DE JUSTICIA, SALA DE \u00a0CASACI\u00d3N PENAL \u2013 EN SALA DE DECISI\u00d3N DE ACCIONES \u00a0DE TUTELA N\u00b0 1, administrando justicia, en nombre de la Rep\u00fablica \u00a0y por autoridad de la Ley, \u00a0<\/p>\n<p>RESUELVE \u00a0<\/p>\n<p>\u00a0 \u00a0\u00a0 \u00a0 \u00a0 \u00a0 \u00a0<\/p>\n<p>1. DENEGAR el amparo invocado por Nancy Fabiola \u00a0 \u00a0 \u00a0 \u00a0 \u00a0Alfonso Ruiz contra las Salas Jurisdiccionales Disciplinarias del \u00a0 \u00a0 \u00a0 \u00a0 \u00a0Consejo Seccional de la Judicatura de Bogot\u00e1 y del Consejo \u00a0 \u00a0 \u00a0 \u00a0 \u00a0Superior de la Judicatura, con ocasi\u00f3n de las sentencias \u00a0 \u00a0 \u00a0 \u00a0 \u00a0emitidas dentro del proceso disciplinario 11001110200020160381901, \u00a0 \u00a0 \u00a0 \u00a0 \u00a0por las razones anotadas en precedencia. \u00a0<\/p>\n<p>\u00a0 \u00a0\u00a0 \u00a0 \u00a0 \u00a0 \u00a0<\/p>\n<p>2. NOTIFICAR a los sujetos procesales por el medio \u00a0 \u00a0 \u00a0 \u00a0 \u00a0m\u00e1s expedito el presente fallo, inform\u00e1ndoles que \u00a0 \u00a0 \u00a0 \u00a0 \u00a0puede ser impugnado dentro de los tres d\u00edas siguientes, \u00a0 \u00a0 \u00a0 \u00a0 \u00a0contados a partir de su notificaci\u00f3n. \u00a0<\/p>\n<p>\u00a0 \u00a0\u00a0 \u00a0 \u00a0 \u00a0 \u00a0<\/p>\n<p>3. REGRESAR inmediatamente el proceso disciplinario \u00a0 \u00a0 \u00a0 \u00a0 \u00a011001110200020160381901. \u00a0<\/p>\n<p>\u00a0 \u00a0\u00a0 \u00a0 \u00a0 \u00a0 \u00a0<\/p>\n<p>4. Si no fuere impugnado, env\u00edese la \u00a0 \u00a0 \u00a0 \u00a0 \u00a0actuaci\u00f3n a la Corte Constitucional para su eventual \u00a0 \u00a0 \u00a0 \u00a0 \u00a0revisi\u00f3n, dentro del t\u00e9rmino indicado en el art\u00edculo \u00a0 \u00a0 \u00a0 \u00a0 \u00a031 del Decreto 2591 de 1991. \u00a0<\/p>\n<p>NOTIF\u00cdQUESE Y C\u00daMPLASE \u00a0<\/p>\n<p>JOS\u00c9 \u00a0FRANCISCO ACU\u00d1A VIZCAYA \u00a0<\/p>\n<p>EUGENIO \u00a0FERN\u00c1NDEZ CARLIER \u00a0<\/p>\n<p>NUBIA YOLANDA NOVA GARC\u00cdA \u00a0<\/p>\n<p>Secretaria \u00a0<\/p>\n<p>1 \u00a0 \u00a0 \u00a0 \u00a0 \u00a0\u00cddem. Sentencia T-522 de 2001. \u00a0<\/p>\n<p>2 \u00a0 \u00a0 \u00a0 \u00a0 \u00a0\u00abCfr. \u00a0 \u00a0 \u00a0 \u00a0 \u00a0Sentencias T-462 de \u00a0 \u00a0 \u00a0 \u00a0 \u00a02003 ; SU-1184 de 2001 ; T-1625 de 2000 y T-1031 de 2001.\u00bb \u00a0<\/p>\n<p>3 \u00a0 \u00a0 \u00a0 \u00a0 \u00a0Cfr. CSJ SCC \u00a0 \u00a0 \u00a0 \u00a0 \u00a0STP, 27 feb 2017, rad. 11001-02-03-000-2013-00363-00; SCP \u00a0 \u00a0 \u00a0 \u00a0 \u00a0STP185-2019, 15 ene 2019, rad. 101910; STP767-2019, 29 ene 2019, \u00a0 \u00a0 \u00a0 \u00a0 \u00a0rad. 102293. \u00a0 \u00a0 \u00a0<\/p>\n<p><\/p>\n","protected":false},"excerpt":{"rendered":"<p>\u00a0 \u00a0 \u00a0 \u00a0\u00a0 JOS\u00c9 \u00a0FRANCISCO ACU\u00d1A VIZCAYA \u00a0 Magistrado \u00a0Ponente \u00a0 STP16879-2019 \u00a0 Radicaci\u00f3n \u00a0n.\u00b0 108144 \u00a0 (Aprobaci\u00f3n Acta n\u00famero 330) \u00a0 Bogot\u00e1 \u00a0D.C., diez (10) de diciembre de dos mil diecinueve (2019) \u00a0 VISTOS \u00a0 Resuelve la Sala de Casaci\u00f3n \u00a0Penal de la Corte Suprema de Justicia, Sala de Decisi\u00f3n de \u00a0Tutelas, la [&hellip;]<\/p>\n","protected":false},"author":1,"featured_media":0,"comment_status":"open","ping_status":"open","sticky":false,"template":"","format":"standard","meta":{"footnotes":""},"categories":[28],"tags":[],"class_list":["post-46893","post","type-post","status-publish","format-standard","hentry","category-28"],"_links":{"self":[{"href":"https:\/\/dmsjuridica.com\/buscador_20179478954\/salapenalcronologico20230723\/wp-json\/wp\/v2\/posts\/46893","targetHints":{"allow":["GET"]}}],"collection":[{"href":"https:\/\/dmsjuridica.com\/buscador_20179478954\/salapenalcronologico20230723\/wp-json\/wp\/v2\/posts"}],"about":[{"href":"https:\/\/dmsjuridica.com\/buscador_20179478954\/salapenalcronologico20230723\/wp-json\/wp\/v2\/types\/post"}],"author":[{"embeddable":true,"href":"https:\/\/dmsjuridica.com\/buscador_20179478954\/salapenalcronologico20230723\/wp-json\/wp\/v2\/users\/1"}],"replies":[{"embeddable":true,"href":"https:\/\/dmsjuridica.com\/buscador_20179478954\/salapenalcronologico20230723\/wp-json\/wp\/v2\/comments?post=46893"}],"version-history":[{"count":0,"href":"https:\/\/dmsjuridica.com\/buscador_20179478954\/salapenalcronologico20230723\/wp-json\/wp\/v2\/posts\/46893\/revisions"}],"wp:attachment":[{"href":"https:\/\/dmsjuridica.com\/buscador_20179478954\/salapenalcronologico20230723\/wp-json\/wp\/v2\/media?parent=46893"}],"wp:term":[{"taxonomy":"category","embeddable":true,"href":"https:\/\/dmsjuridica.com\/buscador_20179478954\/salapenalcronologico20230723\/wp-json\/wp\/v2\/categories?post=46893"},{"taxonomy":"post_tag","embeddable":true,"href":"https:\/\/dmsjuridica.com\/buscador_20179478954\/salapenalcronologico20230723\/wp-json\/wp\/v2\/tags?post=46893"}],"curies":[{"name":"wp","href":"https:\/\/api.w.org\/{rel}","templated":true}]}}