{"id":46866,"date":"2023-09-14T22:01:47","date_gmt":"2023-09-14T22:01:47","guid":{"rendered":"https:\/\/dmsjuridica.com\/buscador_20179478954\/salapenalcronologico20230723\/2023\/09\/14\/stp16767-2019\/"},"modified":"2023-09-14T22:01:47","modified_gmt":"2023-09-14T22:01:47","slug":"stp16767-2019","status":"publish","type":"post","link":"https:\/\/dmsjuridica.com\/buscador_20179478954\/salapenalcronologico20230723\/2023\/09\/14\/stp16767-2019\/","title":{"rendered":"STP16767-2019"},"content":{"rendered":"\n<p>\u00a0 \u00a0 \u00a0 \u00a0\u00a0<\/p>\n<p>JOS\u00c9 \u00a0FRANCISCO ACU\u00d1A VIZCAYA \u00a0<\/p>\n<p>Magistrado \u00a0Ponente \u00a0<\/p>\n<p>STP16767 \u00a0&#8211; 2019 \u00a0<\/p>\n<p>Radicaci\u00f3n \u00a0No. 107928 \u00a0<\/p>\n<p>(Aprobado \u00a0Acta No. 321) \u00a0<\/p>\n<p>Bogot\u00e1 \u00a0D.C., tres (03) de diciembre de dos mil diecinueve (2019) \u00a0<\/p>\n<p>Decide \u00a0la Sala el recurso de impugnaci\u00f3n interpuesto por Anc\u00edzar \u00a0Torres Ram\u00edrez contra \u00a0el fallo de tutela proferido por la Sala de Casaci\u00f3n Laboral \u00a0de la Corte Suprema de Justicia el 11 de septiembre de 2019, \u00a0que \u00a0neg\u00f3 el amparo constitucional invocado contra la Sala \u00a0Civil Familia Laboral del Tribunal Superior del Distrito Judicial de \u00a0Neiva y el Juzgado Tercero Laboral del Circuito de la misma ciudad, \u00a0por la presunta vulneraci\u00f3n de los derechos fundamentales a la \u00a0igualdad y debido proceso. \u00a0<\/p>\n<p>A \u00a0la presente actuaci\u00f3n se vincul\u00f3 de oficio a las partes \u00a0e intervinientes del proceso ejecutivo laboral No. 2018-00060-01. \u00a0<\/p>\n<p>ANTECEDENTES \u00a0<\/p>\n<p>Y \u00a0<\/p>\n<p>FUNDAMENTOS \u00a0DE LA ACCI\u00d3N \u00a0<\/p>\n<p>As\u00ed \u00a0fueron sintetizados en el fallo constitucional de primera instancia1: \u00a0<\/p>\n<p>[\u2026] \u00a0Refiri\u00f3 que, ante el Juzgado Tercero Laboral del Circuito de \u00a0Neiva, inici\u00f3 proceso ejecutivo laboral contra la Universidad \u00a0Surcolombiana, para obtener el pago de $9.857.551, por concepto de la \u00a0prima t\u00e9cnica reconocida a trav\u00e9s de los actos \u00a0administrativos n\u00fameros 004689 de 1999 y S0661 de 2000; que, \u00a0por auto del 8 de marzo de 2017, el despacho judicial neg\u00f3 el \u00a0mandamiento de pago al considerar que no se cumpl\u00eda con el \u00a0requisito de exigibilidad consistente en la disponibilidad \u00a0presupuestal que permitiera el desembolso de los dineros reclamados; \u00a0que, al ser apelada dicha determinaci\u00f3n, fue confirmada por la \u00a0Sala Civil, Familia, Laboral del Tribunal Superior de la mencionada \u00a0ciudad mediante auto del 12 de agosto de 2019. \u00a0<\/p>\n<p>Afirm\u00f3 \u00a0que, \u00abdesde el 1 de enero de 2015\u00bb, es pensionado por \u00a0haber prestado sus servicios profesionales \u00abentre noviembre 6 \u00a0de 1978 y diciembre 31 de 2014\u00bb a varias entidades p\u00fablicas, \u00a0entre ellas, la USCO. \u00a0<\/p>\n<p>Sostuvo \u00a0que, \u00abante el tratamiento desigual\u00bb en el pago de la \u00a0prima t\u00e9cnica, a trav\u00e9s de fallo de tutela, obtuvo el \u00a0reconocimiento de dicha prestaci\u00f3n econ\u00f3mica y, en \u00a0raz\u00f3n a ello, se expidieron las resoluciones base de ejecuci\u00f3n \u00a0en el proceso cuestionado. \u00a0<\/p>\n<p>Inform\u00f3 \u00a0que \u00aben diciembre 15 de 1999, (la Direcci\u00f3n General de \u00a0Presupuesto asign\u00f3 \u201c676.9 millones con cargo a los \u00a0aportes de la Naci\u00f3n\u2026con el objeto de dar cumplimiento \u00a0al fallo de tutela\u201d (\u2026)\u00bb, raz\u00f3n por la que, \u00a0a su juicio, desde esa fecha, la obligaci\u00f3n \u00abqued\u00f3 \u00a0en situaci\u00f3n de pago efectivo\u00bb. \u00a0<\/p>\n<p>Se\u00f1al\u00f3 \u00a0que, no obstante a ello, y de haber acreditado \u00ab(\u2026) los \u00a0saldos de apropiaci\u00f3n disponibles de las vigencias 2005 a 2016 \u00a0(\u2026)\u00bb, los despachos judiciales insistieron en que el \u00a0t\u00edtulo ejecutivo era inexigible. \u00a0<\/p>\n<p>Dijo que la \u00a0\u00faltima de las providencias criticadas result\u00f3 contraria \u00a0a las decisiones que el mismo Tribunal hab\u00eda adoptado en otros \u00a0procesos de igual naturaleza al aqu\u00ed discutido, que fueron \u00a0promovidos por algunos de sus compa\u00f1eros de trabajo, en los \u00a0que se hab\u00eda accedido a las pretensiones de los demandantes, \u00a0que guardaban identidad con las suyas. \u00a0<\/p>\n<p>EL \u00a0FALLO IMPUGNADO \u00a0<\/p>\n<p>La \u00a0Sala de Casaci\u00f3n Laboral de la Corte Suprema de Justicia, \u00a0mediante decisi\u00f3n adoptada el 11 de septiembre del a\u00f1o \u00a0en curso, neg\u00f3 el presente amparo constitucional. \u00a0<\/p>\n<p>Para \u00a0arribar a tal decisi\u00f3n, el juez colegiado constitucional de \u00a0primer grado se\u00f1al\u00f3 que en el presente asunto no se \u00a0satisfizo el principio de subsidiariedad, a raz\u00f3n que por \u00a0sentencia del 21 de junio de 2017, la Sala Primera del Tribunal \u00a0Administrativo del Huila decret\u00f3 la nulidad de las \u00a0Resoluciones 004689 de 1999 y S00661 de 2000 y orden\u00f3 el no \u00a0pago de la prima t\u00e9cnica, determinaci\u00f3n que fue apelada \u00a0y a la fecha la Sala Segunda del Consejo de Estado no la ha resuelto, \u00a0significando ello, que se encuentra en curso un proceso donde se \u00a0estudia la legalidad del acto administrativo, siendo aquel el \u00a0escenario propio para dirimir la controversia que aqu\u00ed se \u00a0suscita, m\u00e1xime cuando en este eventos no se acredit\u00f3 \u00a0la causaci\u00f3n de un perjuicio irremediable. \u00a0<\/p>\n<p>LA IMPUGNACI\u00d3N \u00a0<\/p>\n<p>Inconforme \u00a0con la anterior determinaci\u00f3n, la parte actora la impugn\u00f3, \u00a0con la finalidad que sea \u201cderogada\u201d y, en consecuencia, \u00a0se acceda a las pretensiones elevadas en la demanda constitucional. \u00a0<\/p>\n<p>Como \u00a0argumentos de la alzada, la parte recurrente se\u00f1al\u00f3 que \u00a0el objeto de la presente acci\u00f3n de amparo no ci\u00f1e a \u00a0solicitar el pago de la prima t\u00e9cnica, sino es para denunciar \u00a0los yerros e irregularidades cometidas en el proceso ejecutivo \u00a0adelantado, el cual consiste en desconocer las resoluciones por las \u00a0que se reconoci\u00f3 el emolumento en cita, toda vez que si bien \u00a0el Tribunal Administrativo del Huila las invalid\u00f3, los actos \u00a0administrativos a\u00fan conservan sus efectos jur\u00eddicos de \u00a0vigencia y validez, por cuanto la decisi\u00f3n judicial fue objeto \u00a0de apelaci\u00f3n en el efecto suspensivo, lo que implica que \u00a0conservan sus caracter\u00edsticas de obligatoriedad, ejecutividad \u00a0y ejecutoriedad. \u00a0<\/p>\n<p>Por \u00a0otra parte, apunt\u00f3 el recurrente que el a \u00a0quo desconoci\u00f3 \u00a0el material probatorio que reposa en el tr\u00e1mite de ejecuci\u00f3n, \u00a0toda vez que se aportaron los certificados de disponibilidad \u00a0presupuestal para efectos del cobro judicial, adem\u00e1s, resalt\u00f3 \u00a0el opugnador que tales documentos no le son exigibles a la parte \u00a0ejecutante, ya que para la ejecutabilidad de la obligaci\u00f3n \u00a0laboral que conste en acto que provenga del deudor o sentencia \u00a0judicial no es necesario aportar pieza documental que d\u00e9 \u00a0cuenta de la partida presupuestal para el cumplimiento de lo debido, \u00a0pues tal carga corresponde a la ejecutada por su deber de incluir las \u00a0partidas necesarias para el efecto, motivo por el cual, las \u00a0resoluciones 004689 de 1999 y S00661 de 2000 se tornan suficientes \u00a0para la efectividad del pago de la prima t\u00e9cnica. \u00a0<\/p>\n<p>De \u00a0igual manera, sostuvo el impugnante que la presente solicitud de \u00a0resguardo satisface el requisito de subsidiariedad, ya que agot\u00f3 \u00a0todos los medios ordinarios y extraordinarios de defensa contra las \u00a0providencias emitidas en el proceso ejecutivo. \u00a0<\/p>\n<p>Por \u00a0\u00faltimo, el promotor de la impugnaci\u00f3n arguy\u00f3 que \u00a0la autoridad judicial constitucional de primer grado desatendi\u00f3 \u00a0el perjuicio irremediable a sus condiciones de vida generado por las \u00a0accionadas, adem\u00e1s de olvidar su condici\u00f3n de especial \u00a0protecci\u00f3n por ser de la tercera edad. \u00a0<\/p>\n<p>CONSIDERACIONES \u00a0DE LA SALA \u00a0<\/p>\n<p>\u00a0 \u00a0\u00a0 \u00a0 \u00a0 \u00a0 \u00a0<\/p>\n<p>1. De \u00a0 \u00a0 \u00a0 \u00a0 \u00a0conformidad con lo normado \u00a0 \u00a0 \u00a0 \u00a0 \u00a0en el art\u00edculo 32 del Decreto 2591 de 1991, art\u00edculo \u00a0 \u00a0 \u00a0 \u00a0 \u00a02\u00ba del Decreto 1983 de 2017 \u2013 modificatorio del art\u00edculo \u00a0 \u00a0 \u00a0 \u00a0 \u00a02.2.3.1.2.4 del Decreto 1069 de 2015 \u2013, \u00a0 \u00a0 \u00a0 \u00a0 \u00a0y el \u00a0 \u00a0 \u00a0 \u00a0 \u00a0art\u00edculo 44 del Reglamento General de esta Corporaci\u00f3n, \u00a0 \u00a0 \u00a0 \u00a0 \u00a0esta Sala es competente para resolver el recurso de impugnaci\u00f3n \u00a0 \u00a0 \u00a0 \u00a0 \u00a0interpuesto por Anc\u00edzar \u00a0 \u00a0 \u00a0 \u00a0 \u00a0Torres Ram\u00edrez contra \u00a0 \u00a0 \u00a0 \u00a0 \u00a0el fallo de tutela proferido por la Sala de Casaci\u00f3n Laboral \u00a0 \u00a0 \u00a0 \u00a0 \u00a0de la Corte Suprema de Justicia. \u00a0<\/p>\n<p>\u00a0 \u00a0\u00a0 \u00a0 \u00a0 \u00a0 \u00a0<\/p>\n<p>2. El \u00a0 \u00a0 \u00a0 \u00a0 \u00a0problema jur\u00eddico que convoca a la Sala en esta oportunidad, \u00a0 \u00a0 \u00a0 \u00a0 \u00a0consiste en establecer \u00a0 \u00a0 \u00a0 \u00a0 \u00a0si frente a las providencias del 8 de marzo de 2018, 27 de marzo y \u00a0 \u00a0 \u00a0 \u00a0 \u00a012 de agosto de 2019 proferidas por las autoridades accionadas al \u00a0 \u00a0 \u00a0 \u00a0 \u00a0interior del proceso ejecutivo laboral de radicado No. \u00a0 \u00a0 \u00a0 \u00a0 \u00a041001-31-05-003-2018-00060, mediante las cuales se neg\u00f3 \u00a0 \u00a0 \u00a0 \u00a0 \u00a0el mandamiento de pago por el concepto de prima t\u00e9cnica \u00a0 \u00a0 \u00a0 \u00a0 \u00a0reconocida en las resoluciones No. 004689 de 1999 y S00661 de 2000, \u00a0 \u00a0 \u00a0 \u00a0 \u00a0se \u00a0 \u00a0 \u00a0 \u00a0 \u00a0configuran los requisitos de procedibilidad de la acci\u00f3n de \u00a0 \u00a0 \u00a0 \u00a0 \u00a0tutela contra decisiones judiciales y por tanto, debe revocarse el \u00a0 \u00a0 \u00a0 \u00a0 \u00a0fallo de tutela de primer grado para en su lugar concederse el \u00a0 \u00a0 \u00a0 \u00a0 \u00a0amparo constitucional invocado. \u00a0<\/p>\n<p>\u00a0 \u00a0\u00a0 \u00a0 \u00a0 \u00a0 \u00a0<\/p>\n<p>3. Requisitos de \u00a0 \u00a0 \u00a0 \u00a0 \u00a0procedibilidad de la acci\u00f3n de tutela contra decisiones \u00a0 \u00a0 \u00a0 \u00a0 \u00a0judiciales \u00a0<\/p>\n<p>\u00a0 \u00a0\u00a0 \u00a0 \u00a0 \u00a0 \u00a0 \u00a0 \u00a0 \u00a0 \u00a0 \u00a0 \u00a0 \u00a0 \u00a0 \u00a0<\/p>\n<p>1. El art\u00edculo \u00a0 \u00a0 \u00a0 \u00a0 \u00a0 \u00a0 \u00a0 \u00a0 \u00a086 de la Constituci\u00f3n Pol\u00edtica establece que toda \u00a0 \u00a0 \u00a0 \u00a0 \u00a0 \u00a0 \u00a0 \u00a0 \u00a0persona tiene derecho a promover acci\u00f3n de tutela ante los \u00a0 \u00a0 \u00a0 \u00a0 \u00a0 \u00a0 \u00a0 \u00a0 \u00a0jueces con miras a obtener la protecci\u00f3n inmediata de sus \u00a0 \u00a0 \u00a0 \u00a0 \u00a0 \u00a0 \u00a0 \u00a0 \u00a0garant\u00edas fundamentales, cuando por acci\u00f3n u omisi\u00f3n \u00a0 \u00a0 \u00a0 \u00a0 \u00a0 \u00a0 \u00a0 \u00a0 \u00a0le sean vulnerados o amenazados por cualquier autoridad p\u00fablica \u00a0 \u00a0 \u00a0 \u00a0 \u00a0 \u00a0 \u00a0 \u00a0 \u00a0o por particulares en los casos expresamente previstos en la ley, \u00a0 \u00a0 \u00a0 \u00a0 \u00a0 \u00a0 \u00a0 \u00a0 \u00a0siempre que no haya otro medio de defensa judicial, o existiendo, \u00a0 \u00a0 \u00a0 \u00a0 \u00a0 \u00a0 \u00a0 \u00a0 \u00a0cuando la tutela se utilice de forma transitoria para evitar la \u00a0 \u00a0 \u00a0 \u00a0 \u00a0 \u00a0 \u00a0 \u00a0 \u00a0materializaci\u00f3n de un perjuicio irremediable. \u00a0 \u00a0<\/p>\n<p>Ha \u00a0precisado la Sala que las caracter\u00edsticas de subsidiariedad y \u00a0residualidad que son predicables de la acci\u00f3n de tutela, \u00a0aparejan como consecuencia que no pueda acudirse a tal mecanismo \u00a0excepcional de amparo para lograr la intervenci\u00f3n del juez \u00a0constitucional en procesos en tr\u00e1mite, porque ello a m\u00e1s \u00a0de desnaturalizar su esencia, socava postulados constitucionales como \u00a0la independencia y la autonom\u00eda funcionales que rigen la \u00a0actividad de la Rama Judicial al tenor de la preceptiva contenida en \u00a0el art\u00edculo 228 de la Carta Pol\u00edtica. \u00a0<\/p>\n<p>\u00a0 \u00a0\u00a0 \u00a0 \u00a0 \u00a0 \u00a0 \u00a0 \u00a0 \u00a0 \u00a0 \u00a0 \u00a0 \u00a0 \u00a0 \u00a0<\/p>\n<p>2. En \u00a0 \u00a0 \u00a0 \u00a0 \u00a0 \u00a0 \u00a0 \u00a0 \u00a0trat\u00e1ndose de la procedencia de la acci\u00f3n de tutela \u00a0 \u00a0 \u00a0 \u00a0 \u00a0 \u00a0 \u00a0 \u00a0 \u00a0para cuestionar \u00a0 \u00a0 \u00a0 \u00a0 \u00a0 \u00a0 \u00a0 \u00a0 \u00a0decisiones judiciales, salvo que comporten v\u00edas de hecho, la \u00a0 \u00a0 \u00a0 \u00a0 \u00a0 \u00a0 \u00a0 \u00a0 \u00a0acci\u00f3n es improcedente, porque su finalidad no es la de \u00a0 \u00a0 \u00a0 \u00a0 \u00a0 \u00a0 \u00a0 \u00a0 \u00a0revivir oportunidades o momentos procesales culminados, reponer \u00a0 \u00a0 \u00a0 \u00a0 \u00a0 \u00a0 \u00a0 \u00a0 \u00a0t\u00e9rminos de ejecutoria que permitan la impugnaci\u00f3n de \u00a0 \u00a0 \u00a0 \u00a0 \u00a0 \u00a0 \u00a0 \u00a0 \u00a0las decisiones, y tampoco constituirse en el escenario donde puedan \u00a0 \u00a0 \u00a0 \u00a0 \u00a0 \u00a0 \u00a0 \u00a0 \u00a0efectuarse valoraciones probatorias diferentes a la que realiz\u00f3 \u00a0 \u00a0 \u00a0 \u00a0 \u00a0 \u00a0 \u00a0 \u00a0 \u00a0el juez de conocimiento, a quien corresponde hacer esa labor de \u00a0 \u00a0 \u00a0 \u00a0 \u00a0 \u00a0 \u00a0 \u00a0 \u00a0acuerdo con la competencia que le asigna la ley. \u00a0 \u00a0<\/p>\n<p>Si \u00a0as\u00ed fuera, \u00a0ha dicho la Corte, el recurso de amparo, instrumento de defensa de \u00a0derechos fundamentales, trocar\u00eda en medio adverso a la \u00a0seguridad jur\u00eddica y a la estabilidad social. Por estas \u00a0razones el juez de tutela debe respetar las competencias regladas \u00a0atribuidas a otras autoridades, sin afectar su autonom\u00eda. \u00a0<\/p>\n<p>\u00a0 \u00a0\u00a0 \u00a0 \u00a0 \u00a0 \u00a0 \u00a0 \u00a0 \u00a0 \u00a0 \u00a0 \u00a0 \u00a0 \u00a0 \u00a0<\/p>\n<p>3. Como \u00a0 \u00a0 \u00a0 \u00a0 \u00a0 \u00a0 \u00a0 \u00a0 \u00a0ha sido recurrentemente recordado por esta Sala, la acci\u00f3n \u00a0 \u00a0 \u00a0 \u00a0 \u00a0 \u00a0 \u00a0 \u00a0 \u00a0constitucional de tutela es un mecanismo de protecci\u00f3n \u00a0 \u00a0 \u00a0 \u00a0 \u00a0 \u00a0 \u00a0 \u00a0 \u00a0excepcional frente a providencias judiciales, su prosperidad va \u00a0 \u00a0 \u00a0 \u00a0 \u00a0 \u00a0 \u00a0 \u00a0 \u00a0ligada al cumplimiento de estrictos requisitos \u00a0 \u00a0 \u00a0 \u00a0 \u00a0 \u00a0 \u00a0 \u00a0 \u00a0de \u00a0 \u00a0 \u00a0 \u00a0 \u00a0 \u00a0 \u00a0 \u00a0 \u00a0procedibilidad que implican una carga para el accionante, tanto en \u00a0 \u00a0 \u00a0 \u00a0 \u00a0 \u00a0 \u00a0 \u00a0 \u00a0su planteamiento como en su demostraci\u00f3n, como lo ha \u00a0 \u00a0 \u00a0 \u00a0 \u00a0 \u00a0 \u00a0 \u00a0 \u00a0expuesto la propia Corte Constitucional.2 \u00a0 \u00a0<\/p>\n<p>Por este motivo, y \u00a0como ha sido desarrollado por la jurisprudencia constitucional, la \u00a0acci\u00f3n de tutela contra providencias judiciales exige: \u00a0<\/p>\n<p>a. Que la cuesti\u00f3n \u00a0que se discuta resulte de evidente relevancia constitucional. \u00a0<\/p>\n<p>b. \u00a0Que hayan sido agotados todos los medios -ordinarios y \u00a0extraordinarios- de defensa judicial al alcance de la persona \u00a0afectada, salvo que se trate de evitar la consumaci\u00f3n de un \u00a0perjuicio iusfundamental \u00a0irremediable. \u00a0<\/p>\n<p>c. \u00a0Que se cumpla el requisito de la inmediatez, es decir, que la tutela \u00a0se hubiere interpuesto en un t\u00e9rmino razonable y proporcionado \u00a0a partir del hecho que origin\u00f3 la vulneraci\u00f3n. \u00a0<\/p>\n<p>d. Cuando se trate \u00a0de una irregularidad procesal, debe quedar claro que la misma tiene \u00a0un efecto decisivo o determinante en la sentencia que se impugna y \u00a0que ata\u00f1e a los derechos fundamentales del accionante. \u00a0<\/p>\n<p>e. \u00a0Que el accionante identifique de manera razonable tanto los hechos \u00a0que generaron la vulneraci\u00f3n como los derechos vulnerados y \u00a0que hubiere alegado tal vulneraci\u00f3n en el proceso judicial, \u00a0siempre que esto hubiere sido posible. \u00a0<\/p>\n<p>f. \u00a0Que la decisi\u00f3n judicial contra la cual se formula la acci\u00f3n \u00a0de tutela no se corresponda con sentencias de tutela. \u00a0<\/p>\n<p>Los \u00a0anteriores requisitos, no pueden quedarse en meros enunciados, pues \u00a0han sido reiterados por la Corte Constitucional, primero en la \u00a0sentencia C-590 \u00a0de 2005, luego en las decisiones T-332, T-212 y T-780 de 2006, \u00a0reforzando lo dicho en la primera de las mencionadas providencias, en \u00a0el sentido que, cuando se trata \u00a0de acciones de tutela contra providencias judiciales, las mismas solo \u00a0pueden tener cabida \u00ab\u2026si \u00a0se cumplen ciertos y rigurosos requisitos de procedibilidad. Dentro \u00a0de estos pueden distinguirse unos de car\u00e1cter general, que \u00a0habilitan la interposici\u00f3n de la tutela, y otros de car\u00e1cter \u00a0espec\u00edfico, que tocan con la procedencia misma del amparo, una \u00a0vez interpuesta\u00bb \u00a0(Textual). \u00a0<\/p>\n<p>En punto de las \u00a0exigencias espec\u00edficas, como fue recogido en la sentencia \u00a0C-590 de 2005, han sido establecidas las que a continuaci\u00f3n se \u00a0relacionan: \u00a0<\/p>\n<p>a. \u00a0 \u00a0 \u00a0 \u00a0Defecto \u00a0org\u00e1nico, que se presenta cuando el funcionario judicial que \u00a0profiri\u00f3 la providencia impugnada carece absolutamente de \u00a0competencia para ello. \u00a0 \u00a0 \u00a0 \u00a0 \u00a0 \u00a0<\/p>\n<p>2. Defecto procedimental absoluto, que se origina cuando el juez actu\u00f3 \u00a0 \u00a0 \u00a0 \u00a0 \u00a0completamente al margen del procedimiento establecido.<\/p>\n<p>3. Defecto f\u00e1ctico, el cual surge cuando el juez carece del \u00a0 \u00a0 \u00a0 \u00a0 \u00a0apoyo probatorio que permita la aplicaci\u00f3n del supuesto legal \u00a0 \u00a0 \u00a0 \u00a0 \u00a0en el que se sustenta la decisi\u00f3n.<\/p>\n<p>4. Defecto \u00a0 \u00a0 \u00a0 \u00a0 \u00a0material o sustantivo, como son los casos en que se decide con base \u00a0 \u00a0 \u00a0 \u00a0 \u00a0en normas inexistentes o inconstitucionales3 \u00a0 \u00a0 \u00a0 \u00a0 \u00a0o que presentan una evidente y grosera contradicci\u00f3n entre \u00a0 \u00a0 \u00a0 \u00a0 \u00a0los fundamentos y la decisi\u00f3n;<\/p>\n<p>5. Error inducido, el cual surge cuando el juez o tribunal fue v\u00edctima \u00a0 \u00a0 \u00a0 \u00a0 \u00a0de un enga\u00f1o por parte de terceros y ese enga\u00f1o lo \u00a0 \u00a0 \u00a0 \u00a0 \u00a0condujo a la toma de una decisi\u00f3n que afecta derechos \u00a0 \u00a0 \u00a0 \u00a0 \u00a0fundamentales.<\/p>\n<p>6. Decisi\u00f3n \u00a0 \u00a0 \u00a0 \u00a0 \u00a0sin motivaci\u00f3n, \u00a0 \u00a0 \u00a0 \u00a0 \u00a0que implica el incumplimiento de los funcionarios judiciales de \u00a0 \u00a0 \u00a0 \u00a0 \u00a0explicitar los fundamentos f\u00e1cticos y jur\u00eddicos de sus \u00a0 \u00a0 \u00a0 \u00a0 \u00a0decisiones, en el entendido que precisamente en esa motivaci\u00f3n \u00a0 \u00a0 \u00a0 \u00a0 \u00a0reposa la legitimidad de su \u00f3rbita funcional.<\/p>\n<p>7. Desconocimiento \u00a0 \u00a0 \u00a0 \u00a0 \u00a0del precedente, hip\u00f3tesis que se presenta, por ejemplo, \u00a0 \u00a0 \u00a0 \u00a0 \u00a0cuando la Corte Constitucional establece el alcance de un derecho \u00a0 \u00a0 \u00a0 \u00a0 \u00a0fundamental y el juez ordinario aplica una ley limitando \u00a0 \u00a0 \u00a0 \u00a0 \u00a0sustancialmente dicho alcance. En estos casos la tutela procede como \u00a0 \u00a0 \u00a0 \u00a0 \u00a0mecanismo para garantizar la eficacia jur\u00eddica del contenido \u00a0 \u00a0 \u00a0 \u00a0 \u00a0constitucionalmente vinculante del derecho fundamental vulnerado4.<\/p>\n<p>8. Violaci\u00f3n \u00a0 \u00a0 \u00a0 \u00a0 \u00a0directa de la Constituci\u00f3n. \u00a0 \u00a0 \u00a0 \u00a0 \u00a0(Textual). \u00a0<\/p>\n<p>Queda \u00a0entonces claro que en \u00a0atenci\u00f3n a la fuerza normativa de la cosa juzgada y al respeto \u00a0de la autonom\u00eda judicial, la acci\u00f3n consagrada en el \u00a0art\u00edculo 86 de la Constituci\u00f3n Nacional, cuando se \u00a0dirige a cuestionar una decisi\u00f3n judicial, tiene car\u00e1cter \u00a0excepcional, y su prosperidad est\u00e1 atada a que se cumplan los \u00a0requisitos de procedibilidad anteriormente enunciados. De manera que \u00a0quien acude a ella tiene la carga no s\u00f3lo respecto de su \u00a0planteamiento, sino de su demostraci\u00f3n. \u00a0<\/p>\n<p>\u00a0 \u00a0\u00a0 \u00a0 \u00a0 \u00a0 \u00a0<\/p>\n<p>3. An\u00e1lisis \u00a0 \u00a0 \u00a0 \u00a0 \u00a0del caso concreto \u00a0<\/p>\n<p>\u00a0 \u00a0\u00a0 \u00a0 \u00a0 \u00a0 \u00a0 \u00a0 \u00a0 \u00a0 \u00a0 \u00a0 \u00a0 \u00a0 \u00a0 \u00a0<\/p>\n<p>1. En \u00a0 \u00a0 \u00a0 \u00a0 \u00a0 \u00a0 \u00a0 \u00a0 \u00a0el presente caso se encuentra que la censura constitucional \u00a0 \u00a0 \u00a0 \u00a0 \u00a0 \u00a0 \u00a0 \u00a0 \u00a0propuesta por la parte actora se dirige a denunciar que las \u00a0 \u00a0 \u00a0 \u00a0 \u00a0 \u00a0 \u00a0 \u00a0 \u00a0providencias confutadas adolecen de los siguientes defectos: \u00a0 \u00a0<\/p>\n<p>\u00a0 \u00a0\u00a0 \u00a0 \u00a0 \u00a0 \u00a0<\/p>\n<p>i. Sustantivo \u00a0 \u00a0 \u00a0 \u00a0 \u00a0o material: por cuanto para la exigibilidad del t\u00edtulo \u00a0 \u00a0 \u00a0 \u00a0 \u00a0ejecutivo solo se requiere del cumplimiento del t\u00e9rmino de \u00a0 \u00a0 \u00a0 \u00a0 \u00a0ley previsto en los art\u00edculos 177 del CCA. y 9 del CPACA. \u00a0<\/p>\n<p>\u00a0 \u00a0\u00a0 \u00a0 \u00a0 \u00a0 \u00a0<\/p>\n<p>ii. F\u00e1ctico: \u00a0 \u00a0 \u00a0 \u00a0 \u00a0al desconocer los certificados de disponibilidad presupuestal \u00a0 \u00a0 \u00a0 \u00a0 \u00a0emitidos para el pago de la prima reclamada. \u00a0<\/p>\n<p>\u00a0 \u00a0\u00a0 \u00a0 \u00a0 \u00a0 \u00a0<\/p>\n<p>iii. Org\u00e1nico: \u00a0 \u00a0 \u00a0 \u00a0 \u00a0al indicar que los actos administrativos base de ejecuci\u00f3n \u00a0 \u00a0 \u00a0 \u00a0 \u00a0han perdido vigencia. \u00a0<\/p>\n<p>\u00a0 \u00a0\u00a0 \u00a0 \u00a0 \u00a0 \u00a0<\/p>\n<p>iv. Desconocimiento \u00a0 \u00a0 \u00a0 \u00a0 \u00a0de precedentes judiciales; los cuales regularon situaciones que \u00a0 \u00a0 \u00a0 \u00a0 \u00a0tienen supuestos facticos an\u00e1logos y\/o similares a su asunto. \u00a0<\/p>\n<p>\u00a0 \u00a0\u00a0 \u00a0 \u00a0 \u00a0 \u00a0 \u00a0 \u00a0 \u00a0 \u00a0 \u00a0 \u00a0 \u00a0 \u00a0 \u00a0<\/p>\n<p>2. En \u00a0 \u00a0 \u00a0 \u00a0 \u00a0 \u00a0 \u00a0 \u00a0 \u00a0lo atinente a las exigencias generales de procedibilidad de la \u00a0 \u00a0 \u00a0 \u00a0 \u00a0 \u00a0 \u00a0 \u00a0 \u00a0acci\u00f3n de tutela para el cuestionamiento de providencias \u00a0 \u00a0 \u00a0 \u00a0 \u00a0 \u00a0 \u00a0 \u00a0 \u00a0judiciales, la \u00a0 \u00a0 \u00a0 \u00a0 \u00a0 \u00a0 \u00a0 \u00a0 \u00a0Sala no encuentra mayor reparo en declarar la satisfacci\u00f3n \u00a0 \u00a0 \u00a0 \u00a0 \u00a0 \u00a0 \u00a0 \u00a0 \u00a0de los par\u00e1metros rese\u00f1ados, toda vez que: \u00a0 \u00a0<\/p>\n<p>\u00a0 \u00a0\u00a0 \u00a0 \u00a0 \u00a0 \u00a0 \u00a0 \u00a0 \u00a0 \u00a0 \u00a0 \u00a0 \u00a0 \u00a0 \u00a0 \u00a0 \u00a0 \u00a0 \u00a0 \u00a0 \u00a0 \u00a0 \u00a0 \u00a0 \u00a0 \u00a0 \u00a0 \u00a0<\/p>\n<p>1. El \u00a0 \u00a0 \u00a0 \u00a0 \u00a0 \u00a0 \u00a0 \u00a0 \u00a0 \u00a0 \u00a0 \u00a0 \u00a0caso tiene incuestionable relevancia constitucional, pues lo que \u00a0 \u00a0 \u00a0 \u00a0 \u00a0 \u00a0 \u00a0 \u00a0 \u00a0 \u00a0 \u00a0 \u00a0 \u00a0es objeto de debate es la presunta vulneraci\u00f3n de derechos \u00a0 \u00a0 \u00a0 \u00a0 \u00a0 \u00a0 \u00a0 \u00a0 \u00a0 \u00a0 \u00a0 \u00a0 \u00a0dotados de car\u00e1cter fundamental por la propia carta \u00a0 \u00a0 \u00a0 \u00a0 \u00a0 \u00a0 \u00a0 \u00a0 \u00a0 \u00a0 \u00a0 \u00a0 \u00a0pol\u00edtica; \u00a0 \u00a0 \u00a0 \u00a0 \u00a0 \u00a0 \u00a0<\/p>\n<p>\u00a0 \u00a0\u00a0 \u00a0 \u00a0 \u00a0 \u00a0 \u00a0 \u00a0 \u00a0 \u00a0 \u00a0 \u00a0 \u00a0 \u00a0 \u00a0 \u00a0 \u00a0 \u00a0 \u00a0 \u00a0 \u00a0 \u00a0 \u00a0 \u00a0 \u00a0 \u00a0 \u00a0 \u00a0<\/p>\n<p>2. Contra \u00a0 \u00a0 \u00a0 \u00a0 \u00a0 \u00a0 \u00a0 \u00a0 \u00a0 \u00a0 \u00a0 \u00a0 \u00a0las providencias objeto de censura o las que se reprochan como \u00a0 \u00a0 \u00a0 \u00a0 \u00a0 \u00a0 \u00a0 \u00a0 \u00a0 \u00a0 \u00a0 \u00a0 \u00a0quebrantadoras de derechos fundamentales no existe otro medio \u00a0 \u00a0 \u00a0 \u00a0 \u00a0 \u00a0 \u00a0 \u00a0 \u00a0 \u00a0 \u00a0 \u00a0 \u00a0ordinario de defensa judicial para cuestionar su validez, pues la \u00a0 \u00a0 \u00a0 \u00a0 \u00a0 \u00a0 \u00a0 \u00a0 \u00a0 \u00a0 \u00a0 \u00a0 \u00a0parte interesada agot\u00f3 todos los recursos de ley que \u00a0 \u00a0 \u00a0 \u00a0 \u00a0 \u00a0 \u00a0 \u00a0 \u00a0 \u00a0 \u00a0 \u00a0 \u00a0legalmente proced\u00edan. Adem\u00e1s, el proceso que se \u00a0 \u00a0 \u00a0 \u00a0 \u00a0 \u00a0 \u00a0 \u00a0 \u00a0 \u00a0 \u00a0 \u00a0 \u00a0adelanta ante la Jurisdicci\u00f3n Contenciosa Administrativa \u00a0 \u00a0 \u00a0 \u00a0 \u00a0 \u00a0 \u00a0 \u00a0 \u00a0 \u00a0 \u00a0 \u00a0 \u00a0para anular los actos administrativos base de ejecuci\u00f3n, si \u00a0 \u00a0 \u00a0 \u00a0 \u00a0 \u00a0 \u00a0 \u00a0 \u00a0 \u00a0 \u00a0 \u00a0 \u00a0bien su resultado pueda generar efectos jur\u00eddicos en el \u00a0 \u00a0 \u00a0 \u00a0 \u00a0 \u00a0 \u00a0 \u00a0 \u00a0 \u00a0 \u00a0 \u00a0 \u00a0escenario ejecutivo, no sirve como mecanismo para estudiar la \u00a0 \u00a0 \u00a0 \u00a0 \u00a0 \u00a0 \u00a0 \u00a0 \u00a0 \u00a0 \u00a0 \u00a0 \u00a0legalidad de las providencias aqu\u00ed censuradas. \u00a0 \u00a0 \u00a0 \u00a0 \u00a0 \u00a0 \u00a0<\/p>\n<p>\u00a0 \u00a0\u00a0 \u00a0 \u00a0 \u00a0 \u00a0 \u00a0 \u00a0 \u00a0 \u00a0 \u00a0 \u00a0 \u00a0 \u00a0 \u00a0 \u00a0 \u00a0 \u00a0 \u00a0 \u00a0 \u00a0 \u00a0 \u00a0 \u00a0 \u00a0 \u00a0 \u00a0 \u00a0<\/p>\n<p>3. La \u00a0 \u00a0 \u00a0 \u00a0 \u00a0 \u00a0 \u00a0 \u00a0 \u00a0 \u00a0 \u00a0 \u00a0 \u00a0s\u00faplica constitucional se promovi\u00f3 dentro de un \u00a0 \u00a0 \u00a0 \u00a0 \u00a0 \u00a0 \u00a0 \u00a0 \u00a0 \u00a0 \u00a0 \u00a0 \u00a0t\u00e9rmino razonable y proporcional, ya que fue instaurada \u00a0 \u00a0 \u00a0 \u00a0 \u00a0 \u00a0 \u00a0 \u00a0 \u00a0 \u00a0 \u00a0 \u00a0 \u00a0ante las autoridades judiciales el 28 de agosto de 20195, \u00a0 \u00a0 \u00a0 \u00a0 \u00a0 \u00a0 \u00a0 \u00a0 \u00a0 \u00a0 \u00a0 \u00a0 \u00a0esto es, transcurrido \u00a0 \u00a0 \u00a0 \u00a0 \u00a0 \u00a0 \u00a0 \u00a0 \u00a0 \u00a0 \u00a0 \u00a0 \u00a0tan solo quince (15) d\u00edas de haberse proferido el prove\u00eddo \u00a0 \u00a0 \u00a0 \u00a0 \u00a0 \u00a0 \u00a0 \u00a0 \u00a0 \u00a0 \u00a0 \u00a0 \u00a0que resolvi\u00f3 el recurso de apelaci\u00f3n interpuesto \u00a0 \u00a0 \u00a0 \u00a0 \u00a0 \u00a0 \u00a0 \u00a0 \u00a0 \u00a0 \u00a0 \u00a0 \u00a0contra la decisi\u00f3n que neg\u00f3 el mandamiento de pago \u00a0 \u00a0 \u00a0 \u00a0 \u00a0 \u00a0 \u00a0 \u00a0 \u00a0 \u00a0 \u00a0 \u00a0 \u00a0en sede de primera instancia. \u00a0 \u00a0 \u00a0 \u00a0 \u00a0 \u00a0 \u00a0<\/p>\n<p>\u00a0 \u00a0\u00a0 \u00a0 \u00a0 \u00a0 \u00a0 \u00a0 \u00a0 \u00a0 \u00a0 \u00a0 \u00a0 \u00a0 \u00a0 \u00a0 \u00a0 \u00a0 \u00a0 \u00a0 \u00a0 \u00a0 \u00a0 \u00a0 \u00a0 \u00a0 \u00a0 \u00a0 \u00a0<\/p>\n<p>4. Identific\u00f3 \u00a0 \u00a0 \u00a0 \u00a0 \u00a0 \u00a0 \u00a0 \u00a0 \u00a0 \u00a0 \u00a0 \u00a0 \u00a0los fundamentos f\u00e1cticos, las pretensiones y las \u00a0 \u00a0 \u00a0 \u00a0 \u00a0 \u00a0 \u00a0 \u00a0 \u00a0 \u00a0 \u00a0 \u00a0 \u00a0prerrogativas que estim\u00f3 quebrantadas, reproches que \u00a0 \u00a0 \u00a0 \u00a0 \u00a0 \u00a0 \u00a0 \u00a0 \u00a0 \u00a0 \u00a0 \u00a0 \u00a0formul\u00f3 al interior del proceso judicial, como se ver\u00e1 \u00a0 \u00a0 \u00a0 \u00a0 \u00a0 \u00a0 \u00a0 \u00a0 \u00a0 \u00a0 \u00a0 \u00a0 \u00a0m\u00e1s adelante, pues fue el objeto del recurso de apelaci\u00f3n \u00a0 \u00a0 \u00a0 \u00a0 \u00a0 \u00a0 \u00a0 \u00a0 \u00a0 \u00a0 \u00a0 \u00a0 \u00a0entablado. \u00a0 \u00a0 \u00a0 \u00a0 \u00a0 \u00a0 \u00a0<\/p>\n<p>\u00a0 \u00a0\u00a0 \u00a0 \u00a0 \u00a0 \u00a0 \u00a0 \u00a0 \u00a0 \u00a0 \u00a0 \u00a0 \u00a0 \u00a0 \u00a0 \u00a0 \u00a0 \u00a0 \u00a0 \u00a0 \u00a0 \u00a0 \u00a0 \u00a0 \u00a0 \u00a0 \u00a0 \u00a0<\/p>\n<p>5. No \u00a0 \u00a0 \u00a0 \u00a0 \u00a0 \u00a0 \u00a0 \u00a0 \u00a0 \u00a0 \u00a0 \u00a0 \u00a0se discute por esta v\u00eda una sentencia de tutela. \u00a0 \u00a0 \u00a0 \u00a0 \u00a0 \u00a0 \u00a0<\/p>\n<p>Por lo tanto, al \u00a0encontrarse superados los par\u00e1metros de procedibilidad, se \u00a0debe entrar a verificar si existe alguna actuaci\u00f3n u omisi\u00f3n \u00a0del \u00f3rganos accionados capaz de afectar la vigencia efectiva \u00a0de los derechos fundamentales del accionante y que permitan derivar \u00a0la prosperidad del amparo constitucional. \u00a0<\/p>\n<p>\u00a0 \u00a0\u00a0 \u00a0 \u00a0 \u00a0 \u00a0 \u00a0 \u00a0 \u00a0 \u00a0 \u00a0 \u00a0 \u00a0 \u00a0 \u00a0<\/p>\n<p>3. Vistas \u00a0 \u00a0 \u00a0 \u00a0 \u00a0 \u00a0 \u00a0 \u00a0 \u00a0as\u00ed las cosas, se considera necesario traer a colaci\u00f3n \u00a0 \u00a0 \u00a0 \u00a0 \u00a0 \u00a0 \u00a0 \u00a0 \u00a0el contenido de la providencia de segunda instancia reprochada por \u00a0 \u00a0 \u00a0 \u00a0 \u00a0 \u00a0 \u00a0 \u00a0 \u00a0esta v\u00eda supra \u00a0 \u00a0 \u00a0 \u00a0 \u00a0 \u00a0 \u00a0 \u00a0 \u00a0legal, \u00a0 \u00a0 \u00a0 \u00a0 \u00a0 \u00a0 \u00a0 \u00a0 \u00a0al ser la decisi\u00f3n definitiva, por tanto, para negar en sede \u00a0 \u00a0 \u00a0 \u00a0 \u00a0 \u00a0 \u00a0 \u00a0 \u00a0de apelaci\u00f3n el mandamiento ejecutivo del proceso \u00a0 \u00a0 \u00a0 \u00a0 \u00a0 \u00a0 \u00a0 \u00a0 \u00a0previamente rese\u00f1ado, la \u00a0 \u00a0 \u00a0 \u00a0 \u00a0 \u00a0 \u00a0 \u00a0 \u00a0Sala \u00a0 \u00a0 \u00a0 \u00a0 \u00a0 \u00a0 \u00a0 \u00a0 \u00a0Civil Familia Laboral del Tribunal Superior del Distrito Judicial \u00a0 \u00a0 \u00a0 \u00a0 \u00a0 \u00a0 \u00a0 \u00a0 \u00a0de Neiva expuso \u00a0 \u00a0 \u00a0 \u00a0 \u00a0 \u00a0 \u00a0 \u00a0 \u00a0que el par\u00e1grafo del art\u00edculo 6\u00ba del Decreto \u00a0 \u00a0 \u00a0 \u00a0 \u00a0 \u00a0 \u00a0 \u00a0 \u00a01661 de 1991 consagra que en todo caso, la prima t\u00e9cnica \u00a0 \u00a0 \u00a0 \u00a0 \u00a0 \u00a0 \u00a0 \u00a0 \u00a0s\u00f3lo podr\u00e1 otorgarse previa expedici\u00f3n del \u00a0 \u00a0 \u00a0 \u00a0 \u00a0 \u00a0 \u00a0 \u00a0 \u00a0respectivo certificado de disponibilidad presupuestal, disposici\u00f3n \u00a0 \u00a0 \u00a0 \u00a0 \u00a0 \u00a0 \u00a0 \u00a0 \u00a0normativa sobre la cual se ejerci\u00f3 control de \u00a0 \u00a0 \u00a0 \u00a0 \u00a0 \u00a0 \u00a0 \u00a0 \u00a0constitucionalidad en providencia C-018 de 1996, motivo por el cual \u00a0 \u00a0 \u00a0 \u00a0 \u00a0 \u00a0 \u00a0 \u00a0 \u00a0concluy\u00f3: \u00a0 \u00a0<\/p>\n<p>[\u2026] La \u00a0Corte Constitucional equipar\u00f3 el otorgamiento de la prima \u00a0t\u00e9cnica al pago de \u00e9sta\u2026que el certificado de \u00a0disponibilidad presupuestal se requer\u00eda no para la expedici\u00f3n \u00a0de la resoluci\u00f3n de reconocimiento de dicho beneficio \u00a0prestacional, sino para el pago efectivo del mismo\u2026tal \u00a0documento resulta indispensable para conformar el t\u00edtulo base \u00a0de recaudo ejecutivo para que la obligaci\u00f3n as\u00ed \u00a0reconocida se torne exigible. \u00a0<\/p>\n<p>As\u00ed \u00a0las cosas, y bajando al caso en concreto se tiene que revisados los \u00a0documentos que se aducen como t\u00edtulo ejecutivo, se establece \u00a0que no figura el certificado de disponibilidad presupuestal requerido \u00a0para que sea exigible el pago de la prima t\u00e9cnica que se \u00a0ejecuta, pues aunque la parte recurrente aduce que el mismo se \u00a0encuentra satisfecho con la certificaci\u00f3n del 30 de marzo de \u00a02017 expedida por la Jefe de la Oficina de Presupuesto de la \u00a0Universidad Surcolombiana\u2026en dicha constancia no existe \u00a0registro alguno que demuestre que durante las vigencias fiscales \u00a0comprendidas entre los a\u00f1os 2000 al 2017 se hubiere expedido \u00a0el Certificado de Disponibilidad Presupuestal en menci\u00f3n, para \u00a0de all\u00ed inferir sin asumo de duda el cumplimiento del \u00a0requisito exigido\u2026 \u00a0<\/p>\n<p>En \u00a0ese contexto, al revisar en conjunto el contenido de los prove\u00eddos \u00a0recurridos se tiene que las autoridades accionadas de forma clara, \u00a0precisa y con suficiente argumentaci\u00f3n, sustentaron las \u00a0decisiones adoptadas, para concluir que no se prob\u00f3 que el \u00a0t\u00edtulo ejecutivo de la obligaci\u00f3n era exigible, esto \u00a0por carecer del certificado de disponibilidad presupuestal vigente. \u00a0<\/p>\n<p>Por \u00a0consiguiente, a criterio de la Sala dichos \u00a0argumentos no se advierten arbitrarios o caprichosos, sino que hacen \u00a0parte de la valoraci\u00f3n jur\u00eddica ejercida por el juez \u00a0natural, quien goza de autonom\u00eda judicial para definir los \u00a0asuntos que le son puestos a su consideraci\u00f3n. De lo \u00a0contrario, esto es, de efectuar un nuevo an\u00e1lisis de \u00a0legalidad, se soslayar\u00eda el car\u00e1cter subsidiario y \u00a0residual de la acci\u00f3n constitucional. \u00a0<\/p>\n<p>Vale \u00a0la pena resaltar que la acci\u00f3n de tutela no fue concebida e \u00a0implementada para definir derechos de raigambre legal, sino para \u00a0hacer cesar la vulneraci\u00f3n o prevenir la afectaci\u00f3n de \u00a0las garant\u00edas fundamentales. \u00a0<\/p>\n<p>No \u00a0podr\u00eda afirmarse que los motivos expuestos por la parte \u00a0demandante se configuren en una de las circunstancias a las que alude \u00a0la jurisprudencia como v\u00edas de hecho, siendo que, las \u00a0providencias censuradas se sustentan en motivos razonables que \u00a0eliminan cualquier viso de ilegalidad que le haga perder legitimidad, \u00a0pues las \u00a0razones que esgrimidas son serias y sensatas. Ninguna arbitrariedad o \u00a0capricho se observa en su decisi\u00f3n. \u00a0<\/p>\n<p>Adem\u00e1s, \u00a0cabe recordar que el Constituyente no le otorg\u00f3 a la acci\u00f3n \u00a0de tutela el car\u00e1cter de instancia adicional o de mecanismo \u00a0alternativo o paralelo a los procedimientos ordinarios de defensa \u00a0judicial, m\u00e1xime cuando los citados argumentos fueron \u00a0considerados por las instancias, raz\u00f3n por la cual, lo que se \u00a0advierte es el inter\u00e9s de la parte accionante de imponer \u00a0un criterio interpretativo diverso del expuesto por las autoridades \u00a0judiciales accionadas, con el \u00e1nimo de que el juez de tutela \u00a0acoja como mejor y m\u00e1s elaborada su valoraci\u00f3n acerca \u00a0de que documentos o requisitos son requeridos para hacer exigible la \u00a0obligaci\u00f3n contenida en los actos administrativos para que \u00a0cumplan la condici\u00f3n de t\u00edtulos ejecutivos en procura \u00a0de lograr el pago de la prima t\u00e9cnica que le fuera reconocida, \u00a0pues lo cierto es que los falladores ordinarios, no encontraron \u00a0colmados las exigencias elementales para la ejecutabilidad de la \u00a0obligaci\u00f3n reclamada, ante la carencia de uno de sus \u00a0requisitos indispensables -exigibilidad-, \u00a0que seg\u00fan la Corte Constitucional en sentencia C \u2013 018 \u00a0de 1996 se compone del certificado de disponibilidad presupuestal \u00a0como presupuesto para el pago del emolumento objeto de reclamo. \u00a0<\/p>\n<p>\u00a0 \u00a0\u00a0 \u00a0 \u00a0 \u00a0 \u00a0 \u00a0 \u00a0 \u00a0 \u00a0 \u00a0 \u00a0 \u00a0 \u00a0 \u00a0<\/p>\n<p>4. Ahora \u00a0 \u00a0 \u00a0 \u00a0 \u00a0 \u00a0 \u00a0 \u00a0 \u00a0bien, en lo que respecta al dislate org\u00e1nico denunciado por \u00a0 \u00a0 \u00a0 \u00a0 \u00a0 \u00a0 \u00a0 \u00a0 \u00a0el accionante, aqu\u00e9l no tiene cabida en el presente asunto, \u00a0 \u00a0 \u00a0 \u00a0 \u00a0 \u00a0 \u00a0 \u00a0 \u00a0comoquiera que revisadas las decisiones cuestionadas en momento \u00a0 \u00a0 \u00a0 \u00a0 \u00a0 \u00a0 \u00a0 \u00a0 \u00a0alguno las autoridades judiciales accionadas esbozaron como \u00a0 \u00a0 \u00a0 \u00a0 \u00a0 \u00a0 \u00a0 \u00a0 \u00a0argumento para negar el mandamiento de pago la p\u00e9rdida de \u00a0 \u00a0 \u00a0 \u00a0 \u00a0 \u00a0 \u00a0 \u00a0 \u00a0validez o fuerza de ejecutoria del t\u00edtulo ejecutivo base de \u00a0 \u00a0 \u00a0 \u00a0 \u00a0 \u00a0 \u00a0 \u00a0 \u00a0acci\u00f3n. \u00a0 \u00a0<\/p>\n<p>Por \u00a0otra parte, en cuanto al presunto desconocimiento del precedente, se \u00a0debe recordar al actor, que siendo la tutela un mecanismo de \u00a0protecci\u00f3n excepcional frente a providencias judiciales, su \u00a0prosperidad va ligada al cumplimiento de \u00abciertos \u00a0y rigurosos\u00bb \u00a0requisitos de procedibilidad que implican una m\u00ednima carga \u00a0para quien reclama el amparo, no solo en su planteamiento sino \u00a0tambi\u00e9n en su demostraci\u00f3n \u00a0y s\u00f3lo por \u00a0vulneraciones constitucionales, relativas a los derechos \u00a0fundamentales, mediante acciones reflejadas en los hechos, oportuna y \u00a0claramente planteados \u00a0y demostrados, \u00a0se puede desvirtuar la presunci\u00f3n de acierto y legalidad que \u00a0cobija a la providencia cuestionada, carga que no se acredit\u00f3 \u00a0en el presente caso, toda vez que el interesado no mostr\u00f3 que \u00a0los hechos relevantes y el problema jur\u00eddico categorizados \u00a0como precedentes fueran iguales o similares al presente contexto, tan \u00a0solo se limit\u00f3 a enunciar y allegar copias de las providencias \u00a0de aquellas, lo cual se torna insuficiente para la configuraci\u00f3n \u00a0del yerro denunciado (CC T-1086 de 2003). \u00a0<\/p>\n<p>\u00a0 \u00a0\u00a0 \u00a0 \u00a0 \u00a0 \u00a0 \u00a0 \u00a0 \u00a0 \u00a0 \u00a0 \u00a0 \u00a0 \u00a0 \u00a0<\/p>\n<p>5. As\u00ed \u00a0 \u00a0 \u00a0 \u00a0 \u00a0 \u00a0 \u00a0 \u00a0 \u00a0las cosas, los razonamientos de los funcionarios que resolvieron \u00a0 \u00a0 \u00a0 \u00a0 \u00a0 \u00a0 \u00a0 \u00a0 \u00a0este asunto no puede controvertirse en el marco de la acci\u00f3n \u00a0 \u00a0 \u00a0 \u00a0 \u00a0 \u00a0 \u00a0 \u00a0 \u00a0de tutela, toda vez que en manera alguna se perciben ileg\u00edtimos \u00a0 \u00a0 \u00a0 \u00a0 \u00a0 \u00a0 \u00a0 \u00a0 \u00a0o arbitrarios, como se quiere hacer ver, pues sus conclusiones \u00a0 \u00a0 \u00a0 \u00a0 \u00a0 \u00a0 \u00a0 \u00a0 \u00a0resultan sensatas y razonables con los presupuestos normativos y \u00a0 \u00a0 \u00a0 \u00a0 \u00a0 \u00a0 \u00a0 \u00a0 \u00a0probatorios propios del asunto, y si ello es as\u00ed, no puede \u00a0 \u00a0 \u00a0 \u00a0 \u00a0 \u00a0 \u00a0 \u00a0 \u00a0utilizarse v\u00e1lidamente la acci\u00f3n de tutela, bajo el \u00a0 \u00a0 \u00a0 \u00a0 \u00a0 \u00a0 \u00a0 \u00a0 \u00a0pretexto de v\u00edas de hecho inexistentes, siendo que la \u00a0 \u00a0 \u00a0 \u00a0 \u00a0 \u00a0 \u00a0 \u00a0 \u00a0accionante discrepa de lo resuelto por los mismos, lo cual en esta \u00a0 \u00a0 \u00a0 \u00a0 \u00a0 \u00a0 \u00a0 \u00a0 \u00a0sede constitucional no tiene posibilidades de prosperar, pues lejos \u00a0 \u00a0 \u00a0 \u00a0 \u00a0 \u00a0 \u00a0 \u00a0 \u00a0estar\u00eda de cumplirse con los requisitos \u00a0 \u00a0 \u00a0 \u00a0 \u00a0 \u00a0 \u00a0 \u00a0 \u00a0de habilitaci\u00f3n la demanda de tutela. \u00a0 \u00a0<\/p>\n<p>Acorde \u00a0con lo anterior, al no observarse ninguna v\u00eda de hecho en las \u00a0decisiones cuestionadas, ni la trasgresi\u00f3n de derecho \u00a0fundamental alguno, la demanda de amparo no tiene vocaci\u00f3n de \u00a0prosperidad, razones por las que se confirmar\u00e1 la sentencia \u00a0objeto de impugnaci\u00f3n pero por las consideraciones aqu\u00ed \u00a0anotadas. \u00a0<\/p>\n<p>Por \u00a0lo expuesto, la \u00a0CORTE SUPREMA DE JUSTICIA, SALA DE CASACI\u00d3N PENAL \u2013 SALA \u00a0DE DECISI\u00d3N DE ACCIONES DE TUTELA N\u00ba 1, \u00a0administrando \u00a0justicia en nombre de la Rep\u00fablica y por autoridad de la Ley, \u00a0<\/p>\n<p>RESUELVE \u00a0<\/p>\n<p>1\u00ba \u00a0CONFIRMAR \u00a0la sentencia proferida el \u00a011 de \u00a0septiembre de 2019 \u00a0por la Sala Laboral de la Corte Suprema de Justicia, \u00a0por las razones \u00a0expuestas en la parte considerativa de esta providencia. \u00a0<\/p>\n<p>2\u00ba \u00a0NOTIFICAR \u00a0esta providencia de conformidad con lo dispuesto en el art\u00edculo \u00a030 del Decreto 2591 de 1991. \u00a0<\/p>\n<p>3\u00ba \u00a0REMITIR el proceso a \u00a0la Corte Constitucional para su eventual revisi\u00f3n, de \u00a0conformidad con lo previsto en el art\u00edculo 32 ib\u00eddem. \u00a0<\/p>\n<p>NOTIF\u00cdQUESE \u00a0Y C\u00daMPLASE \u00a0<\/p>\n<p>JOS\u00c9 \u00a0FRANCISCO ACU\u00d1A VIZCAYA \u00a0<\/p>\n<p>EUGENIO \u00a0FERN\u00c1NDEZ CARLIER \u00a0<\/p>\n<p>NUBIA YOLANDA \u00a0NOVA GARC\u00cdA \u00a0<\/p>\n<p>Secretaria \u00a0<\/p>\n<p>1 \u00a0 \u00a0 \u00a0 \u00a0 \u00a0Folios \u00a0 \u00a0 \u00a0 \u00a0 \u00a030 y 31, cuaderno No. 2 de primera instancia. \u00a0<\/p>\n<p>2 \u00a0 \u00a0 \u00a0 \u00a0 \u00a0Cfr. Corte \u00a0 \u00a0 \u00a0 \u00a0 \u00a0Constitucional. Sentencias C-590 de 2005 y T-332 de 2006. \u00a0<\/p>\n<p>3 \u00a0 \u00a0 \u00a0 \u00a0 \u00a0\u00cddem. Sentencia T-522 de 2001. \u00a0<\/p>\n<p>4 \u00a0 \u00a0 \u00a0 \u00a0 \u00a0\u00ab Cfr. Sentencias T-462 de 2003 ; SU-1184 de 2001 ; T-1625 de \u00a0 \u00a0 \u00a0 \u00a0 \u00a02000 y T-1031 de 2001. \u00bb \u00a0<\/p>\n<p>5 \u00a0 \u00a0 \u00a0 \u00a0 \u00a0Folio \u00a0 \u00a0 \u00a0 \u00a0 \u00a01, cuaderno No. 2 de primera instancia. \u00a0<\/p>\n<p>\u00a0 \u00a0 \u00a0\u00a0<\/p>\n<p><\/p>\n","protected":false},"excerpt":{"rendered":"<p>\u00a0 \u00a0 \u00a0 \u00a0\u00a0 JOS\u00c9 \u00a0FRANCISCO ACU\u00d1A VIZCAYA \u00a0 Magistrado \u00a0Ponente \u00a0 STP16767 \u00a0&#8211; 2019 \u00a0 Radicaci\u00f3n \u00a0No. 107928 \u00a0 (Aprobado \u00a0Acta No. 321) \u00a0 Bogot\u00e1 \u00a0D.C., tres (03) de diciembre de dos mil diecinueve (2019) \u00a0 Decide \u00a0la Sala el recurso de impugnaci\u00f3n interpuesto por Anc\u00edzar \u00a0Torres Ram\u00edrez contra \u00a0el fallo de tutela proferido [&hellip;]<\/p>\n","protected":false},"author":1,"featured_media":0,"comment_status":"open","ping_status":"open","sticky":false,"template":"","format":"standard","meta":{"footnotes":""},"categories":[28],"tags":[],"class_list":["post-46866","post","type-post","status-publish","format-standard","hentry","category-28"],"_links":{"self":[{"href":"https:\/\/dmsjuridica.com\/buscador_20179478954\/salapenalcronologico20230723\/wp-json\/wp\/v2\/posts\/46866","targetHints":{"allow":["GET"]}}],"collection":[{"href":"https:\/\/dmsjuridica.com\/buscador_20179478954\/salapenalcronologico20230723\/wp-json\/wp\/v2\/posts"}],"about":[{"href":"https:\/\/dmsjuridica.com\/buscador_20179478954\/salapenalcronologico20230723\/wp-json\/wp\/v2\/types\/post"}],"author":[{"embeddable":true,"href":"https:\/\/dmsjuridica.com\/buscador_20179478954\/salapenalcronologico20230723\/wp-json\/wp\/v2\/users\/1"}],"replies":[{"embeddable":true,"href":"https:\/\/dmsjuridica.com\/buscador_20179478954\/salapenalcronologico20230723\/wp-json\/wp\/v2\/comments?post=46866"}],"version-history":[{"count":0,"href":"https:\/\/dmsjuridica.com\/buscador_20179478954\/salapenalcronologico20230723\/wp-json\/wp\/v2\/posts\/46866\/revisions"}],"wp:attachment":[{"href":"https:\/\/dmsjuridica.com\/buscador_20179478954\/salapenalcronologico20230723\/wp-json\/wp\/v2\/media?parent=46866"}],"wp:term":[{"taxonomy":"category","embeddable":true,"href":"https:\/\/dmsjuridica.com\/buscador_20179478954\/salapenalcronologico20230723\/wp-json\/wp\/v2\/categories?post=46866"},{"taxonomy":"post_tag","embeddable":true,"href":"https:\/\/dmsjuridica.com\/buscador_20179478954\/salapenalcronologico20230723\/wp-json\/wp\/v2\/tags?post=46866"}],"curies":[{"name":"wp","href":"https:\/\/api.w.org\/{rel}","templated":true}]}}