{"id":46757,"date":"2023-09-14T22:01:42","date_gmt":"2023-09-14T22:01:42","guid":{"rendered":"https:\/\/dmsjuridica.com\/buscador_20179478954\/salapenalcronologico20230723\/2023\/09\/14\/stp16422-2019\/"},"modified":"2023-09-14T22:01:42","modified_gmt":"2023-09-14T22:01:42","slug":"stp16422-2019","status":"publish","type":"post","link":"https:\/\/dmsjuridica.com\/buscador_20179478954\/salapenalcronologico20230723\/2023\/09\/14\/stp16422-2019\/","title":{"rendered":"STP16422-2019"},"content":{"rendered":"\n<p>\u00a0 \u00a0 \u00a0 \u00a0\u00a0<\/p>\n<p>JOS\u00c9 \u00a0FRANCISCO ACU\u00d1A VIZCAYA \u00a0<\/p>\n<p>Magistrado \u00a0Ponente \u00a0<\/p>\n<p>STP16422-2019 \u00a0<\/p>\n<p>Radicaci\u00f3n \u00a0n.\u00b0 108083 \u00a0<\/p>\n<p>(Aprobaci\u00f3n Acta No. 321) \u00a0<\/p>\n<p>Bogot\u00e1 \u00a0D.C., tres (03) de diciembre de dos mil diecinueve (2019) \u00a0<\/p>\n<p>VISTOS \u00a0<\/p>\n<p>Resuelve la Sala \u00a0de Casaci\u00f3n Penal de la Corte Suprema de Justicia, Sala de \u00a0Decisi\u00f3n de Tutelas, la acci\u00f3n interpuesta por Miguel \u00a0\u00c1ngel Torres Williams, mediante apoderado judicial, contra la \u00a0Sala Penal del Tribunal Superior del Distrito Judicial del \u00a0archipi\u00e9lago de San Andr\u00e9s, Providencia y Santa \u00a0Catalina, con ocasi\u00f3n de las decisiones emitidas en segunda \u00a0instancia dentro del proceso penal 880016109528201480470 (en \u00a0adelante: proceso penal 2014-80470). \u00a0<\/p>\n<p>Fueron vinculados como terceros con \u00a0inter\u00e9s leg\u00edtimo en el presente asunto las dem\u00e1s \u00a0autoridades, partes e intervinientes en el referido expediente. \u00a0<\/p>\n<p>ANTECEDENTES \u00a0<\/p>\n<p>Y \u00a0<\/p>\n<p>FUNDAMENTOS \u00a0DE LA ACCI\u00d3N \u00a0<\/p>\n<p>El ciudadano Miguel \u00c1ngel \u00a0Torres Williams, mediante apoderado judicial, \u00a0solicita el amparo de sus derechos fundamentales al debido proceso, \u00a0al acceso a la administraci\u00f3n de justicia, a la libertad y a \u00a0la igualdad, los cuales considera le est\u00e1n siendo vulnerados \u00a0en el marco del proceso penal 2014-80470. \u00a0<\/p>\n<p>En s\u00edntesis, el accionante \u00a0censura que el 4 de abril de 2019, la Sala Penal del Tribunal \u00a0Superior del Distrito Judicial del archipi\u00e9lago de San Andr\u00e9s, \u00a0Providencia y Santa Catalina instal\u00f3 la audiencia mediante la \u00a0cual dio lectura a la sentencia que revoc\u00f3 la sentencia \u00a0absolutoria que el Juzgado Primero Penal del Circuito de San Andr\u00e9s \u00a0hab\u00eda proferido a su favor, sin notificarlo debidamente y ni \u00a0garantizar la comparecencia de su defensor. \u00a0<\/p>\n<p>Al respecto destaca que la autoridad \u00a0accionada no lo notific\u00f3 a pesar de encontrarse privado de la \u00a0libertad y que libr\u00f3 las citaciones a un profesional del \u00a0derecho que ya no era su defensor. \u00a0<\/p>\n<p>Critica que la celebraci\u00f3n de \u00a0la audiencia sin su presencia o la de su abogado conculc\u00f3 los \u00a0derechos que ahora reclama, pues le impidi\u00f3 interponer el \u00a0recurso extraordinario de casaci\u00f3n. \u00a0<\/p>\n<p>En consecuencia, dado que se violaron \u00a0sus garant\u00edas fundamentales, el accionante solicita que se \u00a0decrete la nulidad de la sentencia proferida en segunda instancia el \u00a04 de abril y del auto emitido el pasado 6 de noviembre por la \u00a0autoridad accionada. \u00a0<\/p>\n<p>Como pruebas aport\u00f3 copia de \u00a0varias piezas procesales, entre las que se destacan las siguientes: \u00a0<\/p>\n<p>\u00a0 \u00a0\u00a0 \u00a0 \u00a0 \u00a0 \u00a0<\/p>\n<p>* Auto de 18 de septiembre de 2019, mediante el \u00a0 \u00a0 \u00a0 \u00a0 \u00a0cual la Sala Penal del Tribunal Superior del Distrito Judicial del \u00a0 \u00a0 \u00a0 \u00a0 \u00a0archipi\u00e9lago de San Andr\u00e9s, Providencia y Santa \u00a0 \u00a0 \u00a0 \u00a0 \u00a0Catalina resolvi\u00f3 no acceder a la solicitud de nulidad \u00a0 \u00a0 \u00a0 \u00a0 \u00a0elevada por el apoderado del accionante.<\/p>\n<p>* Auto de 10 de octubre de 2019, mediante el cual \u00a0 \u00a0 \u00a0 \u00a0 \u00a0la Sala Penal del Tribunal Superior del Distrito Judicial del \u00a0 \u00a0 \u00a0 \u00a0 \u00a0archipi\u00e9lago de San Andr\u00e9s, Providencia y Santa \u00a0 \u00a0 \u00a0 \u00a0 \u00a0Catalina repone la anterior providencia y, en su lugar, decreta la \u00a0 \u00a0 \u00a0 \u00a0 \u00a0nulidad de la sentencia de segunda instancia emitida el 4 de abril \u00a0 \u00a0 \u00a0 \u00a0 \u00a0de 2019.<\/p>\n<p>* Auto de 6 de noviembre de 2019, mediante el cual \u00a0 \u00a0 \u00a0 \u00a0 \u00a0la Sala Penal del Tribunal Superior del Distrito Judicial del \u00a0 \u00a0 \u00a0 \u00a0 \u00a0archipi\u00e9lago de San Andr\u00e9s, Providencia y Santa \u00a0 \u00a0 \u00a0 \u00a0 \u00a0Catalina, de oficio, declara la ilegalidad a partir del auto de 18 \u00a0 \u00a0 \u00a0 \u00a0 \u00a0de septiembre inclusive y dispone la remisi\u00f3n de lo actuado a \u00a0 \u00a0 \u00a0 \u00a0 \u00a0esta Corporaci\u00f3n, sin emitir pronunciamiento alguno respecto \u00a0 \u00a0 \u00a0 \u00a0 \u00a0de los recursos de reposici\u00f3n y en subsidio de apelaci\u00f3n \u00a0 \u00a0 \u00a0 \u00a0 \u00a0interpuestos por el apoderado de las v\u00edctimas contra el auto \u00a0 \u00a0 \u00a0 \u00a0 \u00a0de 10 de octubre de hoga\u00f1o, ni frente a lo solicitado por el \u00a0 \u00a0 \u00a0 \u00a0 \u00a0defensor de Yesith Sep\u00falveda Bula, al mantenerse en firme la \u00a0 \u00a0 \u00a0 \u00a0 \u00a0sentencia emitida en segunda instancia el 4 de abril de 2019. \u00a0<\/p>\n<p>RESPUESTAS DE LAS AUTORIDADES \u00a0ACCIONADAS Y VINCULADAS \u00a0<\/p>\n<p>Dentro del t\u00e9rmino \u00a0concedido, se recibieron las siguientes respuestas: \u00a0<\/p>\n<p>\u00a0 \u00a0\u00a0 \u00a0 \u00a0 \u00a0 \u00a0<\/p>\n<p>1. El Magistrado ponente de la Sala Penal del \u00a0 \u00a0 \u00a0 \u00a0 \u00a0Tribunal Superior del Distrito Judicial del archipi\u00e9lago de \u00a0 \u00a0 \u00a0 \u00a0 \u00a0San Andr\u00e9s, Providencia y Santa Catalina inform\u00f3 el \u00a0 \u00a0 \u00a0 \u00a0 \u00a0tr\u00e1mite dado al proceso penal 2014-80470. \u00a0<\/p>\n<p>Destac\u00f3 que contrario a lo \u00a0alegado, el abogado que fung\u00eda como defensor del accionante s\u00ed \u00a0fue en debida forma notificado, adem\u00e1s que no se ten\u00eda \u00a0conocimiento que el procesado se encontraba privado de la libertad. \u00a0<\/p>\n<p>Solicit\u00f3 denegar el amparo \u00a0invocado porque el auto proferido el pasado 6 de noviembre, mediante \u00a0el cual se dispuso remitir el asunto a esta Corporaci\u00f3n, tiene \u00a0como fundamento que el Juez no tiene facultad para anular su propia \u00a0sentencia, tal y como fue decantado en la decisi\u00f3n AP4864-2016 \u00a0proferida el 27 de julio de 2016 dentro del radicado 42720. \u00a0<\/p>\n<p>En ese sentido destac\u00f3 que las \u00a0diligencias se encuentran en esta Entidad para pronunciarse respecto \u00a0al recurso extraordinario de casaci\u00f3n interpuesto por Yesith \u00a0Sep\u00falveda Bula y frente a la solicitud de nulidad presentada \u00a0por el defensor del ahora accionante. \u00a0<\/p>\n<p>Como pruebas, aport\u00f3 copia de \u00a0las decisiones proferidas en el proceso penal 2014-80470. \u00a0<\/p>\n<p>\u00a0 \u00a0\u00a0 \u00a0 \u00a0 \u00a0 \u00a0<\/p>\n<p>2. La Fiscal\u00eda 50 delegada ante los Jueces \u00a0 \u00a0 \u00a0 \u00a0 \u00a0Penales del Circuito de San Andr\u00e9s solicit\u00f3 declarar \u00a0 \u00a0 \u00a0 \u00a0 \u00a0improcedente el amparo invocado porque comparte la determinaci\u00f3n \u00a0 \u00a0 \u00a0 \u00a0 \u00a0adoptada por la autoridad accionada el pasado 6 de noviembre y el \u00a0 \u00a0 \u00a0 \u00a0 \u00a0accionante cuenta con otros mecanismos de defensa. \u00a0<\/p>\n<p>\u00a0 \u00a0\u00a0 \u00a0 \u00a0 \u00a0 \u00a0<\/p>\n<p>3. El apoderado de las v\u00edctimas se opuso a \u00a0 \u00a0 \u00a0 \u00a0 \u00a0las pretensiones del accionante porque considera que las decisiones \u00a0 \u00a0 \u00a0 \u00a0 \u00a0censuradas fueron proferidas en ejercicio de la actividad judicial, \u00a0 \u00a0 \u00a0 \u00a0 \u00a0la cual est\u00e1 amparada por los principios de autonom\u00eda \u00a0 \u00a0 \u00a0 \u00a0 \u00a0e independencia, adem\u00e1s que, en atenci\u00f3n a que el \u00a0 \u00a0 \u00a0 \u00a0 \u00a0accionante fue absuelto en primera instancia y por ende se \u00a0 \u00a0 \u00a0 \u00a0 \u00a0encontraba en libertad, no se hac\u00eda necesaria ni obligatoria \u00a0 \u00a0 \u00a0 \u00a0 \u00a0su presencia para la validez de la lectura del fallo de segunda \u00a0 \u00a0 \u00a0 \u00a0 \u00a0instancia. \u00a0<\/p>\n<p>CONSIDERACIONES DE LA SALA \u00a0<\/p>\n<p>De conformidad con \u00a0lo previsto en el art\u00edculo 37 del Decreto 2591 de 1991 y el \u00a0numeral 5 del art\u00edculo 2.2.3.1.2.1 del Decreto 1069 de 2015, \u00a0modificado por el art\u00edculo 1 del Decreto 1983 de 2017, esta \u00a0Sala es competente para resolver la acci\u00f3n de tutela \u00a0interpuesta por Miguel \u00c1ngel Torres \u00a0Williams, mediante apoderado judicial, \u00a0contra la Sala Penal del Tribunal Superior del Distrito \u00a0Judicial del archipi\u00e9lago de San Andr\u00e9s, Providencia y \u00a0Santa Catalina. \u00a0<\/p>\n<p>Sobre el \u00a0particular, el problema jur\u00eddico que convoca a la Sala \u00a0consiste en determinar si contra las decisiones emitidas \u00a0dentro del proceso penal 2014-80470 se cumplen los requisitos de \u00a0procedibilidad de la acci\u00f3n de tutela contra decisiones \u00a0judiciales y, en consecuencia, debe concederse \u00a0el amparo invocado. \u00a0<\/p>\n<p>Requisitos de procedibilidad de la acci\u00f3n \u00a0de tutela contra decisiones judiciales. \u00a0<\/p>\n<p>Como ha sido recurrentemente \u00a0recordado por esta Sala, la acci\u00f3n constitucional de tutela es \u00a0un mecanismo de protecci\u00f3n excepcional frente a providencias \u00a0judiciales, su prosperidad va ligada al cumplimiento de estrictos \u00a0requisitos de procedibilidad que implican una carga para la \u00a0parte accionante, tanto en su planteamiento como en su demostraci\u00f3n, \u00a0como lo ha expuesto la propia Corte Constitucional. \u00a0<\/p>\n<p>Por este motivo, y como ha sido \u00a0desarrollado por la Doctrina constitucional, la acci\u00f3n de \u00a0tutela contra providencias judiciales exige: \u00a0<\/p>\n<p>\u00a0 \u00a0\u00a0 \u00a0 \u00a0 \u00a0 \u00a0 \u00a0 \u00a0 \u00a0 \u00a0 \u00a0 \u00a0 \u00a0 \u00a0 \u00a0<\/p>\n<p>a. Que la cuesti\u00f3n que se discuta resulte \u00a0 \u00a0 \u00a0 \u00a0 \u00a0 \u00a0 \u00a0 \u00a0 \u00a0de evidente relevancia constitucional. \u00a0 \u00a0<\/p>\n<p>\u00a0 \u00a0\u00a0 \u00a0 \u00a0 \u00a0 \u00a0 \u00a0 \u00a0 \u00a0 \u00a0 \u00a0 \u00a0 \u00a0 \u00a0 \u00a0<\/p>\n<p>b. Que hayan sido agotados todos los medios \u00a0 \u00a0 \u00a0 \u00a0 \u00a0 \u00a0 \u00a0 \u00a0 \u00a0-ordinarios y extraordinarios- de defensa judicial al alcance de la \u00a0 \u00a0 \u00a0 \u00a0 \u00a0 \u00a0 \u00a0 \u00a0 \u00a0persona afectada, salvo que se trate de evitar la consumaci\u00f3n \u00a0 \u00a0 \u00a0 \u00a0 \u00a0 \u00a0 \u00a0 \u00a0 \u00a0de un perjuicio iusfundamental irremediable. \u00a0 \u00a0<\/p>\n<p>\u00a0 \u00a0\u00a0 \u00a0 \u00a0 \u00a0 \u00a0 \u00a0 \u00a0 \u00a0 \u00a0 \u00a0 \u00a0 \u00a0 \u00a0 \u00a0<\/p>\n<p>c. Que se cumpla el requisito de la inmediatez, es \u00a0 \u00a0 \u00a0 \u00a0 \u00a0 \u00a0 \u00a0 \u00a0 \u00a0decir, que la tutela se hubiere interpuesto en un t\u00e9rmino \u00a0 \u00a0 \u00a0 \u00a0 \u00a0 \u00a0 \u00a0 \u00a0 \u00a0razonable y proporcionado a partir del hecho que origin\u00f3 la \u00a0 \u00a0 \u00a0 \u00a0 \u00a0 \u00a0 \u00a0 \u00a0 \u00a0vulneraci\u00f3n. \u00a0 \u00a0<\/p>\n<p>\u00a0 \u00a0\u00a0 \u00a0 \u00a0 \u00a0 \u00a0 \u00a0 \u00a0 \u00a0 \u00a0 \u00a0 \u00a0 \u00a0 \u00a0 \u00a0<\/p>\n<p>d. Cuando se trate de una irregularidad procesal, \u00a0 \u00a0 \u00a0 \u00a0 \u00a0 \u00a0 \u00a0 \u00a0 \u00a0debe quedar claro que la misma tiene un efecto decisivo o \u00a0 \u00a0 \u00a0 \u00a0 \u00a0 \u00a0 \u00a0 \u00a0 \u00a0determinante en la sentencia que se impugna y que ata\u00f1e a \u00a0 \u00a0 \u00a0 \u00a0 \u00a0 \u00a0 \u00a0 \u00a0 \u00a0los derechos fundamentales de la parte accionante. \u00a0 \u00a0<\/p>\n<p>\u00a0 \u00a0\u00a0 \u00a0 \u00a0 \u00a0 \u00a0 \u00a0 \u00a0 \u00a0 \u00a0 \u00a0 \u00a0 \u00a0 \u00a0 \u00a0<\/p>\n<p>e. Que la parte accionante identifique de manera \u00a0 \u00a0 \u00a0 \u00a0 \u00a0 \u00a0 \u00a0 \u00a0 \u00a0razonable tanto los hechos que generaron la vulneraci\u00f3n como \u00a0 \u00a0 \u00a0 \u00a0 \u00a0 \u00a0 \u00a0 \u00a0 \u00a0los derechos vulnerados y que hubiere alegado tal vulneraci\u00f3n \u00a0 \u00a0 \u00a0 \u00a0 \u00a0 \u00a0 \u00a0 \u00a0 \u00a0en el proceso judicial, siempre que esto hubiere sido posible. \u00a0 \u00a0<\/p>\n<p>\u00a0 \u00a0\u00a0 \u00a0 \u00a0 \u00a0 \u00a0 \u00a0 \u00a0 \u00a0 \u00a0 \u00a0 \u00a0 \u00a0 \u00a0 \u00a0<\/p>\n<p>f. Que la decisi\u00f3n judicial contra la cual \u00a0 \u00a0 \u00a0 \u00a0 \u00a0 \u00a0 \u00a0 \u00a0 \u00a0se formula la acci\u00f3n de tutela no se corresponda con \u00a0 \u00a0 \u00a0 \u00a0 \u00a0 \u00a0 \u00a0 \u00a0 \u00a0sentencias de tutela. \u00a0 \u00a0<\/p>\n<p>Los anteriores requisitos, no pueden \u00a0quedarse en meros enunciados, pues han sido reiterados por la Corte \u00a0Constitucional, primero en la sentencia C-590 de 2005, luego en las \u00a0decisiones T-332, T-212 y T-780 de 2006, reforzando lo dicho en la \u00a0primera de las mencionadas providencias, en el sentido que, cuando se \u00a0trata de acciones de tutela contra providencias judiciales, las \u00a0mismas solo pueden tener cabida \u00ab\u2026si \u00a0se cumplen ciertos y rigurosos requisitos de procedibilidad. Dentro \u00a0de estos pueden distinguirse unos de car\u00e1cter general, que \u00a0habilitan la interposici\u00f3n de la tutela, y otros de car\u00e1cter \u00a0espec\u00edfico, que tocan con la procedencia misma del amparo, una \u00a0vez interpuesta\u00bb. \u00a0<\/p>\n<p>En punto de las \u00a0exigencias espec\u00edficas, como fue recogido en la sentencia \u00a0C-590 de 2005, han sido establecidas las que a \u00a0continuaci\u00f3n se relacionan: \u00a0<\/p>\n<p>a. \u00a0 \u00a0 \u00a0 \u00a0Defecto \u00a0org\u00e1nico, que se presenta cuando el funcionario judicial que \u00a0profiri\u00f3 la providencia impugnada carece absolutamente de \u00a0competencia para ello. \u00a0 \u00a0 \u00a0 \u00a0 \u00a0 \u00a0<\/p>\n<p>b. Defecto \u00a0 \u00a0 \u00a0 \u00a0 \u00a0procedimental absoluto, que se origina cuando el \u00a0 \u00a0 \u00a0 \u00a0 \u00a0juez actu\u00f3 completamente al margen del procedimiento \u00a0 \u00a0 \u00a0 \u00a0 \u00a0establecido.<\/p>\n<p>c. Defecto \u00a0 \u00a0 \u00a0 \u00a0 \u00a0f\u00e1ctico, el cual surge cuando el juez carece del apoyo \u00a0 \u00a0 \u00a0 \u00a0 \u00a0probatorio que permita la aplicaci\u00f3n del supuesto legal en el \u00a0 \u00a0 \u00a0 \u00a0 \u00a0que se sustenta la decisi\u00f3n.<\/p>\n<p>d. Defecto \u00a0 \u00a0 \u00a0 \u00a0 \u00a0material o sustantivo, como son los casos en que se decide con base \u00a0 \u00a0 \u00a0 \u00a0 \u00a0en normas inexistentes o inconstitucionales1 \u00a0 \u00a0 \u00a0 \u00a0 \u00a0o que presentan una evidente y grosera contradicci\u00f3n entre \u00a0 \u00a0 \u00a0 \u00a0 \u00a0los fundamentos y la decisi\u00f3n;<\/p>\n<p>e. Error \u00a0 \u00a0 \u00a0 \u00a0 \u00a0inducido, el cual surge cuando el juez o tribunal fue v\u00edctima \u00a0 \u00a0 \u00a0 \u00a0 \u00a0de un enga\u00f1o por parte de terceros y ese enga\u00f1o lo \u00a0 \u00a0 \u00a0 \u00a0 \u00a0condujo a la toma de una decisi\u00f3n que afecta derechos \u00a0 \u00a0 \u00a0 \u00a0 \u00a0fundamentales.<\/p>\n<p>f. Decisi\u00f3n \u00a0 \u00a0 \u00a0 \u00a0 \u00a0sin motivaci\u00f3n, que implica el incumplimiento \u00a0 \u00a0 \u00a0 \u00a0 \u00a0de los funcionarios judiciales de explicitar los fundamentos \u00a0 \u00a0 \u00a0 \u00a0 \u00a0f\u00e1cticos y jur\u00eddicos de sus decisiones, en el \u00a0 \u00a0 \u00a0 \u00a0 \u00a0entendido que precisamente en esa motivaci\u00f3n reposa la \u00a0 \u00a0 \u00a0 \u00a0 \u00a0legitimidad de su \u00f3rbita funcional.<\/p>\n<p>g. Desconocimiento \u00a0 \u00a0 \u00a0 \u00a0 \u00a0del precedente, hip\u00f3tesis que se presenta, por \u00a0 \u00a0 \u00a0 \u00a0 \u00a0ejemplo, cuando la Corte Constitucional establece el alcance de un \u00a0 \u00a0 \u00a0 \u00a0 \u00a0derecho fundamental y el juez ordinario aplica una ley limitando \u00a0 \u00a0 \u00a0 \u00a0 \u00a0sustancialmente dicho alcance. En estos casos la tutela procede como \u00a0 \u00a0 \u00a0 \u00a0 \u00a0mecanismo para garantizar la eficacia jur\u00eddica del contenido \u00a0 \u00a0 \u00a0 \u00a0 \u00a0constitucionalmente vinculante del derecho fundamental vulnerado \u00a0 \u00a0 \u00a0 \u00a0 \u00a0[2].<\/p>\n<p>h. Violaci\u00f3n \u00a0 \u00a0 \u00a0 \u00a0 \u00a0directa de la Constituci\u00f3n. \u00a0<\/p>\n<p>Queda entonces claro que en \u00a0atenci\u00f3n a la fuerza normativa de la cosa juzgada y al respeto \u00a0de la autonom\u00eda judicial, la acci\u00f3n consagrada en el \u00a0art\u00edculo 86 de la Constituci\u00f3n Nacional, cuando se \u00a0dirige a cuestionar una decisi\u00f3n judicial, tiene car\u00e1cter \u00a0excepcional, y su prosperidad est\u00e1 atada a que se cumplan los \u00a0requisitos de procedibilidad anteriormente enunciados. De manera que \u00a0quien acude a ella tiene la carga no s\u00f3lo respecto de su \u00a0planteamiento, sino de su demostraci\u00f3n. \u00a0<\/p>\n<p>An\u00e1lisis del caso concreto. \u00a0<\/p>\n<p>Al respecto, la \u00a0Sala constata que no se cumple con el requisito general de \u00abQue \u00a0hayan sido agotados todos los medios -ordinarios y extraordinarios- \u00a0de defensa judicial al alcance de la persona afectada, salvo que se \u00a0trate de evitar la consumaci\u00f3n de un perjuicio iusfundamental \u00a0irremediable\u00bb, comoquiera que el \u00a0proceso penal adelantado contra el accionante no ha concluido.3 \u00a0<\/p>\n<p>Es as\u00ed como al consultar el \u00a0estado del proceso penal 2014-80470 en el sistema obrante en la \u00a0p\u00e1gina web de la Rama Judicial se evidencia que el pasado 22 \u00a0de julio, el expediente fue recibido en esta Corporaci\u00f3n para \u00a0definir la admisibilidad del recurso extraordinario de casaci\u00f3n \u00a0presentado por el coprocesado Yesith Andr\u00e9s Sep\u00falveda \u00a0Bula. \u00a0<\/p>\n<p>Aunque el 16 de octubre, por \u00a0solicitud de la Sala Penal del Tribunal Superior del Distrito \u00a0Judicial del archipi\u00e9lago de San Andr\u00e9s, Providencia y \u00a0Santa Catalina las diligencias regresaron a la autoridad que conoci\u00f3 \u00a0en segunda instancia, desde el pasado 19 de noviembre se recibieron \u00a0nuevamente en la Corte para continuar con el tr\u00e1mite del \u00a0referido recurso y para resolver la solicitud de nulidad formulada \u00a0por el defensor del ahora accionante. \u00a0<\/p>\n<p>La Sala ha precisado que la acci\u00f3n \u00a0de tutela no fue dise\u00f1ada con miras a reemplazar al juez \u00a0competente, de ah\u00ed que no sea de recibo cuando se advierte que \u00a0el accionante cuenta con otro medio judicial para invocar la \u00a0protecci\u00f3n de los derechos fundamentales que considera le han \u00a0sido vulnerados. \u00a0<\/p>\n<p>Tal exigencia, s\u00f3lo admite \u00a0excepci\u00f3n en el evento que se trate de evitar la consumaci\u00f3n \u00a0de un perjuicio irremediable, pues de no ser as\u00ed, esto es, de \u00a0asumirse la acci\u00f3n de tutela como un mecanismo de protecci\u00f3n \u00a0alternativo, se correr\u00eda el riesgo de dejar en el vac\u00edo \u00a0las competencias de las distintas autoridades judiciales y concentrar \u00a0en la jurisdicci\u00f3n constitucional todas las decisiones \u00a0inherentes a ellas, propiciando as\u00ed, un desborde institucional \u00a0en el cumplimiento de las funciones de esta \u00faltima. \u00a0<\/p>\n<p>La Sala declarar\u00e1 \u00a0la improcedencia de la solicitud que ahora le ocupa porque no cumple \u00a0con el requisito de subsidiariedad y se descarta la configuraci\u00f3n \u00a0de un perjuicio irremediable, pues el accionante no \u00a0acredit\u00f3 m\u00ednimamente la urgencia, la gravedad, \u00a0la inminencia y la impostergabilidad del amparo. \u00a0<\/p>\n<p>Por lo expuesto, \u00a0la CORTE \u00a0SUPREMA DE JUSTICIA, SALA DE CASACI\u00d3N PENAL \u2013 EN SALA DE \u00a0DECISI\u00d3N DE ACCIONES DE TUTELA N\u00b0 1, administrando \u00a0justicia, en nombre de la Rep\u00fablica y por autoridad de la Ley, \u00a0<\/p>\n<p>RESUELVE \u00a0<\/p>\n<p>\u00a0 \u00a0\u00a0 \u00a0 \u00a0 \u00a0 \u00a0<\/p>\n<p>1. DECLARAR IMPROCEDENTE el \u00a0 \u00a0 \u00a0 \u00a0 \u00a0amparo solicitado por Miguel \u00c1ngel \u00a0 \u00a0 \u00a0 \u00a0 \u00a0Torres Williams, mediante apoderado \u00a0 \u00a0 \u00a0 \u00a0 \u00a0judicial, contra la Sala Penal del Tribunal Superior del \u00a0 \u00a0 \u00a0 \u00a0 \u00a0Distrito Judicial del archipi\u00e9lago de San Andr\u00e9s, \u00a0 \u00a0 \u00a0 \u00a0 \u00a0Providencia y Santa Catalina, por las razones anotadas en \u00a0 \u00a0 \u00a0 \u00a0 \u00a0precedencia. \u00a0<\/p>\n<p>\u00a0 \u00a0\u00a0 \u00a0 \u00a0 \u00a0 \u00a0<\/p>\n<p>2. NOTIFICAR \u00a0 \u00a0 \u00a0 \u00a0 \u00a0a los sujetos procesales por el medio \u00a0 \u00a0 \u00a0 \u00a0 \u00a0m\u00e1s expedito el presente fallo, inform\u00e1ndoles que \u00a0 \u00a0 \u00a0 \u00a0 \u00a0puede ser impugnado dentro de los tres d\u00edas siguientes, \u00a0 \u00a0 \u00a0 \u00a0 \u00a0contados a partir de su notificaci\u00f3n. \u00a0<\/p>\n<p>\u00a0 \u00a0\u00a0 \u00a0 \u00a0 \u00a0 \u00a0<\/p>\n<p>3. Si no fuere impugnado, \u00a0 \u00a0 \u00a0 \u00a0 \u00a0env\u00edese la actuaci\u00f3n a la Corte Constitucional para su \u00a0 \u00a0 \u00a0 \u00a0 \u00a0eventual revisi\u00f3n, dentro del t\u00e9rmino indicado en el \u00a0 \u00a0 \u00a0 \u00a0 \u00a0art\u00edculo 31 del Decreto 2591 de 1991. \u00a0<\/p>\n<p>NOTIF\u00cdQUESE Y C\u00daMPLASE \u00a0<\/p>\n<p>JOS\u00c9 \u00a0FRANCISCO ACU\u00d1A VIZCAYA \u00a0<\/p>\n<p>EUGENIO \u00a0FERN\u00c1NDEZ CARLIER \u00a0<\/p>\n<p>NUBIA YOLANDA NOVA GARC\u00cdA \u00a0<\/p>\n<p>Secretaria \u00a0<\/p>\n<p>1 \u00a0 \u00a0 \u00a0 \u00a0 \u00a0CC T-522 de 2001. \u00a0<\/p>\n<p>2 \u00a0 \u00a0 \u00a0 \u00a0 \u00a0\u00abCfr. \u00a0 \u00a0 \u00a0 \u00a0 \u00a0Sentencias T-462 de \u00a0 \u00a0 \u00a0 \u00a0 \u00a02003 ; SU-1184 de 2001 ; T-1625 de 2000 y T-1031 de 2001.\u00bb \u00a0<\/p>\n<p>3 \u00a0 \u00a0 \u00a0 \u00a0 \u00a0Cfr. CSJ SCP \u00a0 \u00a0 \u00a0 \u00a0 \u00a0STP18345-2017, 31 oct 2017, Rad. 94871; STP21888-2017, 12 Dic 2017, \u00a0 \u00a0 \u00a0 \u00a0 \u00a0Rad. 95867; STP3931-2018, 13 mar 2018, rad. 97363; STP7012-2018, 29 \u00a0 \u00a0 \u00a0 \u00a0 \u00a0may 2081, Rad. 98628; STP8963-2018, 03 jul 2018, Rad. 99027; \u00a0 \u00a0 \u00a0 \u00a0 \u00a0STP361-2019, 22 ene 2019, Rad. 101988; STP4631-2019, 09 abr 2019, \u00a0 \u00a0 \u00a0 \u00a0 \u00a0Rad. 103803; STP13613-2019, 24 sep 2019, Rad. 106715; \u00a0 \u00a0 \u00a0 \u00a0 \u00a0STP15655-2019, 15 nov 2019, Rad. 107486; entre \u00a0 \u00a0 \u00a0 \u00a0 \u00a0otras. \u00a0 \u00a0 \u00a0<\/p>\n<p><\/p>\n","protected":false},"excerpt":{"rendered":"<p>\u00a0 \u00a0 \u00a0 \u00a0\u00a0 JOS\u00c9 \u00a0FRANCISCO ACU\u00d1A VIZCAYA \u00a0 Magistrado \u00a0Ponente \u00a0 STP16422-2019 \u00a0 Radicaci\u00f3n \u00a0n.\u00b0 108083 \u00a0 (Aprobaci\u00f3n Acta No. 321) \u00a0 Bogot\u00e1 \u00a0D.C., tres (03) de diciembre de dos mil diecinueve (2019) \u00a0 VISTOS \u00a0 Resuelve la Sala \u00a0de Casaci\u00f3n Penal de la Corte Suprema de Justicia, Sala de \u00a0Decisi\u00f3n de Tutelas, la [&hellip;]<\/p>\n","protected":false},"author":1,"featured_media":0,"comment_status":"open","ping_status":"open","sticky":false,"template":"","format":"standard","meta":{"footnotes":""},"categories":[28],"tags":[],"class_list":["post-46757","post","type-post","status-publish","format-standard","hentry","category-28"],"_links":{"self":[{"href":"https:\/\/dmsjuridica.com\/buscador_20179478954\/salapenalcronologico20230723\/wp-json\/wp\/v2\/posts\/46757","targetHints":{"allow":["GET"]}}],"collection":[{"href":"https:\/\/dmsjuridica.com\/buscador_20179478954\/salapenalcronologico20230723\/wp-json\/wp\/v2\/posts"}],"about":[{"href":"https:\/\/dmsjuridica.com\/buscador_20179478954\/salapenalcronologico20230723\/wp-json\/wp\/v2\/types\/post"}],"author":[{"embeddable":true,"href":"https:\/\/dmsjuridica.com\/buscador_20179478954\/salapenalcronologico20230723\/wp-json\/wp\/v2\/users\/1"}],"replies":[{"embeddable":true,"href":"https:\/\/dmsjuridica.com\/buscador_20179478954\/salapenalcronologico20230723\/wp-json\/wp\/v2\/comments?post=46757"}],"version-history":[{"count":0,"href":"https:\/\/dmsjuridica.com\/buscador_20179478954\/salapenalcronologico20230723\/wp-json\/wp\/v2\/posts\/46757\/revisions"}],"wp:attachment":[{"href":"https:\/\/dmsjuridica.com\/buscador_20179478954\/salapenalcronologico20230723\/wp-json\/wp\/v2\/media?parent=46757"}],"wp:term":[{"taxonomy":"category","embeddable":true,"href":"https:\/\/dmsjuridica.com\/buscador_20179478954\/salapenalcronologico20230723\/wp-json\/wp\/v2\/categories?post=46757"},{"taxonomy":"post_tag","embeddable":true,"href":"https:\/\/dmsjuridica.com\/buscador_20179478954\/salapenalcronologico20230723\/wp-json\/wp\/v2\/tags?post=46757"}],"curies":[{"name":"wp","href":"https:\/\/api.w.org\/{rel}","templated":true}]}}