{"id":46716,"date":"2023-09-14T22:01:40","date_gmt":"2023-09-14T22:01:40","guid":{"rendered":"https:\/\/dmsjuridica.com\/buscador_20179478954\/salapenalcronologico20230723\/2023\/09\/14\/stp16302-2019\/"},"modified":"2023-09-14T22:01:40","modified_gmt":"2023-09-14T22:01:40","slug":"stp16302-2019","status":"publish","type":"post","link":"https:\/\/dmsjuridica.com\/buscador_20179478954\/salapenalcronologico20230723\/2023\/09\/14\/stp16302-2019\/","title":{"rendered":"STP16302-2019"},"content":{"rendered":"\n<p>\u00a0 \u00a0 \u00a0 \u00a0\u00a0<\/p>\n<p>JOS\u00c9 \u00a0FRANCISCO ACU\u00d1A VIZCAYA \u00a0<\/p>\n<p>Magistrado \u00a0Ponente \u00a0<\/p>\n<p>STP16302-2019 \u00a0<\/p>\n<p>Radicaci\u00f3n \u00a0n.\u00b0 107763 \u00a0<\/p>\n<p>Acta n.\u00b0 315 \u00a0<\/p>\n<p>Bogot\u00e1 \u00a0D.C., veintis\u00e9is (26) de noviembre de dos mil diecinueve \u00a0(2019) \u00a0<\/p>\n<p>Decide \u00a0la Sala el recurso de impugnaci\u00f3n interpuesto por Lucy \u00a0Stella Jaramillo Fern\u00e1ndez contra \u00a0el fallo de tutela proferido por la Sala de Casaci\u00f3n Laboral \u00a0de la Corte Suprema de Justicia el 4 de septiembre de 2019, \u00a0que \u00a0neg\u00f3 el amparo constitucional invocado contra la Sala \u00a0Laboral del Tribunal Superior del Distrito Judicial de Cali y el \u00a0Juzgado Trece Laboral del Circuito de la misma ciudad, \u00a0por la presunta vulneraci\u00f3n de los derechos fundamentales al \u00a0debido proceso, igualdad y m\u00ednimo vital. \u00a0<\/p>\n<p>A \u00a0la presente actuaci\u00f3n se vincul\u00f3 de oficio a las partes \u00a0e intervinientes en el proceso ordinario laboral con n\u00famero de \u00a0radicaci\u00f3n 76001310501320160023100. \u00a0<\/p>\n<p>ANTECEDENTES \u00a0<\/p>\n<p>Y \u00a0<\/p>\n<p>FUNDAMENTOS \u00a0DE LA ACCI\u00d3N \u00a0<\/p>\n<p>As\u00ed \u00a0fueron sintetizados en el fallo constitucional de primera instancia1: \u00a0<\/p>\n<p>[\u2026] \u00a0Refiri\u00f3, para respaldar su solicitud de amparo, que como \u00a0consecuencia del fallecimiento de su compa\u00f1ero permanente, \u00a0Jorge Guti\u00e9rrez, con quien convivi\u00f3 desde el a\u00f1o \u00a01982 hasta el d\u00eda de su fallecimiento, que ocurri\u00f3 el \u00a020 de junio de 2014, le solicit\u00f3 a la Administradora \u00a0Colombiana de Pensiones, Colpensiones, el reconocimiento y pago de la \u00a0sustituci\u00f3n pensional, el 1 de agosto de 2014. \u00a0<\/p>\n<p>Indic\u00f3 \u00a0que Colpensiones, mediante Resoluci\u00f3n GNR 341995 del 30 de \u00a0septiembre de 2014, decidi\u00f3 dejar en suspenso el \u00a0reconocimiento de la misma, en raz\u00f3n a que tambi\u00e9n se \u00a0hab\u00eda presentado a reclamarla la se\u00f1ora Alba Norela \u00a0Ospina Castro. \u00a0<\/p>\n<p>Expuso que, en \u00a0raz\u00f3n de lo anterior, inici\u00f3 una demanda ordinaria \u00a0laboral en contra de Colpensiones, con el fin de obtener el \u00a0reconocimiento del derecho pensional, correspondi\u00e9ndole su \u00a0conocimiento al Juzgado Trece Laboral del Circuito de Cali; que a \u00a0dicho litigio fue integrada la se\u00f1ora Alba Norela Ospina \u00a0Castro. \u00a0<\/p>\n<p>Sostuvo \u00a0que el juzgado de conocimiento, despu\u00e9s de haber surtido las \u00a0etapas procesales correspondientes, el 16 de mayo de 2018 profiri\u00f3 \u00a0sentencia desestimatoria de sus pretensiones y conden\u00f3 a la \u00a0entidad demandada al reconocimiento y pago de la sustituci\u00f3n \u00a0pensional, en un 100%, a la se\u00f1ora Alba Norela Ospina Castro. \u00a0<\/p>\n<p>A\u00f1adi\u00f3 \u00a0que la Sala Laboral del Tribunal Superior del Distrito Judicial de \u00a0Cali, al desatar el recurso de apelaci\u00f3n que interpuso contra \u00a0la anterior determinaci\u00f3n, la confirm\u00f3 mediante fallo \u00a0de 29 de octubre de 2018. \u00a0<\/p>\n<p>Cuestion\u00f3 \u00a0las decisiones de los jueces de instancia, en la medida en que, en su \u00a0criterio, cimentaron sus decisiones con las pruebas aportadas por \u00a0Ospina Castro, rest\u00e1ndole m\u00e9rito probatorio a los \u00a0medios de convicci\u00f3n por ella aportados, con los cuales, en su \u00a0consideraci\u00f3n, se hubiese podido acreditar su convivencia con \u00a0quien en vida fue su compa\u00f1ero permanente. \u00a0<\/p>\n<p>Cuestion\u00f3 \u00a0el hecho de que el ad quem, no hubiese decretado de oficio, las \u00a0pruebas por ella solicitadas, pasando por alto lo dispuesto en el \u00a0art\u00edculo 83 del C\u00f3digo Procesal del Trabajo y de la \u00a0Seguridad Social. \u00a0<\/p>\n<p>Afirm\u00f3 \u00a0que padec\u00eda una grave enfermedad, que requer\u00eda de unos \u00a0rigurosos y costosos tratamientos, que derivaban en unos gastos \u00a0amplios. \u00a0<\/p>\n<p>Pidi\u00f3, a \u00a0partir de los hechos relatados, que se protegieran sus prerrogativas \u00a0fundamentales, que se le diera el valor probatorio correspondiente a \u00a0las pruebas por ella aportadas, con el fin de demostrar el v\u00ednculo \u00a0que existi\u00f3 con su compa\u00f1ero permanente y, como \u00a0consecuencia de ello, se revocara o modificara las decisiones \u00a0proferidas por los jueces de instancia y, en su lugar, se condenara a \u00a0Colpensiones al reconocimiento y pago de sustituci\u00f3n pensional \u00a0en su favor. \u00a0<\/p>\n<p>De manera \u00a0subsidiaria, solicit\u00f3 que se le reconociera el 50% sobre el \u00a0derecho pensional que le fue otorgado a Alba Norela Ospina Castro\u2026 \u00a0<\/p>\n<p>EL \u00a0FALLO IMPUGNADO \u00a0 \u00a0<\/p>\n<p>La \u00a0Sala de Casaci\u00f3n Laboral de la Corte Suprema de Justicia, \u00a0mediante decisi\u00f3n adoptada el 4 de septiembre del a\u00f1o \u00a0en curso, neg\u00f3 el presente amparo constitucional. \u00a0<\/p>\n<p>Para \u00a0arribar a tal decisi\u00f3n, el juez colegiado constitucional de \u00a0primer grado se\u00f1al\u00f3 que esta s\u00faplica no \u00a0satisfizo los requisitos de inmediatez y subsidiariedad, por cuanto, \u00a0respecto del primero, la interposici\u00f3n de la acci\u00f3n \u00a0constitucional, 20 de agosto de 2019, se ejecut\u00f3 m\u00e1s de \u00a06 meses despu\u00e9s de haberse proferido el \u00faltimo de los \u00a0pronunciamientos dictados en sede de instancias dentro del proceso \u00a0ordinario laboral 76001310501320160023101, lo que descarta la \u00a0imposibilidad de un riesgo inminente; en lo atinente al segundo de \u00a0los par\u00e1metros, la parte interesada desisti\u00f3 del \u00a0recurso extraordinario de casaci\u00f3n, el cual era la v\u00eda \u00a0id\u00f3nea para que el juez natural de la controversia estudiara \u00a0los reparos o inconformidades que pregona. \u00a0<\/p>\n<p>LA IMPUGNACI\u00d3N \u00a0<\/p>\n<p>Inconforme \u00a0con la anterior determinaci\u00f3n, la parte actora la impugn\u00f3, \u00a0con la finalidad que sea revocada y, en su lugar, se acceda al amparo \u00a0de los derechos invocados. \u00a0<\/p>\n<p>Como \u00a0argumentos de la alzada, la parte recurrente se\u00f1al\u00f3 que \u00a0i) si bien la interposici\u00f3n de la s\u00faplica se llev\u00f3 \u00a0a cabo 6 meses despu\u00e9s de haberse proferido la sentencia de \u00a0segunda instancia, ello obedeci\u00f3 a su delicado estado de salud \u00a0que la imposibilit\u00f3 a acudir de manera inmediata, ii) la \u00a0acci\u00f3n de tutela es el medio id\u00f3neo para el resguardo \u00a0de sus prerrogativas, a raz\u00f3n que dada la gravedad de la \u00a0patolog\u00eda que padece no puede esperar al agotamiento de todos \u00a0los recursos, etapas y tr\u00e1mites que trae consigo los medios \u00a0ordinarios de defensa y, iii) se encuentra probado un menoscabo a su \u00a0m\u00ednimo vital, ya que no cuenta con los recursos econ\u00f3micos \u00a0para sufragar sus gastos de alimentaci\u00f3n y los que genera la \u00a0enfermedad cancer\u00edgena que presenta. \u00a0<\/p>\n<p>CONSIDERACIONES \u00a0DE LA SALA \u00a0<\/p>\n<p>\u00a0 \u00a0\u00a0 \u00a0 \u00a0 \u00a0 \u00a0<\/p>\n<p>1. De \u00a0 \u00a0 \u00a0 \u00a0 \u00a0conformidad con lo normado \u00a0 \u00a0 \u00a0 \u00a0 \u00a0en el art\u00edculo 32 del Decreto 2591 de 1991, art\u00edculo \u00a0 \u00a0 \u00a0 \u00a0 \u00a02\u00ba del Decreto 1983 de 2017 \u2013 modificatorio del art\u00edculo \u00a0 \u00a0 \u00a0 \u00a0 \u00a02.2.3.1.2.4 del Decreto 1069 de 2015 \u2013, \u00a0 \u00a0 \u00a0 \u00a0 \u00a0y el \u00a0 \u00a0 \u00a0 \u00a0 \u00a0art\u00edculo 44 del Reglamento General de esta Corporaci\u00f3n, \u00a0 \u00a0 \u00a0 \u00a0 \u00a0esta Sala es competente para resolver el recurso de impugnaci\u00f3n \u00a0 \u00a0 \u00a0 \u00a0 \u00a0interpuesto por Lucy \u00a0 \u00a0 \u00a0 \u00a0 \u00a0Stella Jaramillo Fern\u00e1ndez \u00a0 \u00a0 \u00a0 \u00a0 \u00a0contra el fallo de tutela proferido por la Sala de Casaci\u00f3n \u00a0 \u00a0 \u00a0 \u00a0 \u00a0Laboral de la Corte Suprema de Justicia. \u00a0<\/p>\n<p>\u00a0 \u00a0\u00a0 \u00a0 \u00a0 \u00a0 \u00a0<\/p>\n<p>2. El \u00a0 \u00a0 \u00a0 \u00a0 \u00a0problema jur\u00eddico que convoca a la Sala en esta oportunidad, \u00a0 \u00a0 \u00a0 \u00a0 \u00a0consiste en establecer \u00a0 \u00a0 \u00a0 \u00a0 \u00a0si frente a las providencias del 16 de mayo y 29 de octubre de 2018 \u00a0 \u00a0 \u00a0 \u00a0 \u00a0proferida por el Juzgado \u00a0 \u00a0 \u00a0 \u00a0 \u00a0Trece Laboral del Circuito de Cali y la \u00a0 \u00a0 \u00a0 \u00a0 \u00a0Sala \u00a0 \u00a0 \u00a0 \u00a0 \u00a0Laboral del Tribunal Superior del Distrito Judicial de aquella \u00a0 \u00a0 \u00a0 \u00a0 \u00a0ciudad, respectivamente, \u00a0 \u00a0 \u00a0 \u00a0 \u00a0por \u00a0 \u00a0 \u00a0 \u00a0 \u00a0las cuales se dictaron sentencia de primera y segunda instancia al \u00a0 \u00a0 \u00a0 \u00a0 \u00a0interior del proceso laboral ordinario de radicado \u00a0 \u00a0 \u00a0 \u00a0 \u00a076001-31-05-013-2016-00231, se configuran los requisitos de \u00a0 \u00a0 \u00a0 \u00a0 \u00a0procedibilidad de la acci\u00f3n de tutela contra decisiones \u00a0 \u00a0 \u00a0 \u00a0 \u00a0judiciales y por tanto, debe revocarse el fallo de tutela de primer \u00a0 \u00a0 \u00a0 \u00a0 \u00a0grado para en su lugar concederse el amparo constitucional invocado. \u00a0<\/p>\n<p>\u00a0 \u00a0\u00a0 \u00a0 \u00a0 \u00a0 \u00a0<\/p>\n<p>3. Requisitos de \u00a0 \u00a0 \u00a0 \u00a0 \u00a0procedibilidad de la acci\u00f3n de tutela contra decisiones \u00a0 \u00a0 \u00a0 \u00a0 \u00a0judiciales \u00a0<\/p>\n<p>\u00a0 \u00a0\u00a0 \u00a0 \u00a0 \u00a0 \u00a0 \u00a0 \u00a0 \u00a0 \u00a0 \u00a0 \u00a0 \u00a0 \u00a0 \u00a0<\/p>\n<p>1. El art\u00edculo \u00a0 \u00a0 \u00a0 \u00a0 \u00a0 \u00a0 \u00a0 \u00a0 \u00a086 de la Constituci\u00f3n Pol\u00edtica establece que toda \u00a0 \u00a0 \u00a0 \u00a0 \u00a0 \u00a0 \u00a0 \u00a0 \u00a0persona tiene derecho a promover acci\u00f3n de tutela ante los \u00a0 \u00a0 \u00a0 \u00a0 \u00a0 \u00a0 \u00a0 \u00a0 \u00a0jueces con miras a obtener la protecci\u00f3n inmediata de sus \u00a0 \u00a0 \u00a0 \u00a0 \u00a0 \u00a0 \u00a0 \u00a0 \u00a0garant\u00edas fundamentales, cuando por acci\u00f3n u omisi\u00f3n \u00a0 \u00a0 \u00a0 \u00a0 \u00a0 \u00a0 \u00a0 \u00a0 \u00a0le sean vulnerados o amenazados por cualquier autoridad p\u00fablica \u00a0 \u00a0 \u00a0 \u00a0 \u00a0 \u00a0 \u00a0 \u00a0 \u00a0o por particulares en los casos expresamente previstos en la ley, \u00a0 \u00a0 \u00a0 \u00a0 \u00a0 \u00a0 \u00a0 \u00a0 \u00a0siempre que no haya otro medio de defensa judicial, o existiendo, \u00a0 \u00a0 \u00a0 \u00a0 \u00a0 \u00a0 \u00a0 \u00a0 \u00a0cuando la tutela se utilice de forma transitoria para evitar la \u00a0 \u00a0 \u00a0 \u00a0 \u00a0 \u00a0 \u00a0 \u00a0 \u00a0materializaci\u00f3n de un perjuicio irremediable. \u00a0 \u00a0<\/p>\n<p>Ha \u00a0precisado la Sala que las caracter\u00edsticas de subsidiariedad y \u00a0residualidad que son predicables de la acci\u00f3n de tutela, \u00a0aparejan como consecuencia que no pueda acudirse a tal mecanismo \u00a0excepcional de amparo para lograr la intervenci\u00f3n del juez \u00a0constitucional en procesos en tr\u00e1mite, porque ello a m\u00e1s \u00a0de desnaturalizar su esencia, socava postulados constitucionales como \u00a0la independencia y la autonom\u00eda funcionales que rigen la \u00a0actividad de la Rama Judicial al tenor de la preceptiva contenida en \u00a0el art\u00edculo 228 de la Carta Pol\u00edtica. \u00a0<\/p>\n<p>\u00a0 \u00a0\u00a0 \u00a0 \u00a0 \u00a0 \u00a0 \u00a0 \u00a0 \u00a0 \u00a0 \u00a0 \u00a0 \u00a0 \u00a0 \u00a0<\/p>\n<p>2. En \u00a0 \u00a0 \u00a0 \u00a0 \u00a0 \u00a0 \u00a0 \u00a0 \u00a0trat\u00e1ndose de la procedencia de la acci\u00f3n de tutela \u00a0 \u00a0 \u00a0 \u00a0 \u00a0 \u00a0 \u00a0 \u00a0 \u00a0para cuestionar \u00a0 \u00a0 \u00a0 \u00a0 \u00a0 \u00a0 \u00a0 \u00a0 \u00a0decisiones judiciales, salvo que comporten v\u00edas de hecho, la \u00a0 \u00a0 \u00a0 \u00a0 \u00a0 \u00a0 \u00a0 \u00a0 \u00a0acci\u00f3n es improcedente, porque su finalidad no es la de \u00a0 \u00a0 \u00a0 \u00a0 \u00a0 \u00a0 \u00a0 \u00a0 \u00a0revivir oportunidades o momentos procesales culminados, reponer \u00a0 \u00a0 \u00a0 \u00a0 \u00a0 \u00a0 \u00a0 \u00a0 \u00a0t\u00e9rminos de ejecutoria que permitan la impugnaci\u00f3n de \u00a0 \u00a0 \u00a0 \u00a0 \u00a0 \u00a0 \u00a0 \u00a0 \u00a0las decisiones, y tampoco constituirse en el escenario donde puedan \u00a0 \u00a0 \u00a0 \u00a0 \u00a0 \u00a0 \u00a0 \u00a0 \u00a0efectuarse valoraciones probatorias diferentes a la que realiz\u00f3 \u00a0 \u00a0 \u00a0 \u00a0 \u00a0 \u00a0 \u00a0 \u00a0 \u00a0el juez de conocimiento, a quien corresponde hacer esa labor de \u00a0 \u00a0 \u00a0 \u00a0 \u00a0 \u00a0 \u00a0 \u00a0 \u00a0acuerdo con la competencia que le asigna la ley. \u00a0 \u00a0<\/p>\n<p>Si \u00a0as\u00ed fuera, \u00a0ha dicho la Corte, el recurso de amparo, instrumento de defensa de \u00a0derechos fundamentales, trocar\u00eda en medio adverso a la \u00a0seguridad jur\u00eddica y a la estabilidad social. Por estas \u00a0razones el juez de tutela debe respetar las competencias regladas \u00a0atribuidas a otras autoridades, sin afectar su autonom\u00eda. \u00a0<\/p>\n<p>\u00a0 \u00a0\u00a0 \u00a0 \u00a0 \u00a0 \u00a0 \u00a0 \u00a0 \u00a0 \u00a0 \u00a0 \u00a0 \u00a0 \u00a0 \u00a0<\/p>\n<p>3. Como \u00a0 \u00a0 \u00a0 \u00a0 \u00a0 \u00a0 \u00a0 \u00a0 \u00a0ha sido recurrentemente recordado por esta Sala, la acci\u00f3n \u00a0 \u00a0 \u00a0 \u00a0 \u00a0 \u00a0 \u00a0 \u00a0 \u00a0constitucional de tutela es un mecanismo de protecci\u00f3n \u00a0 \u00a0 \u00a0 \u00a0 \u00a0 \u00a0 \u00a0 \u00a0 \u00a0excepcional frente a providencias judiciales, su prosperidad va \u00a0 \u00a0 \u00a0 \u00a0 \u00a0 \u00a0 \u00a0 \u00a0 \u00a0ligada al cumplimiento de estrictos requisitos \u00a0 \u00a0 \u00a0 \u00a0 \u00a0 \u00a0 \u00a0 \u00a0 \u00a0de \u00a0 \u00a0 \u00a0 \u00a0 \u00a0 \u00a0 \u00a0 \u00a0 \u00a0procedibilidad que implican una carga para el accionante, tanto en \u00a0 \u00a0 \u00a0 \u00a0 \u00a0 \u00a0 \u00a0 \u00a0 \u00a0su planteamiento como en su demostraci\u00f3n, como lo ha \u00a0 \u00a0 \u00a0 \u00a0 \u00a0 \u00a0 \u00a0 \u00a0 \u00a0expuesto la propia Corte Constitucional.2 \u00a0 \u00a0<\/p>\n<p>Por este motivo, y \u00a0como ha sido desarrollado por la jurisprudencia constitucional, la \u00a0acci\u00f3n de tutela contra providencias judiciales exige: \u00a0<\/p>\n<p>a. Que la cuesti\u00f3n \u00a0que se discuta resulte de evidente relevancia constitucional. \u00a0<\/p>\n<p>b. \u00a0Que hayan sido agotados todos los medios -ordinarios y \u00a0extraordinarios- de defensa judicial al alcance de la persona \u00a0afectada, salvo que se trate de evitar la consumaci\u00f3n de un \u00a0perjuicio iusfundamental irremediable. \u00a0<\/p>\n<p>c. \u00a0Que se cumpla el requisito de la inmediatez, es decir, que la tutela \u00a0se hubiere interpuesto en un t\u00e9rmino razonable y proporcionado \u00a0a partir del hecho que origin\u00f3 la vulneraci\u00f3n. \u00a0<\/p>\n<p>d. Cuando se trate \u00a0de una irregularidad procesal, debe quedar claro que la misma tiene \u00a0un efecto decisivo o determinante en la sentencia que se impugna y \u00a0que ata\u00f1e a los derechos fundamentales del accionante. \u00a0<\/p>\n<p>e. \u00a0Que el accionante identifique de manera razonable tanto los hechos \u00a0que generaron la vulneraci\u00f3n como los derechos vulnerados y \u00a0que hubiere alegado tal vulneraci\u00f3n en el proceso judicial, \u00a0siempre que esto hubiere sido posible. \u00a0<\/p>\n<p>f. \u00a0Que la decisi\u00f3n judicial contra la cual se formula la acci\u00f3n \u00a0de tutela no se corresponda con sentencias de tutela. \u00a0<\/p>\n<p>Los \u00a0anteriores requisitos, no pueden quedarse en meros enunciados, pues \u00a0han sido reiterados por la Corte Constitucional, primero en la \u00a0sentencia C-590 \u00a0de 2005, luego en las decisiones T-332, T-212 y T-780 de 2006, \u00a0reforzando lo dicho en la primera de las mencionadas providencias, en \u00a0el sentido que, cuando se trata \u00a0de acciones de tutela contra providencias judiciales, las mismas solo \u00a0pueden tener cabida \u00ab\u2026si \u00a0se cumplen ciertos y rigurosos requisitos de procedibilidad. Dentro \u00a0de estos pueden distinguirse unos de car\u00e1cter general, que \u00a0habilitan la interposici\u00f3n de la tutela, y otros de car\u00e1cter \u00a0espec\u00edfico, que tocan con la procedencia misma del amparo, una \u00a0vez interpuesta\u00bb \u00a0(Textual). \u00a0<\/p>\n<p>En punto de las \u00a0exigencias espec\u00edficas, como fue recogido en la sentencia \u00a0C-590 de 2005, han sido establecidas las que a continuaci\u00f3n se \u00a0relacionan: \u00a0<\/p>\n<p>a. \u00a0 \u00a0 \u00a0 \u00a0Defecto \u00a0org\u00e1nico, que se presenta cuando el funcionario judicial que \u00a0profiri\u00f3 la providencia impugnada carece absolutamente de \u00a0competencia para ello. \u00a0 \u00a0 \u00a0 \u00a0 \u00a0 \u00a0<\/p>\n<p>2. Defecto procedimental absoluto, que se origina cuando el juez actu\u00f3 \u00a0 \u00a0 \u00a0 \u00a0 \u00a0completamente al margen del procedimiento establecido.<\/p>\n<p>3. Defecto f\u00e1ctico, el cual surge cuando el juez carece del \u00a0 \u00a0 \u00a0 \u00a0 \u00a0apoyo probatorio que permita la aplicaci\u00f3n del supuesto legal \u00a0 \u00a0 \u00a0 \u00a0 \u00a0en el que se sustenta la decisi\u00f3n.<\/p>\n<p>4. Defecto \u00a0 \u00a0 \u00a0 \u00a0 \u00a0material o sustantivo, como son los casos en que se decide con base \u00a0 \u00a0 \u00a0 \u00a0 \u00a0en normas inexistentes o inconstitucionales3 \u00a0 \u00a0 \u00a0 \u00a0 \u00a0o que presentan una evidente y grosera contradicci\u00f3n entre \u00a0 \u00a0 \u00a0 \u00a0 \u00a0los fundamentos y la decisi\u00f3n;<\/p>\n<p>5. Error inducido, el cual surge cuando el juez o tribunal fue v\u00edctima \u00a0 \u00a0 \u00a0 \u00a0 \u00a0de un enga\u00f1o por parte de terceros y ese enga\u00f1o lo \u00a0 \u00a0 \u00a0 \u00a0 \u00a0condujo a la toma de una decisi\u00f3n que afecta derechos \u00a0 \u00a0 \u00a0 \u00a0 \u00a0fundamentales.<\/p>\n<p>6. Decisi\u00f3n \u00a0 \u00a0 \u00a0 \u00a0 \u00a0sin motivaci\u00f3n, \u00a0 \u00a0 \u00a0 \u00a0 \u00a0que implica el incumplimiento de los funcionarios judiciales de \u00a0 \u00a0 \u00a0 \u00a0 \u00a0explicitar los fundamentos f\u00e1cticos y jur\u00eddicos de sus \u00a0 \u00a0 \u00a0 \u00a0 \u00a0decisiones, en el entendido que precisamente en esa motivaci\u00f3n \u00a0 \u00a0 \u00a0 \u00a0 \u00a0reposa la legitimidad de su \u00f3rbita funcional.<\/p>\n<p>7. Desconocimiento \u00a0 \u00a0 \u00a0 \u00a0 \u00a0del precedente, hip\u00f3tesis que se presenta, por ejemplo, \u00a0 \u00a0 \u00a0 \u00a0 \u00a0cuando la Corte Constitucional establece el alcance de un derecho \u00a0 \u00a0 \u00a0 \u00a0 \u00a0fundamental y el juez ordinario aplica una ley limitando \u00a0 \u00a0 \u00a0 \u00a0 \u00a0sustancialmente dicho alcance. En estos casos la tutela procede como \u00a0 \u00a0 \u00a0 \u00a0 \u00a0mecanismo para garantizar la eficacia jur\u00eddica del contenido \u00a0 \u00a0 \u00a0 \u00a0 \u00a0constitucionalmente vinculante del derecho fundamental vulnerado \u00a0 \u00a0 \u00a0 \u00a0 \u00a0[4].<\/p>\n<p>8. Violaci\u00f3n \u00a0 \u00a0 \u00a0 \u00a0 \u00a0directa de la Constituci\u00f3n. \u00a0 \u00a0 \u00a0 \u00a0 \u00a0(Textual). \u00a0<\/p>\n<p>Queda \u00a0entonces claro que en \u00a0atenci\u00f3n a la fuerza normativa de la cosa juzgada y al respeto \u00a0de la autonom\u00eda judicial, la acci\u00f3n consagrada en el \u00a0art\u00edculo 86 de la Constituci\u00f3n Nacional, cuando se \u00a0dirige a cuestionar una decisi\u00f3n judicial, tiene car\u00e1cter \u00a0excepcional, y su prosperidad est\u00e1 atada a que se cumplan los \u00a0requisitos de procedibilidad anteriormente enunciados. De manera que \u00a0quien acude a ella tiene la carga no s\u00f3lo respecto de su \u00a0planteamiento, sino de su demostraci\u00f3n. \u00a0<\/p>\n<p>\u00a0 \u00a0\u00a0 \u00a0 \u00a0 \u00a0 \u00a0<\/p>\n<p>4. An\u00e1lisis \u00a0 \u00a0 \u00a0 \u00a0 \u00a0del caso concreto \u00a0<\/p>\n<p>\u00a0 \u00a0\u00a0 \u00a0 \u00a0 \u00a0 \u00a0 \u00a0 \u00a0 \u00a0 \u00a0 \u00a0 \u00a0 \u00a0 \u00a0 \u00a0<\/p>\n<p>1. En \u00a0 \u00a0 \u00a0 \u00a0 \u00a0 \u00a0 \u00a0 \u00a0 \u00a0el presente caso se encuentra que la censura constitucional \u00a0 \u00a0 \u00a0 \u00a0 \u00a0 \u00a0 \u00a0 \u00a0 \u00a0propuesta por la parte actora se dirige a denunciar que las \u00a0 \u00a0 \u00a0 \u00a0 \u00a0 \u00a0 \u00a0 \u00a0 \u00a0providencias confutadas adolecen de defecto f\u00e1ctico, al \u00a0 \u00a0 \u00a0 \u00a0 \u00a0 \u00a0 \u00a0 \u00a0 \u00a0considerar que las autoridades judiciales omitieron valorar y \u00a0 \u00a0 \u00a0 \u00a0 \u00a0 \u00a0 \u00a0 \u00a0 \u00a0decretar de oficio unos medios de prueba que respaldaban sus \u00a0 \u00a0 \u00a0 \u00a0 \u00a0 \u00a0 \u00a0 \u00a0 \u00a0pretensiones sustanciales, esto es, demostrar la convivencia real y \u00a0 \u00a0 \u00a0 \u00a0 \u00a0 \u00a0 \u00a0 \u00a0 \u00a0material para efectos de reconocimiento del emolumento pensional de \u00a0 \u00a0 \u00a0 \u00a0 \u00a0 \u00a0 \u00a0 \u00a0 \u00a0sobreviviente de manera proporcional y equitativa. \u00a0 \u00a0<\/p>\n<p>\u00a0 \u00a0\u00a0 \u00a0 \u00a0 \u00a0 \u00a0 \u00a0 \u00a0 \u00a0 \u00a0 \u00a0 \u00a0 \u00a0 \u00a0 \u00a0<\/p>\n<p>2. En \u00a0 \u00a0 \u00a0 \u00a0 \u00a0 \u00a0 \u00a0 \u00a0 \u00a0el caso bajo examen, a partir del marco jur\u00eddico presentado \u00a0 \u00a0 \u00a0 \u00a0 \u00a0 \u00a0 \u00a0 \u00a0 \u00a0y la revisi\u00f3n de las pruebas obrantes en el plenario, \u00a0 \u00a0 \u00a0 \u00a0 \u00a0 \u00a0 \u00a0 \u00a0 \u00a0refulge con claridad para la Sala que la solicitud de amparo, no \u00a0 \u00a0 \u00a0 \u00a0 \u00a0 \u00a0 \u00a0 \u00a0 \u00a0cumple con los siguientes requisitos generales de procedibilidad: \u00a0 \u00a0 \u00a0 \u00a0 \u00a0 \u00a0 \u00a0 \u00a0 \u00a0i) \u00abque la tutela se \u00a0 \u00a0 \u00a0 \u00a0 \u00a0 \u00a0 \u00a0 \u00a0 \u00a0hubiere interpuesto en un t\u00e9rmino razonable y proporcionado \u00a0 \u00a0 \u00a0 \u00a0 \u00a0 \u00a0 \u00a0 \u00a0 \u00a0a partir del hecho que origin\u00f3 la vulneraci\u00f3n\u00bb, \u00a0 \u00a0 \u00a0 \u00a0 \u00a0 \u00a0 \u00a0 \u00a0 \u00a0ii) \u00abque hayan sido agotados \u00a0 \u00a0 \u00a0 \u00a0 \u00a0 \u00a0 \u00a0 \u00a0 \u00a0todos los medios -ordinarios y extraordinarios- de defensa judicial \u00a0 \u00a0 \u00a0 \u00a0 \u00a0 \u00a0 \u00a0 \u00a0 \u00a0al alcance de la persona afectada, salvo que se trate de evitar la \u00a0 \u00a0 \u00a0 \u00a0 \u00a0 \u00a0 \u00a0 \u00a0 \u00a0consumaci\u00f3n de un perjuicio iusfundamental irremediable\u00bb \u00a0 \u00a0 \u00a0 \u00a0 \u00a0 \u00a0 \u00a0 \u00a0 \u00a0y, iii) \u00abQue el \u00a0 \u00a0 \u00a0 \u00a0 \u00a0 \u00a0 \u00a0 \u00a0 \u00a0accionante\u2026hubiere alegado tal vulneraci\u00f3n en el \u00a0 \u00a0 \u00a0 \u00a0 \u00a0 \u00a0 \u00a0 \u00a0 \u00a0proceso judicial, siempre que esto hubiere sido posible\u00bb. \u00a0 \u00a0<\/p>\n<p>\u00a0 \u00a0\u00a0 \u00a0 \u00a0 \u00a0 \u00a0 \u00a0 \u00a0 \u00a0 \u00a0 \u00a0 \u00a0 \u00a0 \u00a0 \u00a0<\/p>\n<p>3. Del \u00a0 \u00a0 \u00a0 \u00a0 \u00a0 \u00a0 \u00a0 \u00a0 \u00a0principio de inmediatez \u00a0 \u00a0<\/p>\n<p>Cuando \u00a0la acci\u00f3n de tutela se formula contra decisiones judiciales, \u00a0la Corte Constitucional mediante la sentencia T-328 de 2010 determin\u00f3 \u00a0que el plazo razonable se determina a partir de las particularidades \u00a0de cada caso, de manera que \u00abEn \u00a0algunos casos, seis (6) meses podr\u00edan resultar suficientes \u00a0para declarar la tutela improcedente; pero, en otros eventos, un \u00a0t\u00e9rmino de 2 a\u00f1os se podr\u00eda considerar razonable \u00a0para ejercer la acci\u00f3n de tutela\u2026\u00bb. \u00a0<\/p>\n<p>Como \u00a0ha sido recordado por esta Sala, la jurisprudencia ha trazado unas \u00a0reglas para determinar si la acci\u00f3n de tutela presentada \u00a0cumple con el requisito de inmediatez, las cuales fueron recogidas \u00a0por la Corte Constitucional mediante la sentencia T-243 de 2008: \u00a0<\/p>\n<p>Ahora bien, \u00bfcu\u00e1les \u00a0factores deben ser tenidos en cuenta para determinar la razonabilidad \u00a0del lapso? La Corte ha establecido, cuando menos, cuatro de ellos: \u00a0(i) si existe un motivo v\u00e1lido para la inactividad de los \u00a0accionantes; (ii) si la inactividad justificada vulnera el n\u00facleo \u00a0esencial de los derechos de terceros afectados con la decisi\u00f3n; \u00a0(iii) si existe un nexo causal entre el ejercicio tard\u00edo de la \u00a0acci\u00f3n y la vulneraci\u00f3n de los derechos fundamentales \u00a0del interesado; (iv) si el fundamento de la acci\u00f3n de tutela \u00a0surgi\u00f3 despu\u00e9s de acaecida la actuaci\u00f3n \u00a0violatoria de los derechos fundamentales, de cualquier forma en un \u00a0plazo no muy alejado de la fecha de interposici\u00f3n. \u00a0<\/p>\n<p>En \u00a0el presente caso, a partir de las pruebas recaudadas se evidencia que \u00a0las providencias judiciales aqu\u00ed cuestionadas, se profirieron \u00a0el 16 de mayo y 29 de octubre de 2018, entre tanto, la acci\u00f3n \u00a0de tutela fue impetrada el 20 de agosto de la presente anualidad5, \u00a0por tanto, han transcurrido alrededor de diez (10) meses de \u00a0inactividad procesal. \u00a0<\/p>\n<p>Ahora \u00a0bien, comoquiera que el \u00a0paso objetivo del tiempo no se erige como causal autom\u00e1tica de \u00a0improcedencia, en tanto que existan criterios que constituyan causas \u00a0razonables para explicar la actividad tard\u00eda de la parte \u00a0accionante, debe decirse que, para el asunto de inter\u00e9s se \u00a0tiene que la parte actora en el escrito de impugnaci\u00f3n se\u00f1al\u00f3 \u00a0como situaci\u00f3n de justificaci\u00f3n su estado de salud, ya \u00a0que dada la patolog\u00eda cancer\u00edgena que padece, c\u00e1ncer \u00a0de mama, ello le imposibilit\u00f3 acudir de manera pronta al \u00a0mecanismo de amparo. \u00a0<\/p>\n<p>No \u00a0obstante lo expuesto, a criterio de la Sala dicha circunstancia no \u00a0adquiere la fuerza necesaria para constituirse como causa v\u00e1lida \u00a0del amplio transcurrir temporal que aqu\u00ed se sostiene, por \u00a0cuanto la afirmaci\u00f3n expresada por la parte actora viene \u00a0desprovista de medio de prueba que demuestre un est\u00e1ndar de \u00a0conocimiento razonable de su actual ocurrencia, antes bien, los \u00a0elementos de prueba allegados por la recurrente son soportes cl\u00ednicos \u00a0del a\u00f1o 20166, \u00a0previos al proferimiento de las sentencias confutadas, raz\u00f3n \u00a0por la que no se puede colegir que la enfermedad que presente la \u00a0accionante haya sido la causa de imposibilidad para acudir a la \u00a0acci\u00f3n tuitiva de manera inmediata o con la urgencia que \u00a0amerita el asunto. \u00a0<\/p>\n<p>De \u00a0igual manera, debe se\u00f1alarse que no basta que la persona \u00a0padezca cierta dolencia o enfermedad de suma gravedad, como puede \u00a0suceder en el presente caso, resulta indispensable que dicha afecci\u00f3n \u00a0de forma real y material impida f\u00edsica y\/o mentalmente el \u00a0empleo del medio de protecci\u00f3n constitucional, es decir, los \u00a0efectos de la patolog\u00eda generen un estado de imposibilidad o \u00a0indisponibilidad para la interposici\u00f3n del amparo, lo que no \u00a0se demostr\u00f3 en el caso de inter\u00e9s. \u00a0<\/p>\n<p>Bajo \u00a0ese contexto, la Sala \u00a0advierte \u00a0que la presente censura constitucional resulta inoportuna, por cuanto \u00a0el interregno que avanz\u00f3 entre las providencias judiciales \u00a0cuestionadas y la interposici\u00f3n de la s\u00faplica \u00a0constitucional para el caso concreto se ofrece desproporcionado, pues \u00a0si se califica como una decisi\u00f3n arbitraria, lo natural y \u00a0l\u00f3gico habr\u00eda sido advertir el yerro cometido y \u00a0rechazarlo de manera inmediata, por consiguiente, no \u00a0se puede obviar el cumplimiento de este requisito porque adem\u00e1s \u00a0de desconocer la naturaleza expedita de este mecanismo, ello \u00a0contrariar\u00eda la seguridad jur\u00eddica que orienta a la \u00a0administraci\u00f3n de justicia. \u00a0<\/p>\n<p>\u00a0 \u00a0\u00a0 \u00a0 \u00a0 \u00a0 \u00a0 \u00a0 \u00a0 \u00a0 \u00a0 \u00a0 \u00a0 \u00a0 \u00a0 \u00a0<\/p>\n<p>4. Del \u00a0 \u00a0 \u00a0 \u00a0 \u00a0 \u00a0 \u00a0 \u00a0 \u00a0principio de subsidiariedad y no denunciar la vulneraci\u00f3n \u00a0 \u00a0 \u00a0 \u00a0 \u00a0 \u00a0 \u00a0 \u00a0 \u00a0ante el juez natural \u00a0 \u00a0<\/p>\n<p>\u00a0 \u00a0\u00a0 \u00a0 \u00a0 \u00a0 \u00a0 \u00a0 \u00a0 \u00a0 \u00a0 \u00a0 \u00a0 \u00a0 \u00a0 \u00a0 \u00a0 \u00a0 \u00a0 \u00a0 \u00a0 \u00a0 \u00a0 \u00a0 \u00a0 \u00a0 \u00a0 \u00a0 \u00a0<\/p>\n<p>1. En \u00a0 \u00a0 \u00a0 \u00a0 \u00a0 \u00a0 \u00a0 \u00a0 \u00a0 \u00a0 \u00a0 \u00a0 \u00a0relaci\u00f3n con este punto, conforme \u00a0 \u00a0 \u00a0 \u00a0 \u00a0 \u00a0 \u00a0 \u00a0 \u00a0 \u00a0 \u00a0 \u00a0 \u00a0a la literalidad del inciso 4\u00ba del art\u00edculo 86 \u00a0 \u00a0 \u00a0 \u00a0 \u00a0 \u00a0 \u00a0 \u00a0 \u00a0 \u00a0 \u00a0 \u00a0 \u00a0constitucional, la acci\u00f3n de tutela comporta un car\u00e1cter \u00a0 \u00a0 \u00a0 \u00a0 \u00a0 \u00a0 \u00a0 \u00a0 \u00a0 \u00a0 \u00a0 \u00a0 \u00a0subsidiario o residual consistente en que \u201cEsta \u00a0 \u00a0 \u00a0 \u00a0 \u00a0 \u00a0 \u00a0 \u00a0 \u00a0 \u00a0 \u00a0 \u00a0 \u00a0acci\u00f3n solo proceder\u00e1 cuando el afectado no disponga \u00a0 \u00a0 \u00a0 \u00a0 \u00a0 \u00a0 \u00a0 \u00a0 \u00a0 \u00a0 \u00a0 \u00a0 \u00a0de otro medio de defensa judicial, salvo que aquella se utilice \u00a0 \u00a0 \u00a0 \u00a0 \u00a0 \u00a0 \u00a0 \u00a0 \u00a0 \u00a0 \u00a0 \u00a0 \u00a0como mecanismo transitorio para evitar un perjuicio \u00a0 \u00a0 \u00a0 \u00a0 \u00a0 \u00a0 \u00a0 \u00a0 \u00a0 \u00a0 \u00a0 \u00a0 \u00a0irremediable.\u201d, por \u00a0 \u00a0 \u00a0 \u00a0 \u00a0 \u00a0 \u00a0 \u00a0 \u00a0 \u00a0 \u00a0 \u00a0 \u00a0tanto, en caso de no satisfacerse tal par\u00e1metro de \u00a0 \u00a0 \u00a0 \u00a0 \u00a0 \u00a0 \u00a0 \u00a0 \u00a0 \u00a0 \u00a0 \u00a0 \u00a0procedibilidad la acci\u00f3n tuitiva se torna improcedente al \u00a0 \u00a0 \u00a0 \u00a0 \u00a0 \u00a0 \u00a0 \u00a0 \u00a0 \u00a0 \u00a0 \u00a0 \u00a0tenor de lo previsto en el numeral 1\u00ba del art\u00edculo 6\u00ba \u00a0 \u00a0 \u00a0 \u00a0 \u00a0 \u00a0 \u00a0 \u00a0 \u00a0 \u00a0 \u00a0 \u00a0 \u00a0del Decreto 2591 de 1991 (CC \u00a0 \u00a0 \u00a0 \u00a0 \u00a0 \u00a0 \u00a0 \u00a0 \u00a0 \u00a0 \u00a0 \u00a0 \u00a0T-282 de 2012). \u00a0 \u00a0 \u00a0 \u00a0 \u00a0 \u00a0 \u00a0<\/p>\n<p>En \u00a0ese orden de ideas, resulta pertinente recordar que acorde con la \u00a0jurisprudencia nacional el aludido principio envuelve tres \u00a0caracter\u00edsticas importantes que llevan a su improcedencia \u00a0contra providencias judiciales, a saber: \u00ab(i) \u00a0el asunto est\u00e1 en tr\u00e1mite; (ii) no se han agotado los \u00a0medios de defensa judicial ordinarios y extraordinarios; y (iii) se \u00a0usa para revivir etapas procesales en donde se dejaron de emplear los \u00a0recursos previstos en el ordenamiento jur\u00eddico\u00bb \u00a0(C.C.S.T-103\/2014), hip\u00f3tesis esta \u00faltima, respecto de \u00a0la cual, la Corte Constitucional, ha dejado por sentado: \u00a0<\/p>\n<p>En ese orden de \u00a0ideas, es reiterativa la posici\u00f3n de la Corte en cuanto a la \u00a0improcedencia de la tutela cuando en desarrollo de un proceso \u00a0judicial las partes pudieron valerse de los recursos judiciales \u00a0ordinarios pero estos no fueron empleados oportunamente, ya que no \u00a0puede constituirse en la v\u00eda para discutir situaciones \u00a0jur\u00eddicas consolidadas que adquirieron firmeza por la \u00a0caducidad de los recursos y acciones que no fueron utilizados \u00a0oportunamente por los interesados. \u00a0<\/p>\n<p>[\u2026] \u00a0<\/p>\n<p>En \u00a0conclusi\u00f3n, es necesario que quien alega la vulneraci\u00f3n \u00a0de sus derechos fundamentales haya agotado los medios de defensa \u00a0disponibles en la legislaci\u00f3n para el efecto. Esta exigencia \u00a0responde al principio de subsidiariedad de la tutela, que pretende \u00a0asegurar que la acci\u00f3n constitucional no sea considerada en s\u00ed \u00a0misma una instancia m\u00e1s en el tr\u00e1mite jurisdiccional, \u00a0ni un mecanismo de defensa que reemplace aquellos otros dise\u00f1ados \u00a0por el legislador. Menos a\u00fan, que resulte ser un camino \u00a0excepcional para solucionar errores u omisiones de las partes o para \u00a0corregir oportunidades vencidas en los procesos jurisdiccionales \u00a0ordinarios. \u00a0<\/p>\n<p>De \u00a0esta manera, valga anotar que el mentado car\u00e1cter no puede ser \u00a0concebido \u00fanicamente como un requisito formal o procesal, sino \u00a0que se consagra como una verdadera garant\u00eda constitucional \u00a0dirigida a preservar la armon\u00eda del ordenamiento jur\u00eddico, \u00a0habida cuenta que previene que la acci\u00f3n de tutela i) supla o \u00a0reemplace los legalmente concebidos, ii) se desnaturalice ante el uso \u00a0indiscriminado y caprichoso de los ciudadanos, iii) se convierta en \u00a0medio alternativo o facultativo que complemente los mecanismos \u00a0judiciales ordinarios de defensa, en aras de obtener un \u00a0pronunciamiento m\u00e1s \u00e1gil y expedito (CC T \u2013 471 \u00a0de 2017). \u00a0<\/p>\n<p>\u00a0 \u00a0\u00a0 \u00a0 \u00a0 \u00a0 \u00a0 \u00a0 \u00a0 \u00a0 \u00a0 \u00a0 \u00a0 \u00a0 \u00a0 \u00a0 \u00a0 \u00a0 \u00a0 \u00a0 \u00a0 \u00a0 \u00a0 \u00a0 \u00a0 \u00a0 \u00a0 \u00a0 \u00a0<\/p>\n<p>2. En \u00a0 \u00a0 \u00a0 \u00a0 \u00a0 \u00a0 \u00a0 \u00a0 \u00a0 \u00a0 \u00a0 \u00a0 \u00a0lo atinente al deber de denunciar la vulneraci\u00f3n en el \u00a0 \u00a0 \u00a0 \u00a0 \u00a0 \u00a0 \u00a0 \u00a0 \u00a0 \u00a0 \u00a0 \u00a0 \u00a0respectivo proceso judicial ante el juez natural, debe se\u00f1alarse \u00a0 \u00a0 \u00a0 \u00a0 \u00a0 \u00a0 \u00a0 \u00a0 \u00a0 \u00a0 \u00a0 \u00a0 \u00a0que este presupuesto guarda \u00a0 \u00a0 \u00a0 \u00a0 \u00a0 \u00a0 \u00a0 \u00a0 \u00a0 \u00a0 \u00a0 \u00a0 \u00a0estrecha relaci\u00f3n de conexidad con el principio de \u00a0 \u00a0 \u00a0 \u00a0 \u00a0 \u00a0 \u00a0 \u00a0 \u00a0 \u00a0 \u00a0 \u00a0 \u00a0residualidad tra\u00eddo a colaci\u00f3n, por cuanto el \u00a0 \u00a0 \u00a0 \u00a0 \u00a0 \u00a0 \u00a0 \u00a0 \u00a0 \u00a0 \u00a0 \u00a0 \u00a0proceso judicial es considerado como el canal ordinario de defensa \u00a0 \u00a0 \u00a0 \u00a0 \u00a0 \u00a0 \u00a0 \u00a0 \u00a0 \u00a0 \u00a0 \u00a0 \u00a0primordial y propicio para debatir la ilegalidad del supuesto de \u00a0 \u00a0 \u00a0 \u00a0 \u00a0 \u00a0 \u00a0 \u00a0 \u00a0 \u00a0 \u00a0 \u00a0 \u00a0hecho trasgresor contenido en la providencia que se censura, en \u00a0 \u00a0 \u00a0 \u00a0 \u00a0 \u00a0 \u00a0 \u00a0 \u00a0 \u00a0 \u00a0 \u00a0 \u00a0aras de lograr superar la situaci\u00f3n vulneradora. \u00a0 \u00a0 \u00a0 \u00a0 \u00a0 \u00a0 \u00a0<\/p>\n<p>\u00a0 \u00a0\u00a0 \u00a0 \u00a0 \u00a0 \u00a0 \u00a0 \u00a0 \u00a0 \u00a0 \u00a0 \u00a0 \u00a0 \u00a0 \u00a0 \u00a0 \u00a0 \u00a0 \u00a0 \u00a0 \u00a0 \u00a0 \u00a0 \u00a0 \u00a0 \u00a0 \u00a0 \u00a0<\/p>\n<p>3. Bajo \u00a0 \u00a0 \u00a0 \u00a0 \u00a0 \u00a0 \u00a0 \u00a0 \u00a0 \u00a0 \u00a0 \u00a0 \u00a0tales derroteros jur\u00eddicos, descendiendo al sub \u00a0 \u00a0 \u00a0 \u00a0 \u00a0 \u00a0 \u00a0 \u00a0 \u00a0 \u00a0 \u00a0 \u00a0 \u00a0lite, los medios \u00a0 \u00a0 \u00a0 \u00a0 \u00a0 \u00a0 \u00a0 \u00a0 \u00a0 \u00a0 \u00a0 \u00a0 \u00a0probatorios ense\u00f1an al un\u00edsono que contra la \u00a0 \u00a0 \u00a0 \u00a0 \u00a0 \u00a0 \u00a0 \u00a0 \u00a0 \u00a0 \u00a0 \u00a0 \u00a0providencia de primera instancia, cuestionada en este estadio \u00a0 \u00a0 \u00a0 \u00a0 \u00a0 \u00a0 \u00a0 \u00a0 \u00a0 \u00a0 \u00a0 \u00a0 \u00a0procesal, la parte demandante no interpuso los recursos ordinarios \u00a0 \u00a0 \u00a0 \u00a0 \u00a0 \u00a0 \u00a0 \u00a0 \u00a0 \u00a0 \u00a0 \u00a0 \u00a0que legalmente proced\u00edan, a \u00a0 \u00a0 \u00a0 \u00a0 \u00a0 \u00a0 \u00a0 \u00a0 \u00a0 \u00a0 \u00a0 \u00a0 \u00a0pesar de conocer de la viabilidad del recurso de apelaci\u00f3n, \u00a0 \u00a0 \u00a0 \u00a0 \u00a0 \u00a0 \u00a0 \u00a0 \u00a0 \u00a0 \u00a0 \u00a0 \u00a0mecanismos \u00a0 \u00a0 \u00a0 \u00a0 \u00a0 \u00a0 \u00a0 \u00a0 \u00a0 \u00a0 \u00a0 \u00a0 \u00a0procedimentales a trav\u00e9s de los cuales pod\u00eda invocar \u00a0 \u00a0 \u00a0 \u00a0 \u00a0 \u00a0 \u00a0 \u00a0 \u00a0 \u00a0 \u00a0 \u00a0 \u00a0las razones que, a su juicio, justificaban la prosperidad de su \u00a0 \u00a0 \u00a0 \u00a0 \u00a0 \u00a0 \u00a0 \u00a0 \u00a0 \u00a0 \u00a0 \u00a0 \u00a0pretensi\u00f3n. \u00a0 \u00a0 \u00a0 \u00a0 \u00a0 \u00a0 \u00a0<\/p>\n<p>Por \u00a0otra parte, respecto de la providencia del 29 de octubre de 2018 \u00a0proferida por la \u00a0Sala \u00a0Laboral del Tribunal Superior del Distrito Judicial de Cali, debe \u00a0anotarse que esta se emiti\u00f3 en virtud del grado jurisdiccional \u00a0de consulta que se surti\u00f3 y no por efectos del alg\u00fan \u00a0recurso de apelaci\u00f3n7, \u00a0sin embargo, a \u00a0pesar que contra tal determinaci\u00f3n se interpuso por parte de \u00a0la demandante, hoy accionante, y se concedi\u00f3 el recurso \u00a0extraordinario de casaci\u00f3n, aqu\u00e9l sujeto procesal \u00a0desisti\u00f3 del medio casacional8. \u00a0<\/p>\n<p>Significa \u00a0lo anterior, que quien ahora acciona en tutela bajo su propia \u00a0voluntad dej\u00f3 precluir las instancias ordinarias, ante el juez \u00a0natural, para exponer sus inconformidades y reclamar la protecci\u00f3n \u00a0de sus derechos, por manera que no resulta admisible que pretenda a \u00a0trav\u00e9s de esta acci\u00f3n residual, subsidiaria y \u00a0excepcional, censurar las actuaciones desplegadas por los \u00a0funcionarios competentes por fuera de los canales dispuestos por el \u00a0legislador, pues ello, se reitera, torna absolutamente improcedente \u00a0la solicitud de amparo, m\u00e1xime si se considera que aquella \u00a0persona conoc\u00eda de manera directa los presupuestos f\u00e1cticos \u00a0que hoy denuncia como trasgresores. \u00a0 \u00a0 \u00a0 \u00a0 \u00a0 \u00a0 \u00a0 \u00a0 \u00a0 \u00a0 \u00a0 \u00a0 \u00a0 \u00a0 \u00a0<\/p>\n<p>5. Desde \u00a0 \u00a0 \u00a0 \u00a0 \u00a0 \u00a0 \u00a0 \u00a0 \u00a0esa perspectiva jur\u00eddica, a criterio de la Sala, la \u00a0 \u00a0 \u00a0 \u00a0 \u00a0 \u00a0 \u00a0 \u00a0 \u00a0discusi\u00f3n que pueda surgir respecto a la existencia o no de \u00a0 \u00a0 \u00a0 \u00a0 \u00a0 \u00a0 \u00a0 \u00a0 \u00a0un perjuicio irremediable, el cual no se prob\u00f3 por la \u00a0 \u00a0 \u00a0 \u00a0 \u00a0 \u00a0 \u00a0 \u00a0 \u00a0opugnadora, se torna intrascendente e inocua, toda vez que emitir \u00a0 \u00a0 \u00a0 \u00a0 \u00a0 \u00a0 \u00a0 \u00a0 \u00a0una orden de protecci\u00f3n constitucional de car\u00e1cter \u00a0 \u00a0 \u00a0 \u00a0 \u00a0 \u00a0 \u00a0 \u00a0 \u00a0transitorio, con efectos hasta que el juez ordinario se pronuncie \u00a0 \u00a0 \u00a0 \u00a0 \u00a0 \u00a0 \u00a0 \u00a0 \u00a0definitivamente sobre el asunto jur\u00eddico, requiere de manera \u00a0 \u00a0 \u00a0 \u00a0 \u00a0 \u00a0 \u00a0 \u00a0 \u00a0imprescindible \u00a0 \u00a0 \u00a0 \u00a0 \u00a0 \u00a0 \u00a0 \u00a0 \u00a0la vigencia actual del instrumento judicial que en su momento \u00a0 \u00a0 \u00a0 \u00a0 \u00a0 \u00a0 \u00a0 \u00a0 \u00a0permit\u00eda definir la controversia jur\u00eddica en forma \u00a0 \u00a0 \u00a0 \u00a0 \u00a0 \u00a0 \u00a0 \u00a0 \u00a0permanente, situaci\u00f3n que no sucede en presente caso, tal \u00a0 \u00a0 \u00a0 \u00a0 \u00a0 \u00a0 \u00a0 \u00a0 \u00a0como ha establecido la jurisprudencia, entre otras, en la sentencia \u00a0 \u00a0 \u00a0 \u00a0 \u00a0 \u00a0 \u00a0 \u00a0 \u00a0SU \u2013 111 de 1997: \u00a0 \u00a0<\/p>\n<p>Sin \u00a0embargo, si existiendo el medio judicial, el interesado deja de \u00a0acudir a \u00e9l y, adem\u00e1s, pudiendo evitarlo, permite que \u00a0su acci\u00f3n caduque, no podr\u00e1 m\u00e1s tarde apelar a \u00a0la acci\u00f3n de tutela para exigir el reconocimiento o respeto de \u00a0un derecho suyo. \u00a0En \u00a0este caso, tampoco la acci\u00f3n de tutela podr\u00eda hacerse \u00a0valer como mecanismo transitorio, pues esta modalidad procesal se \u00a0subordina a un medio judicial ordinario que sirva de cauce para \u00a0resolver de manera definitiva el agravio o lesi\u00f3n \u00a0constitucional. \u00a0<\/p>\n<p>Entonces, \u00a0al desechar la libelista la oportunidad y los recursos o mecanismos \u00a0judiciales previstos a su favor para formular cualquier tipo de \u00a0censura contra la providencia que desat\u00f3 el recurso de \u00a0apelaci\u00f3n en el proceso ordinario laboral. Ello no puede \u00a0suplirse por v\u00eda del amparo constitucional que no fue \u00a0instituido con tal finalidad, o lo que es igual, no procede la \u00a0solicitud de protecci\u00f3n constitucional para subsanar el \u00a0descuido pret\u00e9rito. \u00a0<\/p>\n<p>\u00a0 \u00a0\u00a0 \u00a0 \u00a0 \u00a0 \u00a0 \u00a0 \u00a0 \u00a0 \u00a0 \u00a0 \u00a0 \u00a0 \u00a0 \u00a0<\/p>\n<p>6. Como \u00a0 \u00a0 \u00a0 \u00a0 \u00a0 \u00a0 \u00a0 \u00a0 \u00a0colof\u00f3n de lo expuesto, al constatar la Sala que la presente \u00a0 \u00a0 \u00a0 \u00a0 \u00a0 \u00a0 \u00a0 \u00a0 \u00a0solicitud de amparo no cumple con el requisito general de \u00a0 \u00a0 \u00a0 \u00a0 \u00a0 \u00a0 \u00a0 \u00a0 \u00a0inmediatez, subsidiariedad y del deber de denunciar \u00a0 \u00a0 \u00a0 \u00a0 \u00a0 \u00a0 \u00a0 \u00a0 \u00a0la vulneraci\u00f3n en el respectivo proceso judicial ante el \u00a0 \u00a0 \u00a0 \u00a0 \u00a0 \u00a0 \u00a0 \u00a0 \u00a0juez natural, dicha situaci\u00f3n \u00a0 \u00a0 \u00a0 \u00a0 \u00a0 \u00a0 \u00a0 \u00a0 \u00a0jur\u00eddica impide que se estudie de fondo la presencia o \u00a0 \u00a0 \u00a0 \u00a0 \u00a0 \u00a0 \u00a0 \u00a0 \u00a0configuraci\u00f3n de alguna de las causales espec\u00edficas \u00a0 \u00a0 \u00a0 \u00a0 \u00a0 \u00a0 \u00a0 \u00a0 \u00a0de procedibilidad de la acci\u00f3n tuitiva contra providencias \u00a0 \u00a0 \u00a0 \u00a0 \u00a0 \u00a0 \u00a0 \u00a0 \u00a0judiciales, como a bien lo ha sostenido la jurisprudencia \u00a0 \u00a0 \u00a0 \u00a0 \u00a0 \u00a0 \u00a0 \u00a0 \u00a0constitucional bajo la siguiente f\u00f3rmula \u00abLas \u00a0 \u00a0 \u00a0 \u00a0 \u00a0 \u00a0 \u00a0 \u00a0 \u00a0condiciones generales de procedencia son aquellas cuya ocurrencia \u00a0 \u00a0 \u00a0 \u00a0 \u00a0 \u00a0 \u00a0 \u00a0 \u00a0habilita al juez de tutela para adentrarse en el contenido de la \u00a0 \u00a0 \u00a0 \u00a0 \u00a0 \u00a0 \u00a0 \u00a0 \u00a0providencia judicial que se impugna. Dicho de otro modo, son las \u00a0 \u00a0 \u00a0 \u00a0 \u00a0 \u00a0 \u00a0 \u00a0 \u00a0condiciones\u00a0sine \u00a0 \u00a0 \u00a0 \u00a0 \u00a0 \u00a0 \u00a0 \u00a0 \u00a0quibus non\u00a0es \u00a0 \u00a0 \u00a0 \u00a0 \u00a0 \u00a0 \u00a0 \u00a0 \u00a0posible abordar el estudio de la providencia judicial impugnada\u00bb \u00a0 \u00a0 \u00a0 \u00a0 \u00a0 \u00a0 \u00a0 \u00a0 \u00a0(CC \u00a0 \u00a0 \u00a0 \u00a0 \u00a0 \u00a0 \u00a0 \u00a0 \u00a0T-012 de 2018), \u00a0 \u00a0 \u00a0 \u00a0 \u00a0 \u00a0 \u00a0 \u00a0 \u00a0por \u00a0 \u00a0 \u00a0 \u00a0 \u00a0 \u00a0 \u00a0 \u00a0 \u00a0tanto, las pretensiones frente a esta censura devienen \u00a0 \u00a0 \u00a0 \u00a0 \u00a0 \u00a0 \u00a0 \u00a0 \u00a0improcedentes. \u00a0 \u00a0<\/p>\n<p>Sin \u00a0m\u00e1s consideraciones, la Sala confirmar\u00e1 el fallo \u00a0impugnado. \u00a0<\/p>\n<p>Por \u00a0lo expuesto, la \u00a0CORTE SUPREMA DE JUSTICIA, SALA DE CASACI\u00d3N PENAL \u2013 SALA \u00a0DE DECISI\u00d3N DE ACCIONES DE TUTELA N\u00ba 1, \u00a0administrando \u00a0justicia en nombre de la Rep\u00fablica y por autoridad de la Ley, \u00a0<\/p>\n<p>RESUELVE \u00a0<\/p>\n<p>1\u00ba \u00a0CONFIRMAR \u00a0la sentencia proferida el \u00a04 de septiembre de 2019 \u00a0por la Sala Laboral de la Corte Suprema de Justicia, \u00a0por las razones \u00a0expuestas en la parte considerativa de esta providencia. \u00a0<\/p>\n<p>2\u00ba \u00a0NOTIFICAR \u00a0esta providencia de conformidad con lo dispuesto en el art\u00edculo \u00a030 del Decreto 2591 de 1991. \u00a0<\/p>\n<p>3\u00ba \u00a0REMITIR el proceso a \u00a0la Corte Constitucional para su eventual revisi\u00f3n, de \u00a0conformidad con lo previsto en el art\u00edculo 32 ib\u00eddem. \u00a0<\/p>\n<p>NOTIF\u00cdQUESE \u00a0Y C\u00daMPLASE \u00a0<\/p>\n<p>JOS\u00c9 \u00a0FRANCISCO ACU\u00d1A VIZCAYA \u00a0<\/p>\n<p>EUGENIO \u00a0FERN\u00c1NDEZ CARLIER \u00a0<\/p>\n<p>NUBIA YOLANDA \u00a0NOVA GARC\u00cdA \u00a0<\/p>\n<p>Secretaria \u00a0<\/p>\n<p>1 \u00a0 \u00a0 \u00a0 \u00a0 \u00a0Folios \u00a0 \u00a0 \u00a0 \u00a0 \u00a0129 y 130, cuaderno No. 2 de primera instancia. \u00a0<\/p>\n<p>2 \u00a0 \u00a0 \u00a0 \u00a0 \u00a0Cfr. Corte \u00a0 \u00a0 \u00a0 \u00a0 \u00a0Constitucional. Sentencias C-590 de 2005 y T-332 de 2006. \u00a0<\/p>\n<p>3 \u00a0 \u00a0 \u00a0 \u00a0 \u00a0\u00cddem. Sentencia T-522 de 2001. \u00a0<\/p>\n<p>4 \u00a0 \u00a0 \u00a0 \u00a0 \u00a0\u00ab Cfr. Sentencias T-462 de 2003 ; SU-1184 de 2001 ; T-1625 de \u00a0 \u00a0 \u00a0 \u00a0 \u00a02000 y T-1031 de 2001. \u00bb \u00a0<\/p>\n<p>5 \u00a0 \u00a0 \u00a0 \u00a0 \u00a0Folio 1, cuaderno No. 2 de primera instancia. \u00a0<\/p>\n<p>6 \u00a0 \u00a0 \u00a0 \u00a0 \u00a0Folio \u00a0 \u00a0 \u00a0 \u00a0 \u00a027 a 38, cuaderno No. 1 de primera instancia. \u00a0<\/p>\n<p>7 \u00a0 \u00a0 \u00a0 \u00a0 \u00a0Folio \u00a0 \u00a0 \u00a0 \u00a0 \u00a081, cuaderno No. 2 de primera instancia. \u00a0<\/p>\n<p>8 \u00a0 \u00a0 \u00a0 \u00a0 \u00a0Folio \u00a0 \u00a0 \u00a0 \u00a0 \u00a054 y 55, ib\u00edd. \u00a0<\/p>\n<p>\u00a0 \u00a0 \u00a0\u00a0<\/p>\n<p><\/p>\n","protected":false},"excerpt":{"rendered":"<p>\u00a0 \u00a0 \u00a0 \u00a0\u00a0 JOS\u00c9 \u00a0FRANCISCO ACU\u00d1A VIZCAYA \u00a0 Magistrado \u00a0Ponente \u00a0 STP16302-2019 \u00a0 Radicaci\u00f3n \u00a0n.\u00b0 107763 \u00a0 Acta n.\u00b0 315 \u00a0 Bogot\u00e1 \u00a0D.C., veintis\u00e9is (26) de noviembre de dos mil diecinueve \u00a0(2019) \u00a0 Decide \u00a0la Sala el recurso de impugnaci\u00f3n interpuesto por Lucy \u00a0Stella Jaramillo Fern\u00e1ndez contra \u00a0el fallo de tutela proferido por la [&hellip;]<\/p>\n","protected":false},"author":1,"featured_media":0,"comment_status":"open","ping_status":"open","sticky":false,"template":"","format":"standard","meta":{"footnotes":""},"categories":[28],"tags":[],"class_list":["post-46716","post","type-post","status-publish","format-standard","hentry","category-28"],"_links":{"self":[{"href":"https:\/\/dmsjuridica.com\/buscador_20179478954\/salapenalcronologico20230723\/wp-json\/wp\/v2\/posts\/46716","targetHints":{"allow":["GET"]}}],"collection":[{"href":"https:\/\/dmsjuridica.com\/buscador_20179478954\/salapenalcronologico20230723\/wp-json\/wp\/v2\/posts"}],"about":[{"href":"https:\/\/dmsjuridica.com\/buscador_20179478954\/salapenalcronologico20230723\/wp-json\/wp\/v2\/types\/post"}],"author":[{"embeddable":true,"href":"https:\/\/dmsjuridica.com\/buscador_20179478954\/salapenalcronologico20230723\/wp-json\/wp\/v2\/users\/1"}],"replies":[{"embeddable":true,"href":"https:\/\/dmsjuridica.com\/buscador_20179478954\/salapenalcronologico20230723\/wp-json\/wp\/v2\/comments?post=46716"}],"version-history":[{"count":0,"href":"https:\/\/dmsjuridica.com\/buscador_20179478954\/salapenalcronologico20230723\/wp-json\/wp\/v2\/posts\/46716\/revisions"}],"wp:attachment":[{"href":"https:\/\/dmsjuridica.com\/buscador_20179478954\/salapenalcronologico20230723\/wp-json\/wp\/v2\/media?parent=46716"}],"wp:term":[{"taxonomy":"category","embeddable":true,"href":"https:\/\/dmsjuridica.com\/buscador_20179478954\/salapenalcronologico20230723\/wp-json\/wp\/v2\/categories?post=46716"},{"taxonomy":"post_tag","embeddable":true,"href":"https:\/\/dmsjuridica.com\/buscador_20179478954\/salapenalcronologico20230723\/wp-json\/wp\/v2\/tags?post=46716"}],"curies":[{"name":"wp","href":"https:\/\/api.w.org\/{rel}","templated":true}]}}