{"id":46631,"date":"2023-09-14T22:01:37","date_gmt":"2023-09-14T22:01:37","guid":{"rendered":"https:\/\/dmsjuridica.com\/buscador_20179478954\/salapenalcronologico20230723\/2023\/09\/14\/stp16037-2019\/"},"modified":"2023-09-14T22:01:37","modified_gmt":"2023-09-14T22:01:37","slug":"stp16037-2019","status":"publish","type":"post","link":"https:\/\/dmsjuridica.com\/buscador_20179478954\/salapenalcronologico20230723\/2023\/09\/14\/stp16037-2019\/","title":{"rendered":"STP16037-2019"},"content":{"rendered":"\n<p>\u00a0 \u00a0 \u00a0 \u00a0\u00a0<\/p>\n<p>JOS\u00c9 \u00a0FRANCISCO ACU\u00d1A VIZCAYA \u00a0<\/p>\n<p>Magistrado \u00a0Ponente \u00a0<\/p>\n<p>STP16037-2019 \u00a0<\/p>\n<p>Radicaci\u00f3n \u00a0n.\u00b0 107859 \u00a0<\/p>\n<p>(Aprobaci\u00f3n Acta No. 315) \u00a0<\/p>\n<p>Bogot\u00e1 \u00a0D.C., quince (15) de noviembre de dos mil diecinueve (2019) \u00a0<\/p>\n<p>VISTOS \u00a0<\/p>\n<p>Resuelve la Sala de Casaci\u00f3n \u00a0Penal de la Corte Suprema de Justicia, Sala de Decisi\u00f3n de \u00a0Tutelas, la acci\u00f3n interpuesta por Jorge Alberto Guzm\u00e1n \u00a0Tatis, contra la Sala Laboral del Tribunal Superior del Distrito \u00a0Judicial de Medell\u00edn y la Sala de Descongesti\u00f3n N\u00b0 \u00a01 de la Sala de Casaci\u00f3n Laboral de esta Corporaci\u00f3n, \u00a0con ocasi\u00f3n de las decisiones proferidas dentro del proceso \u00a0ordinario laboral radicado bajo el n\u00famero \u00a0050013105008201300104 (en adelante: proceso ordinario laboral \u00a02013-00104). \u00a0<\/p>\n<p>Las dem\u00e1s autoridades partes e \u00a0intervinientes en el referido expediente fueron vinculados como \u00a0terceros con inter\u00e9s leg\u00edtimo en el asunto. \u00a0<\/p>\n<p>ANTECEDENTES \u00a0<\/p>\n<p>Y \u00a0<\/p>\n<p>FUNDAMENTOS \u00a0DE LA ACCI\u00d3N \u00a0<\/p>\n<p>El accionante solicita la tutela de \u00a0sus derechos fundamentales al debido proceso, igualdad y acceso a la \u00a0administraci\u00f3n de justicia, los cuales considera que le fueron \u00a0vulnerados en el marco del proceso ordinario laboral 2013-00104. \u00a0<\/p>\n<p>A partir de la solicitud de amparo y \u00a0de los soportes allegados, se extraen los siguientes hechos: \u00a0<\/p>\n<p>\u00a0 \u00a0\u00a0 \u00a0 \u00a0 \u00a0 \u00a0<\/p>\n<p>1. El ciudadano Jorge \u00a0 \u00a0 \u00a0 \u00a0 \u00a0Alberto Guzm\u00e1n Tatis promovi\u00f3 demanda ordinaria \u00a0 \u00a0 \u00a0 \u00a0 \u00a0laboral contra Pro-diagn\u00f3stico S.A. y Proim\u00e1genes \u00a0 \u00a0 \u00a0 \u00a0 \u00a0S.A.S., con el fin de que se declarara que entre \u00a0 \u00a0 \u00a0 \u00a0 \u00a0ellas existe unidad de empresa y que se ejecut\u00f3 un verdadero \u00a0 \u00a0 \u00a0 \u00a0 \u00a0contrato de trabajo entre enero de 2001 y el 23 de enero de 2013, \u00a0 \u00a0 \u00a0 \u00a0 \u00a0fecha en la que la relaci\u00f3n laboral termin\u00f3 por \u00a0 \u00a0 \u00a0 \u00a0 \u00a0incumplimiento de los pagos, lo cual en realidad fue un despido \u00a0 \u00a0 \u00a0 \u00a0 \u00a0indirecto.<\/p>\n<p>2. Dicha demanda fue radicada bajo el n\u00famero \u00a0 \u00a0 \u00a0 \u00a0 \u00a0050013105008201300104 y repartida al Juzgado Octavo Laboral del \u00a0 \u00a0 \u00a0 \u00a0 \u00a0Circuito de Medell\u00edn, quien mediante sentencia emitida el 3 \u00a0 \u00a0 \u00a0 \u00a0 \u00a0de abril de 2014 deneg\u00f3 las pretensiones de la demanda.<\/p>\n<p>3. El accionante interpuso recurso de apelaci\u00f3n, \u00a0 \u00a0 \u00a0 \u00a0 \u00a0el cual fue resuelto por la Sala Laboral del Tribunal Superior del \u00a0 \u00a0 \u00a0 \u00a0 \u00a0Distrito Judicial de Medell\u00edn, quien mediante sentencia de 4 \u00a0 \u00a0 \u00a0 \u00a0 \u00a0de agosto de 2014, confirm\u00f3 la decisi\u00f3n \u00a0 \u00a0 \u00a0 \u00a0 \u00a0de la primera instancia.<\/p>\n<p>4. El accionante interpuso recurso extraordinario \u00a0 \u00a0 \u00a0 \u00a0 \u00a0de casaci\u00f3n, el cual fue desatado mediante la sentencia \u00a0 \u00a0 \u00a0 \u00a0 \u00a0SL1652-2019 (Rad. 69013) proferida el 8 de mayo de 2019 por la Sala \u00a0 \u00a0 \u00a0 \u00a0 \u00a0de Descongesti\u00f3n N\u00b0 1 de la Sala de Casaci\u00f3n \u00a0 \u00a0 \u00a0 \u00a0 \u00a0Laboral de esta Corporaci\u00f3n, quien resolvi\u00f3 no casar \u00a0 \u00a0 \u00a0 \u00a0 \u00a0la sentencia de segunda instancia. Esta decisi\u00f3n fue \u00a0 \u00a0 \u00a0 \u00a0 \u00a0notificada por edicto fijado el 22 de mayo de 2019. \u00a0<\/p>\n<p>El accionante ahora acude a esta acci\u00f3n \u00a0constitucional para insistir en las mismas alegaciones que present\u00f3 \u00a0en el marco del proceso ordinario laboral, donde censur\u00f3 que \u00a0su caso no se valoraron objetivamente las pruebas documentales y \u00a0testimoniales presentadas para la declaraci\u00f3n de una sola \u00a0relaci\u00f3n laboral. \u00a0<\/p>\n<p>Por este motivo, solicita que se le \u00a0conceda el amparo invocado y que se dejen sin efectos la sentencia \u00a0SL1652-2019 (Rad. 69013) proferida el 8 de mayo de 2019, de \u00a0manera que la Sala de Descongesti\u00f3n N\u00b0 1 de la Sala de \u00a0Casaci\u00f3n Laboral de esta Corporaci\u00f3n emita una nueva \u00a0decisi\u00f3n.1 \u00a0<\/p>\n<p>Como pruebas alleg\u00f3 copia de \u00a0la decisi\u00f3n de primera instancia, del recurso extraordinario \u00a0de casaci\u00f3n que interpuso, de la sentencia \u00a0SL1652-2019 (Rad. 69013) proferida el 8 de mayo de 2019 y de \u00a0una de las pruebas documentales que considera no fue debidamente \u00a0valorada.2 \u00a0<\/p>\n<p>RESPUESTA DE LAS AUTORIDADES ACCIONADAS Y \u00a0VINCULADAS \u00a0<\/p>\n<p>Dentro del t\u00e9rmino concedido solamente se \u00a0recibi\u00f3 respuesta del Magistrado ponente de la Sala de \u00a0Descongesti\u00f3n N\u00b0 1 de la Sala de Casaci\u00f3n Laboral \u00a0de esta Corporaci\u00f3n, quien solicit\u00f3 denegar el amparo \u00a0invocado por cuanto la sentencia SL1652-2019 \u00a0(Rad. 69013) proferida el 8 de mayo de 2019 fue proferida de \u00a0conformidad con la normativa aplicable y lo que el accionante \u00a0pretende es que la acci\u00f3n de tutela se constituya en una \u00a0instancia adicional. \u00a0<\/p>\n<p>CONSIDERACIONES DE LA SALA \u00a0<\/p>\n<p>De conformidad con \u00a0lo previsto en el art\u00edculo 37 del Decreto 2591 de 1991, el \u00a0numeral 7 del art\u00edculo 2.2.3.1.2.1 del Decreto 1069 de 2015, \u00a0modificado por el art\u00edculo 1 del Decreto 1983 de 2017, y \u00a0el art\u00edculo 44 del Reglamento General de esta Corporaci\u00f3n, \u00a0esta Sala es competente para resolver la acci\u00f3n de tutela \u00a0interpuesta por Jorge Alberto Guzm\u00e1n Tatis. \u00a0<\/p>\n<p>Aunque la censura del accionante se \u00a0dirige contra las decisiones proferidas en el proceso ordinario \u00a0laboral 2013-00104, esta Sala solamente proceder\u00e1 \u00a0a pronunciarse sobre la sentencia SL1652-2019 (Rad. 69013) \u00a0proferida el 8 de mayo de 2019 por la Sala de Descongesti\u00f3n N\u00b0 \u00a01 de la Sala de Casaci\u00f3n Laboral de esta Corporaci\u00f3n, \u00a0por cuanto el recurso extraordinario de casaci\u00f3n es el \u00a0mecanismo id\u00f3neo de defensa para corregir los yerros en los \u00a0que presuntamente incurrieron las autoridades accionadas. \u00a0<\/p>\n<p>En ese sentido, el problema jur\u00eddico \u00a0que convoca a la Sala consiste en establecer si en relaci\u00f3n \u00a0con la sentencia SL1652-2019 (Rad. 69013) proferida el 8 de mayo de \u00a02019, se configuran los requisitos de procedibilidad de la acci\u00f3n \u00a0de tutela contra providencias judiciales y, en consecuencia, es \u00a0procedente conceder el amparo invocado. \u00a0<\/p>\n<p>Requisitos de procedibilidad de la acci\u00f3n \u00a0de tutela contra decisiones judiciales. \u00a0<\/p>\n<p>Como ha sido recurrentemente \u00a0recordado por esta Sala, la acci\u00f3n constitucional de tutela es \u00a0un mecanismo de protecci\u00f3n excepcional frente a providencias \u00a0judiciales, su prosperidad va ligada al cumplimiento de estrictos \u00a0requisitos de procedibilidad que implican una carga para la \u00a0parte accionante, tanto en su planteamiento como en su demostraci\u00f3n, \u00a0como lo ha expuesto la propia Corte Constitucional. \u00a0<\/p>\n<p>Por este motivo, y como ha sido \u00a0desarrollado por la Doctrina constitucional, la acci\u00f3n de \u00a0tutela contra providencias judiciales exige: \u00a0<\/p>\n<p>\u00a0 \u00a0\u00a0 \u00a0 \u00a0 \u00a0 \u00a0 \u00a0 \u00a0 \u00a0 \u00a0 \u00a0 \u00a0 \u00a0 \u00a0 \u00a0<\/p>\n<p>a. Que la cuesti\u00f3n que se discuta resulte \u00a0 \u00a0 \u00a0 \u00a0 \u00a0 \u00a0 \u00a0 \u00a0 \u00a0de evidente relevancia constitucional. \u00a0 \u00a0<\/p>\n<p>\u00a0 \u00a0\u00a0 \u00a0 \u00a0 \u00a0 \u00a0 \u00a0 \u00a0 \u00a0 \u00a0 \u00a0 \u00a0 \u00a0 \u00a0 \u00a0<\/p>\n<p>b. Que hayan sido agotados todos los medios \u00a0 \u00a0 \u00a0 \u00a0 \u00a0 \u00a0 \u00a0 \u00a0 \u00a0-ordinarios y extraordinarios- de defensa judicial al alcance de la \u00a0 \u00a0 \u00a0 \u00a0 \u00a0 \u00a0 \u00a0 \u00a0 \u00a0persona afectada, salvo que se trate de evitar la consumaci\u00f3n \u00a0 \u00a0 \u00a0 \u00a0 \u00a0 \u00a0 \u00a0 \u00a0 \u00a0de un perjuicio iusfundamental irremediable. \u00a0 \u00a0<\/p>\n<p>\u00a0 \u00a0\u00a0 \u00a0 \u00a0 \u00a0 \u00a0 \u00a0 \u00a0 \u00a0 \u00a0 \u00a0 \u00a0 \u00a0 \u00a0 \u00a0<\/p>\n<p>c. Que se cumpla el requisito de la inmediatez, es \u00a0 \u00a0 \u00a0 \u00a0 \u00a0 \u00a0 \u00a0 \u00a0 \u00a0decir, que la tutela se hubiere interpuesto en un t\u00e9rmino \u00a0 \u00a0 \u00a0 \u00a0 \u00a0 \u00a0 \u00a0 \u00a0 \u00a0razonable y proporcionado a partir del hecho que origin\u00f3 la \u00a0 \u00a0 \u00a0 \u00a0 \u00a0 \u00a0 \u00a0 \u00a0 \u00a0vulneraci\u00f3n. \u00a0 \u00a0<\/p>\n<p>\u00a0 \u00a0\u00a0 \u00a0 \u00a0 \u00a0 \u00a0 \u00a0 \u00a0 \u00a0 \u00a0 \u00a0 \u00a0 \u00a0 \u00a0 \u00a0<\/p>\n<p>d. Cuando se trate de una irregularidad procesal, \u00a0 \u00a0 \u00a0 \u00a0 \u00a0 \u00a0 \u00a0 \u00a0 \u00a0debe quedar claro que la misma tiene un efecto decisivo o \u00a0 \u00a0 \u00a0 \u00a0 \u00a0 \u00a0 \u00a0 \u00a0 \u00a0determinante en la sentencia que se impugna y que ata\u00f1e a \u00a0 \u00a0 \u00a0 \u00a0 \u00a0 \u00a0 \u00a0 \u00a0 \u00a0los derechos fundamentales de la parte accionante. \u00a0 \u00a0<\/p>\n<p>\u00a0 \u00a0\u00a0 \u00a0 \u00a0 \u00a0 \u00a0 \u00a0 \u00a0 \u00a0 \u00a0 \u00a0 \u00a0 \u00a0 \u00a0 \u00a0<\/p>\n<p>e. Que la parte accionante identifique de manera \u00a0 \u00a0 \u00a0 \u00a0 \u00a0 \u00a0 \u00a0 \u00a0 \u00a0razonable tanto los hechos que generaron la vulneraci\u00f3n como \u00a0 \u00a0 \u00a0 \u00a0 \u00a0 \u00a0 \u00a0 \u00a0 \u00a0los derechos vulnerados y que hubiere alegado tal vulneraci\u00f3n \u00a0 \u00a0 \u00a0 \u00a0 \u00a0 \u00a0 \u00a0 \u00a0 \u00a0en el proceso judicial, siempre que esto hubiere sido posible. \u00a0 \u00a0<\/p>\n<p>\u00a0 \u00a0\u00a0 \u00a0 \u00a0 \u00a0 \u00a0 \u00a0 \u00a0 \u00a0 \u00a0 \u00a0 \u00a0 \u00a0 \u00a0 \u00a0<\/p>\n<p>f. Que la decisi\u00f3n judicial contra la cual \u00a0 \u00a0 \u00a0 \u00a0 \u00a0 \u00a0 \u00a0 \u00a0 \u00a0se formula la acci\u00f3n de tutela no se corresponda con \u00a0 \u00a0 \u00a0 \u00a0 \u00a0 \u00a0 \u00a0 \u00a0 \u00a0sentencias de tutela. \u00a0 \u00a0<\/p>\n<p>Los anteriores requisitos, no pueden \u00a0quedarse en meros enunciados, pues han sido reiterados por la Corte \u00a0Constitucional, primero en la sentencia C-590 de 2005, luego en las \u00a0decisiones T-332, T-212 y T-780 de 2006, reforzando lo dicho en la \u00a0primera de las mencionadas providencias, en el sentido que, cuando se \u00a0trata de acciones de tutela contra providencias judiciales, las \u00a0mismas solo pueden tener cabida \u00ab\u2026si \u00a0se cumplen ciertos y rigurosos requisitos de procedibilidad. Dentro \u00a0de estos pueden distinguirse unos de car\u00e1cter general, que \u00a0habilitan la interposici\u00f3n de la tutela, y otros de car\u00e1cter \u00a0espec\u00edfico, que tocan con la procedencia misma del amparo, una \u00a0vez interpuesta\u00bb. \u00a0<\/p>\n<p>En punto de las \u00a0exigencias espec\u00edficas, como fue recogido en la sentencia \u00a0C-590 de 2005, han sido establecidas las que a \u00a0continuaci\u00f3n se relacionan: \u00a0<\/p>\n<p>a. \u00a0 \u00a0 \u00a0 \u00a0Defecto \u00a0org\u00e1nico, que se presenta cuando el funcionario judicial que \u00a0profiri\u00f3 la providencia impugnada carece absolutamente de \u00a0competencia para ello. \u00a0 \u00a0 \u00a0 \u00a0 \u00a0 \u00a0<\/p>\n<p>b. Defecto \u00a0 \u00a0 \u00a0 \u00a0 \u00a0procedimental absoluto, que se origina cuando el \u00a0 \u00a0 \u00a0 \u00a0 \u00a0juez actu\u00f3 completamente al margen del procedimiento \u00a0 \u00a0 \u00a0 \u00a0 \u00a0establecido.<\/p>\n<p>c. Defecto \u00a0 \u00a0 \u00a0 \u00a0 \u00a0f\u00e1ctico, el cual surge cuando el juez carece del apoyo \u00a0 \u00a0 \u00a0 \u00a0 \u00a0probatorio que permita la aplicaci\u00f3n del supuesto legal en el \u00a0 \u00a0 \u00a0 \u00a0 \u00a0que se sustenta la decisi\u00f3n.<\/p>\n<p>d. Defecto \u00a0 \u00a0 \u00a0 \u00a0 \u00a0material o sustantivo, como son los casos en que se decide con base \u00a0 \u00a0 \u00a0 \u00a0 \u00a0en normas inexistentes o inconstitucionales3 \u00a0 \u00a0 \u00a0 \u00a0 \u00a0o que presentan una evidente y grosera contradicci\u00f3n entre \u00a0 \u00a0 \u00a0 \u00a0 \u00a0los fundamentos y la decisi\u00f3n;<\/p>\n<p>e. Error \u00a0 \u00a0 \u00a0 \u00a0 \u00a0inducido, el cual surge cuando el juez o tribunal fue v\u00edctima \u00a0 \u00a0 \u00a0 \u00a0 \u00a0de un enga\u00f1o por parte de terceros y ese enga\u00f1o lo \u00a0 \u00a0 \u00a0 \u00a0 \u00a0condujo a la toma de una decisi\u00f3n que afecta derechos \u00a0 \u00a0 \u00a0 \u00a0 \u00a0fundamentales.<\/p>\n<p>f. Decisi\u00f3n \u00a0 \u00a0 \u00a0 \u00a0 \u00a0sin motivaci\u00f3n, que implica el incumplimiento \u00a0 \u00a0 \u00a0 \u00a0 \u00a0de los funcionarios judiciales de explicitar los fundamentos \u00a0 \u00a0 \u00a0 \u00a0 \u00a0f\u00e1cticos y jur\u00eddicos de sus decisiones, en el \u00a0 \u00a0 \u00a0 \u00a0 \u00a0entendido que precisamente en esa motivaci\u00f3n reposa la \u00a0 \u00a0 \u00a0 \u00a0 \u00a0legitimidad de su \u00f3rbita funcional.<\/p>\n<p>g. Desconocimiento \u00a0 \u00a0 \u00a0 \u00a0 \u00a0del precedente, hip\u00f3tesis que se presenta, por \u00a0 \u00a0 \u00a0 \u00a0 \u00a0ejemplo, cuando la Corte Constitucional establece el alcance de un \u00a0 \u00a0 \u00a0 \u00a0 \u00a0derecho fundamental y el juez ordinario aplica una ley limitando \u00a0 \u00a0 \u00a0 \u00a0 \u00a0sustancialmente dicho alcance. En estos casos la tutela procede como \u00a0 \u00a0 \u00a0 \u00a0 \u00a0mecanismo para garantizar la eficacia jur\u00eddica del contenido \u00a0 \u00a0 \u00a0 \u00a0 \u00a0constitucionalmente vinculante del derecho fundamental vulnerado \u00a0 \u00a0 \u00a0 \u00a0 \u00a0[4].<\/p>\n<p>h. Violaci\u00f3n \u00a0 \u00a0 \u00a0 \u00a0 \u00a0directa de la Constituci\u00f3n. \u00a0<\/p>\n<p>Queda entonces claro que en \u00a0atenci\u00f3n a la fuerza normativa de la cosa juzgada y al respeto \u00a0de la autonom\u00eda judicial, la acci\u00f3n consagrada en el \u00a0art\u00edculo 86 de la Constituci\u00f3n Nacional, cuando se \u00a0dirige a cuestionar una decisi\u00f3n judicial, tiene car\u00e1cter \u00a0excepcional, y su prosperidad est\u00e1 atada a que se cumplan los \u00a0requisitos de procedibilidad anteriormente enunciados. De manera que \u00a0quien acude a ella tiene la carga no s\u00f3lo respecto de su \u00a0planteamiento, sino de su demostraci\u00f3n. \u00a0<\/p>\n<p>An\u00e1lisis del caso concreto. \u00a0<\/p>\n<p>El accionante censura que las \u00a0autoridades accionadas incurrieron en un defecto f\u00e1ctico \u00a0porque no valoraron y aplicaron la totalidad de las pruebas \u00a0aportadas, las cuales demostraban la existencia de un solo contrato, \u00a0el cual fue de car\u00e1cter laboral. \u00a0<\/p>\n<p>A partir de la revisi\u00f3n de la \u00a0sentencia SL1652-2019 (Rad. 69013) \u00a0proferida el 8 de mayo de 2019, se evidencia que, contrario a lo \u00a0censurado por el accionante, tanto la Sala Laboral de Descongesti\u00f3n \u00a0del Tribunal Superior del Distrito Judicial de Medell\u00edn como \u00a0la Sala de Descongesti\u00f3n N\u00b0 1 de la Sala de Casaci\u00f3n \u00a0Laboral de esta Corporaci\u00f3n s\u00ed valoraron la totalidad \u00a0de las pruebas allegadas al expediente, solamente que encontraron que \u00a0las mismas lo que indican es que el accionante era consciente de la \u00a0existencia de dos contratos: uno laboral y otro de car\u00e1cter \u00a0civil, tal y como \u00e9l mismo lo expres\u00f3 en su condici\u00f3n \u00a0de miembro de la junta directiva de las sociedades demandadas. \u00a0<\/p>\n<p>Se trata de una determinaci\u00f3n \u00a0que est\u00e1 amparada por el principio de la libre formaci\u00f3n \u00a0del convencimiento con el que est\u00e1 amparada la actividad \u00a0judicial (art\u00edculo 61 C\u00f3digo Procesal del Trabajo y de \u00a0la Seguridad Social), por lo que se descarta que contra las \u00a0decisiones judiciales censuradas se haya configurado alguno de los \u00a0requisitos espec\u00edficos de procedibilidad de la acci\u00f3n \u00a0de tutela contra decisiones judiciales. \u00a0<\/p>\n<p>Al respecto, debe \u00a0recordarse que el desacuerdo con el contenido de una decisi\u00f3n \u00a0no habilita la interposici\u00f3n de la tutela, porque este \u00a0mecanismo excepcional no fue dise\u00f1ado como una instancia \u00a0alterna o adicional, o para lograr que las autoridades adopten un \u00a0criterio espec\u00edfico. \u00a0<\/p>\n<p>Dentro de la \u00a0autonom\u00eda que se garantiza y reconoce a los funcionarios \u00a0judiciales, est\u00e1 la de interpretar las normas para resolver el \u00a0caso concreto, y esa labor permite que la comprensi\u00f3n que \u00a0llegue a tenerse sobre una misma norma sea diversa, y que unas \u00a0interpretaciones sean mejor recibidas que otras. \u00a0<\/p>\n<p>Por estos motivos, \u00a0aunado a que no hay elementos de juicio para considerar que el \u00a0accionante se encuentre ante un perjuicio irremediable, pues no \u00a0acredit\u00f3 m\u00ednimamente la urgencia, la gravedad, la \u00a0inminencia y la impostergabilidad del amparo, la \u00a0Sala denegar\u00e1 el amparo invocado. \u00a0<\/p>\n<p>Por lo expuesto, la CORTE \u00a0SUPREMA DE JUSTICIA, SALA DE CASACI\u00d3N PENAL \u2013 EN SALA DE \u00a0DECISI\u00d3N DE ACCIONES DE TUTELA N\u00b0 1, administrando \u00a0justicia, en nombre de la Rep\u00fablica y por autoridad de la Ley, \u00a0<\/p>\n<p>RESUELVE \u00a0<\/p>\n<p>\u00a0 \u00a0\u00a0 \u00a0 \u00a0 \u00a0 \u00a0<\/p>\n<p>1. DENEGAR el amparo solicitado por Jorge Alberto \u00a0 \u00a0 \u00a0 \u00a0 \u00a0Guzm\u00e1n Tatis contra la Sala Laboral del Tribunal Superior del \u00a0 \u00a0 \u00a0 \u00a0 \u00a0Distrito Judicial de Medell\u00edn y la Sala de Descongesti\u00f3n \u00a0 \u00a0 \u00a0 \u00a0 \u00a0N\u00b0 1 de la Sala de Casaci\u00f3n Laboral de esta Corporaci\u00f3n, \u00a0 \u00a0 \u00a0 \u00a0 \u00a0por las razones anotadas en precedencia. \u00a0<\/p>\n<p>\u00a0 \u00a0\u00a0 \u00a0 \u00a0 \u00a0 \u00a0<\/p>\n<p>2. NOTIFICAR a los sujetos procesales por el medio \u00a0 \u00a0 \u00a0 \u00a0 \u00a0m\u00e1s expedito el presente fallo, inform\u00e1ndoles que \u00a0 \u00a0 \u00a0 \u00a0 \u00a0puede ser impugnado dentro de los tres d\u00edas siguientes, \u00a0 \u00a0 \u00a0 \u00a0 \u00a0contados a partir de su notificaci\u00f3n. \u00a0<\/p>\n<p>\u00a0 \u00a0\u00a0 \u00a0 \u00a0 \u00a0 \u00a0<\/p>\n<p>3. Si no fuere impugnado, env\u00edese la \u00a0 \u00a0 \u00a0 \u00a0 \u00a0actuaci\u00f3n a la Corte Constitucional para su eventual \u00a0 \u00a0 \u00a0 \u00a0 \u00a0revisi\u00f3n, dentro del t\u00e9rmino indicado en el art\u00edculo \u00a0 \u00a0 \u00a0 \u00a0 \u00a031 del Decreto 2591 de 1991. \u00a0<\/p>\n<p>NOTIF\u00cdQUESE Y C\u00daMPLASE \u00a0<\/p>\n<p>JOS\u00c9 \u00a0FRANCISCO ACU\u00d1A VIZCAYA \u00a0<\/p>\n<p>EUGENIO \u00a0FERN\u00c1NDEZ CARLIER \u00a0<\/p>\n<p>NUBIA YOLANDA NOVA GARC\u00cdA \u00a0<\/p>\n<p>Secretaria \u00a0<\/p>\n<p>1 \u00a0 \u00a0 \u00a0 \u00a0 \u00a0Folios 1 a 25. \u00a0<\/p>\n<p>2 \u00a0 \u00a0 \u00a0 \u00a0 \u00a0Folios 26 a 86 y discos compactos. \u00a0<\/p>\n<p>3 \u00a0 \u00a0 \u00a0 \u00a0 \u00a0CC T-522 de 2001. \u00a0<\/p>\n<p>4 \u00a0 \u00a0 \u00a0 \u00a0 \u00a0\u00abCfr. \u00a0 \u00a0 \u00a0 \u00a0 \u00a0Sentencias T-462 de \u00a0 \u00a0 \u00a0 \u00a0 \u00a02003 ; SU-1184 de 2001 ; T-1625 de 2000 y T-1031 de 2001.\u00bb \u00a0 \u00a0 \u00a0<\/p>\n<p><\/p>\n","protected":false},"excerpt":{"rendered":"<p>\u00a0 \u00a0 \u00a0 \u00a0\u00a0 JOS\u00c9 \u00a0FRANCISCO ACU\u00d1A VIZCAYA \u00a0 Magistrado \u00a0Ponente \u00a0 STP16037-2019 \u00a0 Radicaci\u00f3n \u00a0n.\u00b0 107859 \u00a0 (Aprobaci\u00f3n Acta No. 315) \u00a0 Bogot\u00e1 \u00a0D.C., quince (15) de noviembre de dos mil diecinueve (2019) \u00a0 VISTOS \u00a0 Resuelve la Sala de Casaci\u00f3n \u00a0Penal de la Corte Suprema de Justicia, Sala de Decisi\u00f3n de \u00a0Tutelas, la [&hellip;]<\/p>\n","protected":false},"author":1,"featured_media":0,"comment_status":"open","ping_status":"open","sticky":false,"template":"","format":"standard","meta":{"footnotes":""},"categories":[28],"tags":[],"class_list":["post-46631","post","type-post","status-publish","format-standard","hentry","category-28"],"_links":{"self":[{"href":"https:\/\/dmsjuridica.com\/buscador_20179478954\/salapenalcronologico20230723\/wp-json\/wp\/v2\/posts\/46631","targetHints":{"allow":["GET"]}}],"collection":[{"href":"https:\/\/dmsjuridica.com\/buscador_20179478954\/salapenalcronologico20230723\/wp-json\/wp\/v2\/posts"}],"about":[{"href":"https:\/\/dmsjuridica.com\/buscador_20179478954\/salapenalcronologico20230723\/wp-json\/wp\/v2\/types\/post"}],"author":[{"embeddable":true,"href":"https:\/\/dmsjuridica.com\/buscador_20179478954\/salapenalcronologico20230723\/wp-json\/wp\/v2\/users\/1"}],"replies":[{"embeddable":true,"href":"https:\/\/dmsjuridica.com\/buscador_20179478954\/salapenalcronologico20230723\/wp-json\/wp\/v2\/comments?post=46631"}],"version-history":[{"count":0,"href":"https:\/\/dmsjuridica.com\/buscador_20179478954\/salapenalcronologico20230723\/wp-json\/wp\/v2\/posts\/46631\/revisions"}],"wp:attachment":[{"href":"https:\/\/dmsjuridica.com\/buscador_20179478954\/salapenalcronologico20230723\/wp-json\/wp\/v2\/media?parent=46631"}],"wp:term":[{"taxonomy":"category","embeddable":true,"href":"https:\/\/dmsjuridica.com\/buscador_20179478954\/salapenalcronologico20230723\/wp-json\/wp\/v2\/categories?post=46631"},{"taxonomy":"post_tag","embeddable":true,"href":"https:\/\/dmsjuridica.com\/buscador_20179478954\/salapenalcronologico20230723\/wp-json\/wp\/v2\/tags?post=46631"}],"curies":[{"name":"wp","href":"https:\/\/api.w.org\/{rel}","templated":true}]}}