{"id":46621,"date":"2023-09-14T22:01:37","date_gmt":"2023-09-14T22:01:37","guid":{"rendered":"https:\/\/dmsjuridica.com\/buscador_20179478954\/salapenalcronologico20230723\/2023\/09\/14\/stp16028-2019\/"},"modified":"2023-09-14T22:01:37","modified_gmt":"2023-09-14T22:01:37","slug":"stp16028-2019","status":"publish","type":"post","link":"https:\/\/dmsjuridica.com\/buscador_20179478954\/salapenalcronologico20230723\/2023\/09\/14\/stp16028-2019\/","title":{"rendered":"STP16028-2019"},"content":{"rendered":"\n<p>\u00a0 \u00a0 \u00a0 \u00a0\u00a0<\/p>\n<p>JOS\u00c9 \u00a0FRANCISCO ACU\u00d1A VIZCAYA \u00a0<\/p>\n<p>Magistrado \u00a0Ponente \u00a0<\/p>\n<p>STP16028-2019 \u00a0<\/p>\n<p>Radicaci\u00f3n \u00a0n.\u00b0 107945 \u00a0<\/p>\n<p>(Aprobaci\u00f3n Acta No.315) \u00a0<\/p>\n<p>Bogot\u00e1 D.C., veintis\u00e9is (26) de \u00a0noviembre de dos mil diecinueve (2019) \u00a0<\/p>\n<p>VISTOS \u00a0<\/p>\n<p>Decide la Sala el \u00a0recurso de impugnaci\u00f3n interpuesto por Jos\u00e9 \u00a0Victoriano Cort\u00e9s Bri\u00f1ez, \u00a0mediante agente oficioso, contra el fallo de tutela proferido por la \u00a0Sala Penal del Tribunal Superior del Distrito Judicial de Ibagu\u00e9 \u00a0el 11 de octubre de 2019, que declar\u00f3 improcedente el amparo \u00a0formulado contra el Complejo Carcelario y Penitenciario de \u00a0Ibagu\u00e9 Picale\u00f1a, el Hospital Federico Lleras Acosta, el \u00a0Instituto Nacional de Medicina Legal y Ciencias Forenses Seccional \u00a0Tolima, el Juzgado \u00a0Quinto Penal del Circuito de Ibagu\u00e9 con Funci\u00f3n de \u00a0Conocimiento y la \u00a0Fiscal\u00eda S\u00e9ptima delegada ante los Jueces Penales del \u00a0Circuito de Ibagu\u00e9. \u00a0<\/p>\n<p>El Consorcio Fondo \u00a0de Atenci\u00f3n en Salud PPL 2019, la \u00a0Unidad de Servicios Penitenciarios y Carcelarios -USPEC, el Instituto \u00a0Nacional Penitenciario y Carcelario -INPEC y el Juzgado S\u00e9ptimo \u00a0Penal Municipal de Ibagu\u00e9 con Funci\u00f3n de Control de \u00a0Garant\u00edas fueron vinculados como terceros con inter\u00e9s \u00a0leg\u00edtimo. \u00a0<\/p>\n<p>ANTECEDENTES \u00a0<\/p>\n<p>Y \u00a0<\/p>\n<p>FUNDAMENTOS \u00a0DE LA ACCI\u00d3N \u00a0<\/p>\n<p>Fueron recogidos \u00a0en el fallo de tutela de primera instancia en los siguientes \u00a0t\u00e9rminos:1 \u00a0<\/p>\n<p>Se indic\u00f3 \u00a0en el escrito de tutela que desde el 21 de febrero de 2018, el se\u00f1or \u00a0Jos\u00e9 Victoriano Cort\u00e9s Bri\u00f1ez se encuentra \u00a0privado de la libertad en el Establecimiento Carcelario y \u00a0Penitenciario de Ibagu\u00e9 por el delito de actos sexuales con \u00a0menor de catorce a\u00f1os. \u00a0<\/p>\n<p>Se expuso que \u00a0desde que el precitado ingres\u00f3 al centro de reclusi\u00f3n, \u00a0su salud se ha desmejorado en forma considerable por lo que en dos \u00a0oportunidades ha sido remitido de urgencia al Hospital Federico \u00a0Lleras Acosta de esta ciudad. \u00a0<\/p>\n<p>Precis\u00f3 \u00a0que existe el riesgo de que sea trasladado nuevamente al Complejo \u00a0Penitenciario y Carcelario, lo que colocar\u00eda en peligro su \u00a0vida. \u00a0<\/p>\n<p>Consider\u00f3 \u00a0vulnerados los derechos fundamentales a la vida, debido proceso y \u00a0dignidad humana del se\u00f1or Cort\u00e9s Bri\u00f1ez y \u00a0solicit\u00f3 la intervenci\u00f3n del Juez Constitucional para \u00a0que se suspenda su traslado al centro de reclusi\u00f3n. \u00a0(Textual). \u00a0<\/p>\n<p>EL FALLO IMPUGNADO \u00a0<\/p>\n<p>El 11 de octubre \u00a0de 2019, la Sala Penal del Tribunal Superior del Distrito Judicial de \u00a0Ibagu\u00e9 declar\u00f3 improcedente la solicitud de amparo \u00a0constitucional incoada por Jos\u00e9 \u00a0Victoriano Cort\u00e9s Bri\u00f1ez, mediante \u00a0agente oficioso, debido a que no se cumple con el requisito general \u00a0de subsidiariedad. \u00a0<\/p>\n<p>Al respecto \u00a0destac\u00f3 que se encuentra en tr\u00e1mite la audiencia de \u00a0sustituci\u00f3n de medida de aseguramiento, adem\u00e1s que el \u00a0proceso penal adelantado en su contra no ha concluido, por lo que las \u00a0censuras presentadas deben ser definidas en la v\u00eda ordinaria.2 \u00a0<\/p>\n<p>LA IMPUGNACI\u00d3N \u00a0<\/p>\n<p>El 23 de octubre \u00a0de 2019, Jos\u00e9 Victoriano Cort\u00e9s \u00a0Bri\u00f1ez, mediante agente oficioso, \u00a0interpuso recurso de impugnaci\u00f3n, alegando que con \u00a0la acci\u00f3n de tutela pretende enterar a las dependencias \u00a0involucradas del grave estado de salud del accionante y evitar su \u00a0eventual traslado al Complejo Carcelario y Penitenciario de \u00a0Ibagu\u00e9 Picale\u00f1a. \u00a0<\/p>\n<p>Adem\u00e1s, solicita que se ordene \u00a0al Instituto Nacional de Medicina Legal y Ciencias Forenses Seccional \u00a0Tolima que en un tiempo perentorio valore a Jos\u00e9 \u00a0Victoriano Cort\u00e9s Bri\u00f1ez, \u00a0de manera que pueda adoptarse la determinaci\u00f3n respectiva.3 \u00a0<\/p>\n<p>CONSIDERACIONES DE LA SALA \u00a0<\/p>\n<p>De conformidad con \u00a0lo previsto en el art\u00edculo 32 del Decreto 2591 de 1991, esta \u00a0Sala es competente para resolver el recurso de impugnaci\u00f3n \u00a0interpuesto por Jos\u00e9 Victoriano \u00a0Cort\u00e9s Bri\u00f1ez, mediante \u00a0agente oficioso, contra la decisi\u00f3n proferida por la Sala \u00a0Penal del Tribunal Superior del Distrito Judicial de Ibagu\u00e9. \u00a0<\/p>\n<p>Establecer si la acci\u00f3n de \u00a0tutela es procedente para amparar los derechos fundamentales a la \u00a0vida, dignidad humana y debido proceso de Jos\u00e9 \u00a0Victoriano Cort\u00e9s Bri\u00f1ez, quien actualmente se \u00a0encuentra con medida de aseguramiento impuesta en el marco del \u00a0proceso penal n\u00famero 73001600045020180049500, de manera que le \u00a0sea reconocido el sustitutivo de prisi\u00f3n domiciliaria u \u00a0hospitalaria por enfermedad grave. \u00a0<\/p>\n<p>Requisitos de procedibilidad de la acci\u00f3n \u00a0de tutela contra decisiones judiciales. \u00a0<\/p>\n<p>Como ha sido recurrentemente \u00a0recordado por esta Sala, la acci\u00f3n constitucional de tutela es \u00a0un mecanismo de protecci\u00f3n excepcional frente a providencias \u00a0judiciales, su prosperidad va ligada al cumplimiento de estrictos \u00a0requisitos de procedibilidad que implican una carga para la \u00a0parte accionante, tanto en su planteamiento como en su demostraci\u00f3n, \u00a0como lo ha expuesto la propia Corte Constitucional. \u00a0<\/p>\n<p>Por este motivo, y como ha sido \u00a0desarrollado por la Doctrina constitucional, la acci\u00f3n de \u00a0tutela contra providencias judiciales exige: \u00a0<\/p>\n<p>\u00a0 \u00a0\u00a0 \u00a0 \u00a0 \u00a0 \u00a0 \u00a0 \u00a0 \u00a0 \u00a0 \u00a0 \u00a0 \u00a0 \u00a0 \u00a0<\/p>\n<p>a. Que la cuesti\u00f3n que se discuta resulte \u00a0 \u00a0 \u00a0 \u00a0 \u00a0 \u00a0 \u00a0 \u00a0 \u00a0de evidente relevancia constitucional. \u00a0 \u00a0<\/p>\n<p>\u00a0 \u00a0\u00a0 \u00a0 \u00a0 \u00a0 \u00a0 \u00a0 \u00a0 \u00a0 \u00a0 \u00a0 \u00a0 \u00a0 \u00a0 \u00a0<\/p>\n<p>b. Que hayan sido agotados todos los medios \u00a0 \u00a0 \u00a0 \u00a0 \u00a0 \u00a0 \u00a0 \u00a0 \u00a0-ordinarios y extraordinarios- de defensa judicial al alcance de la \u00a0 \u00a0 \u00a0 \u00a0 \u00a0 \u00a0 \u00a0 \u00a0 \u00a0persona afectada, salvo que se trate de evitar la consumaci\u00f3n \u00a0 \u00a0 \u00a0 \u00a0 \u00a0 \u00a0 \u00a0 \u00a0 \u00a0de un perjuicio iusfundamental irremediable. \u00a0 \u00a0<\/p>\n<p>\u00a0 \u00a0\u00a0 \u00a0 \u00a0 \u00a0 \u00a0 \u00a0 \u00a0 \u00a0 \u00a0 \u00a0 \u00a0 \u00a0 \u00a0 \u00a0<\/p>\n<p>c. Que se cumpla el requisito de la inmediatez, es \u00a0 \u00a0 \u00a0 \u00a0 \u00a0 \u00a0 \u00a0 \u00a0 \u00a0decir, que la tutela se hubiere interpuesto en un t\u00e9rmino \u00a0 \u00a0 \u00a0 \u00a0 \u00a0 \u00a0 \u00a0 \u00a0 \u00a0razonable y proporcionado a partir del hecho que origin\u00f3 la \u00a0 \u00a0 \u00a0 \u00a0 \u00a0 \u00a0 \u00a0 \u00a0 \u00a0vulneraci\u00f3n. \u00a0 \u00a0<\/p>\n<p>\u00a0 \u00a0\u00a0 \u00a0 \u00a0 \u00a0 \u00a0 \u00a0 \u00a0 \u00a0 \u00a0 \u00a0 \u00a0 \u00a0 \u00a0 \u00a0<\/p>\n<p>d. Cuando se trate de una irregularidad procesal, \u00a0 \u00a0 \u00a0 \u00a0 \u00a0 \u00a0 \u00a0 \u00a0 \u00a0debe quedar claro que la misma tiene un efecto decisivo o \u00a0 \u00a0 \u00a0 \u00a0 \u00a0 \u00a0 \u00a0 \u00a0 \u00a0determinante en la sentencia que se impugna y que ata\u00f1e a \u00a0 \u00a0 \u00a0 \u00a0 \u00a0 \u00a0 \u00a0 \u00a0 \u00a0los derechos fundamentales de la parte accionante. \u00a0 \u00a0<\/p>\n<p>\u00a0 \u00a0\u00a0 \u00a0 \u00a0 \u00a0 \u00a0 \u00a0 \u00a0 \u00a0 \u00a0 \u00a0 \u00a0 \u00a0 \u00a0 \u00a0<\/p>\n<p>e. Que la parte accionante identifique de manera \u00a0 \u00a0 \u00a0 \u00a0 \u00a0 \u00a0 \u00a0 \u00a0 \u00a0razonable tanto los hechos que generaron la vulneraci\u00f3n como \u00a0 \u00a0 \u00a0 \u00a0 \u00a0 \u00a0 \u00a0 \u00a0 \u00a0los derechos vulnerados y que hubiere alegado tal vulneraci\u00f3n \u00a0 \u00a0 \u00a0 \u00a0 \u00a0 \u00a0 \u00a0 \u00a0 \u00a0en el proceso judicial, siempre que esto hubiere sido posible. \u00a0 \u00a0<\/p>\n<p>\u00a0 \u00a0\u00a0 \u00a0 \u00a0 \u00a0 \u00a0 \u00a0 \u00a0 \u00a0 \u00a0 \u00a0 \u00a0 \u00a0 \u00a0 \u00a0<\/p>\n<p>f. Que la decisi\u00f3n judicial contra la cual \u00a0 \u00a0 \u00a0 \u00a0 \u00a0 \u00a0 \u00a0 \u00a0 \u00a0se formula la acci\u00f3n de tutela no se corresponda con \u00a0 \u00a0 \u00a0 \u00a0 \u00a0 \u00a0 \u00a0 \u00a0 \u00a0sentencias de tutela. \u00a0 \u00a0<\/p>\n<p>Los anteriores requisitos, no pueden \u00a0quedarse en meros enunciados, pues han sido reiterados por la Corte \u00a0Constitucional, primero en la sentencia C-590 de 2005, luego en las \u00a0decisiones T-332, T-212 y T-780 de 2006, reforzando lo dicho en la \u00a0primera de las mencionadas providencias, en el sentido que, cuando se \u00a0trata de acciones de tutela contra providencias judiciales, las \u00a0mismas solo pueden tener cabida \u00ab\u2026si \u00a0se cumplen ciertos y rigurosos requisitos de procedibilidad. Dentro \u00a0de estos pueden distinguirse unos de car\u00e1cter general, que \u00a0habilitan la interposici\u00f3n de la tutela, y otros de car\u00e1cter \u00a0espec\u00edfico, que tocan con la procedencia misma del amparo, una \u00a0vez interpuesta\u00bb. \u00a0<\/p>\n<p>En punto de las \u00a0exigencias espec\u00edficas, como fue recogido en la sentencia \u00a0C-590 de 2005, han sido establecidas las que a \u00a0continuaci\u00f3n se relacionan: \u00a0<\/p>\n<p>a. \u00a0 \u00a0 \u00a0 \u00a0Defecto \u00a0org\u00e1nico, que se presenta cuando el funcionario judicial que \u00a0profiri\u00f3 la providencia impugnada carece absolutamente de \u00a0competencia para ello. \u00a0 \u00a0 \u00a0 \u00a0 \u00a0 \u00a0<\/p>\n<p>b. Defecto \u00a0 \u00a0 \u00a0 \u00a0 \u00a0procedimental absoluto, que se origina cuando el \u00a0 \u00a0 \u00a0 \u00a0 \u00a0juez actu\u00f3 completamente al margen del procedimiento \u00a0 \u00a0 \u00a0 \u00a0 \u00a0establecido.<\/p>\n<p>c. Defecto \u00a0 \u00a0 \u00a0 \u00a0 \u00a0f\u00e1ctico, el cual surge cuando el juez carece del apoyo \u00a0 \u00a0 \u00a0 \u00a0 \u00a0probatorio que permita la aplicaci\u00f3n del supuesto legal en el \u00a0 \u00a0 \u00a0 \u00a0 \u00a0que se sustenta la decisi\u00f3n.<\/p>\n<p>d. Defecto \u00a0 \u00a0 \u00a0 \u00a0 \u00a0material o sustantivo, como son los casos en que se decide con base \u00a0 \u00a0 \u00a0 \u00a0 \u00a0en normas inexistentes o inconstitucionales4 \u00a0 \u00a0 \u00a0 \u00a0 \u00a0o que presentan una evidente y grosera contradicci\u00f3n entre \u00a0 \u00a0 \u00a0 \u00a0 \u00a0los fundamentos y la decisi\u00f3n;<\/p>\n<p>e. Error \u00a0 \u00a0 \u00a0 \u00a0 \u00a0inducido, el cual surge cuando el juez o tribunal fue v\u00edctima \u00a0 \u00a0 \u00a0 \u00a0 \u00a0de un enga\u00f1o por parte de terceros y ese enga\u00f1o lo \u00a0 \u00a0 \u00a0 \u00a0 \u00a0condujo a la toma de una decisi\u00f3n que afecta derechos \u00a0 \u00a0 \u00a0 \u00a0 \u00a0fundamentales.<\/p>\n<p>f. Decisi\u00f3n \u00a0 \u00a0 \u00a0 \u00a0 \u00a0sin motivaci\u00f3n, que implica el \u00a0 \u00a0 \u00a0 \u00a0 \u00a0incumplimiento de los funcionarios judiciales de explicitar los \u00a0 \u00a0 \u00a0 \u00a0 \u00a0fundamentos f\u00e1cticos y jur\u00eddicos de sus decisiones, en \u00a0 \u00a0 \u00a0 \u00a0 \u00a0el entendido que precisamente en esa motivaci\u00f3n reposa la \u00a0 \u00a0 \u00a0 \u00a0 \u00a0legitimidad de su \u00f3rbita funcional.<\/p>\n<p>g. Desconocimiento \u00a0 \u00a0 \u00a0 \u00a0 \u00a0del precedente, hip\u00f3tesis que se presenta, por \u00a0 \u00a0 \u00a0 \u00a0 \u00a0ejemplo, cuando la Corte Constitucional establece el alcance de un \u00a0 \u00a0 \u00a0 \u00a0 \u00a0derecho fundamental y el juez ordinario aplica una ley limitando \u00a0 \u00a0 \u00a0 \u00a0 \u00a0sustancialmente dicho alcance. En estos casos la tutela procede como \u00a0 \u00a0 \u00a0 \u00a0 \u00a0mecanismo para garantizar la eficacia jur\u00eddica del contenido \u00a0 \u00a0 \u00a0 \u00a0 \u00a0constitucionalmente vinculante del derecho fundamental vulnerado \u00a0 \u00a0 \u00a0 \u00a0 \u00a0[5].<\/p>\n<p>h. Violaci\u00f3n \u00a0 \u00a0 \u00a0 \u00a0 \u00a0directa de la Constituci\u00f3n. \u00a0<\/p>\n<p>Queda entonces claro que en \u00a0atenci\u00f3n a la fuerza normativa de la cosa juzgada y al respeto \u00a0de la autonom\u00eda judicial, la acci\u00f3n consagrada en el \u00a0art\u00edculo 86 de la Constituci\u00f3n Nacional, cuando se \u00a0dirige a cuestionar una decisi\u00f3n judicial, tiene car\u00e1cter \u00a0excepcional, y su prosperidad est\u00e1 atada a que se cumplan los \u00a0requisitos de procedibilidad anteriormente enunciados. De manera que \u00a0quien acude a ella tiene la carga no s\u00f3lo respecto de su \u00a0planteamiento, sino de su demostraci\u00f3n. \u00a0<\/p>\n<p>An\u00e1lisis del caso concreto. \u00a0<\/p>\n<p>La Sala confirmar\u00e1 \u00a0el fallo de tutela de primera instancia porque al consultar en la \u00a0p\u00e1gina web de la Rama Judicial el estado del proceso penal \u00a073001600045020180049500, se constata que la parte accionante acudi\u00f3 \u00a0sin que la v\u00eda ordinaria haya concluido, por lo que \u00a0efectivamente no se cumple con el requisito general de \u00a0subsidiariedad.6 \u00a0<\/p>\n<p>La Sala ha precisado que la acci\u00f3n \u00a0de tutela no fue dise\u00f1ada con miras a reemplazar al juez \u00a0competente, de ah\u00ed que no sea de recibo cuando se advierte que \u00a0el accionante cuenta con otro medio judicial para invocar la \u00a0protecci\u00f3n de los derechos fundamentales que considera le han \u00a0sido vulnerados. \u00a0<\/p>\n<p>Tal exigencia, s\u00f3lo admite \u00a0excepci\u00f3n en el evento que se trate de evitar la consumaci\u00f3n \u00a0de un perjuicio irremediable, pues de no ser as\u00ed, esto es, de \u00a0asumirse la acci\u00f3n de tutela como un mecanismo de protecci\u00f3n \u00a0alternativo, se correr\u00eda el riesgo de dejar en el vac\u00edo \u00a0las competencias de las distintas autoridades judiciales y concentrar \u00a0en la jurisdicci\u00f3n constitucional todas las decisiones \u00a0inherentes a ellas, propiciando as\u00ed, un desborde institucional \u00a0en el cumplimiento de las funciones de esta \u00faltima. \u00a0<\/p>\n<p>Corolario con lo anterior, la Sala descarta que el \u00a0accionante se encuentra ante un perjuicio irremediable porque adem\u00e1s \u00a0que est\u00e1 recibiendo la atenci\u00f3n m\u00e9dica que \u00a0requiere por parte del Hospital Federico Lleras Acosta, donde est\u00e1 \u00a0recluido, se evidencia que el pasado 12 de \u00a0noviembre el Instituto Nacional de Medicina Legal y Ciencias \u00a0Forenses Seccional Tolima valor\u00f3 al accionante, por lo que ya \u00a0fue emitido el concepto necesario para adoptar la determinaci\u00f3n \u00a0respectiva. \u00a0<\/p>\n<p>De esta manera, la Sala descarta la \u00a0urgencia, inminencia e impostergabilidad del amparo invocado y, por \u00a0ende, confirmar\u00e1 el fallo de tutela de primera instancia. \u00a0<\/p>\n<p>Por lo expuesto, \u00a0la CORTE SUPREMA DE JUSTICIA, SALA DE \u00a0CASACI\u00d3N PENAL \u2013 EN SALA DE DECISI\u00d3N DE ACCIONES \u00a0DE TUTELA N\u00b0 1, administrando justicia, en nombre de la Rep\u00fablica \u00a0y por autoridad de la Ley, \u00a0<\/p>\n<p>RESUELVE \u00a0<\/p>\n<p>\u00a0 \u00a0\u00a0 \u00a0 \u00a0 \u00a0 \u00a0<\/p>\n<p>1. CONFIRMAR el fallo de tutela \u00a0 \u00a0 \u00a0 \u00a0 \u00a0impugnado, por las razones mencionadas. \u00a0<\/p>\n<p>\u00a0 \u00a0\u00a0 \u00a0 \u00a0 \u00a0 \u00a0<\/p>\n<p>2. NOTIFICAR a los sujetos \u00a0 \u00a0 \u00a0 \u00a0 \u00a0procesales el presente fallo, por el medio m\u00e1s expedito. \u00a0<\/p>\n<p>\u00a0 \u00a0\u00a0 \u00a0 \u00a0 \u00a0 \u00a0<\/p>\n<p>3. Enviar la presente actuaci\u00f3n \u00a0 \u00a0 \u00a0 \u00a0 \u00a0a la Corte Constitucional para su eventual revisi\u00f3n, dentro \u00a0 \u00a0 \u00a0 \u00a0 \u00a0del t\u00e9rmino indicado en el art\u00edculo 31 del Decreto \u00a0 \u00a0 \u00a0 \u00a0 \u00a02591 de 1991. \u00a0<\/p>\n<p>NOTIF\u00cdQUESE Y C\u00daMPLASE \u00a0<\/p>\n<p>JOS\u00c9 \u00a0FRANCISCO ACU\u00d1A VIZCAYA \u00a0<\/p>\n<p>EUGENIO \u00a0FERN\u00c1NDEZ CARLIER \u00a0<\/p>\n<p>NUBIA YOLANDA NOVA GARC\u00cdA \u00a0<\/p>\n<p>Secretaria \u00a0<\/p>\n<p>1 \u00a0 \u00a0 \u00a0 \u00a0 \u00a0Folios 67 a 68, cuaderno 1. \u00a0<\/p>\n<p>2 \u00a0 \u00a0 \u00a0 \u00a0 \u00a0Folios 67 a 79, cuaderno 1. \u00a0<\/p>\n<p>3 \u00a0 \u00a0 \u00a0 \u00a0 \u00a0Folios 108 a 109, cuaderno 1. \u00a0<\/p>\n<p>4 \u00a0 \u00a0 \u00a0 \u00a0 \u00a0CC T-522 de 2001. \u00a0<\/p>\n<p>5 \u00a0 \u00a0 \u00a0 \u00a0 \u00a0\u00abCfr. \u00a0 \u00a0 \u00a0 \u00a0 \u00a0Sentencias T-462 de \u00a0 \u00a0 \u00a0 \u00a0 \u00a02003 ; SU-1184 de 2001 ; T-1625 de 2000 y T-1031 de 2001.\u00bb \u00a0<\/p>\n<p>6 \u00a0 \u00a0 \u00a0 \u00a0 \u00a0Folios 3 a 5, cuaderno 2. \u00a0 \u00a0 \u00a0<\/p>\n<p><\/p>\n","protected":false},"excerpt":{"rendered":"<p>\u00a0 \u00a0 \u00a0 \u00a0\u00a0 JOS\u00c9 \u00a0FRANCISCO ACU\u00d1A VIZCAYA \u00a0 Magistrado \u00a0Ponente \u00a0 STP16028-2019 \u00a0 Radicaci\u00f3n \u00a0n.\u00b0 107945 \u00a0 (Aprobaci\u00f3n Acta No.315) \u00a0 Bogot\u00e1 D.C., veintis\u00e9is (26) de \u00a0noviembre de dos mil diecinueve (2019) \u00a0 VISTOS \u00a0 Decide la Sala el \u00a0recurso de impugnaci\u00f3n interpuesto por Jos\u00e9 \u00a0Victoriano Cort\u00e9s Bri\u00f1ez, \u00a0mediante agente oficioso, contra el fallo [&hellip;]<\/p>\n","protected":false},"author":1,"featured_media":0,"comment_status":"open","ping_status":"open","sticky":false,"template":"","format":"standard","meta":{"footnotes":""},"categories":[28],"tags":[],"class_list":["post-46621","post","type-post","status-publish","format-standard","hentry","category-28"],"_links":{"self":[{"href":"https:\/\/dmsjuridica.com\/buscador_20179478954\/salapenalcronologico20230723\/wp-json\/wp\/v2\/posts\/46621","targetHints":{"allow":["GET"]}}],"collection":[{"href":"https:\/\/dmsjuridica.com\/buscador_20179478954\/salapenalcronologico20230723\/wp-json\/wp\/v2\/posts"}],"about":[{"href":"https:\/\/dmsjuridica.com\/buscador_20179478954\/salapenalcronologico20230723\/wp-json\/wp\/v2\/types\/post"}],"author":[{"embeddable":true,"href":"https:\/\/dmsjuridica.com\/buscador_20179478954\/salapenalcronologico20230723\/wp-json\/wp\/v2\/users\/1"}],"replies":[{"embeddable":true,"href":"https:\/\/dmsjuridica.com\/buscador_20179478954\/salapenalcronologico20230723\/wp-json\/wp\/v2\/comments?post=46621"}],"version-history":[{"count":0,"href":"https:\/\/dmsjuridica.com\/buscador_20179478954\/salapenalcronologico20230723\/wp-json\/wp\/v2\/posts\/46621\/revisions"}],"wp:attachment":[{"href":"https:\/\/dmsjuridica.com\/buscador_20179478954\/salapenalcronologico20230723\/wp-json\/wp\/v2\/media?parent=46621"}],"wp:term":[{"taxonomy":"category","embeddable":true,"href":"https:\/\/dmsjuridica.com\/buscador_20179478954\/salapenalcronologico20230723\/wp-json\/wp\/v2\/categories?post=46621"},{"taxonomy":"post_tag","embeddable":true,"href":"https:\/\/dmsjuridica.com\/buscador_20179478954\/salapenalcronologico20230723\/wp-json\/wp\/v2\/tags?post=46621"}],"curies":[{"name":"wp","href":"https:\/\/api.w.org\/{rel}","templated":true}]}}