{"id":46276,"date":"2023-09-14T22:01:22","date_gmt":"2023-09-14T22:01:22","guid":{"rendered":"https:\/\/dmsjuridica.com\/buscador_20179478954\/salapenalcronologico20230723\/2023\/09\/14\/stp15108-2019\/"},"modified":"2023-09-14T22:01:22","modified_gmt":"2023-09-14T22:01:22","slug":"stp15108-2019","status":"publish","type":"post","link":"https:\/\/dmsjuridica.com\/buscador_20179478954\/salapenalcronologico20230723\/2023\/09\/14\/stp15108-2019\/","title":{"rendered":"STP15108-2019"},"content":{"rendered":"\n<p>\u00a0 \u00a0 \u00a0 \u00a0\u00a0<\/p>\n<p>JOS\u00c9 \u00a0FRANCISCO ACU\u00d1A VIZCAYA \u00a0<\/p>\n<p>Magistrado \u00a0Ponente \u00a0<\/p>\n<p>STP15108 \u00a0&#8211; 2019 \u00a0<\/p>\n<p>Radicaci\u00f3n \u00a0n.\u00b0 107330 \u00a0<\/p>\n<p>(Aprobaci\u00f3n \u00a0Acta No. 279) \u00a0<\/p>\n<p>Bogot\u00e1 D.C., veintid\u00f3s \u00a0(22) de octubre de dos mil diecinueve (2019) \u00a0<\/p>\n<p>VISTOS \u00a0<\/p>\n<p>Resuelve la Sala de Casaci\u00f3n \u00a0Penal de la Corte Suprema de Justicia, Sala de Decisi\u00f3n de \u00a0Tutelas, la acci\u00f3n interpuesta por Leila Dolores Merlo \u00a0Arguello contra la Sala de Casaci\u00f3n Laboral de esta \u00a0Corporaci\u00f3n Judicial y la Sala Laboral del Tribunal Superior \u00a0del Distrito Judicial de Bogot\u00e1, por la presunta vulneraci\u00f3n \u00a0de los derechos fundamentales al debido proceso, defensa y acceso a \u00a0la administraci\u00f3n de justicia. \u00a0<\/p>\n<p>Fueron vinculados como terceros con \u00a0inter\u00e9s leg\u00edtimo en el asunto el Juzgado 18 Laboral del \u00a0Circuito de Bogot\u00e1, la empresa Autotoyota S.A. y las dem\u00e1s \u00a0partes, autoridades e intervinientes en el proceso laboral de \u00a0radicado 11001 31 050 18 2013 00016 (en sede de casaci\u00f3n bajo \u00a0el radicado 73281). \u00a0<\/p>\n<p>ANTECEDENTES \u00a0<\/p>\n<p>Y \u00a0<\/p>\n<p>FUNDAMENTOS \u00a0DE LA ACCI\u00d3N \u00a0<\/p>\n<p>A partir de la solicitud de amparo se \u00a0extraen los siguientes hechos: \u00a0<\/p>\n<p>\u00a0 \u00a0\u00a0 \u00a0 \u00a0 \u00a0 \u00a0<\/p>\n<p>1. Inform\u00f3 la libelista \u00a0 \u00a0 \u00a0 \u00a0 \u00a0que interpuso demanda laboral ordinaria en contra de Autotoyota S.A. \u00a0 \u00a0 \u00a0 \u00a0 \u00a0con la finalidad de obtener el reajuste salarial y prestacional \u00a0 \u00a0 \u00a0 \u00a0 \u00a0correspondiente. Luego de surtido el tr\u00e1mite procesal \u00a0 \u00a0 \u00a0 \u00a0 \u00a0pertinente, el 3 de junio de 2014, el Juzgado 18 Laboral del \u00a0 \u00a0 \u00a0 \u00a0 \u00a0Circuito de Bogot\u00e1 emiti\u00f3 sentencia de fondo, \u00a0 \u00a0 \u00a0 \u00a0 \u00a0condenando a la demandada a la liquidaci\u00f3n de horas extras, \u00a0 \u00a0 \u00a0 \u00a0 \u00a0prima de servicios, vacaciones, aportes a la seguridad social, \u00a0 \u00a0 \u00a0 \u00a0 \u00a0cesant\u00edas e inter\u00e9s de las mismas, las dem\u00e1s \u00a0 \u00a0 \u00a0 \u00a0 \u00a0pretensiones fueron negadas, raz\u00f3n por la cual, la decisi\u00f3n \u00a0 \u00a0 \u00a0 \u00a0 \u00a0fue apelada por los extremos procesales. \u00a0<\/p>\n<p>\u00a0 \u00a0\u00a0 \u00a0 \u00a0 \u00a0 \u00a0<\/p>\n<p>2. Expuso la accionante que el 27 de febrero de \u00a0 \u00a0 \u00a0 \u00a0 \u00a02015 la Sala Laboral del Tribunal Superior del Distrito Judicial de \u00a0 \u00a0 \u00a0 \u00a0 \u00a0Bogot\u00e1 profiri\u00f3 el fallo de \u00a0 \u00a0 \u00a0 \u00a0 \u00a0segunda instancia, absolviendo a la demandada de las condenas \u00a0 \u00a0 \u00a0 \u00a0 \u00a0impuestas en primera instancia, motivo por el que se interpuso \u00a0 \u00a0 \u00a0 \u00a0 \u00a0recurso extraordinario de casaci\u00f3n. \u00a0<\/p>\n<p>\u00a0 \u00a0\u00a0 \u00a0 \u00a0 \u00a0 \u00a0<\/p>\n<p>3. Manifest\u00f3 la parte \u00a0 \u00a0 \u00a0 \u00a0 \u00a0actora que el 7 de septiembre de 2015, su apoderada judicial \u00a0 \u00a0 \u00a0 \u00a0 \u00a0present\u00f3 renuncia al poder conferido, lo cual se reiter\u00f3 \u00a0 \u00a0 \u00a0 \u00a0 \u00a0el 13 de octubre del mismo a\u00f1o, postulaci\u00f3n que fue \u00a0 \u00a0 \u00a0 \u00a0 \u00a0aceptada por el Tribunal accionado mediante auto del 29 de \u00a0 \u00a0 \u00a0 \u00a0 \u00a0septiembre de esa anualidad. \u00a0<\/p>\n<p>\u00a0 \u00a0\u00a0 \u00a0 \u00a0 \u00a0 \u00a0<\/p>\n<p>4. Rese\u00f1\u00f3 la \u00a0 \u00a0 \u00a0 \u00a0 \u00a0promotora del amparo que el 11 de mayo de 2016, la Sala de \u00a0 \u00a0 \u00a0 \u00a0 \u00a0Casaci\u00f3n Laboral de esta Corporaci\u00f3n Judicial admiti\u00f3 \u00a0 \u00a0 \u00a0 \u00a0 \u00a0el recurso de casaci\u00f3n y dio traslado del mismo al recurrente \u00a0 \u00a0 \u00a0 \u00a0 \u00a0para su sustentaci\u00f3n dentro del t\u00e9rmino de ley, el que \u00a0 \u00a0 \u00a0 \u00a0 \u00a0feneci\u00f3 el 13 de julio de 2016. \u00a0<\/p>\n<p>\u00a0 \u00a0\u00a0 \u00a0 \u00a0 \u00a0 \u00a0<\/p>\n<p>5. Indic\u00f3 la demandante \u00a0 \u00a0 \u00a0 \u00a0 \u00a0que por auto del 25 de enero de 2017 se declar\u00f3 desierto el \u00a0 \u00a0 \u00a0 \u00a0 \u00a0medio extraordinario de impugnaci\u00f3n. \u00a0<\/p>\n<p>\u00a0 \u00a0\u00a0 \u00a0 \u00a0 \u00a0 \u00a0<\/p>\n<p>6. Bajo ese marco f\u00e1ctico, \u00a0 \u00a0 \u00a0 \u00a0 \u00a0la parte actora pretende la prosperidad del amparo \u00a0 \u00a0 \u00a0 \u00a0 \u00a0constitucional, con la pretensi\u00f3n sustancial que se amparen \u00a0 \u00a0 \u00a0 \u00a0 \u00a0los derechos fundamentales invocados, y para ello, i) se dejen si \u00a0 \u00a0 \u00a0 \u00a0 \u00a0efectos las providencias del 29 de septiembre de 2015, 11 de mayo de \u00a0 \u00a0 \u00a0 \u00a0 \u00a02016, 25 de enero de 2017 y, ii) se declare la nulidad de la \u00a0 \u00a0 \u00a0 \u00a0 \u00a0actuaci\u00f3n desde el 29 de septiembre de 2015 o 11 de mayo de \u00a0 \u00a0 \u00a0 \u00a0 \u00a02016, en aras de que se le garantice la oportunidad de nombrar nuevo \u00a0 \u00a0 \u00a0 \u00a0 \u00a0apoderado judicial y se le brinde la oportunidad de sustentar el \u00a0 \u00a0 \u00a0 \u00a0 \u00a0recurso extraordinario de casaci\u00f3n impetrado. \u00a0<\/p>\n<p>RESPUESTA DE LAS AUTORIDADES ACCIONADAS Y \u00a0VINCULADAS \u00a0<\/p>\n<p>\u00a0 \u00a0\u00a0 \u00a0 \u00a0 \u00a0 \u00a0<\/p>\n<p>1. Las partes e intervinientes \u00a0 \u00a0 \u00a0 \u00a0 \u00a0dentro del presente tr\u00e1mite constitucional, guardaron \u00a0 \u00a0 \u00a0 \u00a0 \u00a0silencio. \u00a0<\/p>\n<p>CONSIDERACIONES DE LA SALA \u00a0<\/p>\n<p>\u00a0 \u00a0\u00a0 \u00a0 \u00a0 \u00a0 \u00a0<\/p>\n<p>1. De \u00a0 \u00a0 \u00a0 \u00a0 \u00a0conformidad con lo previsto en el art\u00edculo 37 del Decreto \u00a0 \u00a0 \u00a0 \u00a0 \u00a02591 de 1991, los numerales 5 y 11 del art\u00edculo 2.2.3.1.2.1 \u00a0 \u00a0 \u00a0 \u00a0 \u00a0del Decreto 1069 de 2015, modificado por el art\u00edculo 1 del \u00a0 \u00a0 \u00a0 \u00a0 \u00a0Decreto 1983 de 2017, y el art\u00edculo \u00a0 \u00a0 \u00a0 \u00a0 \u00a044 del Reglamento General de esta Corporaci\u00f3n, esta Sala es \u00a0 \u00a0 \u00a0 \u00a0 \u00a0competente para resolver la acci\u00f3n de tutela interpuesta por \u00a0 \u00a0 \u00a0 \u00a0 \u00a0Leila Dolores Merlo Arguello contra la Sala de Casaci\u00f3n \u00a0 \u00a0 \u00a0 \u00a0 \u00a0Laboral de esta Corporaci\u00f3n Judicial y la Sala Laboral del \u00a0 \u00a0 \u00a0 \u00a0 \u00a0Tribunal Superior del Distrito Judicial de Bogot\u00e1. \u00a0<\/p>\n<p>\u00a0 \u00a0\u00a0 \u00a0 \u00a0 \u00a0 \u00a0<\/p>\n<p>2. Al \u00a0 \u00a0 \u00a0 \u00a0 \u00a0respecto, el problema jur\u00eddico que convoca a la Sala consiste \u00a0 \u00a0 \u00a0 \u00a0 \u00a0en determinar si frente a las providencias del 29 de \u00a0 \u00a0 \u00a0 \u00a0 \u00a0septiembre de 2015, 11 de mayo de 2016, 25 de enero de 2017, por las \u00a0 \u00a0 \u00a0 \u00a0 \u00a0que i) se acept\u00f3 la renuncia del poder conferido por la \u00a0 \u00a0 \u00a0 \u00a0 \u00a0demandante, ii) se admiti\u00f3 el recurso de casaci\u00f3n y \u00a0 \u00a0 \u00a0 \u00a0 \u00a0orden\u00f3 el traslado para su sustentaci\u00f3n y, iii) se \u00a0 \u00a0 \u00a0 \u00a0 \u00a0declar\u00f3 desierto el medio de impugnaci\u00f3n en comento, \u00a0 \u00a0 \u00a0 \u00a0 \u00a0en su orden, se configuran los \u00a0 \u00a0 \u00a0 \u00a0 \u00a0requisitos de procedibilidad de la acci\u00f3n de tutela contra \u00a0 \u00a0 \u00a0 \u00a0 \u00a0providencias judiciales y, por ende, debe concederse el amparo \u00a0 \u00a0 \u00a0 \u00a0 \u00a0invocado. \u00a0<\/p>\n<p>\u00a0 \u00a0\u00a0 \u00a0 \u00a0 \u00a0 \u00a0<\/p>\n<p>3. Requisitos \u00a0 \u00a0 \u00a0 \u00a0 \u00a0de procedibilidad de la acci\u00f3n de tutela contra decisiones \u00a0 \u00a0 \u00a0 \u00a0 \u00a0judiciales \u00a0<\/p>\n<p>\u00a0 \u00a0\u00a0 \u00a0 \u00a0 \u00a0 \u00a0 \u00a0 \u00a0 \u00a0 \u00a0 \u00a0 \u00a0 \u00a0 \u00a0 \u00a0<\/p>\n<p>1. El art\u00edculo 86 de la Constituci\u00f3n \u00a0 \u00a0 \u00a0 \u00a0 \u00a0 \u00a0 \u00a0 \u00a0 \u00a0Pol\u00edtica establece que toda persona tiene derecho a promover \u00a0 \u00a0 \u00a0 \u00a0 \u00a0 \u00a0 \u00a0 \u00a0 \u00a0acci\u00f3n de tutela ante los jueces con miras a obtener la \u00a0 \u00a0 \u00a0 \u00a0 \u00a0 \u00a0 \u00a0 \u00a0 \u00a0protecci\u00f3n inmediata de sus garant\u00edas fundamentales, \u00a0 \u00a0 \u00a0 \u00a0 \u00a0 \u00a0 \u00a0 \u00a0 \u00a0cuando por acci\u00f3n u omisi\u00f3n le sean vulnerados o \u00a0 \u00a0 \u00a0 \u00a0 \u00a0 \u00a0 \u00a0 \u00a0 \u00a0amenazados por cualquier autoridad p\u00fablica o por \u00a0 \u00a0 \u00a0 \u00a0 \u00a0 \u00a0 \u00a0 \u00a0 \u00a0particulares en los casos expresamente previstos en la ley, siempre \u00a0 \u00a0 \u00a0 \u00a0 \u00a0 \u00a0 \u00a0 \u00a0 \u00a0que no haya otro medio de defensa judicial, o existiendo, cuando la \u00a0 \u00a0 \u00a0 \u00a0 \u00a0 \u00a0 \u00a0 \u00a0 \u00a0tutela se utilice de forma transitoria para evitar la \u00a0 \u00a0 \u00a0 \u00a0 \u00a0 \u00a0 \u00a0 \u00a0 \u00a0materializaci\u00f3n de un perjuicio irremediable. \u00a0 \u00a0<\/p>\n<p>Ha precisado la Sala que las \u00a0caracter\u00edsticas de subsidiariedad y residualidad que son \u00a0predicables de la acci\u00f3n de tutela, aparejan como consecuencia \u00a0que no pueda acudirse a tal mecanismo excepcional de amparo para \u00a0lograr la intervenci\u00f3n del juez constitucional en procesos en \u00a0tr\u00e1mite, porque ello a m\u00e1s de desnaturalizar su \u00a0esencia, socava postulados constitucionales como la independencia y \u00a0la autonom\u00eda funcionales que rigen la actividad de la Rama \u00a0Judicial al tenor de la preceptiva contenida en el art\u00edculo \u00a0228 de la Carta Pol\u00edtica. \u00a0<\/p>\n<p>\u00a0 \u00a0\u00a0 \u00a0 \u00a0 \u00a0 \u00a0 \u00a0 \u00a0 \u00a0 \u00a0 \u00a0 \u00a0 \u00a0 \u00a0 \u00a0<\/p>\n<p>2. En \u00a0 \u00a0 \u00a0 \u00a0 \u00a0 \u00a0 \u00a0 \u00a0 \u00a0trat\u00e1ndose de la procedencia de la acci\u00f3n de tutela \u00a0 \u00a0 \u00a0 \u00a0 \u00a0 \u00a0 \u00a0 \u00a0 \u00a0para cuestionar decisiones judiciales, salvo que comporten \u00a0 \u00a0 \u00a0 \u00a0 \u00a0 \u00a0 \u00a0 \u00a0 \u00a0v\u00edas de hecho, la acci\u00f3n es improcedente, porque su \u00a0 \u00a0 \u00a0 \u00a0 \u00a0 \u00a0 \u00a0 \u00a0 \u00a0finalidad no es la de revivir oportunidades o momentos procesales \u00a0 \u00a0 \u00a0 \u00a0 \u00a0 \u00a0 \u00a0 \u00a0 \u00a0culminados, reponer t\u00e9rminos de ejecutoria que permitan la \u00a0 \u00a0 \u00a0 \u00a0 \u00a0 \u00a0 \u00a0 \u00a0 \u00a0impugnaci\u00f3n de las decisiones, y tampoco constituirse en el \u00a0 \u00a0 \u00a0 \u00a0 \u00a0 \u00a0 \u00a0 \u00a0 \u00a0escenario donde puedan efectuarse valoraciones probatorias \u00a0 \u00a0 \u00a0 \u00a0 \u00a0 \u00a0 \u00a0 \u00a0 \u00a0diferentes a la que realiz\u00f3 el juez de conocimiento, a quien \u00a0 \u00a0 \u00a0 \u00a0 \u00a0 \u00a0 \u00a0 \u00a0 \u00a0corresponde hacer esa labor de acuerdo con la competencia que le \u00a0 \u00a0 \u00a0 \u00a0 \u00a0 \u00a0 \u00a0 \u00a0 \u00a0asigna la ley. \u00a0 \u00a0<\/p>\n<p>Si as\u00ed \u00a0fuera, ha dicho la Corte, el recurso de amparo, instrumento de \u00a0defensa de derechos fundamentales, trocar\u00eda en medio adverso a \u00a0la seguridad jur\u00eddica y a la estabilidad social. Por estas \u00a0razones el juez de tutela debe respetar las competencias regladas \u00a0atribuidas a otras autoridades, sin afectar su autonom\u00eda. \u00a0<\/p>\n<p>\u00a0 \u00a0\u00a0 \u00a0 \u00a0 \u00a0 \u00a0 \u00a0 \u00a0 \u00a0 \u00a0 \u00a0 \u00a0 \u00a0 \u00a0 \u00a0<\/p>\n<p>3. Como ha sido \u00a0 \u00a0 \u00a0 \u00a0 \u00a0 \u00a0 \u00a0 \u00a0 \u00a0recurrentemente recordado por esta Sala, la acci\u00f3n \u00a0 \u00a0 \u00a0 \u00a0 \u00a0 \u00a0 \u00a0 \u00a0 \u00a0constitucional de tutela es un mecanismo de protecci\u00f3n \u00a0 \u00a0 \u00a0 \u00a0 \u00a0 \u00a0 \u00a0 \u00a0 \u00a0excepcional frente a providencias judiciales, su prosperidad va \u00a0 \u00a0 \u00a0 \u00a0 \u00a0 \u00a0 \u00a0 \u00a0 \u00a0ligada al cumplimiento de estrictos requisitos \u00a0 \u00a0 \u00a0 \u00a0 \u00a0 \u00a0 \u00a0 \u00a0 \u00a0de procedibilidad que implican una \u00a0 \u00a0 \u00a0 \u00a0 \u00a0 \u00a0 \u00a0 \u00a0 \u00a0carga para el accionante, tanto en su planteamiento como en su \u00a0 \u00a0 \u00a0 \u00a0 \u00a0 \u00a0 \u00a0 \u00a0 \u00a0demostraci\u00f3n, como lo ha expuesto la propia Corte \u00a0 \u00a0 \u00a0 \u00a0 \u00a0 \u00a0 \u00a0 \u00a0 \u00a0Constitucional.1 \u00a0 \u00a0<\/p>\n<p>Por este motivo, y como ha sido \u00a0desarrollado por la jurisprudencia constitucional, la acci\u00f3n \u00a0de tutela contra providencias judiciales exige: \u00a0<\/p>\n<p>a. Que la cuesti\u00f3n que se \u00a0discuta resulte de evidente relevancia constitucional. \u00a0<\/p>\n<p>b. Que hayan sido \u00a0agotados todos los medios -ordinarios y extraordinarios- de defensa \u00a0judicial al alcance de la persona afectada, salvo que se trate de \u00a0evitar la consumaci\u00f3n de un perjuicio iusfundamental \u00a0irremediable. \u00a0<\/p>\n<p>c. Que se cumpla \u00a0el requisito de la inmediatez, es decir, que la tutela se hubiere \u00a0interpuesto en un t\u00e9rmino razonable y proporcionado a partir \u00a0del hecho que origin\u00f3 la vulneraci\u00f3n. \u00a0<\/p>\n<p>d. Cuando se trate de una \u00a0irregularidad procesal, debe quedar claro que la misma tiene un \u00a0efecto decisivo o determinante en la sentencia que se impugna y que \u00a0ata\u00f1e a los derechos fundamentales del accionante. \u00a0<\/p>\n<p>e. Que el \u00a0accionante identifique de manera razonable tanto los hechos que \u00a0generaron la vulneraci\u00f3n como los derechos vulnerados y que \u00a0hubiere alegado tal vulneraci\u00f3n en el proceso judicial, \u00a0siempre que esto hubiere sido posible. \u00a0<\/p>\n<p>f. Que la decisi\u00f3n \u00a0judicial contra la cual se formula la acci\u00f3n de tutela no se \u00a0corresponda con sentencias de tutela. \u00a0<\/p>\n<p>Los anteriores \u00a0requisitos, no pueden quedarse en meros enunciados, pues han sido \u00a0reiterados por la Corte Constitucional, primero en la sentencia C-590 \u00a0de 2005, luego en las decisiones T-332, T-212 y T-780 de 2006, \u00a0reforzando lo dicho en la primera de las mencionadas providencias, en \u00a0el sentido que, cuando se trata de acciones \u00a0de tutela contra providencias judiciales, las mismas solo pueden \u00a0tener cabida \u00ab\u2026si se \u00a0cumplen ciertos y rigurosos requisitos de procedibilidad. Dentro de \u00a0estos pueden distinguirse unos de car\u00e1cter general, que \u00a0habilitan la interposici\u00f3n de la tutela, y otros de car\u00e1cter \u00a0espec\u00edfico, que tocan con la procedencia misma del amparo, una \u00a0vez interpuesta\u00bb (Textual). \u00a0<\/p>\n<p>En punto de las exigencias \u00a0espec\u00edficas, como fue recogido en la sentencia C-590 de 2005, \u00a0han sido establecidas las que a continuaci\u00f3n se relacionan: \u00a0<\/p>\n<p>a. \u00a0 \u00a0 \u00a0 \u00a0Defecto \u00a0org\u00e1nico, que se presenta cuando el funcionario judicial que \u00a0profiri\u00f3 la providencia impugnada carece absolutamente de \u00a0competencia para ello. \u00a0 \u00a0 \u00a0 \u00a0 \u00a0 \u00a0<\/p>\n<p>2. Defecto procedimental absoluto, que se origina cuando el juez actu\u00f3 \u00a0 \u00a0 \u00a0 \u00a0 \u00a0completamente al margen del procedimiento establecido.<\/p>\n<p>3. Defecto f\u00e1ctico, el cual surge cuando el juez carece del \u00a0 \u00a0 \u00a0 \u00a0 \u00a0apoyo probatorio que permita la aplicaci\u00f3n del supuesto legal \u00a0 \u00a0 \u00a0 \u00a0 \u00a0en el que se sustenta la decisi\u00f3n.<\/p>\n<p>4. Defecto \u00a0 \u00a0 \u00a0 \u00a0 \u00a0material o sustantivo, como son los casos en que se decide con base \u00a0 \u00a0 \u00a0 \u00a0 \u00a0en normas inexistentes o inconstitucionales2 \u00a0 \u00a0 \u00a0 \u00a0 \u00a0o que presentan una evidente y grosera contradicci\u00f3n entre \u00a0 \u00a0 \u00a0 \u00a0 \u00a0los fundamentos y la decisi\u00f3n;<\/p>\n<p>5. Error inducido, el cual surge cuando el juez o tribunal fue v\u00edctima \u00a0 \u00a0 \u00a0 \u00a0 \u00a0de un enga\u00f1o por parte de terceros y ese enga\u00f1o lo \u00a0 \u00a0 \u00a0 \u00a0 \u00a0condujo a la toma de una decisi\u00f3n que afecta derechos \u00a0 \u00a0 \u00a0 \u00a0 \u00a0fundamentales.<\/p>\n<p>6. Decisi\u00f3n \u00a0 \u00a0 \u00a0 \u00a0 \u00a0sin \u00a0 \u00a0 \u00a0 \u00a0 \u00a0motivaci\u00f3n, que implica el incumplimiento de los funcionarios \u00a0 \u00a0 \u00a0 \u00a0 \u00a0judiciales de explicitar los fundamentos f\u00e1cticos y jur\u00eddicos \u00a0 \u00a0 \u00a0 \u00a0 \u00a0de sus decisiones, en el entendido que precisamente en esa \u00a0 \u00a0 \u00a0 \u00a0 \u00a0motivaci\u00f3n reposa la legitimidad de su \u00f3rbita \u00a0 \u00a0 \u00a0 \u00a0 \u00a0funcional.<\/p>\n<p>7. Desconocimiento \u00a0 \u00a0 \u00a0 \u00a0 \u00a0del precedente, hip\u00f3tesis que se presenta, por ejemplo, \u00a0 \u00a0 \u00a0 \u00a0 \u00a0cuando la Corte Constitucional establece el alcance de un derecho \u00a0 \u00a0 \u00a0 \u00a0 \u00a0fundamental y el juez ordinario aplica una ley limitando \u00a0 \u00a0 \u00a0 \u00a0 \u00a0sustancialmente dicho alcance. En estos casos la tutela procede como \u00a0 \u00a0 \u00a0 \u00a0 \u00a0mecanismo para garantizar la eficacia jur\u00eddica del contenido \u00a0 \u00a0 \u00a0 \u00a0 \u00a0constitucionalmente vinculante del derecho fundamental vulnerado3.<\/p>\n<p>8. Violaci\u00f3n \u00a0 \u00a0 \u00a0 \u00a0 \u00a0directa de la Constituci\u00f3n. \u00a0 \u00a0 \u00a0 \u00a0 \u00a0(Textual). \u00a0<\/p>\n<p>Queda entonces claro \u00a0que en atenci\u00f3n a la fuerza normativa de la \u00a0cosa juzgada y al respeto de la autonom\u00eda judicial, la acci\u00f3n \u00a0consagrada en el art\u00edculo 86 de la Constituci\u00f3n \u00a0Nacional, cuando se dirige a cuestionar una decisi\u00f3n judicial, \u00a0tiene car\u00e1cter excepcional, y su prosperidad est\u00e1 atada \u00a0a que se cumplan los requisitos de procedibilidad anteriormente \u00a0enunciados. De manera que quien acude a ella tiene la carga no s\u00f3lo \u00a0respecto de su planteamiento, sino de su demostraci\u00f3n. \u00a0<\/p>\n<p>\u00a0 \u00a0\u00a0 \u00a0 \u00a0 \u00a0 \u00a0<\/p>\n<p>3. An\u00e1lisis del caso \u00a0 \u00a0 \u00a0 \u00a0 \u00a0concreto \u00a0<\/p>\n<p>\u00a0 \u00a0\u00a0 \u00a0 \u00a0 \u00a0 \u00a0 \u00a0 \u00a0 \u00a0 \u00a0 \u00a0 \u00a0 \u00a0 \u00a0 \u00a0<\/p>\n<p>1. En el \u00a0 \u00a0 \u00a0 \u00a0 \u00a0 \u00a0 \u00a0 \u00a0 \u00a0presente caso se encuentra que la censura constitucional propuesta \u00a0 \u00a0 \u00a0 \u00a0 \u00a0 \u00a0 \u00a0 \u00a0 \u00a0por la parte actora se dirige a denunciar que las providencias \u00a0 \u00a0 \u00a0 \u00a0 \u00a0 \u00a0 \u00a0 \u00a0 \u00a0confutadas adolecen de defecto sustantivo o material, org\u00e1nico \u00a0 \u00a0 \u00a0 \u00a0 \u00a0 \u00a0 \u00a0 \u00a0 \u00a0y procedimental absoluto, al considerar que la aceptaci\u00f3n de \u00a0 \u00a0 \u00a0 \u00a0 \u00a0 \u00a0 \u00a0 \u00a0 \u00a0la renuncia al mandato judicial por ella otorgado se dio sin el \u00a0 \u00a0 \u00a0 \u00a0 \u00a0 \u00a0 \u00a0 \u00a0 \u00a0lleno de los requisitos previstos en el art\u00edculo 69 del \u00a0 \u00a0 \u00a0 \u00a0 \u00a0 \u00a0 \u00a0 \u00a0 \u00a0CPC., por cuanto la profesional del derecho nunca cumpli\u00f3 \u00a0 \u00a0 \u00a0 \u00a0 \u00a0 \u00a0 \u00a0 \u00a0 \u00a0con la comunicaci\u00f3n exigida, situaci\u00f3n que deriv\u00f3 \u00a0 \u00a0 \u00a0 \u00a0 \u00a0 \u00a0 \u00a0 \u00a0 \u00a0en la imposibilidad de sustentar en debida forma el recurso \u00a0 \u00a0 \u00a0 \u00a0 \u00a0 \u00a0 \u00a0 \u00a0 \u00a0extraordinario de casaci\u00f3n interpuesto dentro del proceso \u00a0 \u00a0 \u00a0 \u00a0 \u00a0 \u00a0 \u00a0 \u00a0 \u00a0laboral rese\u00f1ado, y por tanto, el procedimiento estuvo \u00a0 \u00a0 \u00a0 \u00a0 \u00a0 \u00a0 \u00a0 \u00a0 \u00a0viciado por la presencia de la irregularidad denunciada. \u00a0 \u00a0<\/p>\n<p>\u00a0 \u00a0\u00a0 \u00a0 \u00a0 \u00a0 \u00a0 \u00a0 \u00a0 \u00a0 \u00a0 \u00a0 \u00a0 \u00a0 \u00a0 \u00a0<\/p>\n<p>2. En el caso \u00a0 \u00a0 \u00a0 \u00a0 \u00a0 \u00a0 \u00a0 \u00a0 \u00a0bajo examen, a partir del marco jur\u00eddico presentado y la \u00a0 \u00a0 \u00a0 \u00a0 \u00a0 \u00a0 \u00a0 \u00a0 \u00a0revisi\u00f3n de las pruebas obrantes en el plenario, refulge con \u00a0 \u00a0 \u00a0 \u00a0 \u00a0 \u00a0 \u00a0 \u00a0 \u00a0claridad para la Sala que la solicitud de amparo, no cumple con el \u00a0 \u00a0 \u00a0 \u00a0 \u00a0 \u00a0 \u00a0 \u00a0 \u00a0requisito general de procedibilidad \u00abque \u00a0 \u00a0 \u00a0 \u00a0 \u00a0 \u00a0 \u00a0 \u00a0 \u00a0la tutela se hubiere interpuesto en un t\u00e9rmino razonable y \u00a0 \u00a0 \u00a0 \u00a0 \u00a0 \u00a0 \u00a0 \u00a0 \u00a0proporcionado a partir del hecho que origin\u00f3 la \u00a0 \u00a0 \u00a0 \u00a0 \u00a0 \u00a0 \u00a0 \u00a0 \u00a0vulneraci\u00f3n\u00bb. \u00a0 \u00a0<\/p>\n<p>\u00a0 \u00a0\u00a0 \u00a0 \u00a0 \u00a0 \u00a0 \u00a0 \u00a0 \u00a0 \u00a0 \u00a0 \u00a0 \u00a0 \u00a0 \u00a0 \u00a0 \u00a0 \u00a0 \u00a0 \u00a0 \u00a0 \u00a0 \u00a0 \u00a0 \u00a0 \u00a0 \u00a0 \u00a0<\/p>\n<p>1. Por tanto, en lo atinente \u00a0 \u00a0 \u00a0 \u00a0 \u00a0 \u00a0 \u00a0 \u00a0 \u00a0 \u00a0 \u00a0 \u00a0 \u00a0al principio de inmediatez que rige la acci\u00f3n de tutela \u00a0 \u00a0 \u00a0 \u00a0 \u00a0 \u00a0 \u00a0 \u00a0 \u00a0 \u00a0 \u00a0 \u00a0 \u00a0formulada contra decisiones judiciales, la Corte Constitucional \u00a0 \u00a0 \u00a0 \u00a0 \u00a0 \u00a0 \u00a0 \u00a0 \u00a0 \u00a0 \u00a0 \u00a0 \u00a0mediante la sentencia T-328 de 2010 determin\u00f3 que el plazo \u00a0 \u00a0 \u00a0 \u00a0 \u00a0 \u00a0 \u00a0 \u00a0 \u00a0 \u00a0 \u00a0 \u00a0 \u00a0razonable se determina a partir de las particularidades de cada \u00a0 \u00a0 \u00a0 \u00a0 \u00a0 \u00a0 \u00a0 \u00a0 \u00a0 \u00a0 \u00a0 \u00a0 \u00a0caso, de manera que \u00abEn algunos \u00a0 \u00a0 \u00a0 \u00a0 \u00a0 \u00a0 \u00a0 \u00a0 \u00a0 \u00a0 \u00a0 \u00a0 \u00a0casos, seis (6) meses podr\u00edan resultar suficientes para \u00a0 \u00a0 \u00a0 \u00a0 \u00a0 \u00a0 \u00a0 \u00a0 \u00a0 \u00a0 \u00a0 \u00a0 \u00a0declarar la tutela improcedente; pero, en otros eventos, un \u00a0 \u00a0 \u00a0 \u00a0 \u00a0 \u00a0 \u00a0 \u00a0 \u00a0 \u00a0 \u00a0 \u00a0 \u00a0t\u00e9rmino de 2 a\u00f1os se podr\u00eda considerar \u00a0 \u00a0 \u00a0 \u00a0 \u00a0 \u00a0 \u00a0 \u00a0 \u00a0 \u00a0 \u00a0 \u00a0 \u00a0razonable para ejercer la acci\u00f3n de tutela\u2026\u00bb. \u00a0 \u00a0 \u00a0 \u00a0 \u00a0 \u00a0 \u00a0<\/p>\n<p>Como fue recordado por esta Sala, la \u00a0jurisprudencia ha trazado unas reglas para determinar si la acci\u00f3n \u00a0de tutela presentada cumple con el requisito de inmediatez, las \u00a0cuales fueron recogidas por la Corte Constitucional mediante la \u00a0sentencia T-243 de 2008: \u00a0<\/p>\n<p>Ahora \u00a0bien, \u00bfcu\u00e1les factores deben ser tenidos en cuenta para \u00a0determinar la razonabilidad del lapso? La Corte ha establecido, \u00a0cuando menos, cuatro de ellos: (i) si existe un motivo v\u00e1lido \u00a0para la inactividad de los accionantes; (ii) si la inactividad \u00a0justificada vulnera el n\u00facleo esencial de los derechos de \u00a0terceros afectados con la decisi\u00f3n; (iii) si existe un nexo \u00a0causal entre el ejercicio tard\u00edo de la acci\u00f3n y la \u00a0vulneraci\u00f3n de los derechos fundamentales del interesado; (iv) \u00a0si el fundamento de la acci\u00f3n de tutela surgi\u00f3 despu\u00e9s \u00a0de acaecida la actuaci\u00f3n violatoria de los derechos \u00a0fundamentales, de cualquier forma en un plazo no muy alejado de la \u00a0fecha de interposici\u00f3n. \u00a0<\/p>\n<p>Descendiendo al sub examine, \u00a0del plexo probatorio se evidencia que las providencias judiciales \u00a0aqu\u00ed cuestionadas, se profirieron el 29 de septiembre de 2015, \u00a011 de mayo de 2016, 25 de enero de 2017, entre tanto, la acci\u00f3n \u00a0de tutela fue impetrada el 7 de octubre de la presente anualidad4, \u00a0por tanto, han transcurrido dos (2) a\u00f1os, ocho (8) meses y \u00a0once (11) d\u00edas de inactividad procesal contados a partir del \u00a0proferimiento de la \u00faltima de las providencias censuradas \u00a0constitucionalmente. \u00a0<\/p>\n<p>Ahora bien, \u00a0comoquiera que el paso objetivo del tiempo no se erige como causal \u00a0autom\u00e1tica de improcedencia, en tanto que existan criterios \u00a0que constituyan causas razonables para explicar la actividad tard\u00eda \u00a0de la parte accionante, debe decirse que, para el asunto de inter\u00e9s \u00a0se tiene que la parte actora en el l\u00edbelo introductor no \u00a0arguy\u00f3 ninguna situaci\u00f3n de justificaci\u00f3n del \u00a0ejercicio tard\u00edo de la acci\u00f3n constitucional, que \u00a0permitiera tener por satisfecho el principio rector de inmediatez. \u00a0<\/p>\n<p>No obstante lo \u00a0anterior, esta Sala observa que el 10 de febrero de 2017, la aqu\u00ed \u00a0accionante interpuso recurso de s\u00faplica contra el auto del 25 \u00a0de enero del mismo a\u00f1o5, \u00a0postulaci\u00f3n que fue resuelta el 31 de enero de 2018. \u00a0<\/p>\n<p>As\u00ed las \u00a0cosas, si bien se considera que el interregno que avanz\u00f3 entre \u00a0el 25 de enero de 2017 a 31 de enero de 2018 tiene justificaci\u00f3n \u00a0jur\u00eddicamente id\u00f3nea para efectos del estudio del \u00a0requisito de inmediatez, debe se\u00f1alarse que, aun as\u00ed, \u00a0la presente censura constitucional resulta inoportuna, por cuanto el \u00a0periodo que avanz\u00f3 entre la providencia judicial que resolvi\u00f3 \u00a0el recurso de s\u00faplica y la interposici\u00f3n del amparo \u00a0para el caso concreto se ofrece desproporcionado, ya que trascurri\u00f3 \u00a0un (1) a\u00f1o, ocho (8) meses y seis (6) d\u00edas, por ende, \u00a0si se califica como una decisi\u00f3n arbitraria, lo natural y \u00a0l\u00f3gico habr\u00eda sido advertir el yerro cometido y \u00a0rechazarlo de manera inmediata y, por consiguiente, no se puede \u00a0obviar el cumplimiento de este requisito porque adem\u00e1s de \u00a0desconocer la naturaleza expedita de este mecanismo, ello \u00a0contrariar\u00eda la seguridad jur\u00eddica que orienta a la \u00a0administraci\u00f3n de justicia. \u00a0<\/p>\n<p>\u00a0 \u00a0\u00a0 \u00a0 \u00a0 \u00a0 \u00a0 \u00a0 \u00a0 \u00a0 \u00a0 \u00a0 \u00a0 \u00a0 \u00a0 \u00a0<\/p>\n<p>3. Debido a lo expuesto, al \u00a0 \u00a0 \u00a0 \u00a0 \u00a0 \u00a0 \u00a0 \u00a0 \u00a0constatar la Sala que la presente solicitud de amparo no cumple con \u00a0 \u00a0 \u00a0 \u00a0 \u00a0 \u00a0 \u00a0 \u00a0 \u00a0los requisitos generales de subsidiariedad y del deber de denunciar \u00a0 \u00a0 \u00a0 \u00a0 \u00a0 \u00a0 \u00a0 \u00a0 \u00a0la vulneraci\u00f3n en el respectivo proceso judicial ante el \u00a0 \u00a0 \u00a0 \u00a0 \u00a0 \u00a0 \u00a0 \u00a0 \u00a0juez natural, dicha situaci\u00f3n jur\u00eddica impide que se \u00a0 \u00a0 \u00a0 \u00a0 \u00a0 \u00a0 \u00a0 \u00a0 \u00a0estudie de fondo la presencia o configuraci\u00f3n de alguna de \u00a0 \u00a0 \u00a0 \u00a0 \u00a0 \u00a0 \u00a0 \u00a0 \u00a0las causales espec\u00edficas de procedibilidad de la acci\u00f3n \u00a0 \u00a0 \u00a0 \u00a0 \u00a0 \u00a0 \u00a0 \u00a0 \u00a0tuitiva contra providencias judiciales, como a bien lo ha sostenido \u00a0 \u00a0 \u00a0 \u00a0 \u00a0 \u00a0 \u00a0 \u00a0 \u00a0la jurisprudencia constitucional bajo la siguiente f\u00f3rmula \u00a0 \u00a0 \u00a0 \u00a0 \u00a0 \u00a0 \u00a0 \u00a0 \u00a0\u00abLas condiciones \u00a0 \u00a0 \u00a0 \u00a0 \u00a0 \u00a0 \u00a0 \u00a0 \u00a0generales de procedencia son aquellas cuya ocurrencia habilita al \u00a0 \u00a0 \u00a0 \u00a0 \u00a0 \u00a0 \u00a0 \u00a0 \u00a0juez de tutela para adentrarse en el contenido de la providencia \u00a0 \u00a0 \u00a0 \u00a0 \u00a0 \u00a0 \u00a0 \u00a0 \u00a0judicial que se impugna. Dicho de otro modo, son las \u00a0 \u00a0 \u00a0 \u00a0 \u00a0 \u00a0 \u00a0 \u00a0 \u00a0condiciones\u00a0sine \u00a0 \u00a0 \u00a0 \u00a0 \u00a0 \u00a0 \u00a0 \u00a0 \u00a0quibus non\u00a0es \u00a0 \u00a0 \u00a0 \u00a0 \u00a0 \u00a0 \u00a0 \u00a0 \u00a0posible abordar el estudio de la providencia judicial impugnada\u00bb \u00a0 \u00a0 \u00a0 \u00a0 \u00a0 \u00a0 \u00a0 \u00a0 \u00a0(CC T-012 de 2018), \u00a0 \u00a0 \u00a0 \u00a0 \u00a0 \u00a0 \u00a0 \u00a0 \u00a0por tanto, las \u00a0 \u00a0 \u00a0 \u00a0 \u00a0 \u00a0 \u00a0 \u00a0 \u00a0pretensiones frente a esta censura devienen improcedentes. \u00a0 \u00a0<\/p>\n<p>\u00a0 \u00a0\u00a0 \u00a0 \u00a0 \u00a0 \u00a0 \u00a0 \u00a0 \u00a0 \u00a0 \u00a0 \u00a0 \u00a0 \u00a0 \u00a0<\/p>\n<p>4. Los \u00a0 \u00a0 \u00a0 \u00a0 \u00a0 \u00a0 \u00a0 \u00a0 \u00a0precedentes razonamientos constituyen \u00a0 \u00a0 \u00a0 \u00a0 \u00a0 \u00a0 \u00a0 \u00a0 \u00a0 fundamento suficiente para \u00a0 \u00a0 \u00a0 \u00a0 \u00a0 \u00a0 \u00a0 \u00a0 \u00a0negar por improcedente el \u00a0 \u00a0 \u00a0 \u00a0 \u00a0 \u00a0 \u00a0 \u00a0 \u00a0amparo constitucional demandado. \u00a0 \u00a0<\/p>\n<p>Por \u00a0lo expuesto, la \u00a0CORTE SUPREMA DE JUSTICIA, SALA DE CASACI\u00d3N PENAL \u2013 SALA \u00a0DE DECISI\u00d3N DE ACCIONES DE TUTELA N\u00ba 1, \u00a0administrando justicia en nombre de la \u00a0Rep\u00fablica y por autoridad de la Ley, \u00a0<\/p>\n<p>RESUELVE \u00a0<\/p>\n<p>1\u00ba DENEGAR \u00a0POR IMPROCEDENTE el amparo invocado por Leila Dolores Merlo \u00a0Arguello contra la Sala de Casaci\u00f3n Laboral de esta \u00a0Corporaci\u00f3n Judicial y la Sala Laboral del Tribunal Superior \u00a0del Distrito Judicial de Bogot\u00e1, por las razones anotadas en \u00a0precedencia. \u00a0<\/p>\n<p>2\u00ba NOTIFICAR a los \u00a0sujetos procesales por el medio m\u00e1s expedito el presente \u00a0fallo, inform\u00e1ndoles que puede ser impugnado dentro de los \u00a0tres d\u00edas siguientes, contados a partir de su notificaci\u00f3n. \u00a0<\/p>\n<p>3\u00ba Si no \u00a0fuere impugnado, env\u00edese la actuaci\u00f3n a la Corte \u00a0Constitucional para su eventual revisi\u00f3n, dentro del t\u00e9rmino \u00a0indicado en el art\u00edculo 31 del Decreto 2591 de 1991. \u00a0<\/p>\n<p>NOTIF\u00cdQUESE Y C\u00daMPLASE \u00a0<\/p>\n<p>JOS\u00c9 \u00a0FRANCISCO ACU\u00d1A VIZCAYA \u00a0<\/p>\n<p>EUGENIO \u00a0FERN\u00c1NDEZ CARLIER \u00a0<\/p>\n<p>NUBIA \u00a0YOLANDA NOVA GARC\u00cdA \u00a0<\/p>\n<p>Secretaria \u00a0<\/p>\n<p>1 \u00a0 \u00a0 \u00a0 \u00a0 \u00a0Cfr. Corte Constitucional. Sentencias C-590 de 2005 y T-332 de \u00a0 \u00a0 \u00a0 \u00a0 \u00a02006. \u00a0<\/p>\n<p>2 \u00a0 \u00a0 \u00a0 \u00a0 \u00a0\u00cddem. Sentencia T-522 de 2001. \u00a0<\/p>\n<p>3 \u00a0 \u00a0 \u00a0 \u00a0 \u00a0\u00ab Cfr. Sentencias T-462 de 2003 ; SU-1184 de 2001 ; T-1625 de \u00a0 \u00a0 \u00a0 \u00a0 \u00a02000 y T-1031 de 2001. \u00bb \u00a0<\/p>\n<p>4 \u00a0 \u00a0 \u00a0 \u00a0 \u00a0Folio 7, cuaderno. \u00a0<\/p>\n<p>5 \u00a0 \u00a0 \u00a0 \u00a0 \u00a0Folio 58 a 60, cuaderno de primera instancia. \u00a0<\/p>\n<p>\u00a0 \u00a0 \u00a0\u00a0<\/p>\n<p><\/p>\n","protected":false},"excerpt":{"rendered":"<p>\u00a0 \u00a0 \u00a0 \u00a0\u00a0 JOS\u00c9 \u00a0FRANCISCO ACU\u00d1A VIZCAYA \u00a0 Magistrado \u00a0Ponente \u00a0 STP15108 \u00a0&#8211; 2019 \u00a0 Radicaci\u00f3n \u00a0n.\u00b0 107330 \u00a0 (Aprobaci\u00f3n \u00a0Acta No. 279) \u00a0 Bogot\u00e1 D.C., veintid\u00f3s \u00a0(22) de octubre de dos mil diecinueve (2019) \u00a0 VISTOS \u00a0 Resuelve la Sala de Casaci\u00f3n \u00a0Penal de la Corte Suprema de Justicia, Sala de Decisi\u00f3n de [&hellip;]<\/p>\n","protected":false},"author":1,"featured_media":0,"comment_status":"open","ping_status":"open","sticky":false,"template":"","format":"standard","meta":{"footnotes":""},"categories":[28],"tags":[],"class_list":["post-46276","post","type-post","status-publish","format-standard","hentry","category-28"],"_links":{"self":[{"href":"https:\/\/dmsjuridica.com\/buscador_20179478954\/salapenalcronologico20230723\/wp-json\/wp\/v2\/posts\/46276","targetHints":{"allow":["GET"]}}],"collection":[{"href":"https:\/\/dmsjuridica.com\/buscador_20179478954\/salapenalcronologico20230723\/wp-json\/wp\/v2\/posts"}],"about":[{"href":"https:\/\/dmsjuridica.com\/buscador_20179478954\/salapenalcronologico20230723\/wp-json\/wp\/v2\/types\/post"}],"author":[{"embeddable":true,"href":"https:\/\/dmsjuridica.com\/buscador_20179478954\/salapenalcronologico20230723\/wp-json\/wp\/v2\/users\/1"}],"replies":[{"embeddable":true,"href":"https:\/\/dmsjuridica.com\/buscador_20179478954\/salapenalcronologico20230723\/wp-json\/wp\/v2\/comments?post=46276"}],"version-history":[{"count":0,"href":"https:\/\/dmsjuridica.com\/buscador_20179478954\/salapenalcronologico20230723\/wp-json\/wp\/v2\/posts\/46276\/revisions"}],"wp:attachment":[{"href":"https:\/\/dmsjuridica.com\/buscador_20179478954\/salapenalcronologico20230723\/wp-json\/wp\/v2\/media?parent=46276"}],"wp:term":[{"taxonomy":"category","embeddable":true,"href":"https:\/\/dmsjuridica.com\/buscador_20179478954\/salapenalcronologico20230723\/wp-json\/wp\/v2\/categories?post=46276"},{"taxonomy":"post_tag","embeddable":true,"href":"https:\/\/dmsjuridica.com\/buscador_20179478954\/salapenalcronologico20230723\/wp-json\/wp\/v2\/tags?post=46276"}],"curies":[{"name":"wp","href":"https:\/\/api.w.org\/{rel}","templated":true}]}}