{"id":46159,"date":"2023-09-14T21:58:26","date_gmt":"2023-09-14T21:58:26","guid":{"rendered":"https:\/\/dmsjuridica.com\/buscador_20179478954\/salapenalcronologico20230723\/2023\/09\/14\/stp14716-2019\/"},"modified":"2023-09-14T21:58:26","modified_gmt":"2023-09-14T21:58:26","slug":"stp14716-2019","status":"publish","type":"post","link":"https:\/\/dmsjuridica.com\/buscador_20179478954\/salapenalcronologico20230723\/2023\/09\/14\/stp14716-2019\/","title":{"rendered":"STP14716-2019"},"content":{"rendered":"\n<p>\u00a0 \u00a0 \u00a0 \u00a0\u00a0<\/p>\n<p>JOS\u00c9 \u00a0FRANCISCO ACU\u00d1A VIZCAYA \u00a0<\/p>\n<p>Magistrado \u00a0Ponente \u00a0<\/p>\n<p>STP14716-2019 \u00a0<\/p>\n<p>Radicaci\u00f3n \u00a0n.\u00b0 107266 \u00a0<\/p>\n<p>(Aprobaci\u00f3n \u00a0Acta No. 289) \u00a0<\/p>\n<p>Bogot\u00e1 D.C., veintinueve (29) de octubre de \u00a0dos mil diecinueve (2019) \u00a0<\/p>\n<p>VISTOS \u00a0<\/p>\n<p>Decide la Sala el \u00a0recurso de impugnaci\u00f3n interpuesto por Liliana \u00a0Yaneth Gonzales Enr\u00edquez, contra el \u00a0fallo de tutela proferido por la Sala Penal del Tribunal Superior del \u00a0Distrito Judicial de Bogot\u00e1 el 18 de septiembre de 2019, que \u00a0declar\u00f3 improcedente el amparo formulado contra el Juzgado \u00a017 de Ejecuci\u00f3n de Penas y Medidas de Seguridad de Bogot\u00e1. \u00a0<\/p>\n<p>El Centro de Servicios \u00a0Administrativos de los Juzgados de Ejecuci\u00f3n de Penas y \u00a0Medidas de Seguridad de Bogot\u00e1 fue \u00a0vinculado como tercero con inter\u00e9s leg\u00edtimo en el \u00a0presente asunto. \u00a0<\/p>\n<p>ANTECEDENTES \u00a0<\/p>\n<p>Y \u00a0<\/p>\n<p>FUNDAMENTOS \u00a0DE LA ACCI\u00d3N \u00a0<\/p>\n<p>Fueron recogidos \u00a0en el fallo de tutela de primera instancia en los siguientes \u00a0t\u00e9rminos:1 \u00a0<\/p>\n<p>Manifiesta \u00a0LILIANA YANETH GONZ\u00c1LEZ ENRIQUEZ que el 10 de julio de 2015, \u00a0fue condenada por el Juzgado 1\u00ba Penal del Circuito Especializado \u00a0de Bogot\u00e1, a la pena de 128 meses de prisi\u00f3n y multa de \u00a01.334 salarios m\u00ednimos mensuales legales vigentes, por el \u00a0delito de tr\u00e1fico, fabricaci\u00f3n o porte de \u00a0estupefacientes, no siendo favorecida con alg\u00fan sustituto \u00a0penal. \u00a0<\/p>\n<p>Refiere que por \u00a0el mencionado delito fue capturada el 17 de febrero de 2015 y a la \u00a0fecha le han sido reconocidas redenciones por el t\u00e9rmino de 12 \u00a0meses y 27 d\u00edas aproximadamente. \u00a0<\/p>\n<p>Asegura que el 5 \u00a0de julio de 2019, solicit\u00f3 al Juzgado Diecisiete de Ejecuci\u00f3n \u00a0de Penas y Medidas de Seguridad de la ciudad el subrogado de la \u00a0prisi\u00f3n domiciliaria, autoridad que mediante auto del 15 del \u00a0mismo mes y a\u00f1o, decidi\u00f3 negar su petici\u00f3n, \u00a0raz\u00f3n por la cual, en el t\u00e9rmino legal elev\u00f3 los \u00a0recursos de reposici\u00f3n y apelaci\u00f3n contra la decisi\u00f3n. \u00a0<\/p>\n<p>Se\u00f1ala \u00a0que, a pesar de lo anterior, el juzgado que vigila su condena, \u00a0mediante providencia del 16 de agosto hoga\u00f1o declar\u00f3 \u00a0desiertos los recursos enervados, tras considerar que los mismos no \u00a0fueron debidamente sustentados. \u00a0<\/p>\n<p>Resalta que de no \u00a0concederse la presente acci\u00f3n constitucional, y de volver a \u00a0solicitar el sustitutivo de la prisi\u00f3n domiciliaria, el juez \u00a0de ejecuci\u00f3n como respuesta ordenar\u00eda estarse a lo \u00a0resuelto en el mencionado auto. \u00a0<\/p>\n<p>Por \u00faltimo, \u00a0enfatiza que el auto mediante el cual le fueron declarados desiertos \u00a0los recursos de reposici\u00f3n y apelaci\u00f3n son de tr\u00e1mite, \u00a0raz\u00f3n por la que contra el mismo no puede ejercer ning\u00fan \u00a0medio de impugnaci\u00f3n. \u00a0<\/p>\n<p>En consecuencia, \u00a0en amparo de sus derechos fundamentales de petici\u00f3n, debido \u00a0proceso y acceso a la administraci\u00f3n de justicia, solicita se \u00a0ordene al Juzgado Diecisiete de Ejecuci\u00f3n de Penas y Medidas \u00a0de Seguridad de la ciudad, proceda a revocar y dejar sin efectos \u00a0jur\u00eddicos el auto del 16 de agosto de la presente anualidad, \u00a0mediante el cual declar\u00f3 desiertos los recursos de reposici\u00f3n \u00a0y apelaci\u00f3n, incoados contra [sic] \u00a0de la providencia del 15 de julio hoga\u00f1o, para que, \u00a0en su lugar, se otorgue el tr\u00e1mite correspondiente a la \u00a0alzada. (Textual). \u00a0<\/p>\n<p>EL FALLO IMPUGNADO \u00a0<\/p>\n<p>El 18 de \u00a0septiembre de 2019, la Sala Penal del Tribunal Superior del Distrito \u00a0Judicial de Bogot\u00e1 declar\u00f3 improcedente la solicitud de \u00a0amparo constitucional incoada por Liliana \u00a0Yaneth Gonz\u00e1lez Enr\u00edquez debido \u00a0a que no cumple con el requisito general de subsidiariedad, al no \u00a0interponer los recursos ordinarios procedentes contra la providencia \u00a0censurada. \u00a0<\/p>\n<p>Destaca que \u00a0la accionante tuvo la posibilidad de interponer el recurso de queja \u00a0contra la providencia censurada y, al no haber hecho uso de este \u00a0recurso, se torna improcedente la solicitud de amparo.2 \u00a0<\/p>\n<p>LA IMPUGNACI\u00d3N \u00a0<\/p>\n<p>El 19 de \u00a0septiembre de 2019, en la diligencia de notificaci\u00f3n personal, \u00a0Liliana Yaneth Gonz\u00e1lez Enr\u00edquez, \u00a0interpuso recurso de impugnaci\u00f3n sin presentar sustento \u00a0alguno.3 \u00a0<\/p>\n<p>CONSIDERACIONES DE LA SALA \u00a0<\/p>\n<p>De conformidad con \u00a0lo previsto en el art\u00edculo 32 del Decreto 2591 de 1991, esta \u00a0Sala es competente para resolver el recurso de impugnaci\u00f3n \u00a0interpuesto por Liliana Yaneth Gonz\u00e1lez \u00a0Enr\u00edquez, contra la decisi\u00f3n \u00a0proferida por la Sala Penal del Tribunal Superior del Distrito \u00a0Judicial de Bogot\u00e1. \u00a0<\/p>\n<p>Sobre el particular, el \u00a0problema jur\u00eddico que convoca a la Sala consiste en establecer \u00a0si contra la decisi\u00f3n proferida el 16 de agosto de hoga\u00f1o \u00a0por el Juzgado 17 de Ejecuci\u00f3n de \u00a0Penas y Medidas de Seguridad de Bogot\u00e1 \u00a0en la cual declar\u00f3 desierto el recurso de reposici\u00f3n y \u00a0en subsidio el de apelaci\u00f3n presentados por la accionante, se \u00a0configuran los requisitos de procedibilidad de la acci\u00f3n de \u00a0tutela contra decisiones judiciales y en consecuencia, debe revocarse \u00a0el fallo de tutela de primera instancia y conceder el amparo \u00a0invocado. \u00a0<\/p>\n<p>Requisitos de procedibilidad de la acci\u00f3n \u00a0de tutela contra decisiones judiciales. \u00a0<\/p>\n<p>Como ha sido recurrentemente \u00a0recordado por esta Sala, la acci\u00f3n constitucional de tutela es \u00a0un mecanismo de protecci\u00f3n excepcional frente a providencias \u00a0judiciales, su prosperidad va ligada al cumplimiento de estrictos \u00a0requisitos de procedibilidad que implican una carga para la \u00a0parte accionante, tanto en su planteamiento como en su demostraci\u00f3n, \u00a0como lo ha expuesto la propia Corte Constitucional. \u00a0<\/p>\n<p>Por este motivo, y como ha sido \u00a0desarrollado por la Doctrina constitucional, la acci\u00f3n de \u00a0tutela contra providencias judiciales exige: \u00a0<\/p>\n<p>\u00a0 \u00a0\u00a0 \u00a0 \u00a0 \u00a0 \u00a0 \u00a0 \u00a0 \u00a0 \u00a0 \u00a0 \u00a0 \u00a0 \u00a0 \u00a0<\/p>\n<p>a. Que la cuesti\u00f3n que se discuta resulte \u00a0 \u00a0 \u00a0 \u00a0 \u00a0 \u00a0 \u00a0 \u00a0 \u00a0de evidente relevancia constitucional. \u00a0 \u00a0<\/p>\n<p>\u00a0 \u00a0\u00a0 \u00a0 \u00a0 \u00a0 \u00a0 \u00a0 \u00a0 \u00a0 \u00a0 \u00a0 \u00a0 \u00a0 \u00a0 \u00a0<\/p>\n<p>b. Que hayan sido agotados todos los medios \u00a0 \u00a0 \u00a0 \u00a0 \u00a0 \u00a0 \u00a0 \u00a0 \u00a0-ordinarios y extraordinarios- de defensa judicial al alcance de la \u00a0 \u00a0 \u00a0 \u00a0 \u00a0 \u00a0 \u00a0 \u00a0 \u00a0persona afectada, salvo que se trate de evitar la consumaci\u00f3n \u00a0 \u00a0 \u00a0 \u00a0 \u00a0 \u00a0 \u00a0 \u00a0 \u00a0de un perjuicio iusfundamental irremediable. \u00a0 \u00a0<\/p>\n<p>\u00a0 \u00a0\u00a0 \u00a0 \u00a0 \u00a0 \u00a0 \u00a0 \u00a0 \u00a0 \u00a0 \u00a0 \u00a0 \u00a0 \u00a0 \u00a0<\/p>\n<p>c. Que se cumpla el requisito de la inmediatez, es \u00a0 \u00a0 \u00a0 \u00a0 \u00a0 \u00a0 \u00a0 \u00a0 \u00a0decir, que la tutela se hubiere interpuesto en un t\u00e9rmino \u00a0 \u00a0 \u00a0 \u00a0 \u00a0 \u00a0 \u00a0 \u00a0 \u00a0razonable y proporcionado a partir del hecho que origin\u00f3 la \u00a0 \u00a0 \u00a0 \u00a0 \u00a0 \u00a0 \u00a0 \u00a0 \u00a0vulneraci\u00f3n. \u00a0 \u00a0<\/p>\n<p>\u00a0 \u00a0\u00a0 \u00a0 \u00a0 \u00a0 \u00a0 \u00a0 \u00a0 \u00a0 \u00a0 \u00a0 \u00a0 \u00a0 \u00a0 \u00a0<\/p>\n<p>d. Cuando se trate de una irregularidad procesal, \u00a0 \u00a0 \u00a0 \u00a0 \u00a0 \u00a0 \u00a0 \u00a0 \u00a0debe quedar claro que la misma tiene un efecto decisivo o \u00a0 \u00a0 \u00a0 \u00a0 \u00a0 \u00a0 \u00a0 \u00a0 \u00a0determinante en la sentencia que se impugna y que ata\u00f1e a \u00a0 \u00a0 \u00a0 \u00a0 \u00a0 \u00a0 \u00a0 \u00a0 \u00a0los derechos fundamentales de la parte accionante. \u00a0 \u00a0<\/p>\n<p>\u00a0 \u00a0\u00a0 \u00a0 \u00a0 \u00a0 \u00a0 \u00a0 \u00a0 \u00a0 \u00a0 \u00a0 \u00a0 \u00a0 \u00a0 \u00a0<\/p>\n<p>e. Que la parte accionante identifique de manera \u00a0 \u00a0 \u00a0 \u00a0 \u00a0 \u00a0 \u00a0 \u00a0 \u00a0razonable tanto los hechos que generaron la vulneraci\u00f3n como \u00a0 \u00a0 \u00a0 \u00a0 \u00a0 \u00a0 \u00a0 \u00a0 \u00a0los derechos vulnerados y que hubiere alegado tal vulneraci\u00f3n \u00a0 \u00a0 \u00a0 \u00a0 \u00a0 \u00a0 \u00a0 \u00a0 \u00a0en el proceso judicial, siempre que esto hubiere sido posible. \u00a0 \u00a0<\/p>\n<p>\u00a0 \u00a0\u00a0 \u00a0 \u00a0 \u00a0 \u00a0 \u00a0 \u00a0 \u00a0 \u00a0 \u00a0 \u00a0 \u00a0 \u00a0 \u00a0<\/p>\n<p>f. Que la decisi\u00f3n judicial contra la cual \u00a0 \u00a0 \u00a0 \u00a0 \u00a0 \u00a0 \u00a0 \u00a0 \u00a0se formula la acci\u00f3n de tutela no se corresponda con \u00a0 \u00a0 \u00a0 \u00a0 \u00a0 \u00a0 \u00a0 \u00a0 \u00a0sentencias de tutela. \u00a0 \u00a0<\/p>\n<p>Los anteriores requisitos, no pueden \u00a0quedarse en meros enunciados, pues han sido reiterados por la Corte \u00a0Constitucional, primero en la sentencia C-590 de 2005, luego en las \u00a0decisiones T-332, T-212 y T-780 de 2006, reforzando lo dicho en la \u00a0primera de las mencionadas providencias, en el sentido que, cuando se \u00a0trata de acciones de tutela contra providencias judiciales, las \u00a0mismas solo pueden tener cabida \u00ab\u2026si \u00a0se cumplen ciertos y rigurosos requisitos de procedibilidad. Dentro \u00a0de estos pueden distinguirse unos de car\u00e1cter general, que \u00a0habilitan la interposici\u00f3n de la tutela, y otros de car\u00e1cter \u00a0espec\u00edfico, que tocan con la procedencia misma del amparo, una \u00a0vez interpuesta\u00bb. \u00a0<\/p>\n<p>En punto de las \u00a0exigencias espec\u00edficas, como fue recogido en la sentencia \u00a0C-590 de 2005, han sido establecidas las que a \u00a0continuaci\u00f3n se relacionan: \u00a0<\/p>\n<p>a. \u00a0 \u00a0 \u00a0 \u00a0Defecto \u00a0org\u00e1nico, que se presenta cuando el funcionario judicial que \u00a0profiri\u00f3 la providencia impugnada carece absolutamente de \u00a0competencia para ello. \u00a0 \u00a0 \u00a0 \u00a0 \u00a0 \u00a0<\/p>\n<p>b. Defecto \u00a0 \u00a0 \u00a0 \u00a0 \u00a0procedimental absoluto, que se origina cuando el \u00a0 \u00a0 \u00a0 \u00a0 \u00a0juez actu\u00f3 completamente al margen del procedimiento \u00a0 \u00a0 \u00a0 \u00a0 \u00a0establecido.<\/p>\n<p>c. Defecto \u00a0 \u00a0 \u00a0 \u00a0 \u00a0f\u00e1ctico, el cual surge cuando el juez carece del apoyo \u00a0 \u00a0 \u00a0 \u00a0 \u00a0probatorio que permita la aplicaci\u00f3n del supuesto legal en el \u00a0 \u00a0 \u00a0 \u00a0 \u00a0que se sustenta la decisi\u00f3n.<\/p>\n<p>d. Defecto \u00a0 \u00a0 \u00a0 \u00a0 \u00a0material o sustantivo, como son los casos en que se decide con base \u00a0 \u00a0 \u00a0 \u00a0 \u00a0en normas inexistentes o inconstitucionales4 \u00a0 \u00a0 \u00a0 \u00a0 \u00a0o que presentan una evidente y grosera contradicci\u00f3n entre \u00a0 \u00a0 \u00a0 \u00a0 \u00a0los fundamentos y la decisi\u00f3n;<\/p>\n<p>e. Error \u00a0 \u00a0 \u00a0 \u00a0 \u00a0inducido, el cual surge cuando el juez o tribunal fue v\u00edctima \u00a0 \u00a0 \u00a0 \u00a0 \u00a0de un enga\u00f1o por parte de terceros y ese enga\u00f1o lo \u00a0 \u00a0 \u00a0 \u00a0 \u00a0condujo a la toma de una decisi\u00f3n que afecta derechos \u00a0 \u00a0 \u00a0 \u00a0 \u00a0fundamentales.<\/p>\n<p>f. Decisi\u00f3n \u00a0 \u00a0 \u00a0 \u00a0 \u00a0sin motivaci\u00f3n, que implica el \u00a0 \u00a0 \u00a0 \u00a0 \u00a0incumplimiento de los funcionarios judiciales de explicitar los \u00a0 \u00a0 \u00a0 \u00a0 \u00a0fundamentos f\u00e1cticos y jur\u00eddicos de sus decisiones, en \u00a0 \u00a0 \u00a0 \u00a0 \u00a0el entendido que precisamente en esa motivaci\u00f3n reposa la \u00a0 \u00a0 \u00a0 \u00a0 \u00a0legitimidad de su \u00f3rbita funcional.<\/p>\n<p>g. Desconocimiento \u00a0 \u00a0 \u00a0 \u00a0 \u00a0del precedente, hip\u00f3tesis que se presenta, por \u00a0 \u00a0 \u00a0 \u00a0 \u00a0ejemplo, cuando la Corte Constitucional establece el alcance de un \u00a0 \u00a0 \u00a0 \u00a0 \u00a0derecho fundamental y el juez ordinario aplica una ley limitando \u00a0 \u00a0 \u00a0 \u00a0 \u00a0sustancialmente dicho alcance. En estos casos la tutela procede como \u00a0 \u00a0 \u00a0 \u00a0 \u00a0mecanismo para garantizar la eficacia jur\u00eddica del contenido \u00a0 \u00a0 \u00a0 \u00a0 \u00a0constitucionalmente vinculante del derecho fundamental vulnerado \u00a0 \u00a0 \u00a0 \u00a0 \u00a0[5].<\/p>\n<p>h. Violaci\u00f3n \u00a0 \u00a0 \u00a0 \u00a0 \u00a0directa de la Constituci\u00f3n. \u00a0<\/p>\n<p>Queda entonces claro que en \u00a0atenci\u00f3n a la fuerza normativa de la cosa juzgada y al respeto \u00a0de la autonom\u00eda judicial, la acci\u00f3n consagrada en el \u00a0art\u00edculo 86 de la Constituci\u00f3n Nacional, cuando se \u00a0dirige a cuestionar una decisi\u00f3n judicial, tiene car\u00e1cter \u00a0excepcional, y su prosperidad est\u00e1 atada a que se cumplan los \u00a0requisitos de procedibilidad anteriormente enunciados. De manera que \u00a0quien acude a ella tiene la carga no s\u00f3lo respecto de su \u00a0planteamiento, sino de su demostraci\u00f3n. \u00a0<\/p>\n<p>An\u00e1lisis del caso concreto. \u00a0<\/p>\n<p>Al respecto, la Sala encuentra que \u00a0debe confirmarse el fallo de tutela de primera instancia porque el \u00a0Tribunal valor\u00f3 el caso con base en el marco jur\u00eddico \u00a0aplicable y a partir de las pruebas aportadas ya que ciertamente no \u00a0se cumplen los requisitos necesarios para la procedencia del amparo \u00a0invocado. \u00a0<\/p>\n<p>Esta Sala comparte la posici\u00f3n \u00a0asumida en primera instancia, porque evidentemente no se cumple con \u00a0el requisito \u00abQue \u00a0hayan sido agotados todos los medios -ordinarios y extraordinarios- \u00a0de defensa judicial al alcance de la persona afectada\u00bb pues \u00a0la accionante no agot\u00f3 los recursos ordinarios procedentes en \u00a0contra del auto censurado. \u00a0<\/p>\n<p>Si bien la Sala encuentra que el \u00a0Juzgado 17 de Ejecuci\u00f3n de Penas y Medidas \u00a0de Seguridad de Bogot\u00e1 no debi\u00f3 \u00a0declarar desierto el recurso, pues esto implicar\u00eda que la \u00a0accionante no lo sustent\u00f3 sino denegarlo para habilitar el \u00a0recurso de queja,6 \u00a0lo cierto \u00a0es que este yerro pudo subsanarse si la accionante hubiera \u00a0interpuesto el recurso de reposici\u00f3n que la misma autoridad le \u00a0habilit\u00f3 en su providencia, en virtud del art\u00edculo \u00a0179A de la Ley 906 de 2004. \u00a0<\/p>\n<p>Por estos motivos, \u00a0y teniendo en cuenta que la accionante no present\u00f3 razones \u00a0para justificar el por qu\u00e9 no agot\u00f3 ese mecanismo de \u00a0defensa ni tampoco acredit\u00f3 encontrarse ante un perjuicio \u00a0irremediable que haga necesaria la intervenci\u00f3n del Juez \u00a0Constitucional, lo pertinente es confirmar el fallo de primera \u00a0instancia. \u00a0<\/p>\n<p>Por lo expuesto, \u00a0la CORTE SUPREMA DE JUSTICIA, SALA DE \u00a0CASACI\u00d3N PENAL \u2013 EN SALA DE DECISI\u00d3N DE ACCIONES \u00a0DE TUTELA N\u00b0 1, administrando justicia, en nombre de la Rep\u00fablica \u00a0y por autoridad de la Ley, \u00a0<\/p>\n<p>RESUELVE \u00a0<\/p>\n<p>\u00a0 \u00a0\u00a0 \u00a0 \u00a0 \u00a0 \u00a0<\/p>\n<p>1. CONFIRMAR el fallo de tutela \u00a0 \u00a0 \u00a0 \u00a0 \u00a0impugnado, por las razones mencionadas. \u00a0<\/p>\n<p>\u00a0 \u00a0\u00a0 \u00a0 \u00a0 \u00a0 \u00a0<\/p>\n<p>2. NOTIFICAR a los sujetos \u00a0 \u00a0 \u00a0 \u00a0 \u00a0procesales el presente fallo, por el medio m\u00e1s expedito. \u00a0<\/p>\n<p>\u00a0 \u00a0\u00a0 \u00a0 \u00a0 \u00a0 \u00a0<\/p>\n<p>3. Enviar la presente actuaci\u00f3n \u00a0 \u00a0 \u00a0 \u00a0 \u00a0a la Corte Constitucional para su eventual revisi\u00f3n, dentro \u00a0 \u00a0 \u00a0 \u00a0 \u00a0del t\u00e9rmino indicado en el art\u00edculo 31 del Decreto \u00a0 \u00a0 \u00a0 \u00a0 \u00a02591 de 1991. \u00a0<\/p>\n<p>NOTIF\u00cdQUESE Y C\u00daMPLASE \u00a0<\/p>\n<p>JOS\u00c9 \u00a0FRANCISCO ACU\u00d1A VIZCAYA \u00a0<\/p>\n<p>EUGENIO \u00a0FERN\u00c1NDEZ CARLIER \u00a0<\/p>\n<p>NUBIA YOLANDA NOVA GARC\u00cdA \u00a0<\/p>\n<p>Secretaria \u00a0<\/p>\n<p>1 \u00a0 \u00a0 \u00a0 \u00a0 \u00a0Folios 33 y 34, cuaderno 1. \u00a0<\/p>\n<p>2 \u00a0 \u00a0 \u00a0 \u00a0 \u00a0Folios 34 a 44, cuaderno 1. \u00a0<\/p>\n<p>3 \u00a0 \u00a0 \u00a0 \u00a0 \u00a0Folio 49., cuaderno 1. \u00a0<\/p>\n<p>4 \u00a0 \u00a0 \u00a0 \u00a0 \u00a0CC T-522 de 2001. \u00a0<\/p>\n<p>5 \u00a0 \u00a0 \u00a0 \u00a0 \u00a0\u00abCfr. \u00a0 \u00a0 \u00a0 \u00a0 \u00a0Sentencias T-462 de \u00a0 \u00a0 \u00a0 \u00a0 \u00a02003 ; SU-1184 de 2001 ; T-1625 de 2000 y T-1031 de 2001.\u00bb \u00a0<\/p>\n<p>6 \u00a0 \u00a0 \u00a0 \u00a0 \u00a0CSJ SCP AP4870-2017, 02 ago 2017, Rad. 50560. \u00a0 \u00a0 \u00a0<\/p>\n<p><\/p>\n","protected":false},"excerpt":{"rendered":"<p>\u00a0 \u00a0 \u00a0 \u00a0\u00a0 JOS\u00c9 \u00a0FRANCISCO ACU\u00d1A VIZCAYA \u00a0 Magistrado \u00a0Ponente \u00a0 STP14716-2019 \u00a0 Radicaci\u00f3n \u00a0n.\u00b0 107266 \u00a0 (Aprobaci\u00f3n \u00a0Acta No. 289) \u00a0 Bogot\u00e1 D.C., veintinueve (29) de octubre de \u00a0dos mil diecinueve (2019) \u00a0 VISTOS \u00a0 Decide la Sala el \u00a0recurso de impugnaci\u00f3n interpuesto por Liliana \u00a0Yaneth Gonzales Enr\u00edquez, contra el \u00a0fallo de tutela [&hellip;]<\/p>\n","protected":false},"author":1,"featured_media":0,"comment_status":"open","ping_status":"open","sticky":false,"template":"","format":"standard","meta":{"footnotes":""},"categories":[28],"tags":[],"class_list":["post-46159","post","type-post","status-publish","format-standard","hentry","category-28"],"_links":{"self":[{"href":"https:\/\/dmsjuridica.com\/buscador_20179478954\/salapenalcronologico20230723\/wp-json\/wp\/v2\/posts\/46159","targetHints":{"allow":["GET"]}}],"collection":[{"href":"https:\/\/dmsjuridica.com\/buscador_20179478954\/salapenalcronologico20230723\/wp-json\/wp\/v2\/posts"}],"about":[{"href":"https:\/\/dmsjuridica.com\/buscador_20179478954\/salapenalcronologico20230723\/wp-json\/wp\/v2\/types\/post"}],"author":[{"embeddable":true,"href":"https:\/\/dmsjuridica.com\/buscador_20179478954\/salapenalcronologico20230723\/wp-json\/wp\/v2\/users\/1"}],"replies":[{"embeddable":true,"href":"https:\/\/dmsjuridica.com\/buscador_20179478954\/salapenalcronologico20230723\/wp-json\/wp\/v2\/comments?post=46159"}],"version-history":[{"count":0,"href":"https:\/\/dmsjuridica.com\/buscador_20179478954\/salapenalcronologico20230723\/wp-json\/wp\/v2\/posts\/46159\/revisions"}],"wp:attachment":[{"href":"https:\/\/dmsjuridica.com\/buscador_20179478954\/salapenalcronologico20230723\/wp-json\/wp\/v2\/media?parent=46159"}],"wp:term":[{"taxonomy":"category","embeddable":true,"href":"https:\/\/dmsjuridica.com\/buscador_20179478954\/salapenalcronologico20230723\/wp-json\/wp\/v2\/categories?post=46159"},{"taxonomy":"post_tag","embeddable":true,"href":"https:\/\/dmsjuridica.com\/buscador_20179478954\/salapenalcronologico20230723\/wp-json\/wp\/v2\/tags?post=46159"}],"curies":[{"name":"wp","href":"https:\/\/api.w.org\/{rel}","templated":true}]}}