{"id":45882,"date":"2023-09-14T21:58:12","date_gmt":"2023-09-14T21:58:12","guid":{"rendered":"https:\/\/dmsjuridica.com\/buscador_20179478954\/salapenalcronologico20230723\/2023\/09\/14\/stp13726-2019\/"},"modified":"2023-09-14T21:58:12","modified_gmt":"2023-09-14T21:58:12","slug":"stp13726-2019","status":"publish","type":"post","link":"https:\/\/dmsjuridica.com\/buscador_20179478954\/salapenalcronologico20230723\/2023\/09\/14\/stp13726-2019\/","title":{"rendered":"STP13726-2019"},"content":{"rendered":"\n<p>\u00a0 \u00a0 \u00a0 \u00a0\u00a0<\/p>\n<p>JOS\u00c9 \u00a0FRANCISCO ACU\u00d1A VIZCAYA \u00a0<\/p>\n<p>Magistrado \u00a0Ponente \u00a0<\/p>\n<p>STP13726-2019 \u00a0<\/p>\n<p>Radicaci\u00f3n \u00a0n.\u00b0 106873 \u00a0<\/p>\n<p>(Aprobaci\u00f3n \u00a0Acta No. 262) \u00a0<\/p>\n<p>Bogot\u00e1 D.C., ocho (08) de octubre de dos \u00a0mil diecinueve (2019) \u00a0<\/p>\n<p>VISTOS \u00a0<\/p>\n<p>Decide \u00a0la Sala el recurso de impugnaci\u00f3n interpuesto por Cristian \u00a0Danilo Rodr\u00edguez Romero, contra el \u00a0fallo de tutela proferido por la Sala Penal del Tribunal Superior del \u00a0Distrito Judicial de Villavicencio el 29 de julio de 2019, que \u00a0declar\u00f3 improcedente el amparo formulado contra el Juzgado \u00a0Noveno de Ejecuci\u00f3n de Penas y Medidas de Seguridad del \u00a0Circuito de Bogot\u00e1. \u00a0<\/p>\n<p>Los Centros de \u00a0Servicios Administrativos de los Juzgados de Ejecuci\u00f3n de \u00a0Penas y Medidas de Seguridad de Bogot\u00e1 y Acac\u00edas, \u00a0Juzgado Segundo de Ejecuci\u00f3n de Penas y Medidas de Seguridad \u00a0de Acac\u00edas y el Juzgado Dieciocho Penal del Circuito de Bogot\u00e1 \u00a0con Funci\u00f3n de Conocimiento, fueron \u00a0vinculados como terceros con inter\u00e9s leg\u00edtimo en el \u00a0presente asunto. \u00a0<\/p>\n<p>ANTECEDENTES \u00a0<\/p>\n<p>Y \u00a0<\/p>\n<p>FUNDAMENTOS \u00a0DE LA ACCI\u00d3N \u00a0<\/p>\n<p>Fueron \u00a0recogidos en el fallo de tutela de primera instancia en los \u00a0siguientes t\u00e9rminos1: \u00a0<\/p>\n<p>Del confuso escrito de tutela se extrae que Cristian \u00a0Danilo Rodr\u00edguez Romero, fue condenado por el Juzgado 18 Penal \u00a0de Circuito de Bogot\u00e1 a la pena principal de veintis\u00e9is \u00a0(26) meses y ocho (8) d\u00edas por el delito de hurto calificado y \u00a0agravado en concurso con fabricaci\u00f3n, tr\u00e1fico o porte \u00a0de armas de fuego y se le otorg\u00f3 la suspensi\u00f3n \u00a0condicional de la ejecuci\u00f3n de la pena. \u00a0<\/p>\n<p>Refiri\u00f3 que, el aludido subrogado penal fue \u00a0revocado el doce (12) de marzo de dos mil dieciocho (2018), por el \u00a0Juzgado Noveno de Ejecuci\u00f3n de Penas y Medidas de Seguridad de \u00a0Bogot\u00e1. \u00a0<\/p>\n<p>Indic\u00f3 que, cumpli\u00f3 la pena impuesta y \u00a0los requisitos exigidos en el acta de compromiso; por lo que solicit\u00f3 \u00a0al Juez constitucional ordenar la extinci\u00f3n de la condena y el \u00a0archivo definitivo de la actuaci\u00f3n penal. (Textual). \u00a0<\/p>\n<p>EL FALLO IMPUGNADO \u00a0<\/p>\n<p>El \u00a029 de julio de 2019, la Sala Penal del Tribunal Superior del Distrito \u00a0Judicial de Villavicencio declar\u00f3 improcedente la solicitud \u00a0porque el amparo constitucional incoado por Cristian \u00a0Danilo Rodr\u00edguez Romero no cumple \u00a0con el requisito de subsidiaridad, dado que no agot\u00f3 el \u00a0recurso de reposici\u00f3n y en subsidio de apelaci\u00f3n contra \u00a0la decisi\u00f3n del 12 de marzo del 2019, que deneg\u00f3 la \u00a0extinci\u00f3n de la sanci\u00f3n penal y revoc\u00f3 la \u00a0suspensi\u00f3n de la ejecuci\u00f3n de la pena, en raz\u00f3n \u00a0de que cometi\u00f3 un delito cuando se encontraba en el periodo de \u00a0prueba.2 \u00a0<\/p>\n<p>LA IMPUGNACI\u00d3N \u00a0<\/p>\n<p>El 6 de agosto de \u00a02019, el accionante interpuso recurso de impugnaci\u00f3n, \u00a0censurando que s\u00ed interpuso los recursos de reposici\u00f3n \u00a0y apelaci\u00f3n contra el auto del 12 de marzo de 2019, solamente \u00a0que el Centros de Servicios Administrativos \u00a0de los Juzgados de Ejecuci\u00f3n de Penas y Medidas de Seguridad \u00a0de Acac\u00edas cometi\u00f3 un yerro \u00a0al tramitarlos, pues los envi\u00f3 al superior funcional de la \u00a0autoridad accionada, como si se tratara de una acci\u00f3n de \u00a0tutela. \u00a0<\/p>\n<p>Lo anterior afecta \u00a0su derecho fundamental al debido proceso y al acceso a la \u00a0administraci\u00f3n de justicia, en virtud de que a la fecha ya se \u00a0vencieron los t\u00e9rminos para cuestionar la decisi\u00f3n del \u00a0Juzgado Noveno de Ejecuci\u00f3n de Penas \u00a0y Medidas de Seguridad del Circuito de Bogot\u00e1, \u00a0pues envi\u00f3 los recursos antes de que esta cobrara ejecutoria. \u00a0<\/p>\n<p>Alude que su dicho \u00a0se puede probar a partir de la revisi\u00f3n de las fechas de \u00a0notificaci\u00f3n del auto censurado y de recepci\u00f3n de su \u00a0escrito en el Centros de Servicios \u00a0Administrativos de los Juzgados de Ejecuci\u00f3n de Penas y \u00a0Medidas de Seguridad de Acac\u00edas. \u00a0<\/p>\n<p>En consecuencia, \u00a0solicita el amparo de sus derechos y que se envi\u00e9 su recurso \u00a0al Juzgado Segundo de Ejecuci\u00f3n de \u00a0Penas de Acacias, explicando el yerro que \u00a0cometi\u00f3 el Centros de Servicios \u00a0Administrativos de los Juzgados de Ejecuci\u00f3n de Penas y \u00a0Medidas de Seguridad de Acac\u00edas.3 \u00a0<\/p>\n<p>CONSIDERACIONES DE LA SALA \u00a0<\/p>\n<p>De conformidad con \u00a0lo previsto en el art\u00edculo 32 del Decreto 2591 de 1991, esta \u00a0Sala es competente para resolver el recurso de impugnaci\u00f3n \u00a0interpuesto por Cristian Danilo Rodr\u00edguez \u00a0Romero contra la decisi\u00f3n proferida \u00a0por la Sala Penal del Tribunal Superior de Distrito Judicial de \u00a0Villavicencio. \u00a0<\/p>\n<p>Al respecto, el problema jur\u00eddico \u00a0que convoca a la Sala consiste en establecer si \u00a0contra la decisi\u00f3n que revoc\u00f3 la \u00a0suspensi\u00f3n condicional de la ejecuci\u00f3n de la pena, \u00a0se cumplen los requisitos de procedibilidad de \u00a0la acci\u00f3n de tutela contra decisiones judiciales y, en \u00a0consecuencia, es procedente revocar el fallo de tutela de primera \u00a0instancia y conceder el amparo invocado. \u00a0<\/p>\n<p>Requisitos de \u00a0procedibilidad de la acci\u00f3n de tutela contra decisiones \u00a0judiciales. \u00a0<\/p>\n<p>Como ha sido recurrentemente \u00a0recordado por esta Sala, la acci\u00f3n constitucional de tutela es \u00a0un mecanismo de protecci\u00f3n excepcional frente a providencias \u00a0judiciales, su prosperidad va ligada al cumplimiento de estrictos \u00a0requisitos de procedibilidad que implican una carga para los \u00a0accionantes, tanto en su planteamiento como en su demostraci\u00f3n, \u00a0como lo ha expuesto la propia Corte Constitucional. \u00a0<\/p>\n<p>Por este motivo, y como ha sido \u00a0desarrollado por la Doctrina constitucional, la acci\u00f3n de \u00a0tutela contra providencias judiciales exige: \u00a0<\/p>\n<p>\u00a0 \u00a0\u00a0 \u00a0 \u00a0 \u00a0 \u00a0 \u00a0 \u00a0 \u00a0 \u00a0 \u00a0 \u00a0 \u00a0 \u00a0 \u00a0<\/p>\n<p>a. Que la cuesti\u00f3n que se discuta resulte \u00a0 \u00a0 \u00a0 \u00a0 \u00a0 \u00a0 \u00a0 \u00a0 \u00a0de evidente relevancia constitucional. \u00a0 \u00a0<\/p>\n<p>\u00a0 \u00a0\u00a0 \u00a0 \u00a0 \u00a0 \u00a0 \u00a0 \u00a0 \u00a0 \u00a0 \u00a0 \u00a0 \u00a0 \u00a0 \u00a0<\/p>\n<p>b. Que hayan sido agotados todos los medios \u00a0 \u00a0 \u00a0 \u00a0 \u00a0 \u00a0 \u00a0 \u00a0 \u00a0-ordinarios y extraordinarios- de defensa judicial al alcance de la \u00a0 \u00a0 \u00a0 \u00a0 \u00a0 \u00a0 \u00a0 \u00a0 \u00a0persona afectada, salvo que se trate de evitar la consumaci\u00f3n \u00a0 \u00a0 \u00a0 \u00a0 \u00a0 \u00a0 \u00a0 \u00a0 \u00a0de un perjuicio iusfundamental irremediable. \u00a0 \u00a0<\/p>\n<p>\u00a0 \u00a0\u00a0 \u00a0 \u00a0 \u00a0 \u00a0 \u00a0 \u00a0 \u00a0 \u00a0 \u00a0 \u00a0 \u00a0 \u00a0 \u00a0<\/p>\n<p>c. Que se cumpla el requisito de la inmediatez, es \u00a0 \u00a0 \u00a0 \u00a0 \u00a0 \u00a0 \u00a0 \u00a0 \u00a0decir, que la tutela se hubiere interpuesto en un t\u00e9rmino \u00a0 \u00a0 \u00a0 \u00a0 \u00a0 \u00a0 \u00a0 \u00a0 \u00a0razonable y proporcionado a partir del hecho que origin\u00f3 la \u00a0 \u00a0 \u00a0 \u00a0 \u00a0 \u00a0 \u00a0 \u00a0 \u00a0vulneraci\u00f3n. \u00a0 \u00a0<\/p>\n<p>\u00a0 \u00a0\u00a0 \u00a0 \u00a0 \u00a0 \u00a0 \u00a0 \u00a0 \u00a0 \u00a0 \u00a0 \u00a0 \u00a0 \u00a0 \u00a0<\/p>\n<p>d. Cuando se trate de una irregularidad procesal, \u00a0 \u00a0 \u00a0 \u00a0 \u00a0 \u00a0 \u00a0 \u00a0 \u00a0debe quedar claro que la misma tiene un efecto decisivo o \u00a0 \u00a0 \u00a0 \u00a0 \u00a0 \u00a0 \u00a0 \u00a0 \u00a0determinante en la sentencia que se impugna y que ata\u00f1e a \u00a0 \u00a0 \u00a0 \u00a0 \u00a0 \u00a0 \u00a0 \u00a0 \u00a0los derechos fundamentales de los accionantes. \u00a0 \u00a0<\/p>\n<p>\u00a0 \u00a0\u00a0 \u00a0 \u00a0 \u00a0 \u00a0 \u00a0 \u00a0 \u00a0 \u00a0 \u00a0 \u00a0 \u00a0 \u00a0 \u00a0<\/p>\n<p>e. Que los accionantes identifique de manera \u00a0 \u00a0 \u00a0 \u00a0 \u00a0 \u00a0 \u00a0 \u00a0 \u00a0razonable tanto los hechos que generaron la vulneraci\u00f3n como \u00a0 \u00a0 \u00a0 \u00a0 \u00a0 \u00a0 \u00a0 \u00a0 \u00a0los derechos vulnerados y que hubiere alegado tal vulneraci\u00f3n \u00a0 \u00a0 \u00a0 \u00a0 \u00a0 \u00a0 \u00a0 \u00a0 \u00a0en el proceso judicial, siempre que esto hubiere sido posible. \u00a0 \u00a0<\/p>\n<p>\u00a0 \u00a0\u00a0 \u00a0 \u00a0 \u00a0 \u00a0 \u00a0 \u00a0 \u00a0 \u00a0 \u00a0 \u00a0 \u00a0 \u00a0 \u00a0<\/p>\n<p>f. Que la decisi\u00f3n judicial contra la cual \u00a0 \u00a0 \u00a0 \u00a0 \u00a0 \u00a0 \u00a0 \u00a0 \u00a0se formula la acci\u00f3n de tutela no se corresponda con \u00a0 \u00a0 \u00a0 \u00a0 \u00a0 \u00a0 \u00a0 \u00a0 \u00a0sentencias de tutela. \u00a0 \u00a0<\/p>\n<p>Los anteriores requisitos, no pueden \u00a0quedarse en meros enunciados, pues han sido reiterados por la Corte \u00a0Constitucional, primero en la sentencia C-590 de 2005, luego en las \u00a0decisiones T-332, T-212 y T-780 de 2006, reforzando lo dicho en la \u00a0primera de las mencionadas providencias, en el sentido que, cuando se \u00a0trata de acciones de tutela contra providencias judiciales, las \u00a0mismas solo pueden tener cabida \u00ab\u2026si \u00a0se cumplen ciertos y rigurosos requisitos de procedibilidad. Dentro \u00a0de estos pueden distinguirse unos de car\u00e1cter general, que \u00a0habilitan la interposici\u00f3n de la tutela, y otros de car\u00e1cter \u00a0espec\u00edfico, que tocan con la procedencia misma del amparo, una \u00a0vez interpuesta\u00bb. \u00a0<\/p>\n<p>En punto de las \u00a0exigencias espec\u00edficas, como fue recogido en la sentencia \u00a0C-590 de 2005, han sido establecidas las que a \u00a0continuaci\u00f3n se relacionan: \u00a0<\/p>\n<p>a. \u00a0 \u00a0 \u00a0 \u00a0Defecto \u00a0org\u00e1nico, que se presenta cuando el funcionario judicial que \u00a0profiri\u00f3 la providencia impugnada carece absolutamente de \u00a0competencia para ello. \u00a0 \u00a0 \u00a0 \u00a0 \u00a0 \u00a0<\/p>\n<p>b. Defecto procedimental \u00a0 \u00a0 \u00a0 \u00a0 \u00a0absoluto, que se origina cuando el juez actu\u00f3 completamente \u00a0 \u00a0 \u00a0 \u00a0 \u00a0al margen del procedimiento establecido.<\/p>\n<p>c. Defecto f\u00e1ctico, \u00a0 \u00a0 \u00a0 \u00a0 \u00a0el cual surge cuando el juez carece del apoyo probatorio que permita \u00a0 \u00a0 \u00a0 \u00a0 \u00a0la aplicaci\u00f3n del supuesto legal en el que se sustenta la \u00a0 \u00a0 \u00a0 \u00a0 \u00a0decisi\u00f3n.<\/p>\n<p>d. Defecto material o \u00a0 \u00a0 \u00a0 \u00a0 \u00a0sustantivo, como son los casos en que se decide con base en normas \u00a0 \u00a0 \u00a0 \u00a0 \u00a0inexistentes o inconstitucionales4 \u00a0 \u00a0 \u00a0 \u00a0 \u00a0o que presentan una evidente y grosera contradicci\u00f3n entre \u00a0 \u00a0 \u00a0 \u00a0 \u00a0los fundamentos y la decisi\u00f3n;<\/p>\n<p>e. Error inducido, el \u00a0 \u00a0 \u00a0 \u00a0 \u00a0cual surge cuando el juez o tribunal fue v\u00edctima de un enga\u00f1o \u00a0 \u00a0 \u00a0 \u00a0 \u00a0por parte de terceros y ese enga\u00f1o lo condujo a la toma de \u00a0 \u00a0 \u00a0 \u00a0 \u00a0una decisi\u00f3n que afecta derechos fundamentales.<\/p>\n<p>f. Decisi\u00f3n sin \u00a0 \u00a0 \u00a0 \u00a0 \u00a0motivaci\u00f3n, que implica el incumplimiento de los funcionarios \u00a0 \u00a0 \u00a0 \u00a0 \u00a0judiciales de explicitar los fundamentos f\u00e1cticos y jur\u00eddicos \u00a0 \u00a0 \u00a0 \u00a0 \u00a0de sus decisiones, en el entendido que precisamente en esa \u00a0 \u00a0 \u00a0 \u00a0 \u00a0motivaci\u00f3n reposa la legitimidad de su \u00f3rbita \u00a0 \u00a0 \u00a0 \u00a0 \u00a0funcional.<\/p>\n<p>g. Desconocimiento \u00a0 \u00a0 \u00a0 \u00a0 \u00a0del precedente, hip\u00f3tesis que se presenta, por \u00a0 \u00a0 \u00a0 \u00a0 \u00a0ejemplo, cuando la Corte Constitucional establece el alcance de un \u00a0 \u00a0 \u00a0 \u00a0 \u00a0derecho fundamental y el juez ordinario aplica una ley limitando \u00a0 \u00a0 \u00a0 \u00a0 \u00a0sustancialmente dicho alcance. En estos casos la tutela procede como \u00a0 \u00a0 \u00a0 \u00a0 \u00a0mecanismo para garantizar la eficacia jur\u00eddica del contenido \u00a0 \u00a0 \u00a0 \u00a0 \u00a0constitucionalmente vinculante del derecho fundamental vulnerado \u00a0 \u00a0 \u00a0 \u00a0 \u00a0[5].<\/p>\n<p>h. Violaci\u00f3n \u00a0 \u00a0 \u00a0 \u00a0 \u00a0directa de la Constituci\u00f3n. \u00a0<\/p>\n<p>Queda entonces claro que en \u00a0atenci\u00f3n a la fuerza normativa de la cosa juzgada y al respeto \u00a0de la autonom\u00eda judicial, la acci\u00f3n consagrada en el \u00a0art\u00edculo 86 de la Constituci\u00f3n Nacional, cuando se \u00a0dirige a cuestionar una decisi\u00f3n judicial, tiene car\u00e1cter \u00a0excepcional, y su prosperidad est\u00e1 atada a que se cumplan los \u00a0requisitos de procedibilidad anteriormente enunciados. De manera que \u00a0quien acude a ella tiene la carga no s\u00f3lo respecto de su \u00a0planteamiento, sino de su demostraci\u00f3n. \u00a0<\/p>\n<p>An\u00e1lisis del caso concreto. \u00a0<\/p>\n<p>En el caso bajo \u00a0examen, a partir de los criterios presentados y de la revisi\u00f3n \u00a0de las pruebas obrantes se constata que efectivamente no se cumple \u00a0con el requisito general de subsidiariedad, comoquiera que el \u00a0accionante no agot\u00f3 los recurso de reposici\u00f3n y en \u00a0subsidio de apelaci\u00f3n contra la providencia que revoc\u00f3 \u00a0la suspensi\u00f3n condicional de la ejecuci\u00f3n \u00a0de la pena. \u00a0<\/p>\n<p>Las alegaciones \u00a0presentadas en relaci\u00f3n con que s\u00ed interpuso el recurso \u00a0de reposici\u00f3n y apelaci\u00f3n pero fue el \u00a0Centro de Servicios Administrativos de los \u00a0Juzgados de Ejecuci\u00f3n de Penas y Medidas de Seguridad de \u00a0Acac\u00edas el que err\u00f3 al \u00a0tramitarlo como una acci\u00f3n de tutela, no tienen lugar por \u00a0cuanto al examinar el escrito se constata que este es del 14 de junio \u00a0de 2019, fecha anterior a cuando le fue notificada la decisi\u00f3n \u00a0que ahora censura. \u00a0<\/p>\n<p>Adem\u00e1s, la \u00a0Sala no puede pasar por alto que el memorial del accionante fue \u00a0radicado en la Sala Penal del Tribunal Superior del Distrito Judicial \u00a0de Villavicencio hasta el 17 de julio siguiente, es decir, cuando el \u00a0t\u00e9rmino para interponer el recurso de apelaci\u00f3n estaba \u00a0m\u00e1s que vencido. \u00a0<\/p>\n<p>Debe recordarse que la acci\u00f3n \u00a0de tutela no fue dise\u00f1ada con miras a reemplazar al juez \u00a0competente, de ah\u00ed que no sea de recibo cuando se advierte que \u00a0el accionante cuenta con otro medio judicial para invocar la \u00a0protecci\u00f3n de los derechos fundamentales que considera le han \u00a0sido vulnerados. \u00a0<\/p>\n<p>Tal exigencia, s\u00f3lo admite \u00a0excepci\u00f3n en el evento que se trate de evitar la consumaci\u00f3n \u00a0de un perjuicio irremediable, pues de no ser as\u00ed, esto es, de \u00a0asumirse la acci\u00f3n de tutela como un mecanismo de protecci\u00f3n \u00a0alternativo, se correr\u00eda el riesgo de dejar en el vac\u00edo \u00a0las competencias de las distintas autoridades judiciales y concentrar \u00a0en la jurisdicci\u00f3n constitucional todas las decisiones \u00a0inherentes a ellas, propiciando as\u00ed, un desborde institucional \u00a0en el cumplimiento de las funciones de esta \u00faltima. \u00a0<\/p>\n<p>En este caso, el \u00a0accionante no acredit\u00f3 la urgencia, la gravedad, la inminencia \u00a0y la impostergabilidad del amparo. Tampoco hay lugar a considerar que \u00a0se encuentra ante un perjuicio irremediable. \u00a0<\/p>\n<p>Por estos motivos, \u00a0lo procedente es confirmar el fallo de tutela de primera instancia. \u00a0<\/p>\n<p>Por lo expuesto, \u00a0la CORTE SUPREMA DE JUSTICIA, SALA DE \u00a0CASACI\u00d3N PENAL \u2013 EN SALA DE DECISI\u00d3N DE ACCIONES \u00a0DE TUTELA N\u00b0 1, administrando justicia, en nombre de la Rep\u00fablica \u00a0y por autoridad de la Ley, \u00a0<\/p>\n<p>RESUELVE \u00a0<\/p>\n<p>\u00a0 \u00a0\u00a0 \u00a0 \u00a0 \u00a0 \u00a0<\/p>\n<p>1. CONFIRMAR el fallo de tutela \u00a0 \u00a0 \u00a0 \u00a0 \u00a0impugnado. \u00a0<\/p>\n<p>\u00a0 \u00a0\u00a0 \u00a0 \u00a0 \u00a0 \u00a0<\/p>\n<p>2. NOTIFICAR a los sujetos \u00a0 \u00a0 \u00a0 \u00a0 \u00a0procesales el presente fallo, por el medio m\u00e1s expedito. \u00a0<\/p>\n<p>\u00a0 \u00a0\u00a0 \u00a0 \u00a0 \u00a0 \u00a0<\/p>\n<p>3. Enviar la presente actuaci\u00f3n \u00a0 \u00a0 \u00a0 \u00a0 \u00a0a la Corte Constitucional para su eventual revisi\u00f3n, dentro \u00a0 \u00a0 \u00a0 \u00a0 \u00a0del t\u00e9rmino indicado en el art\u00edculo 31 del Decreto \u00a0 \u00a0 \u00a0 \u00a0 \u00a02591 de 1991. \u00a0<\/p>\n<p>NOTIF\u00cdQUESE Y C\u00daMPLASE \u00a0<\/p>\n<p>JOS\u00c9 \u00a0FRANCISCO ACU\u00d1A VIZCAYA \u00a0<\/p>\n<p>EUGENIO \u00a0FERN\u00c1NDEZ CARLIER \u00a0<\/p>\n<p>NUBIA YOLANDA NOVA GARC\u00cdA \u00a0<\/p>\n<p>Secretaria \u00a0<\/p>\n<p>1 \u00a0 \u00a0 \u00a0 \u00a0 \u00a0Folio 40, cuaderno 1. \u00a0<\/p>\n<p>2 \u00a0 \u00a0 \u00a0 \u00a0 \u00a0Folios 40 a 50, cuaderno 1. \u00a0<\/p>\n<p>3 \u00a0 \u00a0 \u00a0 \u00a0 \u00a0Folio 71 a 78, cuaderno 1. \u00a0<\/p>\n<p>4 \u00a0 \u00a0 \u00a0 \u00a0 \u00a0\u00cddem. Sentencia T-522 de 2001. \u00a0<\/p>\n<p>5 \u00a0 \u00a0 \u00a0 \u00a0 \u00a0\u00abCfr. \u00a0 \u00a0 \u00a0 \u00a0 \u00a0Sentencias T-462 de \u00a0 \u00a0 \u00a0 \u00a0 \u00a02003 ; SU-1184 de 2001 ; T-1625 de 2000 y T-1031 de 2001.\u00bb \u00a0 \u00a0 \u00a0<\/p>\n<p><\/p>\n","protected":false},"excerpt":{"rendered":"<p>\u00a0 \u00a0 \u00a0 \u00a0\u00a0 JOS\u00c9 \u00a0FRANCISCO ACU\u00d1A VIZCAYA \u00a0 Magistrado \u00a0Ponente \u00a0 STP13726-2019 \u00a0 Radicaci\u00f3n \u00a0n.\u00b0 106873 \u00a0 (Aprobaci\u00f3n \u00a0Acta No. 262) \u00a0 Bogot\u00e1 D.C., ocho (08) de octubre de dos \u00a0mil diecinueve (2019) \u00a0 VISTOS \u00a0 Decide \u00a0la Sala el recurso de impugnaci\u00f3n interpuesto por Cristian \u00a0Danilo Rodr\u00edguez Romero, contra el \u00a0fallo de tutela [&hellip;]<\/p>\n","protected":false},"author":1,"featured_media":0,"comment_status":"open","ping_status":"open","sticky":false,"template":"","format":"standard","meta":{"footnotes":""},"categories":[28],"tags":[],"class_list":["post-45882","post","type-post","status-publish","format-standard","hentry","category-28"],"_links":{"self":[{"href":"https:\/\/dmsjuridica.com\/buscador_20179478954\/salapenalcronologico20230723\/wp-json\/wp\/v2\/posts\/45882","targetHints":{"allow":["GET"]}}],"collection":[{"href":"https:\/\/dmsjuridica.com\/buscador_20179478954\/salapenalcronologico20230723\/wp-json\/wp\/v2\/posts"}],"about":[{"href":"https:\/\/dmsjuridica.com\/buscador_20179478954\/salapenalcronologico20230723\/wp-json\/wp\/v2\/types\/post"}],"author":[{"embeddable":true,"href":"https:\/\/dmsjuridica.com\/buscador_20179478954\/salapenalcronologico20230723\/wp-json\/wp\/v2\/users\/1"}],"replies":[{"embeddable":true,"href":"https:\/\/dmsjuridica.com\/buscador_20179478954\/salapenalcronologico20230723\/wp-json\/wp\/v2\/comments?post=45882"}],"version-history":[{"count":0,"href":"https:\/\/dmsjuridica.com\/buscador_20179478954\/salapenalcronologico20230723\/wp-json\/wp\/v2\/posts\/45882\/revisions"}],"wp:attachment":[{"href":"https:\/\/dmsjuridica.com\/buscador_20179478954\/salapenalcronologico20230723\/wp-json\/wp\/v2\/media?parent=45882"}],"wp:term":[{"taxonomy":"category","embeddable":true,"href":"https:\/\/dmsjuridica.com\/buscador_20179478954\/salapenalcronologico20230723\/wp-json\/wp\/v2\/categories?post=45882"},{"taxonomy":"post_tag","embeddable":true,"href":"https:\/\/dmsjuridica.com\/buscador_20179478954\/salapenalcronologico20230723\/wp-json\/wp\/v2\/tags?post=45882"}],"curies":[{"name":"wp","href":"https:\/\/api.w.org\/{rel}","templated":true}]}}