{"id":45834,"date":"2023-09-14T21:58:10","date_gmt":"2023-09-14T21:58:10","guid":{"rendered":"https:\/\/dmsjuridica.com\/buscador_20179478954\/salapenalcronologico20230723\/2023\/09\/14\/stp13625-2019\/"},"modified":"2023-09-14T21:58:10","modified_gmt":"2023-09-14T21:58:10","slug":"stp13625-2019","status":"publish","type":"post","link":"https:\/\/dmsjuridica.com\/buscador_20179478954\/salapenalcronologico20230723\/2023\/09\/14\/stp13625-2019\/","title":{"rendered":"STP13625-2019"},"content":{"rendered":"\n<p>\u00a0 \u00a0 \u00a0 \u00a0\u00a0<\/p>\n<p>LUIS \u00a0ANTONIO HERN\u00c1NDEZ BARBOSA \u00a0<\/p>\n<p>Magistrado \u00a0Ponente \u00a0<\/p>\n<p>STP13625-2019 \u00a0<\/p>\n<p>Radicaci\u00f3n \u00a0No. 107137 \u00a0<\/p>\n<p>Acta \u00a0No. 260 \u00a0<\/p>\n<p>Bogot\u00e1, \u00a0D.C., octubre cuatro (04) de dos mil diecinueve (2019). \u00a0<\/p>\n<p>V \u00a0I S T O S \u00a0<\/p>\n<p>Resuelve \u00a0la Sala la acci\u00f3n de tutela interpuesta por \u00a0JOS\u00c9 \u00a0ALBEIRO PLAZAS, \u00a0contra la Sala \u00a0Penal del Tribunal Superior del Distrito Judicial de Bogot\u00e1 y \u00a0el Juzgado 56 Penal del Circuito con Funci\u00f3n de Conocimiento \u00a0de la misma ciudad, por la presunta vulneraci\u00f3n de sus \u00a0derechos fundamentales al debido proceso, defensa y acceso a la \u00a0administraci\u00f3n de justicia. \u00a0<\/p>\n<p>Al \u00a0tr\u00e1mite fueron vinculados todas las partes e intervinientes \u00a0dentro del proceso penal con radicado 15238600021120150050100, \u00a0seguido en contra \u00a0del aqu\u00ed accionante. \u00a0<\/p>\n<p>I. \u00a0ANTECEDENTES Y FUNDAMENTOS DE LA ACCI\u00d3N \u00a0<\/p>\n<p>1. \u00a0Para lo que compete resolver en el presente asunto, del escrito de \u00a0tutela y documentos aportados al plenario la Sala destaca los \u00a0siguientes hechos jur\u00eddicamente relevantes: \u00a0<\/p>\n<p>\u00a0 \u00a0\u00a0 \u00a0 \u00a0 \u00a0 \u00a0<\/p>\n<p>i. Que, \u00a0 \u00a0 \u00a0 \u00a0 \u00a0previo allanamiento a cargos, JOS\u00c9 \u00a0 \u00a0 \u00a0 \u00a0 \u00a0ALBEIRO PLAZAS \u00a0 \u00a0 \u00a0 \u00a0 \u00a0fue condenado el 30 de junio de 2016, por el Juzgado 56 Penal del \u00a0 \u00a0 \u00a0 \u00a0 \u00a0Circuito con Funci\u00f3n de Conocimiento de Bogot\u00e1, a la \u00a0 \u00a0 \u00a0 \u00a0 \u00a0pena de 20 a\u00f1os de prisi\u00f3n, tras ser hallado autor \u00a0 \u00a0 \u00a0 \u00a0 \u00a0responsable del delito de acceso carnal violento, en concurso \u00a0 \u00a0 \u00a0 \u00a0 \u00a0heterog\u00e9neo y sucesivo con acceso carnal abusivo con menor de \u00a0 \u00a0 \u00a0 \u00a0 \u00a014 a\u00f1os. As\u00ed mismo, no le fue otorgado el subrogado de \u00a0 \u00a0 \u00a0 \u00a0 \u00a0ejecuci\u00f3n condicional de la pena, ni la prisi\u00f3n \u00a0 \u00a0 \u00a0 \u00a0 \u00a0domiciliaria. \u00a0<\/p>\n<p>\u00a0 \u00a0\u00a0 \u00a0 \u00a0 \u00a0 \u00a0<\/p>\n<p>ii. Que \u00a0 \u00a0 \u00a0 \u00a0 \u00a0habiendo sido objeto de recurso de apelaci\u00f3n, la decisi\u00f3n \u00a0 \u00a0 \u00a0 \u00a0 \u00a0fue confirmada por la Sala Penal del Tribunal Superior de Bogot\u00e1, \u00a0 \u00a0 \u00a0 \u00a0 \u00a0a trav\u00e9s de sentencia del 14 de diciembre de 2018. \u00a0<\/p>\n<p>\u00a0 \u00a0\u00a0 \u00a0 \u00a0 \u00a0 \u00a0<\/p>\n<p>iii. Que \u00a0 \u00a0 \u00a0 \u00a0 \u00a0en concepto de la parte actora las decisiones objeto de censura \u00a0 \u00a0 \u00a0 \u00a0 \u00a0vulneran sus derechos fundamentales, por cuanto no tuvieron en \u00a0 \u00a0 \u00a0 \u00a0 \u00a0cuenta que cuando acept\u00f3 los cargos imputados, lo hizo de \u00a0 \u00a0 \u00a0 \u00a0 \u00a0manera condicionada, esto es, indicando que as\u00ed ser\u00eda, \u00a0 \u00a0 \u00a0 \u00a0 \u00a0siempre y cuando le fuera otorgado el sustituto penal de prisi\u00f3n \u00a0 \u00a0 \u00a0 \u00a0 \u00a0domiciliaria. \u00a0<\/p>\n<p>2. \u00a0Como consecuencia de lo anterior, el accionante acude al juez \u00a0constitucional para que, en amparo de los derechos fundamentales \u00a0invocados, intervenga \u00a0en el proceso penal con radicado 15238600021120150050100, \u00a0deje \u00a0sin efectos las decisiones proferidas por las autoridades accionadas \u00a0y ordene \u00a0seguir adelante con el juicio para que pueda ejercer su defensa. \u00a0<\/p>\n<p>II. \u00a0TR\u00c1MITE DE LA ACCI\u00d3N \u00a0<\/p>\n<p>Mediante \u00a0auto del 27 de septiembre 2019 se admiti\u00f3 la demanda y se \u00a0dispuso correr el respectivo traslado a las autoridades y partes \u00a0mencionadas, para que ejercieran su derecho de defensa y \u00a0contradicci\u00f3n. \u00a0<\/p>\n<p>El \u00a0titular del Juzgado 56 Penal del Circuito con Funci\u00f3n de \u00a0Conocimiento de Bogot\u00e1, en respuesta al requerimiento \u00a0efectuado, inform\u00f3 que en la instalaci\u00f3n del juicio \u00a0oral seguido en contra del promotor del amparo, le pregunt\u00f3 a \u00a0JOS\u00c9 \u00a0ALBEIRO PLAZAS \u00a0si se allanaba a cargos y, luego de ser asesorado por su abogado \u00a0defensor, aqu\u00e9l respondi\u00f3 que s\u00ed, a lo que la \u00a0fiscal\u00eda manifest\u00f3 que de mediar la aceptaci\u00f3n, \u00a0el indiciado no tendr\u00eda derecho a ning\u00fan beneficio. En \u00a0ese sentido, afirm\u00f3 que ese despacho respet\u00f3 todas las \u00a0garant\u00edas procesales del actor y que las aseveraciones de \u00e9ste \u00a0no se ajustan a la realidad. \u00a0<\/p>\n<p>Por \u00a0su parte la Fiscal\u00eda 225 Delegada efectu\u00f3 un recuento \u00a0de la actuaci\u00f3n procesal a que alude el accionante y consider\u00f3 \u00a0que la protecci\u00f3n solicitada deviene improcedente, toda vez \u00a0que el sentenciado no interpuso recurso extraordinario de casaci\u00f3n \u00a0frente a la sentencia de segundo grado, con lo cual la decisi\u00f3n \u00a0cobr\u00f3 ejecutoria. As\u00ed mismo, sostuvo que no existi\u00f3 \u00a0ninguna irregularidad dentro del tr\u00e1mite de la causa y que el \u00a0aqu\u00ed demandante no demostr\u00f3 la ocurrencia de la v\u00eda \u00a0de hecho que alega. \u00a0<\/p>\n<p>La \u00a0Procuradora 219 Judicial I Penal refiri\u00f3 que el pedimento del \u00a0actor carece de sustento, puesto que en ning\u00fan momento la \u00a0autoridad judicial demandada afect\u00f3 el debido proceso y su \u00a0aceptaci\u00f3n de cargos fue libre, consciente y voluntaria. \u00a0<\/p>\n<p>A \u00a0pesar de haber sido notificados, la Sala Penal del tribunal accionado \u00a0y dem\u00e1s partes e intervinientes dentro del proceso penal con \u00a0radicado 15238600021120150050100, \u00a0no se pronunciaron dentro del t\u00e9rmino concedido para tal \u00a0efecto. \u00a0<\/p>\n<p>III. \u00a0CONSIDERACIONES DE LA CORTE \u00a0<\/p>\n<p>Conforme \u00a0a las previsiones \u00a0establecidas en el Decreto 1983 de 2017, modificatorio del Decreto \u00a01069 de 2015, esta Sala \u00a0es competente para pronunciarse respecto de la \u00a0tem\u00e1tica planteada al inicio de esta providencia. \u00a0<\/p>\n<p>La \u00a0acci\u00f3n de tutela no tiene connotaci\u00f3n alternativa o \u00a0supletoria, es decir, que su ejercicio no puede darse en forma \u00a0paralela a los medios de defensa judiciales comunes, ni tampoco se \u00a0instituy\u00f3 como \u00faltimo recurso al cual se pueda acudir \u00a0cuando aquellos no se ejercitan, o habi\u00e9ndolo hecho, resultan \u00a0desfavorables al interesado. \u00a0<\/p>\n<p>En \u00a0el caso bajo estudio, advierte prima \u00a0facie \u00a0la Corte que no \u00a0se satisface el requisito que tiene que ver con el agotamiento \u00a0de todos los medios \u2013ordinarios y extraordinarios\u2013 de \u00a0defensa judicial al alcance de la persona afectada con la actuaci\u00f3n \u00a0o la decisi\u00f3n emanada de la autoridad p\u00fablica \u00a0comprometida. Ello por cuanto se observa que el aqu\u00ed \u00a0accionante, en el marco \u00a0de la causa penal adelantada en su contra, no promovi\u00f3 el \u00a0recurso extraordinario de casaci\u00f3n contra la sentencia de \u00a0segundo grado proferida \u00a0por la Sala Penal del \u00a0Tribunal Superior de Bogot\u00e1, que le fue desfavorable, evitando \u00a0de ese modo, con su proceder omisivo, que el Juez Natural, esto es, \u00a0el \u00f3rgano de cierre de la jurisdicci\u00f3n ordinaria, en su \u00a0especialidad penal, examinara de fondo los motivos de inconformidad \u00a0que le asisten en relaci\u00f3n con las providencias proferidas por \u00a0las autoridades de primera y segunda instancia y la presunta \u00a0irregularidad que afect\u00f3 la aceptaci\u00f3n de cargos que \u00a0tuvo lugar en audiencia celebrada el 30 de junio de 2016. \u00a0<\/p>\n<p>De \u00a0manera que encuentra la \u00a0Sala que JOS\u00c9 \u00a0ALBEIRO PLAZAS \u00a0pudo controvertir el fallo de segunda instancia a trav\u00e9s del \u00a0recurso extraordinario de casaci\u00f3n, aduciendo argumentos \u00a0similares a los expuestos en la demanda de tutela. Por \u00a0consiguiente, resulta inadmisible que \u00a0ahora pretenda subsanar tal proceder, a trav\u00e9s de esta v\u00eda \u00a0excepcional de protecci\u00f3n, pues como de manera reiterada lo ha \u00a0sostenido la Corte Constitucional \u00abuna \u00a0de las condiciones de procedibilidad de la acci\u00f3n de tutela, \u00a0consiste en que el accionante no sea responsable de los hechos que \u00a0presuntamente vulneran los derechos invocados, pues su finalidad no \u00a0es subsanar los efectos del descuido en que haya podido incurrir\u2026\u00bb \u00a0(C.C.S.T- \u00a01231\/2008), lo \u00a0cual es expresi\u00f3n del principio \u00abNemo \u00a0auditur propriam turpitudinem allegans\u00bb1, \u00a0que en trat\u00e1ndose del ejercicio de la acci\u00f3n de tutela \u00a0implica que: \u00ab(i) \u00a0el juez constitucional no puede amparar situaciones donde la supuesta \u00a0vulneraci\u00f3n de un derecho fundamental, no se deriva de la \u00a0acci\u00f3n u omisi\u00f3n de cualquier autoridad sino de la \u00a0negligencia imprudencia o descuido del particular; (ii) la incuria \u00a0del accionante no puede subsanarse por medio de la acci\u00f3n de \u00a0tutela; (iii) la imposibilidad de alegar la propia culpa o desidia \u00a0para solicitar la protecci\u00f3n de un derecho cuyo riesgo ha sido \u00a0generado por el mismo accionante\u00bb (C.C.S.T-1231\/2008). \u00a0<\/p>\n<p>En \u00a0ese orden, resulta evidente que el descuido puesto de presente \u00a0permiti\u00f3 que la decisi\u00f3n de segunda instancia \u00a0reprochada cobrara firmeza, situaci\u00f3n que no puede modificarse \u00a0a trav\u00e9s de la v\u00eda constitucional, ni siquiera como \u00a0mecanismo transitorio, pues para acceder al amparo bajo esa modalidad \u00a0es necesario que el interesado haya hecho uso adecuado de todos los \u00a0medios ordinarios dispuestos por el legislador (Cfr. \u00a0Sentencia SU \u2013 111 de 1997). \u00a0<\/p>\n<p>Como \u00a0el promotor de la acci\u00f3n no agot\u00f3 ese medio de \u00a0impugnaci\u00f3n, la solicitud de amparo se torna improcedente \u00a0\u2013numeral \u00a01\u00ba del art\u00edculo 6\u00ba del Decreto 2591 de 1991-, \u00a0tal como lo ha reconocido la Corte Constitucional \u2013Sentencia \u00a0T \u2013 1217 de 2003-. \u00a0<\/p>\n<p>Corolario \u00a0de lo anterior, se negar\u00e1 la protecci\u00f3n invocada. \u00a0<\/p>\n<p>En \u00a0m\u00e9rito de lo expuesto, la \u00a0CORTE SUPREMA DE JUSTICIA, SALA DE CASACI\u00d3N PENAL, SALA \u00a0 \u00a0SEGUNDA \u00a0 \u00a0DE DECISI\u00d3N DE TUTELAS, \u00a0administrando justicia en nombre de la Rep\u00fablica de Colombia y \u00a0por autoridad de la ley, \u00a0<\/p>\n<p>R \u00a0E S U E L V E \u00a0<\/p>\n<p>1. \u00a0NEGAR el amparo \u00a0constitucional deprecado por \u00a0 JOS\u00c9 \u00a0ALBEIRO PLAZAS, \u00a0de conformidad \u00a0con las razones consignadas en la \u00a0 parte motiva de esta providencia. \u00a0<\/p>\n<p>2. \u00a0 \u00a0 \u00a0 \u00a0NOTIFICAR \u00a0este \u00a0prove\u00eddo \u00a0conforme al art\u00edculo 30 \u00a0del Decreto 2591 de \u00a01991. \u00a0<\/p>\n<p>3. \u00a0 \u00a0 \u00a0 \u00a0En \u00a0caso de no ser impugnada, \u00a0REMITIR el \u00a0expediente a la Corte Constitucional para su eventual revisi\u00f3n. \u00a0<\/p>\n<p>NOTIF\u00cdQUESE \u00a0Y C\u00daMPLASE. \u00a0<\/p>\n<p>LUIS \u00a0ANTONIO HERN\u00c1NDEZ BARBOSA \u00a0<\/p>\n<p>PATRICIA \u00a0SALAZAR CU\u00c9LLAR \u00a0<\/p>\n<p>NUBIA \u00a0YOLANDA NOVA GARC\u00cdA \u00a0<\/p>\n<p>Secretaria \u00a0<\/p>\n<p>1 \u00a0 \u00a0 \u00a0 \u00a0 \u00a0Nadie puede alegar en su favor su propia culpa. \u00a0 \u00a0 \u00a0<\/p>\n<p><\/p>\n","protected":false},"excerpt":{"rendered":"<p>\u00a0 \u00a0 \u00a0 \u00a0\u00a0 LUIS \u00a0ANTONIO HERN\u00c1NDEZ BARBOSA \u00a0 Magistrado \u00a0Ponente \u00a0 STP13625-2019 \u00a0 Radicaci\u00f3n \u00a0No. 107137 \u00a0 Acta \u00a0No. 260 \u00a0 Bogot\u00e1, \u00a0D.C., octubre cuatro (04) de dos mil diecinueve (2019). \u00a0 V \u00a0I S T O S \u00a0 Resuelve \u00a0la Sala la acci\u00f3n de tutela interpuesta por \u00a0JOS\u00c9 \u00a0ALBEIRO PLAZAS, \u00a0contra la Sala [&hellip;]<\/p>\n","protected":false},"author":1,"featured_media":0,"comment_status":"open","ping_status":"open","sticky":false,"template":"","format":"standard","meta":{"footnotes":""},"categories":[28],"tags":[],"class_list":["post-45834","post","type-post","status-publish","format-standard","hentry","category-28"],"_links":{"self":[{"href":"https:\/\/dmsjuridica.com\/buscador_20179478954\/salapenalcronologico20230723\/wp-json\/wp\/v2\/posts\/45834","targetHints":{"allow":["GET"]}}],"collection":[{"href":"https:\/\/dmsjuridica.com\/buscador_20179478954\/salapenalcronologico20230723\/wp-json\/wp\/v2\/posts"}],"about":[{"href":"https:\/\/dmsjuridica.com\/buscador_20179478954\/salapenalcronologico20230723\/wp-json\/wp\/v2\/types\/post"}],"author":[{"embeddable":true,"href":"https:\/\/dmsjuridica.com\/buscador_20179478954\/salapenalcronologico20230723\/wp-json\/wp\/v2\/users\/1"}],"replies":[{"embeddable":true,"href":"https:\/\/dmsjuridica.com\/buscador_20179478954\/salapenalcronologico20230723\/wp-json\/wp\/v2\/comments?post=45834"}],"version-history":[{"count":0,"href":"https:\/\/dmsjuridica.com\/buscador_20179478954\/salapenalcronologico20230723\/wp-json\/wp\/v2\/posts\/45834\/revisions"}],"wp:attachment":[{"href":"https:\/\/dmsjuridica.com\/buscador_20179478954\/salapenalcronologico20230723\/wp-json\/wp\/v2\/media?parent=45834"}],"wp:term":[{"taxonomy":"category","embeddable":true,"href":"https:\/\/dmsjuridica.com\/buscador_20179478954\/salapenalcronologico20230723\/wp-json\/wp\/v2\/categories?post=45834"},{"taxonomy":"post_tag","embeddable":true,"href":"https:\/\/dmsjuridica.com\/buscador_20179478954\/salapenalcronologico20230723\/wp-json\/wp\/v2\/tags?post=45834"}],"curies":[{"name":"wp","href":"https:\/\/api.w.org\/{rel}","templated":true}]}}