{"id":45601,"date":"2023-09-14T21:58:00","date_gmt":"2023-09-14T21:58:00","guid":{"rendered":"https:\/\/dmsjuridica.com\/buscador_20179478954\/salapenalcronologico20230723\/2023\/09\/14\/stp12757-2019\/"},"modified":"2023-09-14T21:58:00","modified_gmt":"2023-09-14T21:58:00","slug":"stp12757-2019","status":"publish","type":"post","link":"https:\/\/dmsjuridica.com\/buscador_20179478954\/salapenalcronologico20230723\/2023\/09\/14\/stp12757-2019\/","title":{"rendered":"STP12757-2019"},"content":{"rendered":"\n<p>\u00a0 \u00a0 \u00a0 \u00a0\u00a0<\/p>\n<p>EUGENIO \u00a0FERN\u00c1NDEZ CARLIER \u00a0<\/p>\n<p>Magistrado \u00a0Ponente \u00a0<\/p>\n<p>STP12757-2019 \u00a0<\/p>\n<p>Radicaci\u00f3n \u00a0n. \u00ba 106679 \u00a0<\/p>\n<p>Acta \u00a0n. \u00b0 241 \u00a0<\/p>\n<p>Bogot\u00e1 \u00a0D.C., diecisiete (17) de septiembre de dos mil diecinueve (2019). \u00a0<\/p>\n<p>ASUNTO \u00a0<\/p>\n<p>Procede \u00a0la Sala a pronunciarse acerca del desistimiento de la acci\u00f3n \u00a0de tutela presentada por HENRY C\u00d3RDOBA PALACIO, contra la Sala \u00a0Penal del Tribunal Superior de Villavicencio, y el Juzgado 1\u00ba \u00a0Promiscuo del Circuito de San Jos\u00e9 de Guaviare, por la \u00a0presunta vulneraci\u00f3n de los derechos fundamentales de sus \u00a0hijos menores L.D.C.C., R. S.C.C., J.A.C.C. y A.L.C.R. Al tr\u00e1mite \u00a0tutelar fueron vinculados el Instituto Colombiano de Bienestar \u00a0Familiar Regional Guaviare, el Director y Jefe de la Oficina Jur\u00eddica \u00a0de la C\u00e1rcel Municipal de San Jos\u00e9 del Guaviare, y las \u00a0partes e intervinientes en el proceso penal que se adelant\u00f3 \u00a0contra el actor en el citado Juzgado Promiscuo del Circuito, bajo el \u00a0radicado 950016000000-2019-00001-00. \u00a0<\/p>\n<p>ANTECEDENTES \u00a0Y FUNDAMENTOS DE LA ACCI\u00d3N \u00a0<\/p>\n<p>De \u00a0acuerdo con la demanda, el 11 de abril de 2019, el se\u00f1or \u00a0HENRY \u00a0C\u00d3RDOBA PALACIO fue condenado por el \u00a0Juzgado 1\u00ba Promiscuo del Circuito de San Jos\u00e9 del \u00a0Guaviare, a la pena de 48 meses de prisi\u00f3n, por \u00a0el delito de tr\u00e1fico, fabricaci\u00f3n o porte de \u00a0estupefacientes. En esa oportunidad le fue negada la sustituci\u00f3n \u00a0de la prisi\u00f3n carcelaria por domiciliaria, por falta de \u00a0sustento probatorio y argumentativo, situaci\u00f3n que gener\u00f3 \u00a0el env\u00edo del proceso al Tribunal Superior del Distrito \u00a0Judicial de Villavicencio para lo de su cargo, sin que a la fecha de \u00a0presentaci\u00f3n del amparo hubiese procedido a ello. \u00a0<\/p>\n<p>El \u00a018 de junio del mismo a\u00f1o, insisti\u00f3 en la pretensi\u00f3n \u00a0ante el juzgado A \u00a0quo. \u00a0Posteriormente, alleg\u00f3 documentos que sustentaban la solicitud \u00a0a trav\u00e9s de oficios presentados los d\u00edas 13 y 23 de \u00a0agosto de 2019. No obstante, la titular del mencionado despacho \u00a0suspendi\u00f3 la lectura de la decisi\u00f3n programada para \u00a0esta \u00faltima fecha, argumentando que el expediente se \u00a0encontraba en el Tribunal Superior de Villavicencio, surtiendo el \u00a0recurso de apelaci\u00f3n antes mencionado. \u00a0<\/p>\n<p>CONSIDERACIONES \u00a0<\/p>\n<p>La acci\u00f3n \u00a0de tutela es un mecanismo de raigambre constitucional establecido \u00a0para proteger los derechos fundamentales de los ciudadanos, cuando se \u00a0vean amenazados o vulnerados por acciones u omisiones de las \u00a0autoridades p\u00fablicas o de los particulares en los casos \u00a0previstos por el legislador, al cual puede acceder cualquier persona \u00a0que considere se encuentra en alguna de tales eventualidades, cuyo \u00a0ejercicio surge de la voluntad del demandante, quien, por lo tanto, \u00a0tambi\u00e9n tiene la facultad de renunciar a esa atribuci\u00f3n. \u00a0<\/p>\n<p>Dicha \u00a0circunstancia se encuentra prevista en el inciso 2\u00ba del art\u00edculo \u00a026 del Decreto 2591 de 1991, en cuanto dispone \u00abel \u00a0recurrente podr\u00e1 desistir de la tutela\u2026\u00bb. \u00a0<\/p>\n<p>En el caso \u00a0objeto de an\u00e1lisis, antes de proceder a avocar el conocimiento \u00a0de la presente acci\u00f3n de tutela, el demandante HENRY C\u00d3RDOBA \u00a0PALACIO, a trav\u00e9s de escrito recibido en la Secretaria de la \u00a0Sala de Casaci\u00f3n Penal el 9 de septiembre del a\u00f1o en \u00a0curso, manifest\u00f3 su deseo de desistir de esta acci\u00f3n \u00a0\u201cdebido \u00a0a que ya me dieron soluci\u00f3n. Quedando el hecho superado\u201d. \u00a0<\/p>\n<p>Por ello y como \u00a0quiera que no se observa vicio de consentimiento alguno en su \u00a0manifestaci\u00f3n, se acceder\u00e1 a tal pretensi\u00f3n y se \u00a0dispondr\u00e1 el \u00a0archivo de las presentes diligencias, pues claramente est\u00e1 \u00a0desistiendo de la misma. \u00a0<\/p>\n<p>En \u00a0m\u00e9rito de lo expuesto, la Corte \u00a0Suprema de Justicia Sala de Casaci\u00f3n Penal, \u00a0en Sala de Decisi\u00f3n de Tutelas No. 1, \u00a0<\/p>\n<p>RESUELVE \u00a0<\/p>\n<p>1. \u00a0Aceptar \u00a0el desistimiento de la acci\u00f3n de tutela presentado por HENRY \u00a0C\u00d3RDOBA PALACIO, contra la \u00a0Sala Penal del Tribunal Superior de Villavicencio, y el Juzgado 1\u00ba \u00a0Promiscuo del Circuito de San Jos\u00e9 de Guaviare, acorde a lo \u00a0expuesto. \u00a0<\/p>\n<p>2. \u00a0Remitir \u00a0copia de la presente decisi\u00f3n al proceso penal referido en la \u00a0demanda. \u00a0<\/p>\n<p>3. \u00a0Notificada \u00a0esta decisi\u00f3n de conformidad con lo dispuesto por el art\u00edculo \u00a016 del Decreto 2591 de 1991, se ordenar\u00e1 el archivo de las \u00a0diligencias. \u00a0<\/p>\n<p>C\u00famplase \u00a0<\/p>\n<p>JOS\u00c9 \u00a0FRANCISCO ACU\u00d1A VIZCAYA \u00a0<\/p>\n<p>EUGENIO \u00a0FERN\u00c1NDEZ CARLIER \u00a0<\/p>\n<p>NUBIA \u00a0YOLANDA NOVA GARC\u00cdA \u00a0<\/p>\n<p>Secretaria \u00a0<\/p>\n<p>\u00a0 \u00a0 \u00a0\u00a0<\/p>\n<p><\/p>\n","protected":false},"excerpt":{"rendered":"<p>\u00a0 \u00a0 \u00a0 \u00a0\u00a0 EUGENIO \u00a0FERN\u00c1NDEZ CARLIER \u00a0 Magistrado \u00a0Ponente \u00a0 STP12757-2019 \u00a0 Radicaci\u00f3n \u00a0n. \u00ba 106679 \u00a0 Acta \u00a0n. \u00b0 241 \u00a0 Bogot\u00e1 \u00a0D.C., diecisiete (17) de septiembre de dos mil diecinueve (2019). \u00a0 ASUNTO \u00a0 Procede \u00a0la Sala a pronunciarse acerca del desistimiento de la acci\u00f3n \u00a0de tutela presentada por HENRY C\u00d3RDOBA PALACIO, [&hellip;]<\/p>\n","protected":false},"author":1,"featured_media":0,"comment_status":"open","ping_status":"open","sticky":false,"template":"","format":"standard","meta":{"footnotes":""},"categories":[28],"tags":[],"class_list":["post-45601","post","type-post","status-publish","format-standard","hentry","category-28"],"_links":{"self":[{"href":"https:\/\/dmsjuridica.com\/buscador_20179478954\/salapenalcronologico20230723\/wp-json\/wp\/v2\/posts\/45601","targetHints":{"allow":["GET"]}}],"collection":[{"href":"https:\/\/dmsjuridica.com\/buscador_20179478954\/salapenalcronologico20230723\/wp-json\/wp\/v2\/posts"}],"about":[{"href":"https:\/\/dmsjuridica.com\/buscador_20179478954\/salapenalcronologico20230723\/wp-json\/wp\/v2\/types\/post"}],"author":[{"embeddable":true,"href":"https:\/\/dmsjuridica.com\/buscador_20179478954\/salapenalcronologico20230723\/wp-json\/wp\/v2\/users\/1"}],"replies":[{"embeddable":true,"href":"https:\/\/dmsjuridica.com\/buscador_20179478954\/salapenalcronologico20230723\/wp-json\/wp\/v2\/comments?post=45601"}],"version-history":[{"count":0,"href":"https:\/\/dmsjuridica.com\/buscador_20179478954\/salapenalcronologico20230723\/wp-json\/wp\/v2\/posts\/45601\/revisions"}],"wp:attachment":[{"href":"https:\/\/dmsjuridica.com\/buscador_20179478954\/salapenalcronologico20230723\/wp-json\/wp\/v2\/media?parent=45601"}],"wp:term":[{"taxonomy":"category","embeddable":true,"href":"https:\/\/dmsjuridica.com\/buscador_20179478954\/salapenalcronologico20230723\/wp-json\/wp\/v2\/categories?post=45601"},{"taxonomy":"post_tag","embeddable":true,"href":"https:\/\/dmsjuridica.com\/buscador_20179478954\/salapenalcronologico20230723\/wp-json\/wp\/v2\/tags?post=45601"}],"curies":[{"name":"wp","href":"https:\/\/api.w.org\/{rel}","templated":true}]}}