{"id":45481,"date":"2023-09-14T21:57:55","date_gmt":"2023-09-14T21:57:55","guid":{"rendered":"https:\/\/dmsjuridica.com\/buscador_20179478954\/salapenalcronologico20230723\/2023\/09\/14\/stp12427-2019\/"},"modified":"2023-09-14T21:57:55","modified_gmt":"2023-09-14T21:57:55","slug":"stp12427-2019","status":"publish","type":"post","link":"https:\/\/dmsjuridica.com\/buscador_20179478954\/salapenalcronologico20230723\/2023\/09\/14\/stp12427-2019\/","title":{"rendered":"STP12427-2019"},"content":{"rendered":"\n<p>\u00a0 \u00a0 \u00a0 \u00a0\u00a0<\/p>\n<p>JOS\u00c9 \u00a0FRANCISCO ACU\u00d1A VIZCAYA \u00a0<\/p>\n<p>Magistrado \u00a0Ponente \u00a0<\/p>\n<p>STP12427-2019 \u00a0<\/p>\n<p>Radicaci\u00f3n \u00a0n.\u00b0 106136 \u00a0<\/p>\n<p>(Aprobaci\u00f3n \u00a0Acta No. 224) \u00a0<\/p>\n<p>Bogot\u00e1 \u00a0D.C., tres (03) de septiembre \u00a0de dos mil diecinueve (2019) \u00a0<\/p>\n<p>VISTOS \u00a0<\/p>\n<p>Resuelve \u00a0la Sala de Casaci\u00f3n Penal de la Corte Suprema de Justicia, \u00a0Sala de Decisi\u00f3n de Tutelas, la acci\u00f3n interpuesta por \u00a0Miguel Medina Galvis, contra la Sala Penal del Tribunal \u00a0Superior del Distrito Judicial de Bogot\u00e1, con ocasi\u00f3n \u00a0de la decisi\u00f3n proferida el 23 de mayo de 2019, mediante la \u00a0cual confirm\u00f3 el auto por medio del cual el Juzgado 56 Penal \u00a0del Circuito de Bogot\u00e1 deneg\u00f3 la nulidad planteada \u00a0dentro del proceso penal radicado bajo el n\u00famero \u00a0110013104056201800273 (en adelante: proceso penal 2018-00273).+ \u00a0<\/p>\n<p>Fueron vinculados como terceros con \u00a0inter\u00e9s leg\u00edtimo en el presente asunto a las dem\u00e1s \u00a0autoridades, partes e intervinientes del referido expediente. \u00a0<\/p>\n<p>ANTECEDENTES \u00a0<\/p>\n<p>Y \u00a0<\/p>\n<p>FUNDAMENTOS \u00a0DE LA ACCI\u00d3N \u00a0<\/p>\n<p>El ciudadano Miguel Medina Galvis \u00a0solicita el amparo de su derecho fundamental al debido proceso. En \u00a0s\u00edntesis, censura que las autoridades accionadas no han tenido \u00a0en cuenta que las disposiciones de la Ley 890 de 2004 no son \u00a0aplicables al proceso penal 2018-00273, el cual se adelantada por el \u00a0procedimiento establecido en la Ley 600 del a\u00f1o 2000. \u00a0<\/p>\n<p>En consecuencia, solicita que las \u00a0decisiones que denegaron su solicitud de nulidad se dejen sin efectos \u00a0para que esta sea nuevamente estudiada a la luz del principio de \u00a0favorabilidad. \u00a0<\/p>\n<p>Como pruebas aport\u00f3 copia de \u00a0varias piezas procesales. \u00a0<\/p>\n<p>RESPUESTA \u00a0DE LAS AUTORIDADES ACCIONADAS Y VINCULADAS \u00a0<\/p>\n<p>\u00a0 \u00a0\u00a0 \u00a0 \u00a0 \u00a0 \u00a0<\/p>\n<p>1. La Fiscal\u00eda 335 \u00a0 \u00a0 \u00a0 \u00a0 \u00a0Delegada ante los Jueces Penales del Circuito de Bogot\u00e1 \u00a0 \u00a0 \u00a0 \u00a0 \u00a0inform\u00f3 el tr\u00e1mite dado a la solicitud de nulidad del \u00a0 \u00a0 \u00a0 \u00a0 \u00a0accionante y que el proceso penal 2018-00273 \u00a0 \u00a0 \u00a0 \u00a0 \u00a0ya se encuentra en la etapa de audiencia p\u00fablica. \u00a0<\/p>\n<p>\u00a0 \u00a0\u00a0 \u00a0 \u00a0 \u00a0 \u00a0<\/p>\n<p>2. El Juzgado 56 Penal \u00a0 \u00a0 \u00a0 \u00a0 \u00a0del Circuito de Bogot\u00e1 con Funci\u00f3n de Conocimiento \u00a0 \u00a0 \u00a0 \u00a0 \u00a0solicit\u00f3 declarar improcedente el amparo invocado porque las \u00a0 \u00a0 \u00a0 \u00a0 \u00a0pretensiones incoadas por el accionante deben resolverse en el \u00a0 \u00a0 \u00a0 \u00a0 \u00a0escenario natural, en el marco del cual se le han brindado todas las \u00a0 \u00a0 \u00a0 \u00a0 \u00a0garant\u00edas y se han resuelto sus solicitudes. \u00a0<\/p>\n<p>\u00a0 \u00a0\u00a0 \u00a0 \u00a0 \u00a0 \u00a0<\/p>\n<p>3. El Magistrado ponente de la \u00a0 \u00a0 \u00a0 \u00a0 \u00a0Sala Penal del Tribunal Superior del Distrito Judicial de \u00a0 \u00a0 \u00a0 \u00a0 \u00a0Bogot\u00e1, solicit\u00f3 declarar \u00a0 \u00a0 \u00a0 \u00a0 \u00a0improcedente el amparo invocado porque la acci\u00f3n de tutela \u00a0 \u00a0 \u00a0 \u00a0 \u00a0pretende utilizarse como escenario alternativo para resolver las \u00a0 \u00a0 \u00a0 \u00a0 \u00a0solicitudes del accionante. Aport\u00f3 copia de la decisi\u00f3n \u00a0 \u00a0 \u00a0 \u00a0 \u00a0censurada. \u00a0<\/p>\n<p>\u00a0 \u00a0\u00a0 \u00a0 \u00a0 \u00a0 \u00a0<\/p>\n<p>4. El Procurador 358 Judicial II \u00a0 \u00a0 \u00a0 \u00a0 \u00a0penal de Bogot\u00e1, solicit\u00f3 declarar improcedente la \u00a0 \u00a0 \u00a0 \u00a0 \u00a0acci\u00f3n de tutela porque el asunto propuesto por el accionante \u00a0 \u00a0 \u00a0 \u00a0 \u00a0debe definirse en la audiencia de juicio. \u00a0<\/p>\n<p>CONSIDERACIONES DE LA SALA \u00a0<\/p>\n<p>De conformidad con \u00a0lo previsto en el art\u00edculo 37 del Decreto 2591 de 1991 y el \u00a0numeral 5 del art\u00edculo 2.2.3.1.2.1 del Decreto 1069 de 2015, \u00a0modificado por el art\u00edculo 1 del Decreto 1983 de 2017, esta \u00a0Sala es competente para resolver la acci\u00f3n de tutela \u00a0interpuesta por Miguel Medina Galvis, contra la Sala \u00a0Penal del Tribunal Superior del Distrito Judicial de Bogot\u00e1. \u00a0<\/p>\n<p>Al respecto, el problema jur\u00eddico \u00a0que convoca a la Sala consiste en establecer si \u00a0contra las decisiones proferidas dentro del proceso penal \u00a0110013104056201800273, se configuran los \u00a0requisitos de procedibilidad de la acci\u00f3n de tutela contra \u00a0decisiones judiciales y, en consecuencia, debe concederse el amparo \u00a0invocado, el cual est\u00e1 encaminado a que se decrete la nulidad \u00a0de todo lo actuado en el referido expediente. \u00a0<\/p>\n<p>Requisitos de \u00a0procedibilidad de la acci\u00f3n de tutela contra decisiones \u00a0judiciales. \u00a0<\/p>\n<p>Como ha sido recurrentemente \u00a0recordado por esta Sala, la acci\u00f3n constitucional de tutela es \u00a0un mecanismo de protecci\u00f3n excepcional frente a providencias \u00a0judiciales, su prosperidad va ligada al cumplimiento de estrictos \u00a0requisitos de procedibilidad que implican una carga para los \u00a0accionantes, tanto en su planteamiento como en su demostraci\u00f3n, \u00a0como lo ha expuesto la propia Corte Constitucional. \u00a0<\/p>\n<p>Por este motivo, y como ha sido \u00a0desarrollado por la Doctrina constitucional, la acci\u00f3n de \u00a0tutela contra providencias judiciales exige: \u00a0<\/p>\n<p>\u00a0 \u00a0\u00a0 \u00a0 \u00a0 \u00a0 \u00a0 \u00a0 \u00a0 \u00a0 \u00a0 \u00a0 \u00a0 \u00a0 \u00a0 \u00a0<\/p>\n<p>a. Que la cuesti\u00f3n que se discuta resulte \u00a0 \u00a0 \u00a0 \u00a0 \u00a0 \u00a0 \u00a0 \u00a0 \u00a0de evidente relevancia constitucional. \u00a0 \u00a0<\/p>\n<p>\u00a0 \u00a0\u00a0 \u00a0 \u00a0 \u00a0 \u00a0 \u00a0 \u00a0 \u00a0 \u00a0 \u00a0 \u00a0 \u00a0 \u00a0 \u00a0<\/p>\n<p>b. Que hayan sido agotados todos los medios \u00a0 \u00a0 \u00a0 \u00a0 \u00a0 \u00a0 \u00a0 \u00a0 \u00a0-ordinarios y extraordinarios- de defensa judicial al alcance de la \u00a0 \u00a0 \u00a0 \u00a0 \u00a0 \u00a0 \u00a0 \u00a0 \u00a0persona afectada, salvo que se trate de evitar la consumaci\u00f3n \u00a0 \u00a0 \u00a0 \u00a0 \u00a0 \u00a0 \u00a0 \u00a0 \u00a0de un perjuicio iusfundamental irremediable. \u00a0 \u00a0<\/p>\n<p>\u00a0 \u00a0\u00a0 \u00a0 \u00a0 \u00a0 \u00a0 \u00a0 \u00a0 \u00a0 \u00a0 \u00a0 \u00a0 \u00a0 \u00a0 \u00a0<\/p>\n<p>c. Que se cumpla el requisito de la inmediatez, es \u00a0 \u00a0 \u00a0 \u00a0 \u00a0 \u00a0 \u00a0 \u00a0 \u00a0decir, que la tutela se hubiere interpuesto en un t\u00e9rmino \u00a0 \u00a0 \u00a0 \u00a0 \u00a0 \u00a0 \u00a0 \u00a0 \u00a0razonable y proporcionado a partir del hecho que origin\u00f3 la \u00a0 \u00a0 \u00a0 \u00a0 \u00a0 \u00a0 \u00a0 \u00a0 \u00a0vulneraci\u00f3n. \u00a0 \u00a0<\/p>\n<p>\u00a0 \u00a0\u00a0 \u00a0 \u00a0 \u00a0 \u00a0 \u00a0 \u00a0 \u00a0 \u00a0 \u00a0 \u00a0 \u00a0 \u00a0 \u00a0<\/p>\n<p>d. Cuando se trate de una irregularidad procesal, \u00a0 \u00a0 \u00a0 \u00a0 \u00a0 \u00a0 \u00a0 \u00a0 \u00a0debe quedar claro que la misma tiene un efecto decisivo o \u00a0 \u00a0 \u00a0 \u00a0 \u00a0 \u00a0 \u00a0 \u00a0 \u00a0determinante en la sentencia que se impugna y que ata\u00f1e a \u00a0 \u00a0 \u00a0 \u00a0 \u00a0 \u00a0 \u00a0 \u00a0 \u00a0los derechos fundamentales de los accionantes. \u00a0 \u00a0<\/p>\n<p>\u00a0 \u00a0\u00a0 \u00a0 \u00a0 \u00a0 \u00a0 \u00a0 \u00a0 \u00a0 \u00a0 \u00a0 \u00a0 \u00a0 \u00a0 \u00a0<\/p>\n<p>e. Que los accionantes identifique de manera \u00a0 \u00a0 \u00a0 \u00a0 \u00a0 \u00a0 \u00a0 \u00a0 \u00a0razonable tanto los hechos que generaron la vulneraci\u00f3n como \u00a0 \u00a0 \u00a0 \u00a0 \u00a0 \u00a0 \u00a0 \u00a0 \u00a0los derechos vulnerados y que hubiere alegado tal vulneraci\u00f3n \u00a0 \u00a0 \u00a0 \u00a0 \u00a0 \u00a0 \u00a0 \u00a0 \u00a0en el proceso judicial, siempre que esto hubiere sido posible. \u00a0 \u00a0<\/p>\n<p>\u00a0 \u00a0\u00a0 \u00a0 \u00a0 \u00a0 \u00a0 \u00a0 \u00a0 \u00a0 \u00a0 \u00a0 \u00a0 \u00a0 \u00a0 \u00a0<\/p>\n<p>f. Que la decisi\u00f3n judicial contra la cual \u00a0 \u00a0 \u00a0 \u00a0 \u00a0 \u00a0 \u00a0 \u00a0 \u00a0se formula la acci\u00f3n de tutela no se corresponda con \u00a0 \u00a0 \u00a0 \u00a0 \u00a0 \u00a0 \u00a0 \u00a0 \u00a0sentencias de tutela. \u00a0 \u00a0<\/p>\n<p>Los anteriores requisitos, no pueden \u00a0quedarse en meros enunciados, pues han sido reiterados por la Corte \u00a0Constitucional, primero en la sentencia C-590 de 2005, luego en las \u00a0decisiones T-332, T-212 y T-780 de 2006, reforzando lo dicho en la \u00a0primera de las mencionadas providencias, en el sentido que, cuando se \u00a0trata de acciones de tutela contra providencias judiciales, las \u00a0mismas solo pueden tener cabida \u00ab\u2026si \u00a0se cumplen ciertos y rigurosos requisitos de procedibilidad. Dentro \u00a0de estos pueden distinguirse unos de car\u00e1cter general, que \u00a0habilitan la interposici\u00f3n de la tutela, y otros de car\u00e1cter \u00a0espec\u00edfico, que tocan con la procedencia misma del amparo, una \u00a0vez interpuesta\u00bb. \u00a0<\/p>\n<p>En punto de las \u00a0exigencias espec\u00edficas, como fue recogido en la sentencia \u00a0C-590 de 2005, han sido establecidas las que a \u00a0continuaci\u00f3n se relacionan: \u00a0<\/p>\n<p>a. \u00a0 \u00a0 \u00a0 \u00a0Defecto \u00a0org\u00e1nico, que se presenta cuando el funcionario judicial que \u00a0profiri\u00f3 la providencia impugnada carece absolutamente de \u00a0competencia para ello. \u00a0 \u00a0 \u00a0 \u00a0 \u00a0 \u00a0<\/p>\n<p>b. Defecto procedimental \u00a0 \u00a0 \u00a0 \u00a0 \u00a0absoluto, que se origina cuando el juez actu\u00f3 completamente \u00a0 \u00a0 \u00a0 \u00a0 \u00a0al margen del procedimiento establecido.<\/p>\n<p>c. Defecto f\u00e1ctico, \u00a0 \u00a0 \u00a0 \u00a0 \u00a0el cual surge cuando el juez carece del apoyo probatorio que permita \u00a0 \u00a0 \u00a0 \u00a0 \u00a0la aplicaci\u00f3n del supuesto legal en el que se sustenta la \u00a0 \u00a0 \u00a0 \u00a0 \u00a0decisi\u00f3n.<\/p>\n<p>d. Defecto material o \u00a0 \u00a0 \u00a0 \u00a0 \u00a0sustantivo, como son los casos en que se decide con base en normas \u00a0 \u00a0 \u00a0 \u00a0 \u00a0inexistentes o inconstitucionales1 \u00a0 \u00a0 \u00a0 \u00a0 \u00a0o que presentan una evidente y grosera contradicci\u00f3n entre \u00a0 \u00a0 \u00a0 \u00a0 \u00a0los fundamentos y la decisi\u00f3n;<\/p>\n<p>e. Error inducido, el \u00a0 \u00a0 \u00a0 \u00a0 \u00a0cual surge cuando el juez o tribunal fue v\u00edctima de un enga\u00f1o \u00a0 \u00a0 \u00a0 \u00a0 \u00a0por parte de terceros y ese enga\u00f1o lo condujo a la toma de \u00a0 \u00a0 \u00a0 \u00a0 \u00a0una decisi\u00f3n que afecta derechos fundamentales.<\/p>\n<p>f. Decisi\u00f3n \u00a0 \u00a0 \u00a0 \u00a0 \u00a0sin motivaci\u00f3n, que implica el incumplimiento de los \u00a0 \u00a0 \u00a0 \u00a0 \u00a0funcionarios judiciales de explicitar los fundamentos f\u00e1cticos \u00a0 \u00a0 \u00a0 \u00a0 \u00a0y jur\u00eddicos de sus decisiones, en el entendido que \u00a0 \u00a0 \u00a0 \u00a0 \u00a0precisamente en esa motivaci\u00f3n reposa la legitimidad de su \u00a0 \u00a0 \u00a0 \u00a0 \u00a0\u00f3rbita funcional.<\/p>\n<p>g. Desconocimiento \u00a0 \u00a0 \u00a0 \u00a0 \u00a0del precedente, hip\u00f3tesis que se presenta, por \u00a0 \u00a0 \u00a0 \u00a0 \u00a0ejemplo, cuando la Corte Constitucional establece el alcance de un \u00a0 \u00a0 \u00a0 \u00a0 \u00a0derecho fundamental y el juez ordinario aplica una ley limitando \u00a0 \u00a0 \u00a0 \u00a0 \u00a0sustancialmente dicho alcance. En estos casos la tutela procede como \u00a0 \u00a0 \u00a0 \u00a0 \u00a0mecanismo para garantizar la eficacia jur\u00eddica del contenido \u00a0 \u00a0 \u00a0 \u00a0 \u00a0constitucionalmente vinculante del derecho fundamental vulnerado \u00a0 \u00a0 \u00a0 \u00a0 \u00a0[2].<\/p>\n<p>h. Violaci\u00f3n \u00a0 \u00a0 \u00a0 \u00a0 \u00a0directa de la Constituci\u00f3n. \u00a0<\/p>\n<p>Queda entonces claro que en \u00a0atenci\u00f3n a la fuerza normativa de la cosa juzgada y al respeto \u00a0de la autonom\u00eda judicial, la acci\u00f3n consagrada en el \u00a0art\u00edculo 86 de la Constituci\u00f3n Nacional, cuando se \u00a0dirige a cuestionar una decisi\u00f3n judicial, tiene car\u00e1cter \u00a0excepcional, y su prosperidad est\u00e1 atada a que se cumplan los \u00a0requisitos de procedibilidad anteriormente enunciados. De manera que \u00a0quien acude a ella tiene la carga no s\u00f3lo respecto de su \u00a0planteamiento, sino de su demostraci\u00f3n. \u00a0<\/p>\n<p>An\u00e1lisis del caso concreto. \u00a0<\/p>\n<p>Al respecto, a \u00a0partir de la solicitud de amparo y de las pruebas obrantes, la Sala \u00a0constata que no se cumple con el requisito general de \u00abQue \u00a0hayan sido agotados todos los medios -ordinarios y extraordinarios- \u00a0de defensa judicial al alcance de la persona afectada, salvo que se \u00a0trate de evitar la consumaci\u00f3n de un perjuicio iusfundamental \u00a0irremediable\u00bb, comoquiera que el \u00a0proceso penal adelantado contra el accionante no ha concluido, por lo \u00a0que la censura sobre la aplicabilidad de la Ley 890 de 2004 debe ser \u00a0definida en la v\u00eda ordinaria, en la sentencia, y de ser \u00a0condenatoria, mediante los recursos de apelaci\u00f3n y \u00a0extraordinario de casaci\u00f3n.3 \u00a0<\/p>\n<p>La Sala ha precisado que la acci\u00f3n \u00a0de tutela no fue dise\u00f1ada con miras a reemplazar al juez \u00a0competente, de ah\u00ed que no sea de recibo cuando se advierte que \u00a0el accionante cuenta con otro medio judicial para invocar la \u00a0protecci\u00f3n de los derechos fundamentales que considera le han \u00a0sido vulnerados. \u00a0<\/p>\n<p>Tal exigencia, s\u00f3lo admite \u00a0excepci\u00f3n en el evento que se trate de evitar la consumaci\u00f3n \u00a0de un perjuicio irremediable, pues de no ser as\u00ed, esto es, de \u00a0asumirse la acci\u00f3n de tutela como un mecanismo de protecci\u00f3n \u00a0alternativo, se correr\u00eda el riesgo de dejar en el vac\u00edo \u00a0las competencias de las distintas autoridades judiciales y concentrar \u00a0en la jurisdicci\u00f3n constitucional todas las decisiones \u00a0inherentes a ellas, propiciando as\u00ed, un desborde institucional \u00a0en el cumplimiento de las funciones de esta \u00faltima. \u00a0<\/p>\n<p>Por cuanto la \u00a0solicitud que ahora ocupa a la Sala no cumple con el requisito de \u00a0subsidiariedad, y se descarta la configuraci\u00f3n de perjuicio \u00a0irremediable porque el accionante no acredit\u00f3 la urgencia, la \u00a0gravedad, la inminencia y la impostergabilidad del amparo, la Sala \u00a0declarar\u00e1 su improcedencia. \u00a0<\/p>\n<p>Por lo expuesto, \u00a0la CORTE SUPREMA DE JUSTICIA, SALA DE \u00a0CASACI\u00d3N PENAL \u2013 EN SALA DE DECISI\u00d3N DE ACCIONES \u00a0DE TUTELA N\u00b0 1, administrando justicia, en nombre de la Rep\u00fablica \u00a0y por autoridad de la Ley, \u00a0<\/p>\n<p>RESUELVE \u00a0<\/p>\n<p>\u00a0 \u00a0\u00a0 \u00a0 \u00a0 \u00a0 \u00a0<\/p>\n<p>1. DENEGAR el amparo solicitado por Miguel Medina \u00a0 \u00a0 \u00a0 \u00a0 \u00a0Galvis contra la contra la Sala Penal del \u00a0 \u00a0 \u00a0 \u00a0 \u00a0Tribunal Superior del Distrito Judicial de Bogot\u00e1, por \u00a0 \u00a0 \u00a0 \u00a0 \u00a0las razones anotadas en precedencia. \u00a0<\/p>\n<p>\u00a0 \u00a0\u00a0 \u00a0 \u00a0 \u00a0 \u00a0<\/p>\n<p>2. NOTIFICAR a los sujetos procesales por el medio \u00a0 \u00a0 \u00a0 \u00a0 \u00a0m\u00e1s expedito el presente fallo, inform\u00e1ndoles que \u00a0 \u00a0 \u00a0 \u00a0 \u00a0puede ser impugnado dentro de los tres d\u00edas siguientes, \u00a0 \u00a0 \u00a0 \u00a0 \u00a0contados a partir de su notificaci\u00f3n. \u00a0<\/p>\n<p>\u00a0 \u00a0\u00a0 \u00a0 \u00a0 \u00a0 \u00a0<\/p>\n<p>3. Si no fuere impugnado, env\u00edese la \u00a0 \u00a0 \u00a0 \u00a0 \u00a0actuaci\u00f3n a la Corte Constitucional para su eventual \u00a0 \u00a0 \u00a0 \u00a0 \u00a0revisi\u00f3n, dentro del t\u00e9rmino indicado en el art\u00edculo \u00a0 \u00a0 \u00a0 \u00a0 \u00a031 del Decreto 2591 de 1991. \u00a0<\/p>\n<p>NOTIF\u00cdQUESE Y C\u00daMPLASE \u00a0<\/p>\n<p>JOS\u00c9 \u00a0FRANCISCO ACU\u00d1A VIZCAYA \u00a0<\/p>\n<p>EUGENIO \u00a0FERN\u00c1NDEZ CARLIER \u00a0<\/p>\n<p>NUBIA YOLANDA NOVA GARC\u00cdA \u00a0<\/p>\n<p>Secretaria \u00a0<\/p>\n<p>1 \u00a0 \u00a0 \u00a0 \u00a0 \u00a0CC T-522 de 2001. \u00a0<\/p>\n<p>2 \u00a0 \u00a0 \u00a0 \u00a0 \u00a0\u00abCfr. \u00a0 \u00a0 \u00a0 \u00a0 \u00a0Sentencias T-462 de \u00a0 \u00a0 \u00a0 \u00a0 \u00a02003 ; SU-1184 de 2001 ; T-1625 de 2000 y T-1031 de 2001.\u00bb \u00a0<\/p>\n<p>3 \u00a0 \u00a0 \u00a0 \u00a0 \u00a0Cfr. CSJ SCP STP7401-2018, 05 jun \u00a0 \u00a0 \u00a0 \u00a0 \u00a02018, Rad. 98519; entre otras. \u00a0 \u00a0 \u00a0<\/p>\n<p><\/p>\n","protected":false},"excerpt":{"rendered":"<p>\u00a0 \u00a0 \u00a0 \u00a0\u00a0 JOS\u00c9 \u00a0FRANCISCO ACU\u00d1A VIZCAYA \u00a0 Magistrado \u00a0Ponente \u00a0 STP12427-2019 \u00a0 Radicaci\u00f3n \u00a0n.\u00b0 106136 \u00a0 (Aprobaci\u00f3n \u00a0Acta No. 224) \u00a0 Bogot\u00e1 \u00a0D.C., tres (03) de septiembre \u00a0de dos mil diecinueve (2019) \u00a0 VISTOS \u00a0 Resuelve \u00a0la Sala de Casaci\u00f3n Penal de la Corte Suprema de Justicia, \u00a0Sala de Decisi\u00f3n de Tutelas, la [&hellip;]<\/p>\n","protected":false},"author":1,"featured_media":0,"comment_status":"open","ping_status":"open","sticky":false,"template":"","format":"standard","meta":{"footnotes":""},"categories":[28],"tags":[],"class_list":["post-45481","post","type-post","status-publish","format-standard","hentry","category-28"],"_links":{"self":[{"href":"https:\/\/dmsjuridica.com\/buscador_20179478954\/salapenalcronologico20230723\/wp-json\/wp\/v2\/posts\/45481","targetHints":{"allow":["GET"]}}],"collection":[{"href":"https:\/\/dmsjuridica.com\/buscador_20179478954\/salapenalcronologico20230723\/wp-json\/wp\/v2\/posts"}],"about":[{"href":"https:\/\/dmsjuridica.com\/buscador_20179478954\/salapenalcronologico20230723\/wp-json\/wp\/v2\/types\/post"}],"author":[{"embeddable":true,"href":"https:\/\/dmsjuridica.com\/buscador_20179478954\/salapenalcronologico20230723\/wp-json\/wp\/v2\/users\/1"}],"replies":[{"embeddable":true,"href":"https:\/\/dmsjuridica.com\/buscador_20179478954\/salapenalcronologico20230723\/wp-json\/wp\/v2\/comments?post=45481"}],"version-history":[{"count":0,"href":"https:\/\/dmsjuridica.com\/buscador_20179478954\/salapenalcronologico20230723\/wp-json\/wp\/v2\/posts\/45481\/revisions"}],"wp:attachment":[{"href":"https:\/\/dmsjuridica.com\/buscador_20179478954\/salapenalcronologico20230723\/wp-json\/wp\/v2\/media?parent=45481"}],"wp:term":[{"taxonomy":"category","embeddable":true,"href":"https:\/\/dmsjuridica.com\/buscador_20179478954\/salapenalcronologico20230723\/wp-json\/wp\/v2\/categories?post=45481"},{"taxonomy":"post_tag","embeddable":true,"href":"https:\/\/dmsjuridica.com\/buscador_20179478954\/salapenalcronologico20230723\/wp-json\/wp\/v2\/tags?post=45481"}],"curies":[{"name":"wp","href":"https:\/\/api.w.org\/{rel}","templated":true}]}}