{"id":45242,"date":"2023-09-14T21:57:02","date_gmt":"2023-09-14T21:57:02","guid":{"rendered":"https:\/\/dmsjuridica.com\/buscador_20179478954\/salapenalcronologico20230723\/2023\/09\/14\/stp11661-2019\/"},"modified":"2023-09-14T21:57:02","modified_gmt":"2023-09-14T21:57:02","slug":"stp11661-2019","status":"publish","type":"post","link":"https:\/\/dmsjuridica.com\/buscador_20179478954\/salapenalcronologico20230723\/2023\/09\/14\/stp11661-2019\/","title":{"rendered":"STP11661-2019"},"content":{"rendered":"\n<p>\u00a0 \u00a0 \u00a0 \u00a0\u00a0<\/p>\n<p>JOS\u00c9 FRANCISCO ACU\u00d1A VIZCAYA \u00a0<\/p>\n<p>Magistrado Ponente \u00a0<\/p>\n<p>STP11661-2019 \u00a0<\/p>\n<p>Radicaci\u00f3n n.\u00b0 106031 \u00a0<\/p>\n<p>(Aprobaci\u00f3n Acta No. 210) \u00a0<\/p>\n<p>Bogot\u00e1 D.C., veinte (20) de agosto de dos \u00a0mil diecinueve (2019) \u00a0<\/p>\n<p>VISTOS \u00a0<\/p>\n<p>Decide \u00a0la Sala el recurso de impugnaci\u00f3n interpuesto por el ciudadano \u00a0\u00c9dgar Mauricio Idarraga Mar\u00edn, \u00a0contra el fallo de tutela proferido por la \u00a0Sala Penal del Tribunal Superior de Distrito Judicial de Medell\u00edn \u00a0del 9 de julio de 2019, que \u00a0deneg\u00f3 la solicitud de amparo formulada contra el \u00a0Juzgado Sexto de Ejecuci\u00f3n de Penas y Medidas de Seguridad del \u00a0Circuito de Medell\u00edn y el Juzgado \u00a0Cuarto Penal del Circuito Especializado de Medell\u00edn. \u00a0<\/p>\n<p>ANTECEDENTES \u00a0<\/p>\n<p>Y \u00a0<\/p>\n<p>FUNDAMENTOS DE LA ACCI\u00d3N \u00a0<\/p>\n<p>Fueron \u00a0recogidos en el fallo de tutela de primera instancia, en los \u00a0siguientes t\u00e9rminos:1 \u00a0<\/p>\n<p>Indica \u00a0el actor que solicit\u00f3 el beneficio de libertad condicional al \u00a0Juzgado Ejecutor el d\u00eda veinticinco (25) de enero de dos mil \u00a0diecinueve (2019). \u00a0<\/p>\n<p>Establece \u00a0que dicha pretensi\u00f3n fue negada en primera instancia el d\u00eda \u00a0primero (1\u00ba) de marzo de dos mil diecinueve (2019), \u00a0desconociendo con esto, el precedente jurisprudencial vigente y el \u00a0derecho sustancial. \u00a0<\/p>\n<p>Revela \u00a0que, interpuso los recursos de ley contra dicha decisi\u00f3n, los \u00a0cuales fueron resueltos negativamente a su inter\u00e9s. \u00a0<\/p>\n<p>Bajo \u00a0esas circunstancias, solicita se amparen sus derechos fundamentales \u00a0invocados y se otorgue la libertad condicional. (Textual) \u00a0<\/p>\n<p>EL FALLO IMPUGNADO \u00a0<\/p>\n<p>La \u00a0Sala Penal del Tribunal Superior de Distrito Judicial de Medell\u00edn, \u00a0mediante decisi\u00f3n adoptada el 9 de julio de 2019, deneg\u00f3 \u00a0el amparo invocado por la parte accionante, al considerar que las \u00a0decisiones censuradas expusieron lo correspondiente respecto de la \u00a0gravedad de la conducta, por lo cual no era procedente que \u00a0interviniera el juez constitucional.2 \u00a0<\/p>\n<p>LA IMPUGNACI\u00d3N \u00a0<\/p>\n<p>El \u00a011 de julio de 2019, en la diligencia de notificaci\u00f3n \u00a0personal, el accionante interpuso recurso de impugnaci\u00f3n, sin \u00a0presentar justificaci\u00f3n alguna.3 \u00a0<\/p>\n<p>CONSIDERACIONES DE LA SALA \u00a0<\/p>\n<p>De \u00a0conformidad con lo previsto en el art\u00edculo 32 del Decreto 2591 \u00a0de 1991, esta Sala es competente para resolver el recurso de \u00a0impugnaci\u00f3n interpuesto por \u00c9dgar \u00a0Mauricio Idarraga Mar\u00edn contra la decisi\u00f3n \u00a0proferida el 9 de julio de 2019 por la Sala Penal \u00a0del Tribunal Superior de Distrito Judicial de Medell\u00edn. \u00a0<\/p>\n<p>Al \u00a0respecto, el problema jur\u00eddico que convoca a la Sala consiste \u00a0en establecer si contra las decisiones mediante las cuales al \u00a0accionante le fue denegada la libertad condicional, se configuran los \u00a0requisitos de procedibilidad de la acci\u00f3n de tutela contra \u00a0providencias judiciales y, en consecuencia, es procedente revocar el \u00a0fallo de tutela de primera instancia y conceder el amparo invocado. \u00a0<\/p>\n<p>Requisitos de procedibilidad de la \u00a0acci\u00f3n de tutela contra decisiones judiciales. \u00a0<\/p>\n<p>Como ha \u00a0sido recurrentemente reiterado por esta Sala, la acci\u00f3n \u00a0constitucional de tutela es un mecanismo de protecci\u00f3n \u00a0excepcional frente a providencias judiciales, su prosperidad va \u00a0ligada al cumplimiento de estrictos requisitos de \u00a0procedibilidad que implican una carga para el accionante, tanto en su \u00a0planteamiento como en su demostraci\u00f3n, como lo ha expuesto la \u00a0propia Corte Constitucional. \u00a0<\/p>\n<p>Por este \u00a0motivo, y como ha sido desarrollado por la Doctrina constitucional, \u00a0la acci\u00f3n de tutela contra providencias judiciales exige: \u00a0<\/p>\n<p>\u00a0 \u00a0\u00a0 \u00a0 \u00a0 \u00a0 \u00a0 \u00a0 \u00a0 \u00a0 \u00a0 \u00a0 \u00a0 \u00a0 \u00a0 \u00a0<\/p>\n<p>a. Que la cuesti\u00f3n \u00a0 \u00a0 \u00a0 \u00a0 \u00a0 \u00a0 \u00a0 \u00a0 \u00a0que se discuta resulte de evidente relevancia constitucional. \u00a0 \u00a0<\/p>\n<p>\u00a0 \u00a0\u00a0 \u00a0 \u00a0 \u00a0 \u00a0 \u00a0 \u00a0 \u00a0 \u00a0 \u00a0 \u00a0 \u00a0 \u00a0 \u00a0<\/p>\n<p>b. Que hayan sido \u00a0 \u00a0 \u00a0 \u00a0 \u00a0 \u00a0 \u00a0 \u00a0 \u00a0agotados todos los medios -ordinarios y extraordinarios- de defensa \u00a0 \u00a0 \u00a0 \u00a0 \u00a0 \u00a0 \u00a0 \u00a0 \u00a0judicial al alcance de la persona afectada, salvo que se trate de \u00a0 \u00a0 \u00a0 \u00a0 \u00a0 \u00a0 \u00a0 \u00a0 \u00a0evitar la consumaci\u00f3n de un perjuicio iusfundamental \u00a0 \u00a0 \u00a0 \u00a0 \u00a0 \u00a0 \u00a0 \u00a0 \u00a0irremediable. \u00a0 \u00a0<\/p>\n<p>\u00a0 \u00a0\u00a0 \u00a0 \u00a0 \u00a0 \u00a0 \u00a0 \u00a0 \u00a0 \u00a0 \u00a0 \u00a0 \u00a0 \u00a0 \u00a0<\/p>\n<p>c. Que se cumpla el \u00a0 \u00a0 \u00a0 \u00a0 \u00a0 \u00a0 \u00a0 \u00a0 \u00a0requisito de la inmediatez, es decir, que la tutela se hubiere \u00a0 \u00a0 \u00a0 \u00a0 \u00a0 \u00a0 \u00a0 \u00a0 \u00a0interpuesto en un t\u00e9rmino razonable y proporcionado a partir \u00a0 \u00a0 \u00a0 \u00a0 \u00a0 \u00a0 \u00a0 \u00a0 \u00a0del hecho que origin\u00f3 la vulneraci\u00f3n. \u00a0 \u00a0<\/p>\n<p>\u00a0 \u00a0\u00a0 \u00a0 \u00a0 \u00a0 \u00a0 \u00a0 \u00a0 \u00a0 \u00a0 \u00a0 \u00a0 \u00a0 \u00a0 \u00a0<\/p>\n<p>d. Cuando se trate de \u00a0 \u00a0 \u00a0 \u00a0 \u00a0 \u00a0 \u00a0 \u00a0 \u00a0una irregularidad procesal, debe quedar claro que la misma tiene un \u00a0 \u00a0 \u00a0 \u00a0 \u00a0 \u00a0 \u00a0 \u00a0 \u00a0efecto decisivo o determinante en la sentencia que se impugna y que \u00a0 \u00a0 \u00a0 \u00a0 \u00a0 \u00a0 \u00a0 \u00a0 \u00a0ata\u00f1e a los derechos fundamentales del accionante. \u00a0 \u00a0<\/p>\n<p>\u00a0 \u00a0\u00a0 \u00a0 \u00a0 \u00a0 \u00a0 \u00a0 \u00a0 \u00a0 \u00a0 \u00a0 \u00a0 \u00a0 \u00a0 \u00a0<\/p>\n<p>e. Que el accionante \u00a0 \u00a0 \u00a0 \u00a0 \u00a0 \u00a0 \u00a0 \u00a0 \u00a0identifique de manera razonable tanto los hechos que generaron la \u00a0 \u00a0 \u00a0 \u00a0 \u00a0 \u00a0 \u00a0 \u00a0 \u00a0vulneraci\u00f3n como los derechos vulnerados y que hubiere \u00a0 \u00a0 \u00a0 \u00a0 \u00a0 \u00a0 \u00a0 \u00a0 \u00a0alegado tal vulneraci\u00f3n en el proceso judicial, siempre que \u00a0 \u00a0 \u00a0 \u00a0 \u00a0 \u00a0 \u00a0 \u00a0 \u00a0esto hubiere sido posible. \u00a0 \u00a0<\/p>\n<p>\u00a0 \u00a0\u00a0 \u00a0 \u00a0 \u00a0 \u00a0 \u00a0 \u00a0 \u00a0 \u00a0 \u00a0 \u00a0 \u00a0 \u00a0 \u00a0<\/p>\n<p>f. Que la decisi\u00f3n \u00a0 \u00a0 \u00a0 \u00a0 \u00a0 \u00a0 \u00a0 \u00a0 \u00a0judicial contra la cual se formula la acci\u00f3n de tutela no se \u00a0 \u00a0 \u00a0 \u00a0 \u00a0 \u00a0 \u00a0 \u00a0 \u00a0corresponda con sentencias de tutela. \u00a0 \u00a0<\/p>\n<p>Los \u00a0anteriores requisitos, no pueden quedarse en meros enunciados, pues \u00a0han sido reiterados por la Corte Constitucional, primero en la \u00a0sentencia C-590 de 2005, luego en las decisiones T-332, T-212 y T-780 \u00a0de 2006, reforzando lo dicho en la primera de las mencionadas \u00a0providencias, en el sentido que, cuando se trata de acciones de \u00a0tutela contra providencias judiciales, las mismas solo pueden tener \u00a0cabida \u00ab\u2026si se \u00a0cumplen ciertos y rigurosos requisitos de procedibilidad. Dentro de \u00a0estos pueden distinguirse unos de car\u00e1cter general, que \u00a0habilitan la interposici\u00f3n de la tutela, y otros de car\u00e1cter \u00a0espec\u00edfico, que tocan con la procedencia misma del amparo, una \u00a0vez interpuesta\u00bb. \u00a0<\/p>\n<p>En \u00a0punto de las exigencias espec\u00edficas, como fue recogido en la \u00a0sentencia C-590 de 2005, han sido \u00a0establecidas las que a continuaci\u00f3n se relacionan: \u00a0<\/p>\n<p>a. \u00a0 \u00a0 \u00a0 \u00a0Defecto org\u00e1nico, que se presenta cuando el funcionario \u00a0judicial que profiri\u00f3 la providencia impugnada carece \u00a0absolutamente de competencia para ello. \u00a0 \u00a0 \u00a0 \u00a0 \u00a0 \u00a0<\/p>\n<p>b. Defecto procedimental \u00a0 \u00a0 \u00a0 \u00a0 \u00a0absoluto, que se origina cuando el juez actu\u00f3 completamente \u00a0 \u00a0 \u00a0 \u00a0 \u00a0al margen del procedimiento establecido.<\/p>\n<p>c. Defecto f\u00e1ctico, \u00a0 \u00a0 \u00a0 \u00a0 \u00a0el cual surge cuando el juez carece del apoyo probatorio que permita \u00a0 \u00a0 \u00a0 \u00a0 \u00a0la aplicaci\u00f3n del supuesto legal en el que se sustenta la \u00a0 \u00a0 \u00a0 \u00a0 \u00a0decisi\u00f3n.<\/p>\n<p>d. Defecto material o \u00a0 \u00a0 \u00a0 \u00a0 \u00a0sustantivo, como son los casos en que se decide con base en normas \u00a0 \u00a0 \u00a0 \u00a0 \u00a0inexistentes o inconstitucionales4 \u00a0 \u00a0 \u00a0 \u00a0 \u00a0o que presentan una evidente y grosera contradicci\u00f3n entre \u00a0 \u00a0 \u00a0 \u00a0 \u00a0los fundamentos y la decisi\u00f3n;<\/p>\n<p>e. Error inducido, el \u00a0 \u00a0 \u00a0 \u00a0 \u00a0cual surge cuando el juez o tribunal fue v\u00edctima de un enga\u00f1o \u00a0 \u00a0 \u00a0 \u00a0 \u00a0por parte de terceros y ese enga\u00f1o lo condujo a la toma de \u00a0 \u00a0 \u00a0 \u00a0 \u00a0una decisi\u00f3n que afecta derechos fundamentales.<\/p>\n<p>f. Decisi\u00f3n \u00a0 \u00a0 \u00a0 \u00a0 \u00a0sin motivaci\u00f3n, que implica el incumplimiento de los \u00a0 \u00a0 \u00a0 \u00a0 \u00a0funcionarios judiciales de explicitar los fundamentos f\u00e1cticos \u00a0 \u00a0 \u00a0 \u00a0 \u00a0y jur\u00eddicos de sus decisiones, en el entendido que \u00a0 \u00a0 \u00a0 \u00a0 \u00a0precisamente en esa motivaci\u00f3n reposa la legitimidad de su \u00a0 \u00a0 \u00a0 \u00a0 \u00a0\u00f3rbita funcional.<\/p>\n<p>g. Desconocimiento \u00a0 \u00a0 \u00a0 \u00a0 \u00a0del precedente, hip\u00f3tesis que se presenta, por \u00a0 \u00a0 \u00a0 \u00a0 \u00a0ejemplo, cuando la Corte Constitucional establece el alcance de un \u00a0 \u00a0 \u00a0 \u00a0 \u00a0derecho fundamental y el juez ordinario aplica una ley limitando \u00a0 \u00a0 \u00a0 \u00a0 \u00a0sustancialmente dicho alcance. En estos casos la tutela procede como \u00a0 \u00a0 \u00a0 \u00a0 \u00a0mecanismo para garantizar la eficacia jur\u00eddica del contenido \u00a0 \u00a0 \u00a0 \u00a0 \u00a0constitucionalmente vinculante del derecho fundamental vulnerado \u00a0 \u00a0 \u00a0 \u00a0 \u00a0[5].<\/p>\n<p>h. Violaci\u00f3n \u00a0 \u00a0 \u00a0 \u00a0 \u00a0directa de la Constituci\u00f3n. \u00a0<\/p>\n<p>Queda \u00a0entonces claro que en atenci\u00f3n a la fuerza normativa de la \u00a0cosa juzgada y al respeto de la autonom\u00eda judicial, la acci\u00f3n \u00a0consagrada en el art\u00edculo 86 de la Constituci\u00f3n \u00a0Nacional, cuando se dirige a cuestionar una decisi\u00f3n judicial, \u00a0tiene car\u00e1cter excepcional, y su prosperidad est\u00e1 atada \u00a0a que se cumplan los requisitos de procedibilidad anteriormente \u00a0enunciados. De manera que quien acude a ella tiene la carga no s\u00f3lo \u00a0respecto de su planteamiento, sino de su demostraci\u00f3n. \u00a0<\/p>\n<p>An\u00e1lisis del caso concreto. \u00a0<\/p>\n<p>Sobre \u00a0el particular, la Sala encuentra que debe confirmarse el fallo de \u00a0tutela de primera instancia, porque como fue advertido por el \u00a0Tribunal, a partir de la revisi\u00f3n de las decisiones \u00a0censuradas6 \u00a0se evidencia que las autoridades accionadas tramitaron la \u00a0solicitud de libertad condicional que el accionante formul\u00f3, \u00a0de conformidad con el marco jur\u00eddico vigente, con lo cual se \u00a0descarta que contra esas providencias se haya configurado alguno de \u00a0los requisitos espec\u00edficos de procedibilidad de la acci\u00f3n \u00a0de tutela contra decisiones judiciales, y lo que se observa es que la \u00a0solicitud de amparo se sustenta en la discrepancia de criterios del \u00a0accionante y de los funcionarios decisores. \u00a0<\/p>\n<p>Como ha \u00a0sido indicado en otras oportunidades, es funci\u00f3n del juez de \u00a0ejecuci\u00f3n de penas y medidas de seguridad, analizar los \u00a0requisitos para la procedencia de la libertad condicional, previa \u00a0valoraci\u00f3n de la conducta punible. Esa facultad no excluye la \u00a0evaluaci\u00f3n de la gravedad de las acciones u omisiones \u00a0materializadas por el condenado, tal y como qued\u00f3 registrado \u00a0en el fallo condenatorio.7 \u00a0<\/p>\n<p>As\u00ed \u00a0fue determinado por la Corte Constitucional mediante las \u00a0sentencias\u00a0C-194 de 2005 y C-757 de 2014, en las que dej\u00f3 \u00a0claro que el art\u00edculo 64 de la Ley 599 de 2000, con sus \u00a0posteriores modificaciones, conlleva valorar la conducta a la luz de \u00a0la sentencia condenatoria, sin que ello implique violar el non bis \u00a0in \u00eddem. \u00a0<\/p>\n<p>De \u00a0conformidad con lo anterior, no se encuentra en la \u00a0providencia cuestionada visos de arbitrariedad o fundamento \u00a0inconstitucional. \u00a0<\/p>\n<p>Debe recordarse que, si \u00a0bien las decisiones adoptadas en el marco de los procedimientos \u00a0pueden resultar contrarias a los intereses de alguno de los sujetos \u00a0procesales, la Ley estableci\u00f3 diversos mecanismos para \u00a0cuestionarlas y lograr que el superior funcional estudie y eval\u00fae \u00a0el asunto. \u00a0<\/p>\n<p>La simple \u00a0discrepancia o desacuerdo con el contenido de una decisi\u00f3n no \u00a0habilita la interposici\u00f3n de la acci\u00f3n de tutela, \u00a0porque este mecanismo excepcional no fue dise\u00f1ado como una \u00a0instancia adicional o alternativa. \u00a0<\/p>\n<p>En el caso \u00a0puntual y por cuanto el accionante no present\u00f3 elementos de \u00a0juicio adicionales, lo procedente es confirmar el fallo de tutela de \u00a0primera instancia. \u00a0<\/p>\n<p>Por lo \u00a0expuesto, la CORTE SUPREMA DE JUSTICIA, SALA DE \u00a0CASACI\u00d3N PENAL \u2013 EN SALA DE DECISI\u00d3N DE ACCIONES \u00a0DE TUTELA N\u00b0 1, administrando justicia, en nombre de la Rep\u00fablica \u00a0y por autoridad de la Ley, \u00a0<\/p>\n<p>RESUELVE \u00a0<\/p>\n<p>\u00a0 \u00a0\u00a0 \u00a0 \u00a0 \u00a0 \u00a0<\/p>\n<p>1. CONFIRMAR \u00a0 \u00a0 \u00a0 \u00a0 \u00a0el fallo de tutela impugnado. \u00a0<\/p>\n<p>\u00a0 \u00a0\u00a0 \u00a0 \u00a0 \u00a0 \u00a0<\/p>\n<p>2. NOTIFICAR \u00a0 \u00a0 \u00a0 \u00a0 \u00a0a los sujetos procesales el presente fallo, por el medio m\u00e1s \u00a0 \u00a0 \u00a0 \u00a0 \u00a0expedito. \u00a0<\/p>\n<p>\u00a0 \u00a0\u00a0 \u00a0 \u00a0 \u00a0 \u00a0<\/p>\n<p>3. Env\u00edese \u00a0 \u00a0 \u00a0 \u00a0 \u00a0la actuaci\u00f3n a la Corte Constitucional para su eventual \u00a0 \u00a0 \u00a0 \u00a0 \u00a0revisi\u00f3n, dentro del t\u00e9rmino indicado en el art\u00edculo \u00a0 \u00a0 \u00a0 \u00a0 \u00a031 del Decreto 2591 de 1991. \u00a0<\/p>\n<p>NOTIF\u00cdQUESE Y C\u00daMPLASE \u00a0<\/p>\n<p>JOS\u00c9 FRANCISCO ACU\u00d1A VIZCAYA \u00a0<\/p>\n<p>EUGENIO FERN\u00c1NDEZ CARLIER \u00a0<\/p>\n<p>NUBIA YOLANDA NOVA GARC\u00cdA \u00a0<\/p>\n<p>Secretaria \u00a0<\/p>\n<p>1 \u00a0 \u00a0 \u00a0 \u00a0 \u00a0Folio, cuaderno 1. \u00a0<\/p>\n<p>2 \u00a0 \u00a0 \u00a0 \u00a0 \u00a0Folios 49 a 53, cuaderno 1. \u00a0<\/p>\n<p>3 \u00a0 \u00a0 \u00a0 \u00a0 \u00a0Folio 61, cuaderno 1. \u00a0<\/p>\n<p>4 \u00a0 \u00a0 \u00a0 \u00a0 \u00a0Corte Constitucional. Sentencia T-522 de 2001. \u00a0<\/p>\n<p>5 \u00a0 \u00a0 \u00a0 \u00a0 \u00a0\u00abCfr. \u00a0 \u00a0 \u00a0 \u00a0 \u00a0Sentencias T-462 de \u00a0 \u00a0 \u00a0 \u00a0 \u00a02003; SU-1184 de 2001; T-1625 de 2000 y T-1031 de 2001.\u00bb \u00a0<\/p>\n<p>6 \u00a0 \u00a0 \u00a0 \u00a0 \u00a0Folios 34 a 44, cuaderno 1. \u00a0<\/p>\n<p>7 \u00a0 \u00a0 \u00a0 \u00a0 \u00a0Cfr. CSJ SCP STP12042-2017, 08 Ago 2017, rad. 93030; \u00a0 \u00a0 \u00a0 \u00a0 \u00a0STP3428-2018, 06 Mar 2018, rad. 96992; STP8174-2018, 19 jun 2018, \u00a0 \u00a0 \u00a0 \u00a0 \u00a0rad. 98756; entre otros. \u00a0 \u00a0 \u00a0<\/p>\n<p><\/p>\n","protected":false},"excerpt":{"rendered":"<p>\u00a0 \u00a0 \u00a0 \u00a0\u00a0 JOS\u00c9 FRANCISCO ACU\u00d1A VIZCAYA \u00a0 Magistrado Ponente \u00a0 STP11661-2019 \u00a0 Radicaci\u00f3n n.\u00b0 106031 \u00a0 (Aprobaci\u00f3n Acta No. 210) \u00a0 Bogot\u00e1 D.C., veinte (20) de agosto de dos \u00a0mil diecinueve (2019) \u00a0 VISTOS \u00a0 Decide \u00a0la Sala el recurso de impugnaci\u00f3n interpuesto por el ciudadano \u00a0\u00c9dgar Mauricio Idarraga Mar\u00edn, \u00a0contra el fallo [&hellip;]<\/p>\n","protected":false},"author":1,"featured_media":0,"comment_status":"open","ping_status":"open","sticky":false,"template":"","format":"standard","meta":{"footnotes":""},"categories":[28],"tags":[],"class_list":["post-45242","post","type-post","status-publish","format-standard","hentry","category-28"],"_links":{"self":[{"href":"https:\/\/dmsjuridica.com\/buscador_20179478954\/salapenalcronologico20230723\/wp-json\/wp\/v2\/posts\/45242","targetHints":{"allow":["GET"]}}],"collection":[{"href":"https:\/\/dmsjuridica.com\/buscador_20179478954\/salapenalcronologico20230723\/wp-json\/wp\/v2\/posts"}],"about":[{"href":"https:\/\/dmsjuridica.com\/buscador_20179478954\/salapenalcronologico20230723\/wp-json\/wp\/v2\/types\/post"}],"author":[{"embeddable":true,"href":"https:\/\/dmsjuridica.com\/buscador_20179478954\/salapenalcronologico20230723\/wp-json\/wp\/v2\/users\/1"}],"replies":[{"embeddable":true,"href":"https:\/\/dmsjuridica.com\/buscador_20179478954\/salapenalcronologico20230723\/wp-json\/wp\/v2\/comments?post=45242"}],"version-history":[{"count":0,"href":"https:\/\/dmsjuridica.com\/buscador_20179478954\/salapenalcronologico20230723\/wp-json\/wp\/v2\/posts\/45242\/revisions"}],"wp:attachment":[{"href":"https:\/\/dmsjuridica.com\/buscador_20179478954\/salapenalcronologico20230723\/wp-json\/wp\/v2\/media?parent=45242"}],"wp:term":[{"taxonomy":"category","embeddable":true,"href":"https:\/\/dmsjuridica.com\/buscador_20179478954\/salapenalcronologico20230723\/wp-json\/wp\/v2\/categories?post=45242"},{"taxonomy":"post_tag","embeddable":true,"href":"https:\/\/dmsjuridica.com\/buscador_20179478954\/salapenalcronologico20230723\/wp-json\/wp\/v2\/tags?post=45242"}],"curies":[{"name":"wp","href":"https:\/\/api.w.org\/{rel}","templated":true}]}}