{"id":45001,"date":"2023-09-14T21:56:51","date_gmt":"2023-09-14T21:56:51","guid":{"rendered":"https:\/\/dmsjuridica.com\/buscador_20179478954\/salapenalcronologico20230723\/2023\/09\/14\/stp10893-2019\/"},"modified":"2023-09-14T21:56:51","modified_gmt":"2023-09-14T21:56:51","slug":"stp10893-2019","status":"publish","type":"post","link":"https:\/\/dmsjuridica.com\/buscador_20179478954\/salapenalcronologico20230723\/2023\/09\/14\/stp10893-2019\/","title":{"rendered":"STP10893-2019"},"content":{"rendered":"\n<p>\u00a0 \u00a0 \u00a0 \u00a0\u00a0<\/p>\n<p>JOS\u00c9 \u00a0FRANCISCO ACU\u00d1A VIZCAYA \u00a0<\/p>\n<p>Magistrado \u00a0Ponente \u00a0<\/p>\n<p>STP10893-2019 \u00a0<\/p>\n<p>Radicaci\u00f3n n.\u00b0 105577 \u00a0<\/p>\n<p>(Aprobaci\u00f3n \u00a0Acta No. 196) \u00a0<\/p>\n<p>Bogot\u00e1 \u00a0D.C., seis (06) de agosto de dos mil diecinueve (2019) \u00a0<\/p>\n<p>Decide la Sala el \u00a0recurso de impugnaci\u00f3n interpuesto por el ciudadano Jorge \u00a0Iv\u00e1n Garc\u00eda Rodr\u00edguez, \u00a0contra el fallo de tutela proferido por la Sala Penal del \u00a0Tribunal Superior de Distrito Judicial de Bogot\u00e1 del 11 de \u00a0junio de 2019, que deneg\u00f3 la solicitud de amparo \u00a0formulada contra de los Juzgados 33 Penal Municipal con Funci\u00f3n \u00a0de Control de Garant\u00edas, 39 Penal del Circuito con Funci\u00f3n \u00a0de Conocimiento, 27 Municipal con Funci\u00f3n de Control de \u00a0Garant\u00edas, y la Empresa Proes Ingenieros Consultores SAS, con \u00a0ocasi\u00f3n de las decisiones proferidas dentro \u00a0del proceso penal por el delito de acto sexual en persona puesta en \u00a0incapacidad de resistir, CUI No.2012-04691. \u00a0<\/p>\n<p>\u00a0 \u00a0\u00a0 \u00a0 \u00a0 \u00a0 \u00a0<\/p>\n<p>1. ANTECEDENTES \u00a0<\/p>\n<p>Y \u00a0<\/p>\n<p>FUNDAMENTOS \u00a0DE LA ACCI\u00d3N \u00a0<\/p>\n<p>Fueron recogidos \u00a0en el fallo de tutela de primera instancia, en los siguientes \u00a0t\u00e9rminos:1 \u00a0<\/p>\n<p>1.1.-JORGE \u00a0IVAN GARC\u00cdA RODR\u00cdGUEZ. identificado con la c\u00e9dula \u00a0de ciudadan\u00eda No. 79.258.600, actualmente privado de la \u00a0libertad en COMEB-PICOTA, en ambiguo escrito, interpone la acci\u00f3n \u00a0p\u00fablica estimando que los demandados con su proceder \u00a0conculcaron sus derechos constitucionales fundamentales. Indica, \u00a0&#8220;debido a la corrupci\u00f3n y a la impunidad de manera \u00a0arbitraria se nos ingresa a falso positivo judicial de delitos \u00a0sexuales y proceso paralelo a la legalidad a trav\u00e9s de v\u00edas \u00a0de hecho t\u00edpicas y antijur\u00eddicas punibles dolosos \u00a0agravados y cr\u00edmenes de lesa humanidad&#8221; Advera, las \u00a0autoridades accionadas lo despojaron de todos sus derechos dentro de \u00a0un proceso penal espurio, con una falsa victima menor de edad que \u00a0conllev\u00f3 que la ESTACION DE POLICIA DE KENNEDY, el INPEC y \u00a0COMEB-PICOTA lo mantengan detenido. arbitrariamente, por orden del \u00a0Juzgado 27 DE EJECUCI\u00d3N DE PENAS que, en su sentir, no se ci\u00f1e \u00a0a los art\u00edculos 1\u00b0 y 42, numerales 1, 2 y 4 de la Ley \u00a01709\/14 Por consiguiente, reclama la protecci\u00f3n de sus \u00a0derechos fundamentales y decretar la nulidad del proceso penal \u00a0seguido en su contra, identificado con el No. 110016000017201204691. \u00a0&#8220;desarrollado de forma espuria y violentador y violador por \u00a0ataque directo a la constituci\u00f3n pol\u00edtica de Colombia, \u00a0las leyes, la jurisprudencia, los tratados internacionales, los \u00a0derechos inherentes, inalienables e irrenunciables de los seres \u00a0humanos y a la buena fe que se presum\u00eda actuaban los sujetos \u00a0procesales\u201d En Consecuencia, ordenar al DIRECTOR DEL INPEC y al \u00a0DIRECTOR DE LA PICOTA disponer su libertad inmediata. (Textual) \u00a0<\/p>\n<p>\u00a0 \u00a0\u00a0 \u00a0 \u00a0 \u00a0 \u00a0<\/p>\n<p>2. EL FALLO IMPUGNADO \u00a0<\/p>\n<p>La Sala Penal del Tribunal Superior \u00a0de Distrito Judicial de Bogot\u00e1, mediante decisi\u00f3n \u00a0adoptada el 11 de junio de 20192, \u00a0deneg\u00f3 el amparo invocado al considerar que no se cumpl\u00eda \u00a0el principio de inmediatez, por cuanto la sentencia condenatoria \u00a0hab\u00eda sido emitida hace m\u00e1s de un a\u00f1o y seis \u00a0meses; asimismo indic\u00f3 que no se cumple con el requisito de \u00a0subsidiariedad debido a que el accionante tuvo la oportunidad de \u00a0interponer el recurso de apelaci\u00f3n contra la providencia el \u00a0cual fue desistido expresamente, dando lugar a la firmeza de la \u00a0providencia proferida por el Juzgado 39 Penal del Circuito con \u00a0Funci\u00f3n de Conocimiento. \u00a0<\/p>\n<p>\u00a0 \u00a0\u00a0 \u00a0 \u00a0 \u00a0 \u00a0<\/p>\n<p>3. LA IMPUGNACI\u00d3N \u00a0<\/p>\n<p>El 17 de junio de \u00a02019, Jorge Iv\u00e1n Garc\u00eda \u00a0Rodr\u00edguez interpuso recurso de \u00a0impugnaci\u00f3n, alegando que fue enga\u00f1ado e inculpado por \u00a0el delito en menci\u00f3n, por cuenta de un complot de las \u00a0entidades involucradas en la investigaci\u00f3n de su caso y de su \u00a0abogado. \u00a0<\/p>\n<p>\u00a0 \u00a0\u00a0 \u00a0 \u00a0 \u00a0 \u00a0<\/p>\n<p>4. CONSIDERACIONES DE LA SALA \u00a0<\/p>\n<p>De conformidad con lo previsto en el \u00a0art\u00edculo 32 del Decreto 2591 de 1991, esta Sala es competente \u00a0para resolver el recurso de impugnaci\u00f3n interpuesto por Jorge \u00a0Iv\u00e1n Garc\u00eda Rodr\u00edguez contra el fallo de \u00a0tutela de primera instancia proferido por la Sala de Casaci\u00f3n \u00a0Laboral de esta Corporaci\u00f3n. \u00a0<\/p>\n<p>Al respecto, el problema jur\u00eddico \u00a0que convoca a la Sala consiste en establecer si \u00a0contra las decisiones proferidas dentro del proceso penal que \u00a0se adelant\u00f3 contra el accionante, \u00a0se \u00a0cumplen los requisitos de procedibilidad de la acci\u00f3n de \u00a0tutela contra decisiones judiciales y, en consecuencia, es procedente \u00a0revocar el fallo de tutela de primera instancia y conceder el amparo \u00a0invocado. \u00a0<\/p>\n<p>Requisitos \u00a0de procedibilidad de la acci\u00f3n de tutela contra decisiones \u00a0judiciales. \u00a0<\/p>\n<p>Como ha sido recurrentemente \u00a0recordado por esta Sala, la acci\u00f3n constitucional de tutela es \u00a0un mecanismo de protecci\u00f3n excepcional frente a providencias \u00a0judiciales, su prosperidad va ligada al cumplimiento de estrictos \u00a0requisitos de procedibilidad que implican una carga para los \u00a0accionantes, tanto en su planteamiento como en su demostraci\u00f3n, \u00a0como lo ha expuesto la propia Corte Constitucional. \u00a0<\/p>\n<p>Por este motivo, y como ha sido \u00a0desarrollado por la Doctrina constitucional, la acci\u00f3n de \u00a0tutela contra providencias judiciales exige: \u00a0<\/p>\n<p>\u00a0 \u00a0\u00a0 \u00a0 \u00a0 \u00a0 \u00a0 \u00a0 \u00a0 \u00a0 \u00a0 \u00a0 \u00a0 \u00a0 \u00a0 \u00a0<\/p>\n<p>a. Que la cuesti\u00f3n que se discuta resulte \u00a0 \u00a0 \u00a0 \u00a0 \u00a0 \u00a0 \u00a0 \u00a0 \u00a0de evidente relevancia constitucional. \u00a0 \u00a0<\/p>\n<p>\u00a0 \u00a0\u00a0 \u00a0 \u00a0 \u00a0 \u00a0 \u00a0 \u00a0 \u00a0 \u00a0 \u00a0 \u00a0 \u00a0 \u00a0 \u00a0<\/p>\n<p>b. Que hayan sido agotados todos los medios \u00a0 \u00a0 \u00a0 \u00a0 \u00a0 \u00a0 \u00a0 \u00a0 \u00a0-ordinarios y extraordinarios- de defensa judicial al alcance de la \u00a0 \u00a0 \u00a0 \u00a0 \u00a0 \u00a0 \u00a0 \u00a0 \u00a0persona afectada, salvo que se trate de evitar la consumaci\u00f3n \u00a0 \u00a0 \u00a0 \u00a0 \u00a0 \u00a0 \u00a0 \u00a0 \u00a0de un perjuicio iusfundamental irremediable. \u00a0 \u00a0<\/p>\n<p>\u00a0 \u00a0\u00a0 \u00a0 \u00a0 \u00a0 \u00a0 \u00a0 \u00a0 \u00a0 \u00a0 \u00a0 \u00a0 \u00a0 \u00a0 \u00a0<\/p>\n<p>c. Que se cumpla el requisito de la inmediatez, es \u00a0 \u00a0 \u00a0 \u00a0 \u00a0 \u00a0 \u00a0 \u00a0 \u00a0decir, que la tutela se hubiere interpuesto en un t\u00e9rmino \u00a0 \u00a0 \u00a0 \u00a0 \u00a0 \u00a0 \u00a0 \u00a0 \u00a0razonable y proporcionado a partir del hecho que origin\u00f3 la \u00a0 \u00a0 \u00a0 \u00a0 \u00a0 \u00a0 \u00a0 \u00a0 \u00a0vulneraci\u00f3n. \u00a0 \u00a0<\/p>\n<p>\u00a0 \u00a0\u00a0 \u00a0 \u00a0 \u00a0 \u00a0 \u00a0 \u00a0 \u00a0 \u00a0 \u00a0 \u00a0 \u00a0 \u00a0 \u00a0<\/p>\n<p>d. Cuando se trate de una irregularidad procesal, \u00a0 \u00a0 \u00a0 \u00a0 \u00a0 \u00a0 \u00a0 \u00a0 \u00a0debe quedar claro que la misma tiene un efecto decisivo o \u00a0 \u00a0 \u00a0 \u00a0 \u00a0 \u00a0 \u00a0 \u00a0 \u00a0determinante en la sentencia que se impugna y que ata\u00f1e a \u00a0 \u00a0 \u00a0 \u00a0 \u00a0 \u00a0 \u00a0 \u00a0 \u00a0los derechos fundamentales de los accionantes. \u00a0 \u00a0<\/p>\n<p>\u00a0 \u00a0\u00a0 \u00a0 \u00a0 \u00a0 \u00a0 \u00a0 \u00a0 \u00a0 \u00a0 \u00a0 \u00a0 \u00a0 \u00a0 \u00a0<\/p>\n<p>e. Que los accionantes identifique de manera \u00a0 \u00a0 \u00a0 \u00a0 \u00a0 \u00a0 \u00a0 \u00a0 \u00a0razonable tanto los hechos que generaron la vulneraci\u00f3n como \u00a0 \u00a0 \u00a0 \u00a0 \u00a0 \u00a0 \u00a0 \u00a0 \u00a0los derechos vulnerados y que hubiere alegado tal vulneraci\u00f3n \u00a0 \u00a0 \u00a0 \u00a0 \u00a0 \u00a0 \u00a0 \u00a0 \u00a0en el proceso judicial, siempre que esto hubiere sido posible. \u00a0 \u00a0<\/p>\n<p>\u00a0 \u00a0\u00a0 \u00a0 \u00a0 \u00a0 \u00a0 \u00a0 \u00a0 \u00a0 \u00a0 \u00a0 \u00a0 \u00a0 \u00a0 \u00a0<\/p>\n<p>f. Que la decisi\u00f3n judicial contra la cual \u00a0 \u00a0 \u00a0 \u00a0 \u00a0 \u00a0 \u00a0 \u00a0 \u00a0se formula la acci\u00f3n de tutela no se corresponda con \u00a0 \u00a0 \u00a0 \u00a0 \u00a0 \u00a0 \u00a0 \u00a0 \u00a0sentencias de tutela. \u00a0 \u00a0<\/p>\n<p>Los anteriores requisitos, no pueden \u00a0quedarse en meros enunciados, pues han sido reiterados por la Corte \u00a0Constitucional, primero en la sentencia C-590 de 2005, luego en las \u00a0decisiones T-332, T-212 y T-780 de 2006, reforzando lo dicho en la \u00a0primera de las mencionadas providencias, en el sentido que, cuando se \u00a0trata de acciones de tutela contra providencias judiciales, las \u00a0mismas solo pueden tener cabida \u00ab\u2026si \u00a0se cumplen ciertos y rigurosos requisitos de procedibilidad. Dentro \u00a0de estos pueden distinguirse unos de car\u00e1cter general, que \u00a0habilitan la interposici\u00f3n de la tutela, y otros de car\u00e1cter \u00a0espec\u00edfico, que tocan con la procedencia misma del amparo, una \u00a0vez interpuesta\u00bb. \u00a0<\/p>\n<p>En punto de las \u00a0exigencias espec\u00edficas, como fue recogido en la sentencia \u00a0C-590 de 2005, han sido establecidas las que a \u00a0continuaci\u00f3n se relacionan: \u00a0<\/p>\n<p>a. \u00a0 \u00a0 \u00a0 \u00a0Defecto \u00a0org\u00e1nico, que se presenta cuando el funcionario judicial que \u00a0profiri\u00f3 la providencia impugnada carece absolutamente de \u00a0competencia para ello. \u00a0 \u00a0 \u00a0 \u00a0 \u00a0 \u00a0<\/p>\n<p>b. Defecto procedimental absoluto, que se origina \u00a0 \u00a0 \u00a0 \u00a0 \u00a0cuando el juez actu\u00f3 completamente al margen del \u00a0 \u00a0 \u00a0 \u00a0 \u00a0procedimiento establecido.<\/p>\n<p>c. Defecto f\u00e1ctico, el cual surge cuando el \u00a0 \u00a0 \u00a0 \u00a0 \u00a0juez carece del apoyo probatorio que permita la aplicaci\u00f3n \u00a0 \u00a0 \u00a0 \u00a0 \u00a0del supuesto legal en el que se sustenta la decisi\u00f3n.<\/p>\n<p>d. Defecto material o sustantivo, como son los \u00a0 \u00a0 \u00a0 \u00a0 \u00a0casos en que se decide con base en normas inexistentes o \u00a0 \u00a0 \u00a0 \u00a0 \u00a0inconstitucionales3 \u00a0 \u00a0 \u00a0 \u00a0 \u00a0o que presentan una evidente y grosera contradicci\u00f3n entre \u00a0 \u00a0 \u00a0 \u00a0 \u00a0los fundamentos y la decisi\u00f3n;<\/p>\n<p>e. Error inducido, el cual surge cuando el juez o \u00a0 \u00a0 \u00a0 \u00a0 \u00a0tribunal fue v\u00edctima de un enga\u00f1o por parte de \u00a0 \u00a0 \u00a0 \u00a0 \u00a0terceros y ese enga\u00f1o lo condujo a la toma de una decisi\u00f3n \u00a0 \u00a0 \u00a0 \u00a0 \u00a0que afecta derechos fundamentales.<\/p>\n<p>f. Decisi\u00f3n sin motivaci\u00f3n, que \u00a0 \u00a0 \u00a0 \u00a0 \u00a0implica el incumplimiento de los funcionarios judiciales de \u00a0 \u00a0 \u00a0 \u00a0 \u00a0explicitar los fundamentos f\u00e1cticos y jur\u00eddicos de sus \u00a0 \u00a0 \u00a0 \u00a0 \u00a0decisiones, en el entendido que precisamente en esa motivaci\u00f3n \u00a0 \u00a0 \u00a0 \u00a0 \u00a0reposa la legitimidad de su \u00f3rbita funcional.<\/p>\n<p>g. Desconocimiento del \u00a0 \u00a0 \u00a0 \u00a0 \u00a0precedente, hip\u00f3tesis que se presenta, por ejemplo, \u00a0 \u00a0 \u00a0 \u00a0 \u00a0cuando la Corte Constitucional establece el alcance de un derecho \u00a0 \u00a0 \u00a0 \u00a0 \u00a0fundamental y el juez ordinario aplica una ley limitando \u00a0 \u00a0 \u00a0 \u00a0 \u00a0sustancialmente dicho alcance. En estos casos la tutela procede como \u00a0 \u00a0 \u00a0 \u00a0 \u00a0mecanismo para garantizar la eficacia jur\u00eddica del contenido \u00a0 \u00a0 \u00a0 \u00a0 \u00a0constitucionalmente vinculante del derecho fundamental vulnerado \u00a0 \u00a0 \u00a0 \u00a0 \u00a0[4].<\/p>\n<p>h. Violaci\u00f3n directa de la Constituci\u00f3n. \u00a0<\/p>\n<p>Queda entonces claro que en \u00a0atenci\u00f3n a la fuerza normativa de la cosa juzgada y al respeto \u00a0de la autonom\u00eda judicial, la acci\u00f3n consagrada en el \u00a0art\u00edculo 86 de la Constituci\u00f3n Nacional, cuando se \u00a0dirige a cuestionar una decisi\u00f3n judicial, tiene car\u00e1cter \u00a0excepcional, y su prosperidad est\u00e1 atada a que se cumplan los \u00a0requisitos de procedibilidad anteriormente enunciados. De manera que \u00a0quien acude a ella tiene la carga no s\u00f3lo respecto de su \u00a0planteamiento, sino de su demostraci\u00f3n. \u00a0<\/p>\n<p>An\u00e1lisis del caso concreto. \u00a0<\/p>\n<p>En el caso bajo \u00a0examen, a partir de los criterios presentados y de la revisi\u00f3n \u00a0de las pruebas obrantes se constata que efectivamente no se cumple \u00a0con el requisito general de subsidiariedad, comoquiera que el \u00a0accionante no agot\u00f3 el recurso de apelaci\u00f3n contra la \u00a0providencia condenatoria. \u00a0<\/p>\n<p>As\u00ed mismo, \u00a0no se cumpli\u00f3 con el supuesto de inmediatez, debido a que ha \u00a0pasado m\u00e1s de un a\u00f1o y seis meses luego de la condena, \u00a0sin que exista un motivo razonable en la tardanza para interponer la \u00a0acci\u00f3n de tutela. \u00a0<\/p>\n<p>La Sala ha precisado que la acci\u00f3n \u00a0de tutela no fue dise\u00f1ada con miras a reemplazar al juez \u00a0competente, de ah\u00ed que no sea de recibo cuando se advierte que \u00a0el accionante cuenta con otro medio judicial para invocar la \u00a0protecci\u00f3n de los derechos fundamentales que considera le han \u00a0sido vulnerados. \u00a0<\/p>\n<p>Tal exigencia, s\u00f3lo admite \u00a0excepci\u00f3n en el evento que se trate de evitar la consumaci\u00f3n \u00a0de un perjuicio irremediable, pues de no ser as\u00ed, esto es, de \u00a0asumirse la acci\u00f3n de tutela como un mecanismo de protecci\u00f3n \u00a0alternativo, se correr\u00eda el riesgo de dejar en el vac\u00edo \u00a0las competencias de las distintas autoridades judiciales y concentrar \u00a0en la jurisdicci\u00f3n constitucional todas las decisiones \u00a0inherentes a ellas, propiciando as\u00ed, un desborde institucional \u00a0en el cumplimiento de las funciones de esta \u00faltima. \u00a0<\/p>\n<p>En este caso, el \u00a0accionante no acredit\u00f3 la urgencia, la gravedad, la inminencia \u00a0y la impostergabilidad del amparo. Tampoco hay lugar a considerar que \u00a0se encuentra ante un perjuicio irremediable, pues no uso los \u00a0mecanismos ordinarios para censurar la providencia condenatoria. \u00a0<\/p>\n<p>Por estos motivos, \u00a0lo procedente es confirmar el fallo de tutela de primera instancia. \u00a0<\/p>\n<p>Por lo expuesto, \u00a0la CORTE SUPREMA DE JUSTICIA, SALA DE CASACI\u00d3N PENAL \u2013 \u00a0EN SALA DE DECISI\u00d3N DE ACCIONES DE TUTELA N\u00b0 1, \u00a0administrando justicia, en nombre de la Rep\u00fablica y por \u00a0autoridad de la Ley, \u00a0<\/p>\n<p>RESUELVE \u00a0<\/p>\n<p>\u00a0 \u00a0\u00a0 \u00a0 \u00a0 \u00a0 \u00a0<\/p>\n<p>1. CONFIRMAR el fallo de tutela \u00a0 \u00a0 \u00a0 \u00a0 \u00a0impugnado. \u00a0<\/p>\n<p>\u00a0 \u00a0\u00a0 \u00a0 \u00a0 \u00a0 \u00a0<\/p>\n<p>2. NOTIFICAR a los sujetos \u00a0 \u00a0 \u00a0 \u00a0 \u00a0procesales el presente fallo, por el medio m\u00e1s expedito. \u00a0<\/p>\n<p>\u00a0 \u00a0\u00a0 \u00a0 \u00a0 \u00a0 \u00a0<\/p>\n<p>3. Env\u00edese la actuaci\u00f3n \u00a0 \u00a0 \u00a0 \u00a0 \u00a0a la Corte Constitucional para su eventual revisi\u00f3n, dentro \u00a0 \u00a0 \u00a0 \u00a0 \u00a0del t\u00e9rmino indicado en el art\u00edculo 31 del Decreto \u00a0 \u00a0 \u00a0 \u00a0 \u00a02591 de 1991. \u00a0<\/p>\n<p>NOTIF\u00cdQUESE Y C\u00daMPLASE \u00a0<\/p>\n<p>JOS\u00c9 \u00a0FRANCISCO ACU\u00d1A VIZCAYA \u00a0<\/p>\n<p>EUGENIO \u00a0FERN\u00c1NDEZ CARLIER \u00a0<\/p>\n<p>NUBIA \u00a0YOLANDA NOVA GARC\u00cdA \u00a0<\/p>\n<p>Secretaria \u00a0<\/p>\n<p>1 \u00a0 \u00a0 \u00a0 \u00a0 \u00a0Folios 73 a 82, cuaderno 1. \u00a0<\/p>\n<p>2 \u00a0 \u00a0 \u00a0 \u00a0 \u00a0Folios 73 a 82, cuaderno 1. \u00a0<\/p>\n<p>3 \u00a0 \u00a0 \u00a0 \u00a0 \u00a0\u00cddem. Sentencia T-522 de 2001. \u00a0<\/p>\n<p>4 \u00a0 \u00a0 \u00a0 \u00a0 \u00a0\u00abCfr. \u00a0 \u00a0 \u00a0 \u00a0 \u00a0Sentencias T-462 de \u00a0 \u00a0 \u00a0 \u00a0 \u00a02003 ; SU-1184 de 2001 ; T-1625 de 2000 y T-1031 de 2001.\u00bb \u00a0<\/p>\n<p>\u00a0 \u00a0 \u00a0\u00a0<\/p>\n<p><\/p>\n","protected":false},"excerpt":{"rendered":"<p>\u00a0 \u00a0 \u00a0 \u00a0\u00a0 JOS\u00c9 \u00a0FRANCISCO ACU\u00d1A VIZCAYA \u00a0 Magistrado \u00a0Ponente \u00a0 STP10893-2019 \u00a0 Radicaci\u00f3n n.\u00b0 105577 \u00a0 (Aprobaci\u00f3n \u00a0Acta No. 196) \u00a0 Bogot\u00e1 \u00a0D.C., seis (06) de agosto de dos mil diecinueve (2019) \u00a0 Decide la Sala el \u00a0recurso de impugnaci\u00f3n interpuesto por el ciudadano Jorge \u00a0Iv\u00e1n Garc\u00eda Rodr\u00edguez, \u00a0contra el fallo de tutela [&hellip;]<\/p>\n","protected":false},"author":1,"featured_media":0,"comment_status":"open","ping_status":"open","sticky":false,"template":"","format":"standard","meta":{"footnotes":""},"categories":[28],"tags":[],"class_list":["post-45001","post","type-post","status-publish","format-standard","hentry","category-28"],"_links":{"self":[{"href":"https:\/\/dmsjuridica.com\/buscador_20179478954\/salapenalcronologico20230723\/wp-json\/wp\/v2\/posts\/45001","targetHints":{"allow":["GET"]}}],"collection":[{"href":"https:\/\/dmsjuridica.com\/buscador_20179478954\/salapenalcronologico20230723\/wp-json\/wp\/v2\/posts"}],"about":[{"href":"https:\/\/dmsjuridica.com\/buscador_20179478954\/salapenalcronologico20230723\/wp-json\/wp\/v2\/types\/post"}],"author":[{"embeddable":true,"href":"https:\/\/dmsjuridica.com\/buscador_20179478954\/salapenalcronologico20230723\/wp-json\/wp\/v2\/users\/1"}],"replies":[{"embeddable":true,"href":"https:\/\/dmsjuridica.com\/buscador_20179478954\/salapenalcronologico20230723\/wp-json\/wp\/v2\/comments?post=45001"}],"version-history":[{"count":0,"href":"https:\/\/dmsjuridica.com\/buscador_20179478954\/salapenalcronologico20230723\/wp-json\/wp\/v2\/posts\/45001\/revisions"}],"wp:attachment":[{"href":"https:\/\/dmsjuridica.com\/buscador_20179478954\/salapenalcronologico20230723\/wp-json\/wp\/v2\/media?parent=45001"}],"wp:term":[{"taxonomy":"category","embeddable":true,"href":"https:\/\/dmsjuridica.com\/buscador_20179478954\/salapenalcronologico20230723\/wp-json\/wp\/v2\/categories?post=45001"},{"taxonomy":"post_tag","embeddable":true,"href":"https:\/\/dmsjuridica.com\/buscador_20179478954\/salapenalcronologico20230723\/wp-json\/wp\/v2\/tags?post=45001"}],"curies":[{"name":"wp","href":"https:\/\/api.w.org\/{rel}","templated":true}]}}