{"id":44975,"date":"2023-09-14T21:56:50","date_gmt":"2023-09-14T21:56:50","guid":{"rendered":"https:\/\/dmsjuridica.com\/buscador_20179478954\/salapenalcronologico20230723\/2023\/09\/14\/stp10791-2019_1\/"},"modified":"2023-09-14T21:56:50","modified_gmt":"2023-09-14T21:56:50","slug":"stp10791-2019_1","status":"publish","type":"post","link":"https:\/\/dmsjuridica.com\/buscador_20179478954\/salapenalcronologico20230723\/2023\/09\/14\/stp10791-2019_1\/","title":{"rendered":"STP10791-2019_1"},"content":{"rendered":"\n<p>\u00a0 \u00a0 \u00a0 \u00a0\u00a0<\/p>\n<p>JOS\u00c9 \u00a0FRANCISCO ACU\u00d1A VIZCAYA \u00a0<\/p>\n<p>Magistrado \u00a0Ponente \u00a0<\/p>\n<p>STP10791-2019 \u00a0<\/p>\n<p>Radicaci\u00f3n \u00a0No. 105772 \u00a0<\/p>\n<p>Acta \u00a0n. \u00a0\u00b0 196 \u00a0<\/p>\n<p>Bogot\u00e1. \u00a0D.C., seis (06) de agosto de dos mil diecinueve (2019). \u00a0<\/p>\n<p>Decide \u00a0la Sala el recurso de impugnaci\u00f3n interpuesto por \u00a0Cristian \u00a0V\u00e1squez Arias, \u00a0contra el fallo de tutela proferido por la Sala de Casaci\u00f3n \u00a0Laboral de la Corte Suprema de Justicia el 29 de mayo de 2019, \u00a0que \u00a0neg\u00f3 el amparo constitucional invocado contra la Sala \u00a0de Casaci\u00f3n Civil de esta Corporaci\u00f3n Judicial y \u00a0la Sala \u00a0Civil \u2013 Familia del Tribunal Superior del Distrito Judicial de \u00a0Pereira, \u00a0por la presunta vulneraci\u00f3n al derecho fundamental al debido \u00a0proceso. \u00a0<\/p>\n<p>A \u00a0la presente actuaci\u00f3n se vincul\u00f3 de oficio a las partes \u00a0e intervinientes en la acci\u00f3n de tutela No. 2019-00290. \u00a0<\/p>\n<p>ANTECEDENTES \u00a0<\/p>\n<p>Y \u00a0<\/p>\n<p>FUNDAMENTOS \u00a0DE LA ACCI\u00d3N \u00a0<\/p>\n<p>As\u00ed \u00a0fueron sintetizados en el fallo constitucional de primera instancia1: \u00a0<\/p>\n<p>[\u2026] \u00a0Se extrae que el promotor present\u00f3 una acci\u00f3n de tutela \u00a0contra la Sala Civil \u2013 Familia del Tribunal Superior de \u00a0Pereira, el Juzgado Civil del Circuito de Santa Rosa de Cabal y la \u00a0Procuradur\u00eda Delegada para Asuntos Civiles. \u00a0<\/p>\n<p>Expone que el \u00a0tr\u00e1mite se radic\u00f3 ante la Sala Civil de esta \u00a0Corporaci\u00f3n, colegiado que en auto de 13 de marzo de 2019 \u00a0remiti\u00f3 las diligencias al Tribunal Superior de Pereira en \u00a0cumplimiento a las reglas de reparto previstas en el Decreto 1983 de \u00a02017. Arguye que la autoridad convocada \u00abdesconoci\u00f3 los \u00a0autos de Sala Plena de la H Corte Constitucional, entre ellos el \u00a0\u00ab597, 572, 575, de 2018 y 557 de 2015\u00bb. \u00a0<\/p>\n<p>Acude al \u00a0presente mecanismo de amparo constitucional, para que \u00abse \u00a0declare la nulidad de la sentencia de tutela, por falta de \u00a0competencia, ya que quien debe fallarla es la CSJ SCC, pues fue all\u00ed \u00a0donde presen[t\u00f3] la tutela y este nunca pudo remitirla y menos \u00a0perder competencia\u00bb\u2026 \u00a0<\/p>\n<p>EL \u00a0FALLO IMPUGNADO \u00a0 \u00a0<\/p>\n<p>La \u00a0Sala de Casaci\u00f3n Laboral de esta Colegiatura, mediante \u00a0decisi\u00f3n adoptada el 29 de mayo del a\u00f1o en curso, neg\u00f3 \u00a0el presente amparo constitucional. \u00a0<\/p>\n<p>Para \u00a0arribar a tal decisi\u00f3n, el juez colegiado constitucional de \u00a0primer grado anot\u00f3 que la Sala Civil hom\u00f3loga mediante \u00a0auto del 13 de marzo de 2019 orden\u00f3 la remisi\u00f3n de la \u00a0acci\u00f3n de tutela al Tribunal Superior Sala Civil \u2013 \u00a0Familia de Pereira, por tratarse de una vinculaci\u00f3n aparente \u00a0de esa colegiatura distrital, toda vez que lo realmente cuestionado \u00a0era una providencia dictada por el Juzgado Civil del Circuito de \u00a0Santa Rosa de Cabal, actuar que a criterio del a \u00a0quo no es \u00a0caprichoso, por el contrario, se ajust\u00f3 al marco de la \u00a0autonom\u00eda e independencia que le otorga la Constituci\u00f3n \u00a0y la ley, por tanto, la acci\u00f3n tuitiva no puede ser empleada \u00a0para definir la competencia de un \u00f3rgano judicial y menos \u00a0cuando el Tribunal accionado no repel\u00f3 su competencia en el \u00a0asunto. \u00a0<\/p>\n<p>LA IMPUGNACI\u00d3N \u00a0<\/p>\n<p>Inconforme \u00a0con la anterior determinaci\u00f3n, la parte accionante la impugn\u00f3 \u00a0dentro del t\u00e9rmino legal, \u00a0sin esbozar argumento alguno a su postulaci\u00f3n judicial. \u00a0<\/p>\n<p>CONSIDERACIONES \u00a0DE LA SALA \u00a0<\/p>\n<p>\u00a0 \u00a0\u00a0 \u00a0 \u00a0 \u00a0 \u00a0<\/p>\n<p>1. De \u00a0 \u00a0 \u00a0 \u00a0 \u00a0conformidad con lo normado \u00a0 \u00a0 \u00a0 \u00a0 \u00a0en el art\u00edculo 32 del Decreto 2591 de 1991, art\u00edculo \u00a0 \u00a0 \u00a0 \u00a0 \u00a02\u00ba del Decreto 1983 de 2017 \u2013 modificatorio del art\u00edculo \u00a0 \u00a0 \u00a0 \u00a0 \u00a02.2.3.1.2.4 del Decreto 1069 de 2015 \u2013, \u00a0 \u00a0 \u00a0 \u00a0 \u00a0y el \u00a0 \u00a0 \u00a0 \u00a0 \u00a0art\u00edculo 44 del Reglamento General de esta Corporaci\u00f3n, \u00a0 \u00a0 \u00a0 \u00a0 \u00a0esta Sala es competente para resolver el recurso de impugnaci\u00f3n \u00a0 \u00a0 \u00a0 \u00a0 \u00a0interpuesto por Cristian \u00a0 \u00a0 \u00a0 \u00a0 \u00a0V\u00e1squez Arias \u00a0 \u00a0 \u00a0 \u00a0 \u00a0contra el fallo de tutela proferido por la Sala de Casaci\u00f3n \u00a0 \u00a0 \u00a0 \u00a0 \u00a0Laboral de la Corte Suprema de Justicia. \u00a0<\/p>\n<p>\u00a0 \u00a0\u00a0 \u00a0 \u00a0 \u00a0 \u00a0<\/p>\n<p>2. Al \u00a0 \u00a0 \u00a0 \u00a0 \u00a0tenor de los t\u00e9rminos consignados en el l\u00edbelo \u00a0 \u00a0 \u00a0 \u00a0 \u00a0introductor se puede extraer que el \u00a0 \u00a0 \u00a0 \u00a0 \u00a0problema jur\u00eddico medular que convoca a la Sala en esta \u00a0 \u00a0 \u00a0 \u00a0 \u00a0oportunidad, consiste en establecer \u00a0 \u00a0 \u00a0 \u00a0 \u00a0si frente a la providencia calendada 13 de marzo de 2019 proferida \u00a0 \u00a0 \u00a0 \u00a0 \u00a0por la Sala \u00a0 \u00a0 \u00a0 \u00a0 \u00a0de Casaci\u00f3n Civil de la Corte Suprema de Justicia, por \u00a0 \u00a0 \u00a0 \u00a0 \u00a0la cual se remiti\u00f3 por competencia a la Sala \u00a0 \u00a0 \u00a0 \u00a0 \u00a0Civil \u2013 Familia del Tribunal Superior del Distrito Judicial de \u00a0 \u00a0 \u00a0 \u00a0 \u00a0Pereira el \u00a0 \u00a0 \u00a0 \u00a0 \u00a0conocimiento de la queja constitucional, radicado inicial \u00a0 \u00a0 \u00a0 \u00a0 \u00a02019-00779, interpuesta por quien hoy tambi\u00e9n funge como \u00a0 \u00a0 \u00a0 \u00a0 \u00a0accionante contra la autoridad judicial en cita, el Juzgado Civil \u00a0 \u00a0 \u00a0 \u00a0 \u00a0del Circuito de Santa Rosa de Cabal y la Procuradur\u00eda \u00a0 \u00a0 \u00a0 \u00a0 \u00a0Delegada para Asuntos Civiles, se configuran los requisitos de \u00a0 \u00a0 \u00a0 \u00a0 \u00a0procedibilidad de la acci\u00f3n de tutela contra decisiones \u00a0 \u00a0 \u00a0 \u00a0 \u00a0judiciales y por tanto, debe revocarse el fallo de tutela de primer \u00a0 \u00a0 \u00a0 \u00a0 \u00a0grado para en su lugar concederse el amparo constitucional invocado. \u00a0<\/p>\n<p>Requisitos de \u00a0procedibilidad de la acci\u00f3n de tutela contra decisiones \u00a0judiciales \u00a0<\/p>\n<p>\u00a0 \u00a0\u00a0 \u00a0 \u00a0 \u00a0 \u00a0 \u00a0 \u00a0 \u00a0 \u00a0 \u00a0 \u00a0 \u00a0 \u00a0 \u00a0<\/p>\n<p>1. El art\u00edculo \u00a0 \u00a0 \u00a0 \u00a0 \u00a0 \u00a0 \u00a0 \u00a0 \u00a086 de la Constituci\u00f3n Pol\u00edtica establece que toda \u00a0 \u00a0 \u00a0 \u00a0 \u00a0 \u00a0 \u00a0 \u00a0 \u00a0persona tiene derecho a promover acci\u00f3n de tutela ante los \u00a0 \u00a0 \u00a0 \u00a0 \u00a0 \u00a0 \u00a0 \u00a0 \u00a0jueces con miras a obtener la protecci\u00f3n inmediata de sus \u00a0 \u00a0 \u00a0 \u00a0 \u00a0 \u00a0 \u00a0 \u00a0 \u00a0garant\u00edas fundamentales, cuando por acci\u00f3n u omisi\u00f3n \u00a0 \u00a0 \u00a0 \u00a0 \u00a0 \u00a0 \u00a0 \u00a0 \u00a0le sean vulnerados o amenazados por cualquier autoridad p\u00fablica \u00a0 \u00a0 \u00a0 \u00a0 \u00a0 \u00a0 \u00a0 \u00a0 \u00a0o por particulares en los casos expresamente previstos en la ley, \u00a0 \u00a0 \u00a0 \u00a0 \u00a0 \u00a0 \u00a0 \u00a0 \u00a0siempre que no haya otro medio de defensa judicial, o existiendo, \u00a0 \u00a0 \u00a0 \u00a0 \u00a0 \u00a0 \u00a0 \u00a0 \u00a0cuando la tutela se utilice de forma transitoria para evitar la \u00a0 \u00a0 \u00a0 \u00a0 \u00a0 \u00a0 \u00a0 \u00a0 \u00a0materializaci\u00f3n de un perjuicio irremediable. \u00a0 \u00a0<\/p>\n<p>Ha \u00a0precisado la Sala que las caracter\u00edsticas de subsidiariedad y \u00a0residualidad que son predicables de la acci\u00f3n de tutela, \u00a0aparejan como consecuencia que no pueda acudirse a tal mecanismo \u00a0excepcional de amparo para lograr la intervenci\u00f3n del juez \u00a0constitucional en procesos en tr\u00e1mite, porque ello a m\u00e1s \u00a0de desnaturalizar su esencia, socava postulados constitucionales como \u00a0la independencia y la autonom\u00eda funcionales que rigen la \u00a0actividad de la Rama Judicial al tenor de la preceptiva contenida en \u00a0el art\u00edculo 228 de la Carta Pol\u00edtica. \u00a0<\/p>\n<p>\u00a0 \u00a0\u00a0 \u00a0 \u00a0 \u00a0 \u00a0 \u00a0 \u00a0 \u00a0 \u00a0 \u00a0 \u00a0 \u00a0 \u00a0 \u00a0<\/p>\n<p>2. En \u00a0 \u00a0 \u00a0 \u00a0 \u00a0 \u00a0 \u00a0 \u00a0 \u00a0trat\u00e1ndose de la procedencia de la acci\u00f3n de tutela \u00a0 \u00a0 \u00a0 \u00a0 \u00a0 \u00a0 \u00a0 \u00a0 \u00a0para cuestionar \u00a0 \u00a0 \u00a0 \u00a0 \u00a0 \u00a0 \u00a0 \u00a0 \u00a0decisiones judiciales, salvo que comporten v\u00edas de hecho, la \u00a0 \u00a0 \u00a0 \u00a0 \u00a0 \u00a0 \u00a0 \u00a0 \u00a0acci\u00f3n es improcedente, porque su finalidad no es la de \u00a0 \u00a0 \u00a0 \u00a0 \u00a0 \u00a0 \u00a0 \u00a0 \u00a0revivir oportunidades o momentos procesales culminados, reponer \u00a0 \u00a0 \u00a0 \u00a0 \u00a0 \u00a0 \u00a0 \u00a0 \u00a0t\u00e9rminos de ejecutoria que permitan la impugnaci\u00f3n de \u00a0 \u00a0 \u00a0 \u00a0 \u00a0 \u00a0 \u00a0 \u00a0 \u00a0las decisiones, y tampoco constituirse en el escenario donde puedan \u00a0 \u00a0 \u00a0 \u00a0 \u00a0 \u00a0 \u00a0 \u00a0 \u00a0efectuarse valoraciones probatorias diferentes a la que realiz\u00f3 \u00a0 \u00a0 \u00a0 \u00a0 \u00a0 \u00a0 \u00a0 \u00a0 \u00a0el juez de conocimiento, a quien corresponde hacer esa labor de \u00a0 \u00a0 \u00a0 \u00a0 \u00a0 \u00a0 \u00a0 \u00a0 \u00a0acuerdo con la competencia que le asigna la ley. \u00a0 \u00a0<\/p>\n<p>Si \u00a0as\u00ed fuera, \u00a0ha dicho la Corte, el recurso de amparo, instrumento de defensa de \u00a0derechos fundamentales, trocar\u00eda en medio adverso a la \u00a0seguridad jur\u00eddica y a la estabilidad social. Por estas \u00a0razones el juez de tutela debe respetar las competencias regladas \u00a0atribuidas a otras autoridades, sin afectar su autonom\u00eda. \u00a0<\/p>\n<p>\u00a0 \u00a0\u00a0 \u00a0 \u00a0 \u00a0 \u00a0 \u00a0 \u00a0 \u00a0 \u00a0 \u00a0 \u00a0 \u00a0 \u00a0 \u00a0<\/p>\n<p>3. Como \u00a0 \u00a0 \u00a0 \u00a0 \u00a0 \u00a0 \u00a0 \u00a0 \u00a0ha sido recurrentemente recordado por esta Sala, la acci\u00f3n \u00a0 \u00a0 \u00a0 \u00a0 \u00a0 \u00a0 \u00a0 \u00a0 \u00a0constitucional de tutela es un mecanismo de protecci\u00f3n \u00a0 \u00a0 \u00a0 \u00a0 \u00a0 \u00a0 \u00a0 \u00a0 \u00a0excepcional frente a providencias judiciales, su prosperidad va \u00a0 \u00a0 \u00a0 \u00a0 \u00a0 \u00a0 \u00a0 \u00a0 \u00a0ligada al cumplimiento de estrictos requisitos \u00a0 \u00a0 \u00a0 \u00a0 \u00a0 \u00a0 \u00a0 \u00a0 \u00a0de \u00a0 \u00a0 \u00a0 \u00a0 \u00a0 \u00a0 \u00a0 \u00a0 \u00a0procedibilidad que implican una carga para el accionante, tanto en \u00a0 \u00a0 \u00a0 \u00a0 \u00a0 \u00a0 \u00a0 \u00a0 \u00a0su planteamiento como en su demostraci\u00f3n, como lo ha \u00a0 \u00a0 \u00a0 \u00a0 \u00a0 \u00a0 \u00a0 \u00a0 \u00a0expuesto la propia Corte Constitucional2. \u00a0 \u00a0<\/p>\n<p>Por este motivo, y \u00a0como ha sido desarrollado por la jurisprudencia constitucional, la \u00a0acci\u00f3n de tutela contra providencias judiciales exige: \u00a0<\/p>\n<p>a. Que la cuesti\u00f3n \u00a0que se discuta resulte de evidente relevancia constitucional. \u00a0<\/p>\n<p>b. \u00a0Que \u00a0hayan sido agotados todos los medios -ordinarios y extraordinarios- \u00a0de defensa judicial al alcance de la persona afectada, salvo que se \u00a0trate de evitar la consumaci\u00f3n de un perjuicio iusfundamental \u00a0irremediable. \u00a0<\/p>\n<p>c. \u00a0Que \u00a0se cumpla el requisito de la inmediatez, es decir, que la tutela se \u00a0hubiere interpuesto en un t\u00e9rmino razonable y proporcionado a \u00a0partir del hecho que origin\u00f3 la vulneraci\u00f3n. \u00a0<\/p>\n<p>d. Cuando se trate \u00a0de una irregularidad procesal, debe quedar claro que la misma tiene \u00a0un efecto decisivo o determinante en la sentencia que se impugna y \u00a0que ata\u00f1e a los derechos fundamentales del accionante. \u00a0<\/p>\n<p>e. \u00a0Que \u00a0el accionante identifique de manera razonable tanto los hechos que \u00a0generaron la vulneraci\u00f3n como los derechos vulnerados y que \u00a0hubiere alegado tal vulneraci\u00f3n en el proceso judicial, \u00a0siempre que esto hubiere sido posible. \u00a0<\/p>\n<p>f. \u00a0Que \u00a0la decisi\u00f3n judicial contra la cual se formula la acci\u00f3n \u00a0de tutela no se corresponda con sentencias de tutela. \u00a0<\/p>\n<p>Los \u00a0anteriores requisitos, no pueden quedarse en meros enunciados, pues \u00a0han sido reiterados por la Corte Constitucional, primero en la \u00a0sentencia C-590 \u00a0de 2005, luego en las decisiones T-332, T-212 y T-780 de 2006, \u00a0reforzando lo dicho en la primera de las mencionadas providencias, en \u00a0el sentido que, cuando se trata \u00a0de acciones de tutela contra providencias judiciales, las mismas solo \u00a0pueden tener cabida \u00ab\u2026si \u00a0se cumplen ciertos y rigurosos requisitos de procedibilidad. Dentro \u00a0de estos pueden distinguirse unos de car\u00e1cter general, que \u00a0habilitan la interposici\u00f3n de la tutela, y otros de car\u00e1cter \u00a0espec\u00edfico, que tocan con la procedencia misma del amparo, una \u00a0vez interpuesta\u00bb \u00a0(Textual). \u00a0<\/p>\n<p>En punto de las \u00a0exigencias espec\u00edficas, como fue recogido en la sentencia \u00a0C-590 de 2005, han sido establecidas las que a continuaci\u00f3n se \u00a0relacionan: \u00a0<\/p>\n<p>a. \u00a0 \u00a0 \u00a0 \u00a0Defecto org\u00e1nico, \u00a0que se presenta cuando el funcionario judicial que profiri\u00f3 la \u00a0providencia impugnada carece absolutamente de competencia para ello. \u00a0 \u00a0 \u00a0 \u00a0 \u00a0 \u00a0<\/p>\n<p>2. Defecto procedimental absoluto, que se origina cuando el juez actu\u00f3 \u00a0 \u00a0 \u00a0 \u00a0 \u00a0completamente al margen del procedimiento establecido.<\/p>\n<p>3. Defecto f\u00e1ctico, el cual surge cuando el juez carece del \u00a0 \u00a0 \u00a0 \u00a0 \u00a0apoyo probatorio que permita la aplicaci\u00f3n del supuesto legal \u00a0 \u00a0 \u00a0 \u00a0 \u00a0en el que se sustenta la decisi\u00f3n.<\/p>\n<p>4. Defecto material o sustantivo, como son los casos en que se decide \u00a0 \u00a0 \u00a0 \u00a0 \u00a0con base en normas inexistentes o inconstitucionales o que presentan \u00a0 \u00a0 \u00a0 \u00a0 \u00a0una evidente y grosera contradicci\u00f3n entre los fundamentos y \u00a0 \u00a0 \u00a0 \u00a0 \u00a0la decisi\u00f3n;<\/p>\n<p>5. Error inducido, el cual surge cuando el juez o tribunal fue v\u00edctima \u00a0 \u00a0 \u00a0 \u00a0 \u00a0de un enga\u00f1o por parte de terceros y ese enga\u00f1o lo \u00a0 \u00a0 \u00a0 \u00a0 \u00a0condujo a la toma de una decisi\u00f3n que afecta derechos \u00a0 \u00a0 \u00a0 \u00a0 \u00a0fundamentales.<\/p>\n<p>6. Decisi\u00f3n \u00a0 \u00a0 \u00a0 \u00a0 \u00a0sin motivaci\u00f3n, \u00a0 \u00a0 \u00a0 \u00a0 \u00a0que implica el incumplimiento de los funcionarios judiciales de \u00a0 \u00a0 \u00a0 \u00a0 \u00a0explicitar los fundamentos f\u00e1cticos y jur\u00eddicos de sus \u00a0 \u00a0 \u00a0 \u00a0 \u00a0decisiones, en el entendido que precisamente en esa motivaci\u00f3n \u00a0 \u00a0 \u00a0 \u00a0 \u00a0reposa la legitimidad de su \u00f3rbita funcional.<\/p>\n<p>7. Desconocimiento \u00a0 \u00a0 \u00a0 \u00a0 \u00a0del precedente, hip\u00f3tesis que se presenta, por ejemplo, \u00a0 \u00a0 \u00a0 \u00a0 \u00a0cuando la Corte Constitucional establece el alcance de un derecho \u00a0 \u00a0 \u00a0 \u00a0 \u00a0fundamental y el juez ordinario aplica una ley limitando \u00a0 \u00a0 \u00a0 \u00a0 \u00a0sustancialmente dicho alcance. En estos casos la tutela procede como \u00a0 \u00a0 \u00a0 \u00a0 \u00a0mecanismo para garantizar la eficacia jur\u00eddica del contenido \u00a0 \u00a0 \u00a0 \u00a0 \u00a0constitucionalmente vinculante del derecho fundamental vulnerado \u00a0 \u00a0 \u00a0 \u00a0 \u00a0[3].<\/p>\n<p>8. Violaci\u00f3n directa de la Constituci\u00f3n. \u00a0 \u00a0 \u00a0 \u00a0 \u00a0(Textual). \u00a0<\/p>\n<p>Queda \u00a0entonces claro que en \u00a0atenci\u00f3n a la fuerza normativa de la cosa juzgada y al respeto \u00a0de la autonom\u00eda judicial, la acci\u00f3n consagrada en el \u00a0art\u00edculo 86 de la Constituci\u00f3n Nacional, cuando se \u00a0dirige a cuestionar una decisi\u00f3n judicial, tiene car\u00e1cter \u00a0excepcional, y su prosperidad est\u00e1 atada a que se cumplan los \u00a0requisitos de procedibilidad anteriormente enunciados. De manera que \u00a0quien acude a ella tiene la carga no s\u00f3lo respecto de su \u00a0planteamiento, sino de su demostraci\u00f3n. \u00a0<\/p>\n<p>\u00a0 \u00a0\u00a0 \u00a0 \u00a0 \u00a0 \u00a0<\/p>\n<p>3. An\u00e1lisis \u00a0 \u00a0 \u00a0 \u00a0 \u00a0del caso concreto \u00a0<\/p>\n<p>\u00a0 \u00a0\u00a0 \u00a0 \u00a0 \u00a0 \u00a0 \u00a0 \u00a0 \u00a0 \u00a0 \u00a0 \u00a0 \u00a0 \u00a0 \u00a0<\/p>\n<p>1. En \u00a0 \u00a0 \u00a0 \u00a0 \u00a0 \u00a0 \u00a0 \u00a0 \u00a0el presente caso se infiere \u00a0 \u00a0 \u00a0 \u00a0 \u00a0 \u00a0 \u00a0 \u00a0 \u00a0que la censura constitucional propuesta por la parte actora, \u00a0 \u00a0 \u00a0 \u00a0 \u00a0 \u00a0 \u00a0 \u00a0 \u00a0principalmente, se dirige a denunciar que la providencia confutada \u00a0 \u00a0 \u00a0 \u00a0 \u00a0 \u00a0 \u00a0 \u00a0 \u00a0adolece del defecto por desconocimiento del precedente, al \u00a0 \u00a0 \u00a0 \u00a0 \u00a0 \u00a0 \u00a0 \u00a0 \u00a0considerar que la \u00a0 \u00a0 \u00a0 \u00a0 \u00a0 \u00a0 \u00a0 \u00a0 \u00a0Sala \u00a0 \u00a0 \u00a0 \u00a0 \u00a0 \u00a0 \u00a0 \u00a0 \u00a0de Casaci\u00f3n Civil de esta Corporaci\u00f3n Judicial rehus\u00f3 \u00a0 \u00a0 \u00a0 \u00a0 \u00a0 \u00a0 \u00a0 \u00a0 \u00a0el conocimiento de una s\u00faplica constitucional por no ser el \u00a0 \u00a0 \u00a0 \u00a0 \u00a0 \u00a0 \u00a0 \u00a0 \u00a0superior funcional de la autoridad judicial demandada, contrariando \u00a0 \u00a0 \u00a0 \u00a0 \u00a0 \u00a0 \u00a0 \u00a0 \u00a0m\u00faltiples autos de la Corte Constitucional que se han \u00a0 \u00a0 \u00a0 \u00a0 \u00a0 \u00a0 \u00a0 \u00a0 \u00a0emitido respecto del tema de competencia en las acciones de esta \u00a0 \u00a0 \u00a0 \u00a0 \u00a0 \u00a0 \u00a0 \u00a0 \u00a0naturaleza, y por consiguiente, todo actuaci\u00f3n desplegada al \u00a0 \u00a0 \u00a0 \u00a0 \u00a0 \u00a0 \u00a0 \u00a0 \u00a0interior del proceso constitucional de \u00a0 \u00a0<\/p>\n<p>radicado \u00a066001221300020190029000 \u00a0debe ser nulitada, incluida la respectiva sentencia. \u00a0<\/p>\n<p>\u00a0 \u00a0\u00a0 \u00a0 \u00a0 \u00a0 \u00a0 \u00a0 \u00a0 \u00a0 \u00a0 \u00a0 \u00a0 \u00a0 \u00a0 \u00a0<\/p>\n<p>2. En \u00a0 \u00a0 \u00a0 \u00a0 \u00a0 \u00a0 \u00a0 \u00a0 \u00a0el caso bajo examen, a partir del marco jur\u00eddico presentado \u00a0 \u00a0 \u00a0 \u00a0 \u00a0 \u00a0 \u00a0 \u00a0 \u00a0y la revisi\u00f3n de las pruebas obrantes en el plenario, \u00a0 \u00a0 \u00a0 \u00a0 \u00a0 \u00a0 \u00a0 \u00a0 \u00a0refulge con claridad para la Sala que la solicitud de amparo, no \u00a0 \u00a0 \u00a0 \u00a0 \u00a0 \u00a0 \u00a0 \u00a0 \u00a0cumple con los siguientes requisitos \u00a0 \u00a0 \u00a0 \u00a0 \u00a0 \u00a0 \u00a0 \u00a0 \u00a0generales de procedibilidad: i) \u00abque \u00a0 \u00a0 \u00a0 \u00a0 \u00a0 \u00a0 \u00a0 \u00a0 \u00a0hayan sido agotados todos los medios -ordinarios y extraordinarios- \u00a0 \u00a0 \u00a0 \u00a0 \u00a0 \u00a0 \u00a0 \u00a0 \u00a0de defensa judicial al alcance de la persona afectada, salvo que se \u00a0 \u00a0 \u00a0 \u00a0 \u00a0 \u00a0 \u00a0 \u00a0 \u00a0trate de evitar la consumaci\u00f3n de un perjuicio \u00a0 \u00a0 \u00a0 \u00a0 \u00a0 \u00a0 \u00a0 \u00a0 \u00a0iusfundamental irremediable\u00bb y \u00a0 \u00a0 \u00a0 \u00a0 \u00a0 \u00a0 \u00a0 \u00a0 \u00a0ii) \u00abQue el accionante\u2026hubiere \u00a0 \u00a0 \u00a0 \u00a0 \u00a0 \u00a0 \u00a0 \u00a0 \u00a0alegado tal vulneraci\u00f3n en el proceso judicial, siempre que \u00a0 \u00a0 \u00a0 \u00a0 \u00a0 \u00a0 \u00a0 \u00a0 \u00a0esto hubiere sido posible\u00bb, \u00a0 \u00a0 \u00a0 \u00a0 \u00a0 \u00a0 \u00a0 \u00a0 \u00a0siendo estas las razones de la premisa conclusiva aqu\u00ed \u00a0 \u00a0 \u00a0 \u00a0 \u00a0 \u00a0 \u00a0 \u00a0 \u00a0vertida. \u00a0 \u00a0<\/p>\n<p>\u00a0 \u00a0\u00a0 \u00a0 \u00a0 \u00a0 \u00a0 \u00a0 \u00a0 \u00a0 \u00a0 \u00a0 \u00a0 \u00a0 \u00a0 \u00a0<\/p>\n<p>3. En \u00a0 \u00a0 \u00a0 \u00a0 \u00a0 \u00a0 \u00a0 \u00a0 \u00a0relaci\u00f3n con lo anterior, conforme \u00a0 \u00a0 \u00a0 \u00a0 \u00a0 \u00a0 \u00a0 \u00a0 \u00a0a la literalidad del inciso 4\u00ba del art\u00edculo 86 \u00a0 \u00a0 \u00a0 \u00a0 \u00a0 \u00a0 \u00a0 \u00a0 \u00a0constitucional, la acci\u00f3n de tutela comporta un car\u00e1cter \u00a0 \u00a0 \u00a0 \u00a0 \u00a0 \u00a0 \u00a0 \u00a0 \u00a0subsidiario o residual consistente en que \u201cEsta \u00a0 \u00a0 \u00a0 \u00a0 \u00a0 \u00a0 \u00a0 \u00a0 \u00a0acci\u00f3n solo proceder\u00e1 cuando el afectado no disponga \u00a0 \u00a0 \u00a0 \u00a0 \u00a0 \u00a0 \u00a0 \u00a0 \u00a0de otro medio de defensa judicial, salvo que aquella se utilice \u00a0 \u00a0 \u00a0 \u00a0 \u00a0 \u00a0 \u00a0 \u00a0 \u00a0como mecanismo transitorio para evitar un perjuicio irremediable\u201d, \u00a0 \u00a0 \u00a0 \u00a0 \u00a0 \u00a0 \u00a0 \u00a0 \u00a0por \u00a0 \u00a0 \u00a0 \u00a0 \u00a0 \u00a0 \u00a0 \u00a0 \u00a0tanto, en caso de no satisfacerse tal par\u00e1metro de \u00a0 \u00a0 \u00a0 \u00a0 \u00a0 \u00a0 \u00a0 \u00a0 \u00a0procedibilidad la acci\u00f3n tuitiva se torna improcedente al \u00a0 \u00a0 \u00a0 \u00a0 \u00a0 \u00a0 \u00a0 \u00a0 \u00a0tenor de lo previsto en el numeral 1\u00ba del art\u00edculo 6\u00ba \u00a0 \u00a0 \u00a0 \u00a0 \u00a0 \u00a0 \u00a0 \u00a0 \u00a0del Decreto 2591 de 1991 (CC \u00a0 \u00a0 \u00a0 \u00a0 \u00a0 \u00a0 \u00a0 \u00a0 \u00a0T-282 de 2012). \u00a0 \u00a0<\/p>\n<p>En \u00a0ese orden de ideas, resulta pertinente recordar que acorde con la \u00a0jurisprudencia nacional el aludido principio envuelve tres \u00a0caracter\u00edsticas importantes que llevan a su improcedencia \u00a0contra providencias judiciales, a saber: \u00ab(i) \u00a0el asunto est\u00e1 en tr\u00e1mite; (ii) no se han agotado los \u00a0medios de defensa judicial ordinarios y extraordinarios; y (iii) se \u00a0usa para revivir etapas procesales en donde se dejaron de emplear los \u00a0recursos previstos en el ordenamiento jur\u00eddico\u00bb \u00a0(C.C.S.T-103\/2014), hip\u00f3tesis esta \u00faltima, respecto de \u00a0la cual, la Corte Constitucional, ha dejado por sentado: \u00a0<\/p>\n<p>En ese orden de \u00a0ideas, es reiterativa la posici\u00f3n de la Corte en cuanto a la \u00a0improcedencia de la tutela cuando en desarrollo de un proceso \u00a0judicial las partes pudieron valerse de los recursos judiciales \u00a0ordinarios pero estos no fueron empleados oportunamente, ya que no \u00a0puede constituirse en la v\u00eda para discutir situaciones \u00a0jur\u00eddicas consolidadas que adquirieron firmeza por la \u00a0caducidad de los recursos y acciones que no fueron utilizados \u00a0oportunamente por los interesados. \u00a0<\/p>\n<p>[\u2026] \u00a0<\/p>\n<p>En \u00a0conclusi\u00f3n, es necesario que quien alega la vulneraci\u00f3n \u00a0de sus derechos fundamentales haya agotado los medios de defensa \u00a0disponibles en la legislaci\u00f3n para el efecto. Esta exigencia \u00a0responde al principio de subsidiariedad de la tutela, que pretende \u00a0asegurar que la acci\u00f3n constitucional no sea considerada en s\u00ed \u00a0misma una instancia m\u00e1s en el tr\u00e1mite jurisdiccional, \u00a0ni un mecanismo de defensa que reemplace aquellos otros dise\u00f1ados \u00a0por el legislador. Menos a\u00fan, que resulte ser un camino \u00a0excepcional para solucionar errores u omisiones de las partes o para \u00a0corregir oportunidades vencidas en los procesos jurisdiccionales \u00a0ordinarios. \u00a0<\/p>\n<p>De \u00a0esta manera, valga anotar que el \u00a0mentado car\u00e1cter no puede ser concebido \u00fanicamente como \u00a0un requisito formal o procesal, sino que se consagra como una \u00a0verdadera garant\u00eda constitucional dirigida a preservar la \u00a0armon\u00eda del ordenamiento jur\u00eddico, habida cuenta que \u00a0previene que la acci\u00f3n de tutela i) supla o reemplace los \u00a0legalmente concebidos, ii) se desnaturalice ante el uso \u00a0indiscriminado y caprichoso de los ciudadanos, iii) se convierta en \u00a0medio alternativo o facultativo que complemente los mecanismos \u00a0judiciales ordinarios de defensa, en aras de obtener un \u00a0pronunciamiento m\u00e1s \u00e1gil y expedito (CC T \u2013 471 \u00a0de 2017). \u00a0<\/p>\n<p>\u00a0 \u00a0\u00a0 \u00a0 \u00a0 \u00a0 \u00a0 \u00a0 \u00a0 \u00a0 \u00a0 \u00a0 \u00a0 \u00a0 \u00a0 \u00a0<\/p>\n<p>4. Bajo \u00a0 \u00a0 \u00a0 \u00a0 \u00a0 \u00a0 \u00a0 \u00a0 \u00a0tal derrotero, descendiendo al sub \u00a0 \u00a0 \u00a0 \u00a0 \u00a0 \u00a0 \u00a0 \u00a0 \u00a0lite, al revisar \u00a0 \u00a0 \u00a0 \u00a0 \u00a0 \u00a0 \u00a0 \u00a0 \u00a0los medios de prueba adosados al expediente se tiene por probado lo \u00a0 \u00a0 \u00a0 \u00a0 \u00a0 \u00a0 \u00a0 \u00a0 \u00a0siguiente: \u00a0 \u00a0<\/p>\n<p>\u00a0 \u00a0\u00a0 \u00a0 \u00a0 \u00a0 \u00a0 \u00a0 \u00a0 \u00a0 \u00a0 \u00a0 \u00a0 \u00a0 \u00a0 \u00a0 \u00a0 \u00a0 \u00a0 \u00a0 \u00a0 \u00a0 \u00a0 \u00a0 \u00a0 \u00a0 \u00a0 \u00a0 \u00a0<\/p>\n<p>1. El \u00a0 \u00a0 \u00a0 \u00a0 \u00a0 \u00a0 \u00a0 \u00a0 \u00a0 \u00a0 \u00a0 \u00a0 \u00a011 de marzo del presente a\u00f1o, Cristian \u00a0 \u00a0 \u00a0 \u00a0 \u00a0 \u00a0 \u00a0 \u00a0 \u00a0 \u00a0 \u00a0 \u00a0 \u00a0V\u00e1squez Arias present\u00f3 \u00a0 \u00a0 \u00a0 \u00a0 \u00a0 \u00a0 \u00a0 \u00a0 \u00a0 \u00a0 \u00a0 \u00a0 \u00a0acci\u00f3n de tutela en contra de la \u00a0 \u00a0 \u00a0 \u00a0 \u00a0 \u00a0 \u00a0 \u00a0 \u00a0 \u00a0 \u00a0 \u00a0 \u00a0Sala \u00a0 \u00a0 \u00a0 \u00a0 \u00a0 \u00a0 \u00a0 \u00a0 \u00a0 \u00a0 \u00a0 \u00a0 \u00a0Civil \u2013 Familia del Tribunal Superior del Distrito Judicial \u00a0 \u00a0 \u00a0 \u00a0 \u00a0 \u00a0 \u00a0 \u00a0 \u00a0 \u00a0 \u00a0 \u00a0 \u00a0de Pereira, el \u00a0 \u00a0 \u00a0 \u00a0 \u00a0 \u00a0 \u00a0 \u00a0 \u00a0 \u00a0 \u00a0 \u00a0 \u00a0Juzgado Civil del Circuito de Santa Rosa de Cabal y la \u00a0 \u00a0 \u00a0 \u00a0 \u00a0 \u00a0 \u00a0 \u00a0 \u00a0 \u00a0 \u00a0 \u00a0 \u00a0Procuradur\u00eda Delegada de Asuntos Civiles, cuyo conocimiento \u00a0 \u00a0 \u00a0 \u00a0 \u00a0 \u00a0 \u00a0 \u00a0 \u00a0 \u00a0 \u00a0 \u00a0 \u00a0correspondi\u00f3 a la Sala \u00a0 \u00a0 \u00a0 \u00a0 \u00a0 \u00a0 \u00a0 \u00a0 \u00a0 \u00a0 \u00a0 \u00a0 \u00a0de Casaci\u00f3n Civil de esta Corporaci\u00f3n Judicial. \u00a0 \u00a0 \u00a0 \u00a0 \u00a0 \u00a0 \u00a0<\/p>\n<p>\u00a0 \u00a0\u00a0 \u00a0 \u00a0 \u00a0 \u00a0 \u00a0 \u00a0 \u00a0 \u00a0 \u00a0 \u00a0 \u00a0 \u00a0 \u00a0 \u00a0 \u00a0 \u00a0 \u00a0 \u00a0 \u00a0 \u00a0 \u00a0 \u00a0 \u00a0 \u00a0 \u00a0 \u00a0<\/p>\n<p>2. Mediante \u00a0 \u00a0 \u00a0 \u00a0 \u00a0 \u00a0 \u00a0 \u00a0 \u00a0 \u00a0 \u00a0 \u00a0 \u00a0auto adiado 13 de marzo de 2019, la Sala Civil Hom\u00f3loga \u00a0 \u00a0 \u00a0 \u00a0 \u00a0 \u00a0 \u00a0 \u00a0 \u00a0 \u00a0 \u00a0 \u00a0 \u00a0orden\u00f3 la remisi\u00f3n de la queja constitucional al \u00a0 \u00a0 \u00a0 \u00a0 \u00a0 \u00a0 \u00a0 \u00a0 \u00a0 \u00a0 \u00a0 \u00a0 \u00a0Tribunal accionado por \u00a0 \u00a0 \u00a0 \u00a0 \u00a0 \u00a0 \u00a0 \u00a0 \u00a0 \u00a0 \u00a0 \u00a0 \u00a0carecer de competencia. \u00a0 \u00a0 \u00a0 \u00a0 \u00a0 \u00a0 \u00a0<\/p>\n<p>\u00a0 \u00a0\u00a0 \u00a0 \u00a0 \u00a0 \u00a0 \u00a0 \u00a0 \u00a0 \u00a0 \u00a0 \u00a0 \u00a0 \u00a0 \u00a0 \u00a0 \u00a0 \u00a0 \u00a0 \u00a0 \u00a0 \u00a0 \u00a0 \u00a0 \u00a0 \u00a0 \u00a0 \u00a0<\/p>\n<p>3. La \u00a0 \u00a0 \u00a0 \u00a0 \u00a0 \u00a0 \u00a0 \u00a0 \u00a0 \u00a0 \u00a0 \u00a0 \u00a0Sala \u00a0 \u00a0 \u00a0 \u00a0 \u00a0 \u00a0 \u00a0 \u00a0 \u00a0 \u00a0 \u00a0 \u00a0 \u00a0Civil \u2013 Familia del Tribunal Superior del Distrito Judicial \u00a0 \u00a0 \u00a0 \u00a0 \u00a0 \u00a0 \u00a0 \u00a0 \u00a0 \u00a0 \u00a0 \u00a0 \u00a0de Pereira i) \u00a0 \u00a0 \u00a0 \u00a0 \u00a0 \u00a0 \u00a0 \u00a0 \u00a0 \u00a0 \u00a0 \u00a0 \u00a0el 27 de marzo de 2019, avoc\u00f3 conocimiento del amparo \u00a0 \u00a0 \u00a0 \u00a0 \u00a0 \u00a0 \u00a0 \u00a0 \u00a0 \u00a0 \u00a0 \u00a0 \u00a0referenciado, ii) el 9 de abril del a\u00f1o en curso neg\u00f3 \u00a0 \u00a0 \u00a0 \u00a0 \u00a0 \u00a0 \u00a0 \u00a0 \u00a0 \u00a0 \u00a0 \u00a0 \u00a0por improcedente la s\u00faplica constitucional y, iii) el 26 de \u00a0 \u00a0 \u00a0 \u00a0 \u00a0 \u00a0 \u00a0 \u00a0 \u00a0 \u00a0 \u00a0 \u00a0 \u00a0abril de la presente anualidad neg\u00f3 por extempor\u00e1neo \u00a0 \u00a0 \u00a0 \u00a0 \u00a0 \u00a0 \u00a0 \u00a0 \u00a0 \u00a0 \u00a0 \u00a0 \u00a0el recurso de impugnaci\u00f3n. \u00a0 \u00a0 \u00a0 \u00a0 \u00a0 \u00a0 \u00a0<\/p>\n<p>\u00a0 \u00a0\u00a0 \u00a0 \u00a0 \u00a0 \u00a0 \u00a0 \u00a0 \u00a0 \u00a0 \u00a0 \u00a0 \u00a0 \u00a0 \u00a0<\/p>\n<p>5. Del \u00a0 \u00a0 \u00a0 \u00a0 \u00a0 \u00a0 \u00a0 \u00a0 \u00a0panorama f\u00e1ctico tra\u00eddo a colaci\u00f3n, es dable \u00a0 \u00a0 \u00a0 \u00a0 \u00a0 \u00a0 \u00a0 \u00a0 \u00a0concluir que \u00a0 \u00a0 \u00a0 \u00a0 \u00a0 \u00a0 \u00a0 \u00a0 \u00a0el libelista desech\u00f3 la oportunidad y los mecanismos \u00a0 \u00a0 \u00a0 \u00a0 \u00a0 \u00a0 \u00a0 \u00a0 \u00a0judiciales previstos a su favor \u2013 recurso de impugnaci\u00f3n \u00a0 \u00a0 \u00a0 \u00a0 \u00a0 \u00a0 \u00a0 \u00a0 \u00a0y\/o nulidades procesales &#8211; para discurrir la falta de competencia \u00a0 \u00a0 \u00a0 \u00a0 \u00a0 \u00a0 \u00a0 \u00a0 \u00a0de la autoridad judicial que profiri\u00f3 la sentencia de \u00a0 \u00a0 \u00a0 \u00a0 \u00a0 \u00a0 \u00a0 \u00a0 \u00a0tutela, situaci\u00f3n que no puede ser suplida por v\u00eda \u00a0 \u00a0 \u00a0 \u00a0 \u00a0 \u00a0 \u00a0 \u00a0 \u00a0del amparo, dado que este no fue instituido con tal finalidad, o lo \u00a0 \u00a0 \u00a0 \u00a0 \u00a0 \u00a0 \u00a0 \u00a0 \u00a0que es igual, no procede la solicitud de protecci\u00f3n \u00a0 \u00a0 \u00a0 \u00a0 \u00a0 \u00a0 \u00a0 \u00a0 \u00a0constitucional para subsanar el descuido pret\u00e9rito, y por \u00a0 \u00a0 \u00a0 \u00a0 \u00a0 \u00a0 \u00a0 \u00a0 \u00a0tanto, bajo su \u00a0 \u00a0 \u00a0 \u00a0 \u00a0 \u00a0 \u00a0 \u00a0 \u00a0propia voluntad decidi\u00f3 no someter a consideraci\u00f3n de \u00a0 \u00a0 \u00a0 \u00a0 \u00a0 \u00a0 \u00a0 \u00a0 \u00a0los jueces naturales el argumento jur\u00eddico que hoy pretende \u00a0 \u00a0 \u00a0 \u00a0 \u00a0 \u00a0 \u00a0 \u00a0 \u00a0subsanar o corregir con el empleo o uso del mecanismo excepcional \u00a0 \u00a0 \u00a0 \u00a0 \u00a0 \u00a0 \u00a0 \u00a0 \u00a0de protecci\u00f3n de derechos fundamentales. \u00a0 \u00a0<\/p>\n<p>\u00a0 \u00a0\u00a0 \u00a0 \u00a0 \u00a0 \u00a0<\/p>\n<p>4. Debido \u00a0 \u00a0 \u00a0 \u00a0 \u00a0a lo expuesto, al constatar la Sala que la presente solicitud de \u00a0 \u00a0 \u00a0 \u00a0 \u00a0amparo no cumple con el requisito general de subsidiariedad, \u00a0 \u00a0 \u00a0 \u00a0 \u00a0dicha situaci\u00f3n \u00a0 \u00a0 \u00a0 \u00a0 \u00a0jur\u00eddica impide que se estudie de fondo la presencia o \u00a0 \u00a0 \u00a0 \u00a0 \u00a0configuraci\u00f3n de alguna de las causales espec\u00edficas de \u00a0 \u00a0 \u00a0 \u00a0 \u00a0procedibilidad de la acci\u00f3n tuitiva contra providencias \u00a0 \u00a0 \u00a0 \u00a0 \u00a0judiciales, como a bien lo ha sostenido la jurisprudencia \u00a0 \u00a0 \u00a0 \u00a0 \u00a0constitucional bajo la siguiente f\u00f3rmula \u00abLas \u00a0 \u00a0 \u00a0 \u00a0 \u00a0condiciones generales de procedencia son aquellas cuya ocurrencia \u00a0 \u00a0 \u00a0 \u00a0 \u00a0habilita al juez de tutela para adentrarse en el contenido de la \u00a0 \u00a0 \u00a0 \u00a0 \u00a0providencia judicial que se impugna. Dicho de otro modo, son las \u00a0 \u00a0 \u00a0 \u00a0 \u00a0condiciones\u00a0sine \u00a0 \u00a0 \u00a0 \u00a0 \u00a0quibus non\u00a0es \u00a0 \u00a0 \u00a0 \u00a0 \u00a0posible abordar el estudio de la providencia judicial impugnada\u00bb \u00a0 \u00a0 \u00a0 \u00a0 \u00a0(CC T-012 de 2018), por \u00a0 \u00a0 \u00a0 \u00a0 \u00a0tanto, las pretensiones frente a esta censura devienen \u00a0 \u00a0 \u00a0 \u00a0 \u00a0improcedentes. \u00a0<\/p>\n<p>Sin \u00a0m\u00e1s consideraciones, la Sala confirmar\u00e1 el fallo \u00a0impugnado. \u00a0<\/p>\n<p>Por \u00a0lo expuesto, la \u00a0CORTE SUPREMA DE JUSTICIA, SALA DE CASACI\u00d3N PENAL \u2013 SALA \u00a0DE DECISI\u00d3N DE ACCIONES DE TUTELA N\u00ba 1, \u00a0administrando \u00a0justicia en nombre de la Rep\u00fablica y por autoridad de la Ley, \u00a0<\/p>\n<p>RESUELVE \u00a0<\/p>\n<p>1\u00ba \u00a0CONFIRMAR \u00a0la sentencia proferida el \u00a029 de mayo de 2019 por \u00a0la Sala Laboral de la Corte Suprema de Justicia, \u00a0por las razones \u00a0expuestas en la parte considerativa de esta providencia. \u00a0<\/p>\n<p>2\u00ba \u00a0NOTIFICAR \u00a0esta providencia de conformidad con lo dispuesto en el art\u00edculo \u00a030 del Decreto 2591 de 1991. \u00a0<\/p>\n<p>3\u00ba \u00a0REMITIR el proceso a \u00a0la Corte Constitucional para su eventual revisi\u00f3n, de \u00a0conformidad con lo previsto en el art\u00edculo 32 ib\u00eddem. \u00a0<\/p>\n<p>NOTIF\u00cdQUESE \u00a0Y C\u00daMPLASE \u00a0<\/p>\n<p>JOS\u00c9 \u00a0FRANCISCO ACU\u00d1A VIZCAYA \u00a0<\/p>\n<p>EUGENIO \u00a0FERN\u00c1NDEZ CARLIER \u00a0<\/p>\n<p>NUBIA YOLANDA \u00a0NOVA GARC\u00cdA \u00a0<\/p>\n<p>Secretaria \u00a0<\/p>\n<p>1 \u00a0 \u00a0 \u00a0 \u00a0 \u00a0Folio \u00a0 \u00a0 \u00a0 \u00a0 \u00a024, cuaderno No. 2 de primera instancia. \u00a0<\/p>\n<p>2 \u00a0 \u00a0 \u00a0 \u00a0 \u00a0Cfr. Corte \u00a0 \u00a0 \u00a0 \u00a0 \u00a0Constitucional. Sentencias C-590 de 2005 y T-332 de 2006. \u00a0<\/p>\n<p>3 \u00a0 \u00a0 \u00a0 \u00a0 \u00a0\u00ab Cfr. Sentencias T-462 de 2003 ; SU-1184 de 2001 ; T-1625 de \u00a0 \u00a0 \u00a0 \u00a0 \u00a02000 y T-1031 de 2001. \u00bb \u00a0<\/p>\n<p>\u00a0 \u00a0 \u00a0\u00a0<\/p>\n<p><\/p>\n","protected":false},"excerpt":{"rendered":"<p>\u00a0 \u00a0 \u00a0 \u00a0\u00a0 JOS\u00c9 \u00a0FRANCISCO ACU\u00d1A VIZCAYA \u00a0 Magistrado \u00a0Ponente \u00a0 STP10791-2019 \u00a0 Radicaci\u00f3n \u00a0No. 105772 \u00a0 Acta \u00a0n. \u00a0\u00b0 196 \u00a0 Bogot\u00e1. \u00a0D.C., seis (06) de agosto de dos mil diecinueve (2019). \u00a0 Decide \u00a0la Sala el recurso de impugnaci\u00f3n interpuesto por \u00a0Cristian \u00a0V\u00e1squez Arias, \u00a0contra el fallo de tutela proferido por la [&hellip;]<\/p>\n","protected":false},"author":1,"featured_media":0,"comment_status":"open","ping_status":"open","sticky":false,"template":"","format":"standard","meta":{"footnotes":""},"categories":[28],"tags":[],"class_list":["post-44975","post","type-post","status-publish","format-standard","hentry","category-28"],"_links":{"self":[{"href":"https:\/\/dmsjuridica.com\/buscador_20179478954\/salapenalcronologico20230723\/wp-json\/wp\/v2\/posts\/44975","targetHints":{"allow":["GET"]}}],"collection":[{"href":"https:\/\/dmsjuridica.com\/buscador_20179478954\/salapenalcronologico20230723\/wp-json\/wp\/v2\/posts"}],"about":[{"href":"https:\/\/dmsjuridica.com\/buscador_20179478954\/salapenalcronologico20230723\/wp-json\/wp\/v2\/types\/post"}],"author":[{"embeddable":true,"href":"https:\/\/dmsjuridica.com\/buscador_20179478954\/salapenalcronologico20230723\/wp-json\/wp\/v2\/users\/1"}],"replies":[{"embeddable":true,"href":"https:\/\/dmsjuridica.com\/buscador_20179478954\/salapenalcronologico20230723\/wp-json\/wp\/v2\/comments?post=44975"}],"version-history":[{"count":0,"href":"https:\/\/dmsjuridica.com\/buscador_20179478954\/salapenalcronologico20230723\/wp-json\/wp\/v2\/posts\/44975\/revisions"}],"wp:attachment":[{"href":"https:\/\/dmsjuridica.com\/buscador_20179478954\/salapenalcronologico20230723\/wp-json\/wp\/v2\/media?parent=44975"}],"wp:term":[{"taxonomy":"category","embeddable":true,"href":"https:\/\/dmsjuridica.com\/buscador_20179478954\/salapenalcronologico20230723\/wp-json\/wp\/v2\/categories?post=44975"},{"taxonomy":"post_tag","embeddable":true,"href":"https:\/\/dmsjuridica.com\/buscador_20179478954\/salapenalcronologico20230723\/wp-json\/wp\/v2\/tags?post=44975"}],"curies":[{"name":"wp","href":"https:\/\/api.w.org\/{rel}","templated":true}]}}