{"id":4432,"date":"2023-09-08T15:14:33","date_gmt":"2023-09-08T15:14:33","guid":{"rendered":"https:\/\/dmsjuridica.com\/buscador_20179478954\/salapenalcronologico20230723\/2023\/09\/08\/1639519-12-01\/"},"modified":"2023-09-08T15:14:33","modified_gmt":"2023-09-08T15:14:33","slug":"1639519-12-01","status":"publish","type":"post","link":"https:\/\/dmsjuridica.com\/buscador_20179478954\/salapenalcronologico20230723\/2023\/09\/08\/1639519-12-01\/","title":{"rendered":"16395(19-12-01)"},"content":{"rendered":"\n<p>\u00a0 \u00a0 Proceso No 16395 \u00a0<\/p>\n<p>CORTE SUPREMA DE JUSTICIA \u00a0<\/p>\n<p>SALA DE CASACI\u00d3N PENAL \u00a0<\/p>\n<p>Magistrado Ponente: \u00a0<\/p>\n<p>Dr. JORGE AN\u00cdBAL G\u00d3MEZ GALLEGO \u00a0<\/p>\n<p>Aprobado Acta N\u00b0. 201 \u00a0<\/p>\n<p>\u00a0 \u00a0\u00a0 \u00a0\u00a0 \u00a0\u00a0Bogot\u00e1, D. C., diecinueve de diciembre de dos mil uno. \u00a0\u00a0<\/p>\n<p>VISTOS \u00a0<\/p>\n<p>\u00a0\u00a0\u00a0\u00a0\u00a0\u00a0\u00a0\u00a0\u00a0 El\u00a0 \u00a0procesado \u00a0NELSON \u00a0DARIO \u00a0VASQUEZ AGUDELO,\u00a0 \u00a0a quien el Juzgado Penal del Circuito de Girardota, en fallo \u00a0del \u00a05 de noviembre de 1998 conden\u00f3 a la pena principal de 10 a\u00f1os de prisi\u00f3n \u00a0como\u00a0 \u00a0coautor \u00a0de \u00a0los delitos de acceso carnal violento, hurto calificado \u00a0agravado \u00a0y \u00a0porte \u00a0ilegal \u00a0de \u00a0armas \u00a0de fuego de defensa personal, el cual fue \u00a0confirmado \u00a0en \u00a0su \u00a0totalidad \u00a0por \u00a0el \u00a0Tribunal \u00a0Superior del Distrito Judicial \u00a0Medell\u00edn \u00a0el 10 de marzo de 1999, mediante escrito dirigido a esta Corporaci\u00f3n \u00a0manifiesta \u00a0 su \u00a0 voluntad \u00a0 de \u00a0 desistir \u00a0del \u00a0recurso \u00a0de \u00a0casaci\u00f3n interpuesto contra la\u00a0 mencionada \u00a0sentencia. \u00a0En \u00a0aras \u00a0de \u00a0precaver\u00a0 la defensa t\u00e9cnica, se hizo saber a la \u00a0apoderada \u00a0judicial \u00a0del sentenciado de la pretensi\u00f3n de su representado, a fin \u00a0de \u00a0saber \u00a0si \u00a0la \u00a0coadyuvaba \u00a0o \u00a0no, \u00a0quien \u00a0mediante \u00a0escrito \u00a0dirigido a esta \u00a0Corporaci\u00f3n \u00a0manifest\u00f3 \u00a0\u201c\u2026coadyuvo la solicitud\u00a0 por el presentada de \u00a0DESISTIR \u00a0 \u00a0del \u00a0 \u00a0recurso \u00a0 \u00a0extraordinario \u00a0 de \u00a0 casaci\u00f3n \u00a0 que \u00a0 se \u00a0 venia \u00a0adelantando\u2026\u201d. \u00a0\u00a0<\/p>\n<p>\u00a0\u00a0\u00a0\u00a0\u00a0 \u00a0<\/p>\n<p>\u00a0\u00a0\u00a0\u00a0\u00a0\u00a0 \u00a0\u00a0<\/p>\n<p>CONSIDERACIONES \u00a0DE \u00a0LA \u00a0CORTE \u00a0\u00a0<\/p>\n<p>\u00a0\u00a0\u00a0\u00a0\u00a0\u00a0\u00a0\u00a0\u00a0 \u00a0El art\u00edculo \u00a0230 \u00a0 del \u00a0 vigente \u00a0 C\u00f3digo \u00a0 de \u00a0 Procedimiento \u00a0Penal \u00a0dispone \u00a0\u2013como \u00a0igualmente \u00a0lo hac\u00eda el Art. 15 \u00a0de \u00a0la \u00a0ley \u00a0553 \u00a0de \u00a02000 \u00a0que \u00a0modific\u00f3\u00a0 \u00a0el \u00a0244 \u00a0del Estatuto Procesal \u00a0recientemente \u00a0derogado-\u00a0 \u00a0que \u201cPodr\u00e1 desistirse de la casaci\u00f3n y de la \u00a0acci\u00f3n \u00a0de \u00a0revisi\u00f3n \u00a0antes \u00a0de \u00a0que la Sala las decida\u201d, motivo por el cual \u00a0se\u00a0 \u00a0 proceder\u00e1 \u00a0 a \u00a0 analizar \u00a0 si \u00a0 es \u00a0 procedente \u00a0 o \u00a0no \u00a0aceptar \u00a0el \u00a0desistimiento\u00a0 \u00a0elevado por el\u00a0 procesado VASQUEZ AGUDELO y coadyuvado \u00a0por\u00a0 su defensora. \u00a0\u00a0<\/p>\n<p>\u00a0\u00a0\u00a0\u00a0\u00a0\u00a0\u00a0\u00a0\u00a0 \u00a0\u00a0<\/p>\n<p>\u00a0\u00a0\u00a0\u00a0\u00a0\u00a0\u00a0\u00a0\u00a0 \u00a0 Seg\u00fan \u00a0 lo \u00a0dispuesto \u00a0en \u00a0la \u00a0norma \u00a0inicialmente \u00a0comentada \u00a0y \u00a0dado \u00a0que el expediente se \u00a0encuentra \u00a0en \u00a0la Procuradur\u00eda Delegada en lo Penal para emitir concepto, no le \u00a0queda \u00a0a \u00a0la Sala otra alternativa que atender en forma positiva la petici\u00f3n de \u00a0desistimiento elevada. \u00a0\u00a0<\/p>\n<p>\u00a0\u00a0\u00a0\u00a0\u00a0\u00a0\u00a0\u00a0\u00a0 \u00a0 En \u00a0m\u00e9rito \u00a0de \u00a0lo \u00a0expuesto, la CORTE SUPREMA DE JUSTICIA, SALA DE \u00a0CASACION PENAL, \u00a0\u00a0<\/p>\n<p>RESUELVE \u00a0<\/p>\n<p>\u00a0 \u00a0\u00a0<\/p>\n<p>1. Aceptar \u00a0 \u00a0el \u00a0 \u00a0desistimiento \u00a0 del \u00a0 recurso \u00a0 extraordinario \u00a0 de \u00a0casaci\u00f3n\u00a0 \u00a0invocado \u00a0por \u00a0el \u00a0procesado \u00a0NELSON DARIO VASQUEZ AGUDELO y su \u00a0defensora. \u00a0 \u00a0\u00a0<\/p>\n<p>\u00a0 \u00a0\u00a0<\/p>\n<p>1. Como \u00a0consecuencia \u00a0de \u00a0lo \u00a0anterior, \u00a0se \u00a0ordena \u00a0que el expediente \u00a0vuelva al Tribunal de origen. \u00a0 \u00a0\u00a0<\/p>\n<p>\u00a0\u00a0\u00a0\u00a0\u00a0\u00a0\u00a0\u00a0\u00a0\u00a0\u00a0\u00a0 \u00a0C\u00f3piese, notif\u00edquese y c\u00famplase. \u00a0\u00a0<\/p>\n<p>CARLOS E. MEJ\u00cdA ESCOBAR \u00a0\u00a0<\/p>\n<p>FERNANDO \u00a0 \u00a0 \u00a0 \u00a0 \u00a0ARBOLEDA \u00a0RIPOLL\u00a0\u00a0\u00a0\u00a0\u00a0\u00a0\u00a0\u00a0\u00a0\u00a0\u00a0\u00a0\u00a0\u00a0 \u00a0JORGE\u00a0\u00a0 \u00a0E. \u00a0C\u00d3RDOBA \u00a0POVEDA \u00a0 \u00a0 \u00a0\u00a0 \u00a0 \u00a0\u00a0<\/p>\n<p>HERMAN \u00a0 \u00a0 \u00a0 \u00a0 \u00a0 \u00a0GAL\u00c1N \u00a0CASTELLANOS\u00a0\u00a0\u00a0\u00a0\u00a0\u00a0\u00a0\u00a0\u00a0\u00a0\u00a0\u00a0\u00a0\u00a0\u00a0\u00a0 \u00a0CARLOS \u00a0 A. \u00a0 GALVEZ \u00a0 ARGOTE \u00a0\u00a0 \u00a0\u00a0 \u00a0\u00a0 \u00a0\u00a0\u00a0\u00a0\u00a0\u00a0\u00a0\u00a0\u00a0 \u00a0\u00a0<\/p>\n<p>JORGE \u00a0 \u00a0 \u00a0 AN\u00cdBAL \u00a0 \u00a0 \u00a0 G\u00d3MEZ \u00a0GALLEGO\u00a0\u00a0\u00a0\u00a0\u00a0\u00a0\u00a0\u00a0\u00a0\u00a0\u00a0\u00a0\u00a0\u00a0\u00a0 \u00a0EDGAR LOMBANA \u00a0TRUJILLO\u00a0\u00a0\u00a0\u00a0\u00a0\u00a0\u00a0\u00a0\u00a0\u00a0\u00a0 \u00a0\u00a0<\/p>\n<p>ALVARO \u00a0 \u00a0 \u00a0 ORLANDO \u00a0 \u00a0 \u00a0 P\u00c9REZ \u00a0PINZ\u00d3N\u00a0\u00a0\u00a0\u00a0\u00a0\u00a0\u00a0\u00a0\u00a0\u00a0\u00a0\u00a0\u00a0\u00a0\u00a0\u00a0\u00a0\u00a0\u00a0 \u00a0NILSON PINILLA \u00a0PINILLA\u00a0\u00a0\u00a0\u00a0\u00a0\u00a0\u00a0\u00a0\u00a0\u00a0\u00a0\u00a0\u00a0\u00a0\u00a0\u00a0\u00a0\u00a0 \u00a0\u00a0<\/p>\n<p>TERESA RUIZ NU\u00d1EZ \u00a0<\/p>\n<p>Secretaria. \u00a0<\/p>\n<p>\u00a0 \u00a0\u00a0<\/p>\n<p><\/p>\n","protected":false},"excerpt":{"rendered":"<p>\u00a0 \u00a0 Proceso No 16395 \u00a0 CORTE SUPREMA DE JUSTICIA \u00a0 SALA DE CASACI\u00d3N PENAL \u00a0 Magistrado Ponente: \u00a0 Dr. JORGE AN\u00cdBAL G\u00d3MEZ GALLEGO \u00a0 Aprobado Acta N\u00b0. 201 \u00a0 \u00a0 \u00a0\u00a0 \u00a0\u00a0 \u00a0\u00a0Bogot\u00e1, D. C., diecinueve de diciembre de dos mil uno. \u00a0\u00a0 VISTOS \u00a0 \u00a0\u00a0\u00a0\u00a0\u00a0\u00a0\u00a0\u00a0\u00a0 El\u00a0 \u00a0procesado \u00a0NELSON \u00a0DARIO \u00a0VASQUEZ AGUDELO,\u00a0 \u00a0a quien [&hellip;]<\/p>\n","protected":false},"author":1,"featured_media":0,"comment_status":"open","ping_status":"open","sticky":false,"template":"","format":"standard","meta":{"footnotes":""},"categories":[9],"tags":[],"class_list":["post-4432","post","type-post","status-publish","format-standard","hentry","category-9"],"_links":{"self":[{"href":"https:\/\/dmsjuridica.com\/buscador_20179478954\/salapenalcronologico20230723\/wp-json\/wp\/v2\/posts\/4432","targetHints":{"allow":["GET"]}}],"collection":[{"href":"https:\/\/dmsjuridica.com\/buscador_20179478954\/salapenalcronologico20230723\/wp-json\/wp\/v2\/posts"}],"about":[{"href":"https:\/\/dmsjuridica.com\/buscador_20179478954\/salapenalcronologico20230723\/wp-json\/wp\/v2\/types\/post"}],"author":[{"embeddable":true,"href":"https:\/\/dmsjuridica.com\/buscador_20179478954\/salapenalcronologico20230723\/wp-json\/wp\/v2\/users\/1"}],"replies":[{"embeddable":true,"href":"https:\/\/dmsjuridica.com\/buscador_20179478954\/salapenalcronologico20230723\/wp-json\/wp\/v2\/comments?post=4432"}],"version-history":[{"count":0,"href":"https:\/\/dmsjuridica.com\/buscador_20179478954\/salapenalcronologico20230723\/wp-json\/wp\/v2\/posts\/4432\/revisions"}],"wp:attachment":[{"href":"https:\/\/dmsjuridica.com\/buscador_20179478954\/salapenalcronologico20230723\/wp-json\/wp\/v2\/media?parent=4432"}],"wp:term":[{"taxonomy":"category","embeddable":true,"href":"https:\/\/dmsjuridica.com\/buscador_20179478954\/salapenalcronologico20230723\/wp-json\/wp\/v2\/categories?post=4432"},{"taxonomy":"post_tag","embeddable":true,"href":"https:\/\/dmsjuridica.com\/buscador_20179478954\/salapenalcronologico20230723\/wp-json\/wp\/v2\/tags?post=4432"}],"curies":[{"name":"wp","href":"https:\/\/api.w.org\/{rel}","templated":true}]}}