{"id":44232,"date":"2023-09-14T21:49:12","date_gmt":"2023-09-14T21:49:12","guid":{"rendered":"https:\/\/dmsjuridica.com\/buscador_20179478954\/salapenalcronologico20230723\/2023\/09\/14\/cp022-201953704\/"},"modified":"2023-09-14T21:49:12","modified_gmt":"2023-09-14T21:49:12","slug":"cp022-201953704","status":"publish","type":"post","link":"https:\/\/dmsjuridica.com\/buscador_20179478954\/salapenalcronologico20230723\/2023\/09\/14\/cp022-201953704\/","title":{"rendered":"CP022-2019(53704)"},"content":{"rendered":"\n<p>\u00a0 \u00a0 \u00a0 \u00a0\u00a0<\/p>\n<p>JOS\u00c9 \u00a0FRANCISCO ACU\u00d1A VIZCAYA \u00a0<\/p>\n<p>Magistrado \u00a0Ponente \u00a0<\/p>\n<p>CP022-2019 \u00a0<\/p>\n<p>Radicaci\u00f3n \u00a0No. 53704 \u00a0<\/p>\n<p>(Aprobado \u00a0acta No. 59) \u00a0<\/p>\n<p>Bogot\u00e1 \u00a0D. C., seis (06) de marzo de dos mil diecinueve (2019). \u00a0<\/p>\n<p>VISTOS \u00a0<\/p>\n<p>De \u00a0conformidad con lo dispuesto en el art\u00edculo 501 de la Ley 906 \u00a0de 2004, la Sala procede a rendir el concepto que en derecho \u00a0corresponde en relaci\u00f3n con la solicitud de extradici\u00f3n \u00a0de la ciudadana colombiana M\u00f3nica \u00a0Andrea Bernal Barbosa, \u00a0efectuada por el Reino de Espa\u00f1a. \u00a0<\/p>\n<p>ANTECEDENTES \u00a0<\/p>\n<p>1. \u00a0Mediante Nota Verbal No. 1971 \u00a0del 5 de junio de 2018, el Gobierno de Espa\u00f1a, a trav\u00e9s \u00a0de su embajada en Colombia, solicit\u00f3 la detenci\u00f3n \u00a0provisional con fines de extradici\u00f3n de la ciudadana \u00a0colombiana M\u00f3nica \u00a0Andrea Bernal Barbosa, \u00a0identificada con la c\u00e9dula de ciudadan\u00eda No. 66.783.315 \u00a0y n\u00famero de registro extranjero espa\u00f1ol X-5341382-T, \u00a0requerida por \u00abel \u00a0Juzgado Central de Instrucci\u00f3n No. 2 de la Audiencia Nacional \u00a0de Espa\u00f1a, por los delitos de blanqueo de capitales y de \u00a0pertenencia a una organizaci\u00f3n criminal\u00bb. \u00a0<\/p>\n<p>2. \u00a0En cumplimiento de lo dispuesto en el art\u00edculo 509 de la Ley \u00a0906 de 2004, la Fiscal\u00eda General de la Naci\u00f3n, en la \u00a0resoluci\u00f3n del 8 de junio de 2018,2 \u00a0decret\u00f3 la captura con fines de extradici\u00f3n de la \u00a0mencionada, \u00a0quien hab\u00eda sido capturada por miembros de la Direcci\u00f3n \u00a0de Investigaci\u00f3n Criminal e INTERPOL de la Polic\u00eda \u00a0Nacional en el municipio de Sabaneta (Antioquia), el 1\u00b0 del mismo \u00a0mes y a\u00f1o, con fundamento en la notificaci\u00f3n Roja de \u00a0Interpol No. A-8139\/9-2017, publicada el 4 de septiembre de 2017. \u00a0<\/p>\n<p>3. \u00a0Con la Nota Verbal No. 244 del 9 de julio de 2018,3 \u00a0la Embajada de Espa\u00f1a formaliz\u00f3 la solicitud de \u00a0extradici\u00f3n y \u00a0adjunt\u00f3 los siguientes documentos: \u00a0<\/p>\n<p>i) \u00a0Auto de \u00a0prisi\u00f3n provisional del 26 de junio de 2017, dictado por el \u00a0Juzgado Central de Instrucci\u00f3n N\u00b0 2 de Madrid en el marco \u00a0de las Diligencias Previas Proceso Abreviado 0000125\/2015-S.4 \u00a0<\/p>\n<p>ii) \u00a0Auto del 11 de junio de 2018,5 \u00a0por cuyo medio se dispuso \u00ab\u2026proponer \u00a0al Gobierno del Reino de Espa\u00f1a, a trav\u00e9s del \u00a0Ministerio de Justicia, que se solicite a la Autoridad Competente de \u00a0la Rep\u00fablica de Colombia la extradici\u00f3n a Espa\u00f1a \u00a0de la investigada M\u00d3NICA \u00a0ANDREA BERNAL\u2026 \u00a0todo ello para ser enjuiciada por los Tribunales Espa\u00f1oles \u00a0competentes por los hechos que se investigan en el procedimiento de \u00a0DILIGENCIAS PREVIAS 125\/2015 de este Juzgado Central de Instrucci\u00f3n \u00a0n\u00fam. 2 de la Audiencia Nacional. Y para que tenga efecto lo \u00a0acordado, c\u00farsese proposici\u00f3n y solicitud de \u00a0extradici\u00f3n a la Autoridad Competente de la Rep\u00fablica \u00a0de Colombia a trav\u00e9s del Ministerio de Justicia, de \u00a0conformidad con lo prevenido en los arts. 829, 831 p\u00e1rrafo 1\u00b0 \u00a0y 833 p\u00e1rrafo 2\u00b0 de la Ley de Enjuiciamiento Criminal\u2026\u00bb \u00a0<\/p>\n<p>iii) \u00a0Preceptos \u00a0del C\u00f3digo Penal espa\u00f1ol aplicables al caso.6 \u00a0<\/p>\n<p>Tr\u00e1mite \u00a0surtido ante las autoridades colombianas. \u00a0<\/p>\n<p>4. \u00a0La Canciller\u00eda, mediante oficio DIAJI No. 1894 del 12 de julio \u00a0de 2018,7 \u00a0remiti\u00f3 copia de la Nota \u00a0Verbal N\u00b0 244\/2018 del 9 de julio de 2018 y sus anexos, \u00a0al Director de Asuntos Internacionales del Ministerio de Justicia y \u00a0del Derecho, entidad \u00a0que a su vez hizo llegar la referida documentaci\u00f3n a esta \u00a0Corporaci\u00f3n, mediante Oficio OFI-18-0631-DAI-1100 del 10 de \u00a0septiembre de 2018.8 \u00a0<\/p>\n<p>5. \u00a0Reconocida personer\u00eda para actuar al apoderado de M\u00f3nica \u00a0Andrea Bernal Barbosa, \u00a0la Sala orden\u00f3 correr el traslado com\u00fan de que trata el \u00a0art\u00edculo 500 de la Ley 906 de 20049 \u00a0para la solicitud de pruebas. \u00a0<\/p>\n<p>6. \u00a0Finalmente, debido a que los intervinientes no formularon solicitudes \u00a0probatorias y tampoco se observ\u00f3 la necesidad de ordenar \u00a0pruebas de oficio, mediante providencia del 5 de febrero de 2019,10 \u00a0se habilit\u00f3 la oportunidad para la presentaci\u00f3n de \u00a0alegatos finales. \u00a0<\/p>\n<p>Alegatos \u00a0de los intervinientes. \u00a0<\/p>\n<p>1.- \u00a0De la Delegada del Ministerio P\u00fablico. \u00a0<\/p>\n<p>La \u00a0Procuradora Tercera Delegada para la Casaci\u00f3n Penal al \u00a0encontrar satisfechos los presupuestos convencionales que se \u00a0requieren, solicit\u00f3 que se concept\u00fae favorablemente a \u00a0la petici\u00f3n de extradici\u00f3n11 \u00a0e \u00a0inst\u00f3 a que se exhorte al Gobierno Nacional para que advierta \u00a0al pa\u00eds reclamante sobre el reconocimiento de los derechos y \u00a0garant\u00edas de Bernal \u00a0Barbosa. \u00a0<\/p>\n<p>2.- \u00a0Del apoderado de la requerida. \u00a0<\/p>\n<p>Por \u00a0su parte, el abogado de \u00a0M\u00f3nica Andrea Bernal Barbosa \u00a0asegur\u00f3 que el pedido de extradici\u00f3n no satisface el \u00a0requisito de doble incriminaci\u00f3n. \u00a0<\/p>\n<p>Tal \u00a0afirmaci\u00f3n la hizo consistir en que de la \u00abDENOMINADA \u00a0PIEZA DE SITUACI\u00d3N PERSONAL en el radicado 125\/2015 del \u00a0Juzgado Central de Instrucci\u00f3n 002 de Madrid, con copia del \u00a0texto de las normas referidas relativas a la extradici\u00f3n\u2026 \u00a0puede leerse, textualmente, que el art\u00edculo 301 del C\u00f3digo \u00a0Penal espa\u00f1ol, para el delito imputado, contempla una pena de \u00a0prisi\u00f3n de 6 meses a 6 a\u00f1os, y el art\u00edculo, 302 \u00a0algunos par\u00e1metros para dosificar la sanci\u00f3n\u00bb.12 \u00a0<\/p>\n<p>En \u00a0consecuencia, pidi\u00f3 que se emita concepto desfavorable. \u00a0<\/p>\n<p>CONSIDERACIONES \u00a0<\/p>\n<p>1. \u00a0Aspectos generales. \u00a0<\/p>\n<p>La \u00a0jurisprudencia constitucional ha se\u00f1alado que, en relaci\u00f3n \u00a0con el tr\u00e1mite de extradici\u00f3n, la Constituci\u00f3n \u00a0Pol\u00edtica estableci\u00f3 un sistema estricto de fuentes \u00a0formales y materiales, en el cual los tratados p\u00fablicos se \u00a0aplican de forma \u00abprincipal \u00a0y preferencial\u00bb \u00a0y \u00a0la ley rige de manera \u00absubsidiaria \u00a0o supletoria\u00bb13. \u00a0<\/p>\n<p>A \u00a0ese marco \u00a0normativo se incorporan las limitaciones \u00a0enunciadas en el art\u00edculo 35 de la Constituci\u00f3n \u00a0Pol\u00edtica14, \u00a0esto es: i) \u00a0\u00abla \u00a0extradici\u00f3n de los colombianos por nacimiento se conceder\u00e1 \u00a0por delitos cometidos en el exterior, considerados como tales en la \u00a0legislaci\u00f3n penal colombiana\u00bb; \u00a0(ii) \u00abno \u00a0proceder\u00e1 por delitos pol\u00edticos\u00bb \u00a0ni \u00a0(iii) cuando \u00a0\u00abse \u00a0trate de hechos cometidos con anterioridad\u00bb \u00a0al \u00a017 \u00a0de diciembre de 1997, fecha en la que entr\u00f3 a regir el Acto \u00a0Legislativo 01 de 1997. \u00a0<\/p>\n<p>En \u00a0ese orden, la Sala de Casaci\u00f3n Penal de la Corte Suprema de \u00a0Justicia est\u00e1 en el deber de verificar, de forma preliminar, \u00a0el cumplimiento de lo previsto en el mencionado art\u00edculo \u00a0constitucional y, una vez finalizada esa labor, realizar el an\u00e1lisis \u00a0formal del pedido de extradici\u00f3n. Como es obvio, no podr\u00e1 \u00a0emitir un concepto favorable si observa que la solicitud puesta a su \u00a0consideraci\u00f3n desconoce las mencionadas limitaciones \u00a0constitucionales. \u00a0<\/p>\n<p>Ese \u00a0entendimiento, se basa en el mandato constitucional irrestricto \u00a0dirigido a esta Corporaci\u00f3n, en su condici\u00f3n de \u00f3rgano \u00a0l\u00edmite de la jurisdicci\u00f3n ordinaria, de salvaguardar \u00a0los derechos y garant\u00edas fundamentales de todas las personas, \u00a0de conformidad con los art\u00edculos 1\u00ba, 2\u00ba, 4\u00ba y \u00a0230 ib\u00eddem, \u00a0sobre los fines esenciales del Estado social de derecho, la \u00a0supremac\u00eda de la Constituci\u00f3n Pol\u00edtica frente a \u00a0cualquier otra norma jur\u00eddica y la autonom\u00eda de la \u00a0funci\u00f3n judicial. \u00a0<\/p>\n<p>2. \u00a0Las previsiones constitucionales sobre la materia y la solicitud de \u00a0extradici\u00f3n formulada por el Gobierno de Espa\u00f1a. \u00a0<\/p>\n<p>Seg\u00fan \u00a0se indic\u00f3 en el ac\u00e1pite precedente, el art\u00edculo \u00a035 Superior, establece: (i) \u00a0\u00abla \u00a0extradici\u00f3n de los colombianos por nacimiento se conceder\u00e1 \u00a0por delitos cometidos en el exterior, considerados como tales en la \u00a0legislaci\u00f3n penal colombiana\u00bb; \u00a0(ii) \u00abno \u00a0proceder\u00e1 por delitos pol\u00edticos\u00bb \u00a0ni \u00a0(iii) cuando \u00a0\u00abse \u00a0trate de hechos cometidos con anterioridad\u00bb \u00a0al \u00a017 \u00a0de diciembre de 1997. \u00a0<\/p>\n<p>2.1. \u00a0Como se ver\u00e1 en el ac\u00e1pite correspondiente al \u00a0cumplimiento del requisito de la doble incriminaci\u00f3n, las \u00a0conductas imputadas a M\u00f3nica \u00a0Andrea Bernal Barbosa \u00a0son \u00a0consideradas delitos en Colombia. \u00a0<\/p>\n<p>En \u00a0cuanto a la determinaci\u00f3n del lugar de su ocurrencia, se \u00a0observa que las autoridades del Estado requirente imputan la \u00a0mencionada \u00a0las \u00a0conductas punibles de \u00abblanqueo \u00a0de capitales y pertenencia a organizaci\u00f3n criminal\u00bb que, \u00a0seg\u00fan \u00a0lo consignado en el \u00a0auto de \u00a0prisi\u00f3n provisional del 26 de mayo de 2018, dictado por el \u00a0Juzgado Central de Instrucci\u00f3n N\u00b0 2 de Madrid, \u00a0tiene \u00a0como fundamento los siguientes hechos: \u00a0<\/p>\n<p>PRIMERO.- \u00a0Las \u00a0presentes Diligencias Previas se incoaron en fecha 23\/12\/15 en virtud \u00a0de testimonio de particulares para la investigaci\u00f3n de un \u00a0presunto delito de blanqueo de capitales, deducido de las Diligencias \u00a0Previas 77\/15 seguidas en este Juzgado, por delito contra la salud \u00a0p\u00fablica. \u00a0<\/p>\n<p>SEGUNDO.- \u00a0El \u00a0Ministerio Fiscal ha emitido informe presentado con fecha de registro \u00a0el d\u00eda 23\/06\/2017, cuyo particular es de tenor literal \u00a0siguiente: \u00a0<\/p>\n<p>\u201cQue \u00a0queda instruido del contenido del oficio con n\u00b0 de registro \u00a0general 15.982\/17 que ha sido remitido con fecha 5 de junio de 2017 \u00a0por la Comandancia de Madrid de la Guardia Civil, y, a la vista de lo \u00a0informado por la Benem\u00e9rita en el apartado 1 de dicho oficio, \u00a0del cual se desprende que, al d\u00eda de la fecha, contin\u00faa \u00a0ilocalizable y en ignorado paradero la aqu\u00ed investigada M\u00d3NICA \u00a0ANDREA BERNAL BARBOSA, ciudadana colombiana que, como ya se destacaba \u00a0por el Ministerio P\u00fablico en el ordinal 3) de nuestro dictamen \u00a0de fecha 19 de abril de 2017, se trata de una m\u00e1s de las \u00a0diversas personas de car\u00e1cter y proyecci\u00f3n \u00a0internacional, dedicada al blanqueo en territorio espa\u00f1ol de \u00a0dinero, bienes, capitales, productos y\/o efectos procedentes del \u00a0narcotr\u00e1fico (\u2026)\u201d \u00a0<\/p>\n<p>TERCERO.- \u00a0Las \u00a0investigaciones que dieron lugar a las presentes actuaciones, \u00a0comenzaron a ra\u00edz de la intervenci\u00f3n, el d\u00eda \u00a010\/12\/2014, de la cantidad de 20.545 euros de dinero no declarado, en \u00a0el Aeropuerto Adolfo Su\u00e1rez de Madrid Barajas, en el interior \u00a0del equipaje de mano de JOHNY MOLINA TRIANA, quien estaba acompa\u00f1ando \u00a0a su hija menor y de su mujer M\u00d3NICA ANDREA BERNAL BARBOSA, \u00a0quien desapareci\u00f3 justo cuando JOHNY MOLINA TRIANA fue \u00a0requerido para la apertura del equipaje. Las investigaciones \u00a0practicadas derivaron en el conocimiento de la existencia de una \u00a0organizaci\u00f3n dedicada, en Espa\u00f1a, al tr\u00e1fico de \u00a0drogas procedentes de Sudam\u00e9rica. Dicha organizaci\u00f3n \u00a0delictiva de car\u00e1cter y proyecci\u00f3n internacional, de la \u00a0que M\u00d3NICA ANDREA BERNAL BARBOSA era una m\u00e1s de las \u00a0personas integrantes, ten\u00eda la intenci\u00f3n de repatriar \u00a0el dinero recaudado por el supuesto tr\u00e1fico de drogas que \u00a0habr\u00eda realizado en Espa\u00f1a, al menos, durante los a\u00f1os \u00a02014 y 2015. \u00a0<\/p>\n<p>En \u00a0cuanto a la determinaci\u00f3n del lugar de ocurrencia de los \u00a0il\u00edcitos que motivan la solicitud de extradici\u00f3n, seg\u00fan \u00a0lo expuesto, la requerida pertenece a una organizaci\u00f3n de \u00a0lavado de activos que opera en Espa\u00f1a y Suram\u00e9rica. \u00a0<\/p>\n<p>De \u00a0conformidad con lo anterior, a la luz de la \u00a0teor\u00eda mixta o de la ubicuidad,15 \u00a0empleada \u00a0por la \u00a0jurisprudencia y la doctrina para determinar el factor territorial en \u00a0los casos de delitos trasnacionales, el \u00a0concierto para delinquir con fines de lavado de activos y \u00a0el \u00a0lavado \u00a0de activos, \u00a0conductas imputadas a la solicitada, se entienden ejecutadas tambi\u00e9n \u00a0en el territorio del Estado requirente y, por esa misma raz\u00f3n, \u00a0cometidas \u00a0en el extranjero. \u00a0<\/p>\n<p>2.2. \u00a0El Convenio sobre Extradici\u00f3n de Reos proscribe la extradici\u00f3n \u00a0de personas acusadas de delitos pol\u00edticos y conexos, \u00a0prohibici\u00f3n que para este evento no aplica puesto que las \u00a0conductas punibles objeto del requerimiento no ostentan tal \u00a0connotaci\u00f3n, por tratarse de infracciones penales ordinarias o \u00a0delitos comunes. \u00a0<\/p>\n<p>2.3. \u00a0Por \u00a0\u00faltimo, los \u00a0hechos materia de juzgamiento ocurrieron, presuntamente, en el \u00a0periodo comprendido entre los a\u00f1os 2014 y 2015,16 \u00a0esto es, con posterioridad al \u00a017 \u00a0de diciembre de 1997. \u00a0<\/p>\n<p>2.4. \u00a0En resumen, se observa que el \u00a0pedido de extradici\u00f3n no \u00a0contraviene las limitaciones contenidas en el \u00a0art\u00edculo 35 de la Constituci\u00f3n Pol\u00edtica y, por \u00a0esa raz\u00f3n, la Sala proceder\u00e1 a evaluar el cumplimiento \u00a0de los requisitos convencionales o legales, seg\u00fan el caso. \u00a0<\/p>\n<p>3. \u00a0Verificaci\u00f3n del cumplimiento de los requisitos convencionales \u00a0o legales, seg\u00fan el caso, de la solicitud de extradici\u00f3n. \u00a0<\/p>\n<p>El \u00a0Ministerio de Relaciones Exteriores conceptu\u00f3 que \u00a0el instrumento internacional aplicable es la \u00abConvenci\u00f3n \u00a0de Extradici\u00f3n de Reos\u00bb, suscrita \u00a0el 23 de julio de 1892, y el \u00abProtocolo \u00a0Modificativo del Convenio de Extradici\u00f3n entre la Rep\u00fablica \u00a0de Colombia y el Reino de Espa\u00f1a\u00bb, adoptado \u00a0en \u00a0Madrid \u00a0el 16 de marzo de 1999. \u00a0<\/p>\n<p>En \u00a0concordancia con lo previsto en los referidos instrumentos \u00a0internacionales, \u00a0se evaluar\u00e1 el \u00a0cumplimiento de los siguientes requisitos: i) \u00a0documentaci\u00f3n anexa y validez formal de la misma; ii) \u00a0acreditaci\u00f3n de la identidad plena de la persona solicitada en \u00a0extradici\u00f3n; iii) \u00a0la jurisdicci\u00f3n \u00a0del Estado requirente; iv) \u00a0la \u00a0doble incriminaci\u00f3n de la conducta imputada; \u00a0v) \u00a0copia \u00a0autorizada del mandamiento de prisi\u00f3n o auto de proceder o de \u00a0cualquier otro documento que tenga la misma fuerza y, finalmente, vi) \u00a0que \u00a0no se presente alguna de las circunstancias que inhiben la \u00a0procedencia de la solicitud de extradici\u00f3n. \u00a0<\/p>\n<p>3.1. \u00a0Documentaci\u00f3n anexa y validez formal de los documentos \u00a0aportados. \u00a0<\/p>\n<p>El \u00a0art\u00edculo 8\u00b0 de la Convenci\u00f3n establece que la \u00a0solicitud deber\u00e1 hacerse por \u00a0la v\u00eda diplom\u00e1tica, \u00a0acompa\u00f1ada de los siguientes documentos: a) copia autorizada \u00a0de la sentencia si la persona requerida se encuentra condenada, b) \u00a0copia autorizada del mandamiento de prisi\u00f3n o auto de proceder \u00a0o de cualquier otro documento que tenga la misma fuerza y precise \u00a0igualmente los hechos denunciados y la disposici\u00f3n que les sea \u00a0aplicable, si se trata de un individuo acusado o perseguido, y c) las \u00a0se\u00f1as personales del reo o encausado, hasta donde sea posible \u00a0para facilitar su b\u00fasqueda y arresto. \u00a0<\/p>\n<p>El \u00a0art\u00edculo 2\u00b0 del Protocolo Modificatorio del 16 de marzo de \u00a01999, por otro lado, establece que \u00ab[l]os \u00a0documentos presentados con las solicitudes de extradici\u00f3n que \u00a0por v\u00eda diplom\u00e1tica se tramiten, en virtud de la \u00a0Convenci\u00f3n de Extradici\u00f3n suscrita entre los dos \u00a0pa\u00edses, estar\u00e1n exentos del requisito de legalizaci\u00f3n \u00a0(\u2026)\u00bb, \u00a0lo cual permite a los Estados Parte agilizar el tr\u00e1mite de \u00a0extradici\u00f3n. \u00a0<\/p>\n<p>Esas \u00a0exigencias formales est\u00e1n acreditadas, como se evidenci\u00f3 \u00a0en la rese\u00f1a de los documentos anexos al pedido formal de \u00a0extradici\u00f3n &#8211; Nota Verbal No. 244 del 9 de julio de 2018-, \u00a0relacionada en el numeral 3 del ac\u00e1pite de antecedentes. Los \u00a0cuales fueron suministrados en copias aut\u00e9nticas. \u00a0<\/p>\n<p>Por \u00a0lo anterior, se concluye que los documentos aportados se tornan aptos \u00a0y suficientes para ser considerados por la Corte en el estudio que \u00a0debe preceder al concepto. \u00a0<\/p>\n<p>3.2. \u00a0Plena identidad de la persona solicitada. \u00a0<\/p>\n<p>Esta \u00a0exigencia se orienta a establecer si la persona procesada (acusada o \u00a0condenada) en el pa\u00eds extranjero, es la misma sometida al \u00a0tr\u00e1mite de extradici\u00f3n, lo cual implica conocer su \u00a0verdadera identidad, por lo tanto, el requisito se cumple cuando \u00a0existe plena coincidencia entre el individuo solicitado y aquel cuya \u00a0entrega se encuentra en curso de resolver. \u00a0<\/p>\n<p>El \u00a0Gobierno de Espa\u00f1a solicit\u00f3 la entrega de la ciudadana \u00a0colombiana M\u00f3nica \u00a0Andrea Bernal Barbosa, \u00a0identificada con la c\u00e9dula de ciudadan\u00eda No. 66.783.315 \u00a0y \u00a0n\u00famero de registro extranjero espa\u00f1ol X-5341382-T, \u00a0nacida en Palmira -Valle del Cauca- el 18 de septiembre de 1976. \u00a0<\/p>\n<p>Esos \u00a0datos de identificaci\u00f3n guardan correspondencia con los \u00a0consignados en el acta de derechos del retenido17 \u00a0y la constancia de buen trato.18 \u00a0<\/p>\n<p>Adem\u00e1s, \u00a0de acuerdo con el informe de laboratorio del 1\u00b0 de junio de 2018, \u00a0\u00ablas \u00a0impresiones dactilares obrantes en copia de tarjetas decadactilar \u00a0Informe de Consulta Web, con membretes de \u2018Registradur\u00eda \u00a0Nacional del Estado Civil\u2019, con datos biogr\u00e1ficos a \u00a0nombre de M\u00f3nica Andrea Bernal Barbosa\u2026, con las \u00a0impresiones dactilares obrantes en la tarjeta de rese\u00f1a \u00a0decadactilar, con membretes de la \u2018POLIC\u00cdA NACIONAL\u2019 \u00a0c\u00f3digo de tarjeta: 229300003147D, con datos biogr\u00e1ficos \u00a0a nombre de M\u00f3nica Andrea Bernal Barbosa con c\u00e9dula de \u00a0ciudadan\u00eda 66.783.315 expedida en Palmira \u2013 Valle, \u00a0realizada en Medell\u00edn el d\u00eda 01\/06\/2018, descrita en el \u00a0\u00edtem 3.2 del presente informe; se CONCLUYE que CORRESPONDEN \u00a0ENTRE S\u00cd, en cuanto a morfolog\u00eda, seguimiento en la \u00a0trayectoria de las crestas papilares y ubicaci\u00f3n topogr\u00e1fica \u00a0de puntos caracter\u00edsticos\u00bb.19 \u00a0<\/p>\n<p>Esa \u00a0informaci\u00f3n permite concluir que la persona detenida por las \u00a0autoridades colombianas es la misma que el Gobierno de Espa\u00f1a \u00a0solicita. \u00a0<\/p>\n<p>En \u00a0ese orden, tambi\u00e9n se cumple este requisito. \u00a0<\/p>\n<p>3.3. \u00a0Jurisdicci\u00f3n del Estado requirente. \u00a0<\/p>\n<p>Conforme \u00a0lo precept\u00faa el \u00a0art\u00edculo 1\u00ba de la Convenci\u00f3n, los dos gobiernos \u00a0\u00abse \u00a0comprometen a entregarse rec\u00edprocamente los individuos \u00a0condenados o acusados por los tribunales o autoridades competentes de \u00a0uno de los dos Estados contratantes, como autores o c\u00f3mplices \u00a0de los delitos o cr\u00edmenes enumerados en el Art\u00edculo 3\u00ba \u00a0y que se hubieren refugiado en el territorio del otro\u00bb. \u00a0<\/p>\n<p>Tal y \u00a0como se expuso anteriormente, M\u00f3nica \u00a0Andrea Bernal Barbosa \u00a0es requerida por las autoridades judiciales de Espa\u00f1a, \u00a0se\u00f1alada de ejecutar actividades il\u00edcitas en el \u00a0territorio de ese pa\u00eds \u00a0y, \u00a0por esa misma raz\u00f3n, \u00a0el poder judicial del Estado requirente tiene jurisdicci\u00f3n y \u00a0competencia. \u00a0<\/p>\n<p>3.4. \u00a0La \u00a0doble incriminaci\u00f3n de la conducta imputada. \u00a0<\/p>\n<p>El \u00a0art\u00edculo 3\u00ba del Protocolo Modificativo de la Convenci\u00f3n \u00a0de Extradici\u00f3n de Reos establece \u00a0que la extradici\u00f3n resulta procedente cuando la persona \u00a0requerida es perseguida por alg\u00fan delito o para la ejecuci\u00f3n \u00a0de una pena privativa de la libertad no inferior a un a\u00f1o, a \u00a0cuyo efecto \u00abser\u00e1 \u00a0indiferente el que las Leyes de las Partes clasifiquen o no al delito \u00a0en la misma o distinta terminolog\u00eda para designarlo\u00bb. \u00a0<\/p>\n<p>3.4.1. \u00a0Se observa que M\u00f3nica \u00a0Andrea Bernal Barbosa \u00a0es \u00a0requerida en extradici\u00f3n para ser juzgada por los delitos de \u00a0\u00abBlanqueo \u00a0de Capitales y de Pertenencia a una Organizaci\u00f3n Criminal\u00bb, \u00a0previstos en los art\u00edculos 301, 302 y 570 bis20 \u00a0del C\u00f3digo Penal Espa\u00f1ol, los cuales se transcriben a \u00a0continuaci\u00f3n: \u00a0<\/p>\n<p>Art\u00edculo \u00a0301. \u00a0<\/p>\n<p>1. \u00a0El que adquiera, posea, utilice, convierta, o transmita bienes, \u00a0sabiendo que \u00e9stos tienen su origen en una actividad \u00a0delictiva, cometida por \u00e9l o por cualquiera tercera persona, o \u00a0realice cualquier otro acto para ocultar o encubrir su origen \u00a0il\u00edcito, o para ayudar a la persona que haya participado en la \u00a0infracci\u00f3n o infracciones a eludir las consecuencias legales \u00a0de sus actos, ser\u00e1 castigado con la pena de prisi\u00f3n de \u00a0seis meses a seis a\u00f1os \u00a0y multa del tanto al triplo del valor de los bienes. En estos casos, \u00a0los jueces o tribunales, atendiendo a la gravedad del hecho y a las \u00a0circunstancias personales del delincuente, podr\u00e1n imponer \u00a0tambi\u00e9n a \u00e9ste la pena de inhabilitaci\u00f3n \u00a0especial para el ejercicio de su profesi\u00f3n o industria por \u00a0tiempo de uno a tres a\u00f1os, y acordar la medida de clausura \u00a0temporal o definitiva del establecimiento o local. Si la clausura \u00a0fuese temporal, su duraci\u00f3n no podr\u00e1 exceder de cinco \u00a0a\u00f1os. \u00a0<\/p>\n<p>La \u00a0pena se impondr\u00e1 en su mitad superior cuando los bienes tengan \u00a0su origen en alguno de los delitos relacionados con el tr\u00e1fico \u00a0de drogas t\u00f3xicas, estupefacientes o sustancias psicotr\u00f3picas \u00a0descritos en los art\u00edculos 368 a 372 de este C\u00f3digo. En \u00a0estos supuestos se aplicar\u00e1n las disposiciones contenidas en \u00a0el art\u00edculo 374 de este C\u00f3digo. \u00a0<\/p>\n<p>Tambi\u00e9n \u00a0se impondr\u00e1 la pena en su mitad superior cuando los bienes \u00a0tengan su origen en alguno de los delitos comprendidos en los \u00a0Cap\u00edtulos V, VI, VII, VIII, IX y X del T\u00edtulo XIX o en \u00a0alguno de los delitos del Cap\u00edtulo I del T\u00edtulo XVI. \u00a0<\/p>\n<p>(\u2026) \u00a0\u2013Resalta \u00a0la Sala\u2014 \u00a0<\/p>\n<p>Art\u00edculo \u00a0302. \u00a0<\/p>\n<p>1. \u00a0En los supuestos previstos en el art\u00edculo anterior se \u00a0impondr\u00e1n las penas privativas de libertad en su mitad \u00a0superior a las personas que pertenezca (sic) a una organizaci\u00f3n \u00a0dedicada a los fines se\u00f1alados en los mismos, y la pena \u00a0superior en grado a los jefes, administradores o encargados de las \u00a0referidas organizaciones. \u00a0<\/p>\n<p>(\u2026) \u00a0<\/p>\n<p>Art\u00edculo \u00a0570 bis. \u00a0<\/p>\n<p>1. \u00a0Quienes promovieren, constituyeren, organizaren, coordinaren o \u00a0dirigieren una organizaci\u00f3n criminal ser\u00e1n castigados \u00a0con la pena de prisi\u00f3n de cuatro a ocho a\u00f1os, si \u00a0aqu\u00e9lla tuviere por finalidad u objeto la comisi\u00f3n de \u00a0delitos graves, con la pena de prisi\u00f3n de tres a seis a\u00f1os \u00a0en los dem\u00e1s casos; y quienes participaren activamente en la \u00a0organizaci\u00f3n, formaren parte de ella o cooperaren \u00a0econ\u00f3micamente o de cualquier otro modo con la misma ser\u00e1n \u00a0castigados con las penas de prisi\u00f3n de dos a cinco a\u00f1os \u00a0si tuviere como fin la comisi\u00f3n de delitos graves, con la pena \u00a0de prisi\u00f3n de uno a tres a\u00f1os en los dem\u00e1s \u00a0casos. \u00a0<\/p>\n<p>A \u00a0los efectos de este C\u00f3digo se entiende por organizaci\u00f3n \u00a0criminal la agrupaci\u00f3n formada por m\u00e1s de dos personas \u00a0con car\u00e1cter estable o por tiempo indefinido, que de manera \u00a0concertada y coordinada se repartan diversas tareas o funciones con \u00a0el fin de cometer delitos. \u00a0<\/p>\n<p>2. \u00a0Las penas previstas en el n\u00famero anterior se impondr\u00e1n \u00a0en su mitad superior cuando la organizaci\u00f3n: \u00a0<\/p>\n<p>a) \u00a0est\u00e9 formada por un elevado n\u00famero de personas. \u00a0<\/p>\n<p>b) \u00a0disponga de armas o instrumentos peligrosos. \u00a0<\/p>\n<p>c) \u00a0disponga de medios tecnol\u00f3gicos avanzados de comunicaci\u00f3n \u00a0o transporte que por sus caracter\u00edsticas resulten \u00a0especialmente aptos para facilitar la ejecuci\u00f3n de los delitos \u00a0o la impunidad de los culpables. \u00a0<\/p>\n<p>Si \u00a0concurrieran dos o m\u00e1s de dichas circunstancias se impondr\u00e1n \u00a0las penas superiores en grado. \u00a0<\/p>\n<p>(\u2026) \u00a0<\/p>\n<p>3.4.2. \u00a0Esa \u00a0descripci\u00f3n normativa tiene equivalencia en los art\u00edculos \u00a032321 \u00a0y 324 del C\u00f3digo Penal Colombiano, los cuales se transcriben a \u00a0continuaci\u00f3n: \u00a0<\/p>\n<p>ARTICULO \u00a0323. \u00a0<\/p>\n<p>El \u00a0que adquiera, resguarde, invierta, transporte, transforme, custodie o \u00a0administre bienes que tengan su origen mediato o inmediato \u00a0en actividades de tr\u00e1fico de migrantes, trata de personas, \u00a0extorsi\u00f3n, enriquecimiento il\u00edcito, secuestro \u00a0extorsivo, rebeli\u00f3n, tr\u00e1fico de armas, financiaci\u00f3n \u00a0del terrorismo y administraci\u00f3n de recursos relacionados con \u00a0actividades terroristas, tr\u00e1fico \u00a0de drogas t\u00f3xicas, estupefacientes o sustancias sicotr\u00f3picas, \u00a0delitos contra el sistema financiero, delitos contra la \u00a0administraci\u00f3n p\u00fablica, o vinculados con el producto de \u00a0delitos ejecutados bajo concierto para delinquir, o les d\u00e9 a \u00a0los bienes provenientes de dichas actividades apariencia de legalidad \u00a0o los legalice, oculte o encubra la verdadera naturaleza, origen, \u00a0ubicaci\u00f3n, destino, movimiento o derecho sobre tales bienes o \u00a0realice cualquier otro acto para ocultar o encubrir su origen \u00a0il\u00edcito22, \u00a0incurrir\u00e1 por esa sola conducta, en prisi\u00f3n de ocho (8) \u00a0a veintid\u00f3s (22) a\u00f1os y multa de seiscientos cincuenta \u00a0(652) a cincuenta mil (50.000) salarios m\u00ednimos legales \u00a0mensuales vigentes. \u00a0<\/p>\n<p>(\u2026) \u00a0\u2013Resalta \u00a0la Sala\u2014 \u00a0<\/p>\n<p>ARTICULO \u00a0324. \u00a0Circunstancias \u00a0espec\u00edficas de agravaci\u00f3n. \u00a0<\/p>\n<p>Las \u00a0penas privativas de la libertad previstas en el art\u00edculo \u00a0anterior se aumentar\u00e1n de una tercera parte a la mitad cuando \u00a0la conducta sea desarrollada por quien pertenezca a una persona \u00a0jur\u00eddica, una sociedad o una organizaci\u00f3n dedicada al \u00a0lavado de activos y de la mitad a las tres cuartas partes cuando sean \u00a0desarrolladas por los jefes, administradores o encargados de las \u00a0referidas personas jur\u00eddicas, sociedades u organizaciones. \u00a0<\/p>\n<p>3.4.3. \u00a0De tal manera, carece de fundamento el reparo del apoderado de M\u00f3nica \u00a0Andrea Bernal Barbosa, \u00a0en cuanto a que no se satisface el requisito de doble incriminaci\u00f3n, \u00a0pues aunque el m\u00ednimo punitivo se\u00f1alado en el art\u00edculo \u00a0301 del C\u00f3digo Penal Espa\u00f1ol es de 6 meses, debe \u00a0tomarse en cuenta que a la requerida se le imputa un delito de \u00a0\u00abblanqueo \u00a0de capitales procedente del narcotr\u00e1fico\u00bb \u00a0con las circunstancias de agravaci\u00f3n previstas en el art\u00edculo \u00a0302 ejusdem. \u00a0En caso de ser condenada, entonces, \u00abLa \u00a0pena se impondr\u00e1 en su mitad superior\u00bb, \u00a0esto es, un m\u00ednimo de 3 a\u00f1os de prisi\u00f3n. \u00a0<\/p>\n<p>3.4.4.- \u00a0Por su parte, el acuerdo de voluntades entre varias personas para \u00a0cometer delitos, \u00a0conducta \u00a0tambi\u00e9n imputada a Bernal \u00a0Barbosa \u00a0en virtud del art\u00edculo 570 bis del C\u00f3digo Penal \u00a0Espa\u00f1ol, \u00a0constituye un tipo penal aut\u00f3nomo denominado concierto para \u00a0delinquir agravado, \u00a0contenido en el inciso 2\u00b0 del \u00a0art\u00edculo \u00a0340 del C\u00f3digo Penal,23 \u00a0cuyo texto es el siguiente: \u00a0<\/p>\n<p>Cuando \u00a0varias personas se concierten con el fin de cometer delitos, cada una \u00a0de ellas ser\u00e1 penada, por esa sola conducta, con prisi\u00f3n \u00a0de tres (3) a seis (6) a\u00f1os. \u00a0<\/p>\n<p>Cuando \u00a0el concierto sea para cometer delitos de genocidio, desaparici\u00f3n \u00a0forzada de personas, tortura, desplazamiento forzado, homicidio, \u00a0terrorismo, tr\u00e1fico de drogas t\u00f3xicas, estupefacientes \u00a0o sustancias sicotr\u00f3picas, secuestro, secuestro extorsivo, \u00a0extorsi\u00f3n, enriquecimiento il\u00edcito, lavado \u00a0de activos \u00a0o testaferrato y conexos, o Financiamiento del Terrorismo y \u00a0administraci\u00f3n de recursos relacionados con actividades \u00a0terroristas, la \u00a0pena ser\u00e1 de prisi\u00f3n de ocho (8) a dieciocho (18) a\u00f1os \u00a0y multa de dos mil setecientos (2700) hasta treinta mil (30000) \u00a0salarios m\u00ednimos legales mensuales vigentes. \u00a0<\/p>\n<p>La \u00a0pena privativa de la libertad se aumentar\u00e1 en la mitad para \u00a0quienes organicen, fomenten, promuevan, dirijan, encabecen, \u00a0constituyan o financien el concierto para delinquir. \u2013Resalta \u00a0la Sala- \u00a0<\/p>\n<p>3.4.5. \u00a0En \u00a0concordancia, se observa que las conductas que motivan el pedido de \u00a0extradici\u00f3n est\u00e1n tipificadas como delitos tanto en \u00a0Colombia como en Espa\u00f1a y en ambos sistemas normativos se \u00a0encuentran sancionadas con penas m\u00ednimas superiores a un a\u00f1o \u00a0de privaci\u00f3n de la libertad,24 \u00a0cumpli\u00e9ndose de esa forma la exigencia de la doble \u00a0incriminaci\u00f3n. \u00a0<\/p>\n<p>3.5. \u00a0Copia \u00a0autorizada del mandamiento de prisi\u00f3n o auto de proceder o de \u00a0cualquier otro documento que tenga la misma fuerza. \u00a0<\/p>\n<p>El \u00a0art\u00edculo 5\u00b0 del Convenio exige para la procedencia de la \u00a0extradici\u00f3n que el pa\u00eds requirente aporte copia \u00a0autorizada de la sentencia si la persona requerida se encuentra \u00a0condenada o copia autorizada del mandamiento de prisi\u00f3n o auto \u00a0de proceder o de cualquier otro documento que tenga la misma fuerza y \u00a0precise igualmente los hechos denunciados y la disposici\u00f3n que \u00a0les sea aplicable, si se trata de un individuo acusado o perseguido. \u00a0<\/p>\n<p>Para \u00a0dar cumplimiento a esa exigencia la Embajada de Espa\u00f1a aport\u00f3 \u00a0copia autenticada del Auto \u00a0de \u00a0prisi\u00f3n provisional del 26 de junio de 2017, dictado por el \u00a0Juzgado Central de Instrucci\u00f3n N\u00b0 2 de Madrid en el marco \u00a0de las Diligencias Previas Proceso Abreviado 0000125\/2015-S. \u00a0<\/p>\n<p>Esa \u00a0providencia, se observa, cumple la condici\u00f3n referida a la \u00a0existencia de un mandamiento de prisi\u00f3n que contenga datos \u00a0sobre la identidad de la persona solicitada, los hechos y \u00a0circunstancias que dieron origen a la acci\u00f3n penal, la \u00a0descripci\u00f3n de los delitos cometidos y las normas sustanciales \u00a0que definen y sancionan penalmente las conductas que dieron origen a \u00a0la solicitud de extradici\u00f3n. \u00a0<\/p>\n<p>3.6. \u00a0Circunstancias \u00a0que inhiben la procedencia de la solicitud de extradici\u00f3n. \u00a0<\/p>\n<p>Los \u00a0art\u00edculos 4\u00b0, 5\u00ba y 6\u00ba de la Convenci\u00f3n \u00a0establecen que no habr\u00e1 lugar a la extradici\u00f3n cuando: \u00a0(i) \u00a0\u00abse \u00a0pida por un crimen o delito por el cual el individuo reclamado sufre \u00a0o ha sufrido ya la pena, o que ha sido juzgado y absuelto en el \u00a0territorio de la otra Parte contratante\u00bb; (ii) \u00a0\u00abse \u00a0ha cumplido la prescripci\u00f3n de la acci\u00f3n o de la pena, \u00a0seg\u00fan las Leyes del pa\u00eds a quien el reo sea reclamado\u00bb; \u00a0(iii) \u00a0\u00abpor delitos pol\u00edticos o por hechos conexos con ellos\u00bb \u00a0y (iv) \u00abpor \u00a0cr\u00edmenes o delitos perpetrados con anterioridad a las \u00a0ratificaciones\u00bb \u00a0del convenio. \u00a0<\/p>\n<p>Ninguno \u00a0de estos motivos concurre en el caso en estudio, porque: \u00a0<\/p>\n<p>(i) \u00a0Mediante auto del 6 de noviembre de 2018,25 \u00a0la Sala dispuso oficiar a la Fiscal\u00eda General de la Naci\u00f3n \u00a0para que consultara en sus bases de datos si obran registros de \u00a0alguna investigaci\u00f3n seguida contra M\u00f3nica \u00a0Andrea Bernal Barbosa, \u00a0entidad que, a trav\u00e9s de la Delegada Contra la Criminalidad \u00a0Organizada26 \u00a0y la Asesora del Grupo de Direccionamiento de la Delegada para la \u00a0Seguridad Ciudadana,27 \u00a0inform\u00f3 que frente a la reclamada \u00abno \u00a0hay ning\u00fan registro\u00bb. \u00a0<\/p>\n<p>Adicionalmente, \u00a0la solicitada ni su abogado han hecho manifestaci\u00f3n alguna al \u00a0respecto, de donde fundadamente se infiere que ello no ha acaecido. \u00a0<\/p>\n<p>(ii) \u00a0Los hechos que motivan el pedido de extradici\u00f3n sucedieron, \u00a0presuntamente, entre los a\u00f1os 2014 y 2015, circunstancia que \u00a0descarta la prescripci\u00f3n de la acci\u00f3n, teniendo en \u00a0cuenta el contenido del art\u00edculo 83, inciso 1\u00b0, de la Ley \u00a0599 de 2000, de conformidad con el cual, la acci\u00f3n penal \u00a0prescribe en un tiempo igual al m\u00e1ximo de la sanci\u00f3n \u00a0fijada en la ley para la respectiva conducta punible, que ser\u00edan \u00a018 a\u00f1os frente al concierto para delinquir agravado y 33 a\u00f1os \u00a0para el lavado de activos agravado, lapso que evidentemente no ha \u00a0transcurrido. \u00a0<\/p>\n<p>(iii) \u00a0Las \u00a0conductas imputadas, como se dijo en un inicio no tienen la \u00a0caracter\u00edstica de ser delitos pol\u00edticos. \u00a0<\/p>\n<p>(iv) \u00a0Finalmente, la solicitud est\u00e1 motivada por hechos ocurridos \u00a0con posterioridad a la ratificaci\u00f3n de la Convenci\u00f3n de \u00a0Extradici\u00f3n de Reos, vigente desde el 23 de julio de 1892. \u00a0<\/p>\n<p>4. \u00a0Conclusi\u00f3n. \u00a0<\/p>\n<p>La \u00a0Sala es del criterio que la petici\u00f3n de extradici\u00f3n de \u00a0la ciudadana colombiana \u00a0M\u00f3nica \u00a0Andrea Bernal Barbosa, \u00a0formulada por el \u00a0Gobierno \u00a0de Espa\u00f1a, \u00a0es conforme a derecho y, en consecuencia, se proceder\u00e1 a \u00a0conceptuar favorablemente a dicho pedido. \u00a0<\/p>\n<p>5. \u00a0Sobre los condicionamientos. \u00a0<\/p>\n<p>Es \u00a0preciso \u00a0consignar que corresponde al \u00a0Gobierno Nacional condicionar \u00a0la entrega a que la reclamada no vaya a ser condenada a pena de \u00a0muerte, ni juzgada por hechos diversos a los que motivaron la \u00a0solicitud de extradici\u00f3n o por los cuales fue autorizada la \u00a0entrega de la requerida por esta Corporaci\u00f3n, ni sometida a \u00a0desaparici\u00f3n forzada, torturas, tratos o penas crueles, \u00a0inhumanos o degradantes, como tampoco a la sanci\u00f3n de \u00a0destierro, cadena perpetua o confiscaci\u00f3n, conforme lo \u00a0establecen los \u00a0art\u00edculos 11, 12 y 34 de la Carta Pol\u00edtica. \u00a0<\/p>\n<p>Tambi\u00e9n \u00a0debe condicionar la entrega de la solicitada a que se le respeten, \u00a0como a cualquier otra nacional en las mismas condiciones, todas las \u00a0garant\u00edas debidas en raz\u00f3n de su calidad de \u00a0justiciable, en particular a tener acceso a un proceso p\u00fablico \u00a0sin dilaciones injustificadas, se presuma su inocencia, estar \u00a0asistida por un int\u00e9rprete \u2014de ser necesario\u2014, \u00a0contar con un defensor designado por ella o por el Estado, se le \u00a0conceda el tiempo y los medios adecuados para preparar la defensa, \u00a0pueda presentar pruebas y controvertir las que se alleguen en su \u00a0contra, su situaci\u00f3n de privaci\u00f3n de la libertad se \u00a0desarrolle en condiciones dignas y la pena privativa de la libertad \u00a0tenga la finalidad esencial de reforma y adaptaci\u00f3n social. \u00a0<\/p>\n<p>Lo \u00a0anterior, de conformidad con lo dispuesto en los art\u00edculos 9, \u00a010 y 11 de la Declaraci\u00f3n Universal de Derechos Humanos, 5, 7 \u00a0y 8 de la Convenci\u00f3n Americana de Derechos Humanos y 9, 10, 14 \u00a0y 15 del Pacto Internacional de Derechos Civiles y Pol\u00edticos. \u00a0<\/p>\n<p>La \u00a0Corte tambi\u00e9n estima oportuno se\u00f1alar al Gobierno \u00a0Nacional, con el objetivo de salvaguardar los derechos fundamentales \u00a0de la reclamada, que proceda a imponer al Estado requirente la \u00a0obligaci\u00f3n de facilitar los medios necesarios para garantizar \u00a0su repatriaci\u00f3n en condiciones de dignidad y respeto por la \u00a0persona, en caso de llegar a ser sobrese\u00edda, absuelta, \u00a0declarada no culpable, o su situaci\u00f3n jur\u00eddica resuelta \u00a0definitivamente de manera semejante en el pa\u00eds solicitante, \u00a0incluso, con posterioridad a su liberaci\u00f3n una vez cumpla la \u00a0pena all\u00ed impuesta por sentencia condenatoria originada en las \u00a0imputaciones que motivan la extradici\u00f3n. \u00a0<\/p>\n<p>Por \u00a0otra parte, al Gobierno Nacional le corresponde condicionar la \u00a0entrega a que el pa\u00eds reclamante, de acuerdo con sus pol\u00edticas \u00a0internas sobre la materia, ofrezca posibilidades racionales y reales \u00a0para que la requerida pueda tener contacto regular con sus familiares \u00a0m\u00e1s cercanos, considerando que el art\u00edculo 42 de la \u00a0Constituci\u00f3n Pol\u00edtica de 1991 reconoce a la familia \u00a0como n\u00facleo esencial de la sociedad, garantiza su protecci\u00f3n \u00a0y derecho a su honra, dignidad e intimidad, lo cual se refuerza con \u00a0la protecci\u00f3n que a ese n\u00facleo tambi\u00e9n prodigan \u00a0la Convenci\u00f3n Americana de Derechos Humanos y el Pacto \u00a0Internacional de Derechos Civiles y Pol\u00edticos en sus art\u00edculos \u00a017 y 23, respectivamente. \u00a0<\/p>\n<p>La \u00a0Sala se permite indicar \u00a0que, en virtud de lo dispuesto en el numeral 2\u00ba del art\u00edculo \u00a0189 de la Constituci\u00f3n Pol\u00edtica, le compete al Gobierno \u00a0en cabeza del se\u00f1or Presidente de la Rep\u00fablica como \u00a0supremo director de la pol\u00edtica exterior y de las relaciones \u00a0internacionales, realizar el respectivo seguimiento a los \u00a0condicionamientos impuestos al conceder la extradici\u00f3n, quien \u00a0a su vez es el encargado de determinar las consecuencias derivadas de \u00a0su eventual incumplimiento. \u00a0<\/p>\n<p>Por \u00a0lo dem\u00e1s, es del resorte del Gobierno Nacional exigir al pa\u00eds \u00a0reclamante que, en caso de un fallo de condena, tenga en cuenta el \u00a0tiempo de privaci\u00f3n de la libertad cumplido por la requerida \u00a0con ocasi\u00f3n de este tr\u00e1mite. \u00a0<\/p>\n<p>6. \u00a0El concepto. \u00a0<\/p>\n<p>En \u00a0m\u00e9rito de lo expuesto, \u00a0LA CORTE SUPREMA DE JUSTICIA, SALA DE CASACI\u00d3N PENAL, \u00a0CONCEPT\u00daA FAVORABLEMENTE \u00a0a la extradici\u00f3n de la ciudadana \u00a0colombiana \u00a0M\u00f3nica \u00a0Andrea Bernal Barbosa, \u00a0requerida \u00a0por el \u00a0Gobierno \u00a0de Espa\u00f1a por los \u00a0delitos de \u00abBlanqueo \u00a0de Capitales y de Pertenencia a una Organizaci\u00f3n Criminal\u00bb, \u00a0previstos en los \u00a0art\u00edculos 301, 302 y 570 bis del C\u00f3digo Penal Espa\u00f1ol, \u00a0de \u00a0conformidad con el auto \u00a0prisi\u00f3n \u00a0provisional del 26 de junio de 2017, dictado por el Juzgado Central \u00a0de Instrucci\u00f3n N\u00b0 2 de Madrid en el marco de las \u00a0Diligencias Previas &#8211; Proceso Abreviado 0000125\/2015-S. \u00a0<\/p>\n<p>Por \u00a0la Secretar\u00eda de la Sala, comun\u00edquese esta \u00a0determinaci\u00f3n a la requerida, a su defensor, al representante \u00a0del Ministerio P\u00fablico y al Fiscal General de la Naci\u00f3n \u00a0para lo de su cargo. \u00a0<\/p>\n<p>Devu\u00e9lvase \u00a0el expediente al Ministerio de Justicia para los tr\u00e1mites \u00a0subsiguientes se\u00f1alados en la ley. \u00a0<\/p>\n<p>EYDER \u00a0PATI\u00d1O CABRERA \u00a0<\/p>\n<p>Magistrado \u00a0<\/p>\n<p>JOS\u00c9 \u00a0FRANCISCO ACU\u00d1A VIZCAYA \u00a0<\/p>\n<p>Magistrado \u00a0<\/p>\n<p>JOS\u00c9 \u00a0LUIS BARCEL\u00d3 CAMACHO \u00a0<\/p>\n<p>Magistrado \u00a0<\/p>\n<p>EUGENIO \u00a0FERN\u00c1NDEZ CARLIER \u00a0<\/p>\n<p>Magistrado \u00a0<\/p>\n<p>LUIS \u00a0ANTONIO HERN\u00c1NDEZ BARBOSA \u00a0<\/p>\n<p>Magistrado \u00a0<\/p>\n<p>PATRICIA \u00a0SALAZAR CU\u00c9LLAR \u00a0<\/p>\n<p>Magistrada \u00a0<\/p>\n<p>LUIS \u00a0GUILLERMO SALAZAR OTERO \u00a0<\/p>\n<p>Magistrado \u00a0<\/p>\n<p>NUBIA \u00a0YOLANDA NOVA GARC\u00cdA \u00a0<\/p>\n<p>Secretaria \u00a0<\/p>\n<p>1 \u00a0 \u00a0 \u00a0 \u00a0 \u00a0Folio. \u00a0 \u00a0 \u00a0 \u00a0 \u00a054 del Carpeta del Ministerio de Justicia y del Derecho. \u00a0<\/p>\n<p>2 \u00a0 \u00a0 \u00a0 \u00a0 \u00a0Folios. \u00a0 \u00a0 \u00a0 \u00a0 \u00a037-40, ib\u00eddem. \u00a0<\/p>\n<p>3 \u00a0 \u00a0 \u00a0 \u00a0 \u00a0Folios. \u00a0 \u00a0 \u00a0 \u00a0 \u00a070, ib\u00eddem. \u00a0<\/p>\n<p>4 \u00a0 \u00a0 \u00a0 \u00a0 \u00a0Folios. \u00a0 \u00a0 \u00a0 \u00a0 \u00a074-77, \u00a0 \u00a0 \u00a0 \u00a0 \u00a0ib\u00eddem. \u00a0<\/p>\n<p>5 \u00a0 \u00a0 \u00a0 \u00a0 \u00a0Folios. \u00a0 \u00a0 \u00a0 \u00a0 \u00a078-81, ib\u00eddem. \u00a0<\/p>\n<p>6 \u00a0 \u00a0 \u00a0 \u00a0 \u00a0Folios. 82-96, 104-117 \u00a0 \u00a0 \u00a0 \u00a0 \u00a0y 123-127 ib\u00eddem. \u00a0<\/p>\n<p>7 \u00a0 \u00a0 \u00a0 \u00a0 \u00a0Folio. \u00a0 \u00a0 \u00a0 \u00a0 \u00a068, ib\u00eddem. \u00a0<\/p>\n<p>8 \u00a0 \u00a0 \u00a0 \u00a0 \u00a0 Folio 1, Cuaderno de la \u00a0 \u00a0 \u00a0 \u00a0 \u00a0Corte. \u00a0<\/p>\n<p>9 \u00a0 \u00a0 \u00a0 \u00a0 \u00a0Folio. \u00a0 \u00a0 \u00a0 \u00a0 \u00a09, ib\u00eddem. \u00a0<\/p>\n<p>10 \u00a0 \u00a0 \u00a0 \u00a0 \u00a0Folios. 32-42, \u00a0 \u00a0 \u00a0 \u00a0 \u00a0ib\u00eddem. \u00a0<\/p>\n<p>11 \u00a0 \u00a0 \u00a0 \u00a0 \u00a0Fls. \u00a0 \u00a0 \u00a0 \u00a0 \u00a026 a 37, ib\u00eddem. \u00a0<\/p>\n<p>12 \u00a0 \u00a0 \u00a0 \u00a0 \u00a0Folios.43-49. \u00a0<\/p>\n<p>13 \u00a0 \u00a0 \u00a0 \u00a0 \u00a0Cfr. Sentencias C-1106 de 2000; C-740 \u00a0 \u00a0 \u00a0 \u00a0 \u00a0de 2000 y C-780 \u00a0 \u00a0 \u00a0 \u00a0 \u00a0de 2004. \u00a0<\/p>\n<p>14 \u00a0 \u00a0 \u00a0 \u00a0 \u00a0Cfr. \u00a0 \u00a0 \u00a0 \u00a0 \u00a0Sentencia C-740 de 2000 y C-780 \u00a0 \u00a0 \u00a0 \u00a0 \u00a0de 2004. \u00a0<\/p>\n<p>15 \u00a0 \u00a0 \u00a0 \u00a0 \u00a0\u00ab(i) \u00a0 \u00a0 \u00a0 \u00a0 \u00a0el sitio de realizaci\u00f3n de la acci\u00f3n, seg\u00fan el \u00a0 \u00a0 \u00a0 \u00a0 \u00a0cual el hecho se entiende cometido donde se llev\u00f3 a cabo \u00a0 \u00a0 \u00a0 \u00a0 \u00a0total o parcialmente la exteriorizaci\u00f3n de la voluntad; (ii) \u00a0 \u00a0 \u00a0 \u00a0 \u00a0la del resultado, que estima realizado el hecho donde se produjo el \u00a0 \u00a0 \u00a0 \u00a0 \u00a0efecto de la conducta y; (iii) la teor\u00eda mixta o de la \u00a0 \u00a0 \u00a0 \u00a0 \u00a0ubicuidad, que considera cometido el hecho donde se efectu\u00f3 \u00a0 \u00a0 \u00a0 \u00a0 \u00a0la acci\u00f3n de manera total o parcial, como tambi\u00e9n en \u00a0 \u00a0 \u00a0 \u00a0 \u00a0el sitio donde se produjo o debi\u00f3 materializarse el \u00a0 \u00a0 \u00a0 \u00a0 \u00a0resultado\u00bb. Cfr. CSJ CP, 30 enero 2013, rad. 40275, entre \u00a0 \u00a0 \u00a0 \u00a0 \u00a0otras. \u00a0<\/p>\n<p>16 \u00a0 \u00a0 \u00a0 \u00a0 \u00a0Folio. \u00a0 \u00a0 \u00a0 \u00a0 \u00a059, Carpeta del Ministerio de Justicia y del Derecho. \u00a0<\/p>\n<p>17 \u00a0 \u00a0 \u00a0 \u00a0 \u00a0Folio. \u00a0 \u00a0 \u00a0 \u00a0 \u00a08, ib\u00eddem. \u00a0<\/p>\n<p>18 \u00a0 \u00a0 \u00a0 \u00a0 \u00a0Folio. \u00a0 \u00a0 \u00a0 \u00a0 \u00a09, Ib\u00eddem. \u00a0<\/p>\n<p>19 \u00a0 \u00a0 \u00a0 \u00a0 \u00a0Folios. \u00a0 \u00a0 \u00a0 \u00a0 \u00a014 y 15, Ib\u00eddem. \u00a0<\/p>\n<p>20 \u00a0 \u00a0 \u00a0 \u00a0 \u00a0Folios. 174-184 Carpeta \u00a0 \u00a0 \u00a0 \u00a0 \u00a0del Ministerio de Justicia y del Derecho. \u00a0<\/p>\n<p>21 \u00a0 \u00a0 \u00a0 \u00a0 \u00a0Sin la modificaci\u00f3n del art\u00edculo 11 de la Ley 1762 de \u00a0 \u00a0 \u00a0 \u00a0 \u00a02015, por cuanto dicha normativa entr\u00f3 a regir el 6 de julio \u00a0 \u00a0 \u00a0 \u00a0 \u00a0de ese a\u00f1o y en el auto de prisi\u00f3n provisional no se \u00a0 \u00a0 \u00a0 \u00a0 \u00a0especifica si el comportamiento delictivo tuvo lugar con \u00a0 \u00a0 \u00a0 \u00a0 \u00a0posterioridad a esa fecha, s\u00f3lo indica que la requerida \u00a0 \u00a0 \u00a0 \u00a0 \u00a0\u00abten\u00eda \u00a0 \u00a0 \u00a0 \u00a0 \u00a0la intenci\u00f3n de repatriar el dinero recaudado por el supuesto \u00a0 \u00a0 \u00a0 \u00a0 \u00a0tr\u00e1fico de drogas que habr\u00eda realizado en Espa\u00f1a, \u00a0 \u00a0 \u00a0 \u00a0 \u00a0al menos, durante los a\u00f1os 2014 y 2015\u00bb. \u00a0<\/p>\n<p>22 \u00a0 \u00a0 \u00a0 \u00a0 \u00a0Aparte declarado inexequible por la Corte Constitucional mediante \u00a0 \u00a0 \u00a0 \u00a0 \u00a0Sentencia C-191-16 de 20 de abril de 2016. \u00a0<\/p>\n<p>23 \u00a0 \u00a0 \u00a0 \u00a0 \u00a0Modificado \u00a0 \u00a0 \u00a0 \u00a0 \u00a0por las Leyes \u00a0 \u00a0 \u00a0 \u00a0 \u00a0733 de 2002, 890 de 2004 y 1121 de 2006, sin \u00a0 \u00a0 \u00a0 \u00a0 \u00a0la modificaci\u00f3n del art\u00edculo 11 de la Ley 1762 de \u00a0 \u00a0 \u00a0 \u00a0 \u00a02015, por cuanto dicha normativa entr\u00f3 a regir el 6 de julio \u00a0 \u00a0 \u00a0 \u00a0 \u00a0de ese a\u00f1o y en el auto de prisi\u00f3n provisional no se \u00a0 \u00a0 \u00a0 \u00a0 \u00a0especifica si el comportamiento delictivo tuvo lugar con \u00a0 \u00a0 \u00a0 \u00a0 \u00a0posterioridad a esa fecha, s\u00f3lo indica que la requerida \u00a0 \u00a0 \u00a0 \u00a0 \u00a0\u00abten\u00eda \u00a0 \u00a0 \u00a0 \u00a0 \u00a0la intenci\u00f3n de repatriar el dinero recaudado por el supuesto \u00a0 \u00a0 \u00a0 \u00a0 \u00a0tr\u00e1fico de drogas que habr\u00eda realizado en Espa\u00f1a, \u00a0 \u00a0 \u00a0 \u00a0 \u00a0al menos, durante los a\u00f1os 2014 y 2015\u00bb, \u00a0 \u00a0 \u00a0 \u00a0 \u00a0por consiguiente, tampoco aplica la variaci\u00f3n realizada por \u00a0 \u00a0 \u00a0 \u00a0 \u00a0el art\u00edculo 5\u00b0 de la Ley 1908 de 2018. \u00a0<\/p>\n<p>24 \u00a0 \u00a0 \u00a0 \u00a0 \u00a0Aunque \u00a0 \u00a0 \u00a0 \u00a0 \u00a0el m\u00ednimo punitivo se\u00f1alado en el art\u00edculo 301 \u00a0 \u00a0 \u00a0 \u00a0 \u00a0del C\u00f3digo Penal Espa\u00f1ol es de 6 meses, debe tomarse \u00a0 \u00a0 \u00a0 \u00a0 \u00a0en cuenta que a la requerida se le imputa un delito de \u00abblanqueo \u00a0 \u00a0 \u00a0 \u00a0 \u00a0de capitales procedente del narcotr\u00e1fico\u00bb \u00a0 \u00a0 \u00a0 \u00a0 \u00a0con las circunstancias de agravaci\u00f3n previstas en el art\u00edculo \u00a0 \u00a0 \u00a0 \u00a0 \u00a0302 ejusdem. \u00a0 \u00a0 \u00a0 \u00a0 \u00a0En caso de ser condenada, entonces, \u00abLa \u00a0 \u00a0 \u00a0 \u00a0 \u00a0pena se impondr\u00e1 en su mitad superior\u00bb, \u00a0 \u00a0 \u00a0 \u00a0 \u00a0esto es, un m\u00ednimo de 3 a\u00f1os de prisi\u00f3n. \u00a0<\/p>\n<p>25 \u00a0 \u00a0 \u00a0 \u00a0 \u00a0Folio. 17, Cuaderno de la \u00a0 \u00a0 \u00a0 \u00a0 \u00a0Corte. \u00a0<\/p>\n<p>26 \u00a0 \u00a0 \u00a0 \u00a0 \u00a0Folio. 21. \u00a0<\/p>\n<p>27 \u00a0 \u00a0 \u00a0 \u00a0 \u00a0Folio.31, ib\u00eddem. \u00a0 \u00a0 \u00a0<\/p>\n<p><\/p>\n","protected":false},"excerpt":{"rendered":"<p>\u00a0 \u00a0 \u00a0 \u00a0\u00a0 JOS\u00c9 \u00a0FRANCISCO ACU\u00d1A VIZCAYA \u00a0 Magistrado \u00a0Ponente \u00a0 CP022-2019 \u00a0 Radicaci\u00f3n \u00a0No. 53704 \u00a0 (Aprobado \u00a0acta No. 59) \u00a0 Bogot\u00e1 \u00a0D. C., seis (06) de marzo de dos mil diecinueve (2019). \u00a0 VISTOS \u00a0 De \u00a0conformidad con lo dispuesto en el art\u00edculo 501 de la Ley 906 \u00a0de 2004, la Sala [&hellip;]<\/p>\n","protected":false},"author":1,"featured_media":0,"comment_status":"open","ping_status":"open","sticky":false,"template":"","format":"standard","meta":{"footnotes":""},"categories":[28],"tags":[],"class_list":["post-44232","post","type-post","status-publish","format-standard","hentry","category-28"],"_links":{"self":[{"href":"https:\/\/dmsjuridica.com\/buscador_20179478954\/salapenalcronologico20230723\/wp-json\/wp\/v2\/posts\/44232","targetHints":{"allow":["GET"]}}],"collection":[{"href":"https:\/\/dmsjuridica.com\/buscador_20179478954\/salapenalcronologico20230723\/wp-json\/wp\/v2\/posts"}],"about":[{"href":"https:\/\/dmsjuridica.com\/buscador_20179478954\/salapenalcronologico20230723\/wp-json\/wp\/v2\/types\/post"}],"author":[{"embeddable":true,"href":"https:\/\/dmsjuridica.com\/buscador_20179478954\/salapenalcronologico20230723\/wp-json\/wp\/v2\/users\/1"}],"replies":[{"embeddable":true,"href":"https:\/\/dmsjuridica.com\/buscador_20179478954\/salapenalcronologico20230723\/wp-json\/wp\/v2\/comments?post=44232"}],"version-history":[{"count":0,"href":"https:\/\/dmsjuridica.com\/buscador_20179478954\/salapenalcronologico20230723\/wp-json\/wp\/v2\/posts\/44232\/revisions"}],"wp:attachment":[{"href":"https:\/\/dmsjuridica.com\/buscador_20179478954\/salapenalcronologico20230723\/wp-json\/wp\/v2\/media?parent=44232"}],"wp:term":[{"taxonomy":"category","embeddable":true,"href":"https:\/\/dmsjuridica.com\/buscador_20179478954\/salapenalcronologico20230723\/wp-json\/wp\/v2\/categories?post=44232"},{"taxonomy":"post_tag","embeddable":true,"href":"https:\/\/dmsjuridica.com\/buscador_20179478954\/salapenalcronologico20230723\/wp-json\/wp\/v2\/tags?post=44232"}],"curies":[{"name":"wp","href":"https:\/\/api.w.org\/{rel}","templated":true}]}}