{"id":44040,"date":"2023-09-14T21:49:03","date_gmt":"2023-09-14T21:49:03","guid":{"rendered":"https:\/\/dmsjuridica.com\/buscador_20179478954\/salapenalcronologico20230723\/2023\/09\/14\/atp396-2019\/"},"modified":"2023-09-14T21:49:03","modified_gmt":"2023-09-14T21:49:03","slug":"atp396-2019","status":"publish","type":"post","link":"https:\/\/dmsjuridica.com\/buscador_20179478954\/salapenalcronologico20230723\/2023\/09\/14\/atp396-2019\/","title":{"rendered":"ATP396-2019"},"content":{"rendered":"\n<p>\u00a0 \u00a0 \u00a0 \u00a0\u00a0<\/p>\n<p>EUGENIO \u00a0FERN\u00c1NDEZ CARLIER \u00a0<\/p>\n<p>Magistrado \u00a0Ponente \u00a0<\/p>\n<p>ATP396-2019 \u00a0<\/p>\n<p>Radicaci\u00f3n \u00a0n\u00ba 102916 \u00a0<\/p>\n<p>Acta \u00a064 \u00a0<\/p>\n<p>Bogot\u00e1 \u00a0D.C., doce (12) de marzo de dos mil diecinueve (2019). \u00a0<\/p>\n<p>ASUNTO \u00a0<\/p>\n<p>Procede \u00a0la Sala a resolver el impedimento manifestado por la doctora PATRICIA \u00a0SALAZAR CU\u00c9LLAR, \u00a0Magistrada de la Sala de Casaci\u00f3n Penal de esta Colegiatura, \u00a0para conocer de la demanda de tutela presentada por el se\u00f1or \u00a0LUIS CARLOS GARC\u00cdA, \u00a0contra la Unidad de Administraci\u00f3n de Carrera Judicial del \u00a0Consejo Superior de la Judicatura. \u00a0<\/p>\n<p>ANTECEDENTES \u00a0<\/p>\n<p>1. \u00a0LUIS CARLOS GARC\u00cdA \u00a0interpone demanda de tutela contra la Unidad de Administraci\u00f3n \u00a0de Carrera Judicial del Consejo Superior de la Judicatura, con el \u00a0prop\u00f3sito de que le sean amparados sus derechos fundamentales \u00a0de petici\u00f3n, debido proceso, acceso a cargos p\u00fablicos y \u00a0trabajo, teniendo en cuenta lo siguiente: \u00a0<\/p>\n<p>1.1 \u00a0Se inscribi\u00f3 en el concurso de m\u00e9ritos para la \u00a0provisi\u00f3n de cargos de funcionarios de la Rama Judicial \u00a0convocado mediante Acuerdo No. PCSJA18-11077 de 16 de agosto de 2018 \u00a0&#8211; Convocatoria 027 &#8211; para el cargo de Magistrado de la Sala Civil \u00a0Familia. \u00a0<\/p>\n<p>1.2 \u00a0Indic\u00f3 el accionante que los resultados de las pruebas fueron \u00a0publicados a trav\u00e9s de Resoluci\u00f3n CJR18-599 de 28 de \u00a0diciembre de 2018, otorg\u00e1ndose un t\u00e9rmino de 10 d\u00edas \u00a0para la interposici\u00f3n de recursos contra la calificaci\u00f3n \u00a0obtenida. \u00a0<\/p>\n<p>1.3 \u00a0Adujo que, el 18 de enero de 2019, a trav\u00e9s del correo \u00a0electr\u00f3nico carjudcendoj.ramajudicial.gov.co \u00a0present\u00f3 derecho de petici\u00f3n ante la accionada, a \u00a0efectos de que se le \u00abpermitiera \u00a0el acceso, exhibici\u00f3n y consulta al cuadernillo de examen, \u00a0hoja de respuestas del concursante y clave de respuestas (o \u00a0respuestas correctas seg\u00fan el evaluador (\u2026) a fin de \u00a0presentar RECURSO DE REPOSICI\u00d3N contra la Resoluci\u00f3n \u00a0CJR18-559 DE DICIEMBRE 28 DE 2018\u00bb. \u00a0<\/p>\n<p>1.4 \u00a0Sostuvo que, trascurrido el t\u00e9rmino de 10 d\u00edas para dar \u00a0respuesta, la entidad accionada no lo hizo, como tampoco ha ordenado \u00a0la suspensi\u00f3n de los t\u00e9rminos para interponer el \u00a0recurso de reposici\u00f3n contra la calificaci\u00f3n obtenida, \u00a0lo que a su juicio, configura una vulneraci\u00f3n a sus derechos \u00a0fundamentales. \u00a0<\/p>\n<p>2. \u00a0Una \u00a0vez efectuado el reparto, la demanda le correspondi\u00f3 a la \u00a0Magistrada PATRICIA \u00a0SALAZAR CU\u00c9LLAR, \u00a0quien a trav\u00e9s de auto de 4 de febrero de 2019, avoc\u00f3 \u00a0el conocimiento de la presente actuaci\u00f3n y vincul\u00f3 a la \u00a0misma a todos los participantes de la Convocatoria No. 27. \u00a0<\/p>\n<p>3. \u00a0Mediante \u00a0auto de 12 de febrero de 2019, la doctora SALAZAR \u00a0CU\u00c9LLAR \u00a0manifest\u00f3 su impedimento para conocer de esta actuaci\u00f3n \u00a0tutelar de conformidad con la causal primera del art\u00edculo 56 \u00a0de la Ley 906 de 2004, teniendo en cuenta que su hija se present\u00f3 \u00a0para acceder a uno de los empleos de carrera ofertados en el proceso \u00a0de selecci\u00f3n del concurso de m\u00e9ritos para la provisi\u00f3n \u00a0de los cargos de funcionarios de la Rama Judicial, convocado por la \u00a0Unidad de Carrera Judicial de la Rama Judicial \u2013 Convocatoria \u00a0No. 027 -, fundamentando el mismo en que \u00abla \u00a0condici\u00f3n de participante en el concurso de m\u00e9ritos de \u00a0mi hija, podr\u00eda despertar en el accionante y otros ciudadanos, \u00a0recelos infundados e innecesarios sobre mi ponderaci\u00f3n e \u00a0imparcialidad en el presente caso\u00bb. \u00a0<\/p>\n<p>4. \u00a0A \u00a0trav\u00e9s de auto de 19 de febrero de 2019, no se acept\u00f3 \u00a0el \u00a0impedimento manifestado por la doctora PATRICIA \u00a0SALAZAR CU\u00c9LLAR, \u00a0integrante de esta Sala de Decisi\u00f3n de Tutelas, para \u00a0conocer del amparo deprecado por el se\u00f1or \u00a0LUIS CARLOS GARC\u00cdA, \u00a0ya que no se evidenci\u00f3 el inter\u00e9s que en este caso \u00a0pueda tener su descendiente, quien particip\u00f3 en la \u00a0Convocatoria No. 27, pues lo que se debate tiene como fundamento la \u00a0ausencia de respuesta a un derecho de petici\u00f3n por parte de la \u00a0entidad accionada. \u00a0<\/p>\n<p>5. \u00a0Como \u00a0consecuencia de lo anterior, el 26 de febrero de 2019, la Magistrada \u00a0PATRICIA \u00a0SALAZAR CU\u00c9LLAR nuevamente \u00a0avoc\u00f3 el conocimiento de la presente actuaci\u00f3n y \u00a0vincul\u00f3 a la misma a todos los participantes de la \u00a0Convocatoria No. 27. \u00a0<\/p>\n<p>MANIFESTACI\u00d3N \u00a0DE IMPEDIMENTO \u00a0<\/p>\n<p>Una \u00a0vez notificado el auto que avoc\u00f3 el conocimiento de la acci\u00f3n \u00a0de tutela presentada por el se\u00f1or \u00a0LUIS CARLOS GARC\u00cdA, \u00a0la Magistrada PATRICIA \u00a0SALAZAR CU\u00c9LLAR, \u00a0a trav\u00e9s de auto de 5 de marzo de 2019, manifest\u00f3 su \u00a0impedimento para conocer de la misma de conformidad con lo dispuesto \u00a0en el art\u00edculo 39 del Decreto 2591 de 1991 y en la causal \u00a0primera del art\u00edculo 56 de la Ley 906 de 2004, teniendo en \u00a0cuenta que su hija no s\u00f3lo se present\u00f3 para acceder a \u00a0uno de los empleos de carrera ofertados en el proceso de selecci\u00f3n \u00a0del concurso de m\u00e9ritos para la provisi\u00f3n de los cargos \u00a0de funcionarios de la Rama Judicial, convocado por la Unidad de \u00a0Carrera Judicial de la Rama Judicial \u2013 Convocatoria No. 027 -, \u00a0sino adicionalmente, fue vinculada al contradictorio en la presente \u00a0actuaci\u00f3n, por el inter\u00e9s que le puede asistir frente a \u00a0las pretensiones del demandante. \u00a0<\/p>\n<p>Circunstancias \u00a0anteriores que, en criterio de la doctora SALAZAR \u00a0CU\u00c9LLAR \u00abpodr\u00edan \u00a0despertar en el accionante, y en otros ciudadanos, recelos infundados \u00a0e innecesarios sobre mi ponderaci\u00f3n e imparcialidad para \u00a0participar en la decisi\u00f3n que se adopte en el presente caso\u00bb. \u00a0<\/p>\n<p>CONSIDERACIONES \u00a0<\/p>\n<p>1. \u00a0En \u00a0el ordenamiento jur\u00eddico vigente tiene especial importancia el \u00a0instituto de los impedimentos en la medida en que se erige como una \u00a0garant\u00eda que les brinda seguridad a los ciudadanos que acuden \u00a0a los estrados judiciales acerca de la imparcialidad e independencia \u00a0de los funcionarios que conocen de los asuntos en los cuales se \u00a0encuentran involucrados. \u00a0<\/p>\n<p>Correlativa \u00a0con esa garant\u00eda, la ley ha establecido el deber de los \u00a0funcionarios judiciales de manifestar la concurrencia de algunos de \u00a0los supuestos de hecho que el legislador ha establecido taxativamente \u00a0como motivos de impedimento para que un juez pueda intervenir en un \u00a0espec\u00edfico asunto. \u00a0<\/p>\n<p>2. \u00a0En el asunto sometido a estudio, la circunstancia impeditiva a la que \u00a0alude la Magistrada PATRICIA \u00a0SALAZAR CU\u00c9LLAR \u00a0para inhibirse del conocimiento de la acci\u00f3n de tutela \u00a0promovida por \u00a0LUIS CARLOS GARC\u00cdA, \u00a0en contra de la Unidad de Administraci\u00f3n de Carrera Judicial \u00a0del Consejo Superior de la Judicatura, es la establecida en el \u00a0numeral 1\u00ba del art\u00edculo 56 de la Ley 906 de 2004, que \u00a0dispone como causal de impedimento \u00abque \u00a0su c\u00f3nyuge o compa\u00f1ero o compa\u00f1era permanente o \u00a0alg\u00fan pariente suyo dentro del cuarto grado de consanguinidad \u00a0o civil, \u00a0o segundo de afinidad, tenga \u00a0inter\u00e9s en la actuaci\u00f3n procesal\u00bb \u00a0(negrillas \u00a0fuera de texto). \u00a0<\/p>\n<p>3. \u00a0Descendiendo \u00a0al asunto en concreto, desde ya se advierte que se admitir\u00e1 el \u00a0impedimento manifestado por la doctora PATRICIA \u00a0SALAZAR CU\u00c9LLAR, \u00a0integrante de esta Sala de Decisi\u00f3n de Tutelas, para \u00a0conocer del amparo deprecado por el se\u00f1or \u00a0LUIS CARLOS GARC\u00cdA, \u00a0teniendo en cuenta que se evidencia el inter\u00e9s que en este \u00a0caso pueda tener su descendiente, quien particip\u00f3 en la \u00a0Convocatoria No. 27 y, adem\u00e1s, fue vinculada al presente \u00a0tr\u00e1mite tutelar, circunstancia \u00a0actual, cierta y concreta, que podr\u00eda, potencialmente, \u00a0comprometer su imparcialidad y ecuanimidad para conocerla. \u00a0<\/p>\n<p>En \u00a0tales condiciones y como quiera que en este asunto concurre la causal \u00a0de impedimento invocada por la Magistrada PATRICIA \u00a0SALAZAR CU\u00c9LLAR, \u00a0se aceptar\u00e1 la misma y \u00a0se proceder\u00e1 a apartarla del presente tr\u00e1mite. \u00a0<\/p>\n<p>En \u00a0m\u00e9rito de lo expuesto, la Sala de Casaci\u00f3n Penal de la \u00a0Corte Suprema de Justicia, en Sala de Decisi\u00f3n de Tutelas No. \u00a03, \u00a0<\/p>\n<p>RESUELVE \u00a0<\/p>\n<p>DECLARAR \u00a0FUNDADO el \u00a0impedimento manifestado por \u00a0la Magistrada PATRICIA SALAZAR CU\u00c9LLAR para conocer de la \u00a0demanda de tutela presentada por LUIS \u00a0CARLOS GARC\u00cdA \u00a0contra la Unidad de Administraci\u00f3n de Carrera Judicial del \u00a0Consejo Superior de la Judicatura, apart\u00e1ndola \u00a0del conocimiento de este asunto, de \u00a0conformidad con la motivaci\u00f3n que antecede. \u00a0<\/p>\n<p>Contra \u00a0esta providencia no procede recurso alguno. \u00a0<\/p>\n<p>C\u00daMPLASE \u00a0<\/p>\n<p>JOS\u00c9 \u00a0FRANCISCO ACU\u00d1A VIZCAYA \u00a0<\/p>\n<p>EUGENIO \u00a0FERN\u00c1NDEZ CARLIER \u00a0<\/p>\n<p>NUBIA \u00a0YOLANDA NOVA GARC\u00cdA \u00a0<\/p>\n<p>Secretaria \u00a0<\/p>\n<p>\u00a0 \u00a0 \u00a0\u00a0<\/p>\n<p><\/p>\n","protected":false},"excerpt":{"rendered":"<p>\u00a0 \u00a0 \u00a0 \u00a0\u00a0 EUGENIO \u00a0FERN\u00c1NDEZ CARLIER \u00a0 Magistrado \u00a0Ponente \u00a0 ATP396-2019 \u00a0 Radicaci\u00f3n \u00a0n\u00ba 102916 \u00a0 Acta \u00a064 \u00a0 Bogot\u00e1 \u00a0D.C., doce (12) de marzo de dos mil diecinueve (2019). \u00a0 ASUNTO \u00a0 Procede \u00a0la Sala a resolver el impedimento manifestado por la doctora PATRICIA \u00a0SALAZAR CU\u00c9LLAR, \u00a0Magistrada de la Sala de Casaci\u00f3n Penal [&hellip;]<\/p>\n","protected":false},"author":1,"featured_media":0,"comment_status":"open","ping_status":"open","sticky":false,"template":"","format":"standard","meta":{"footnotes":""},"categories":[28],"tags":[],"class_list":["post-44040","post","type-post","status-publish","format-standard","hentry","category-28"],"_links":{"self":[{"href":"https:\/\/dmsjuridica.com\/buscador_20179478954\/salapenalcronologico20230723\/wp-json\/wp\/v2\/posts\/44040","targetHints":{"allow":["GET"]}}],"collection":[{"href":"https:\/\/dmsjuridica.com\/buscador_20179478954\/salapenalcronologico20230723\/wp-json\/wp\/v2\/posts"}],"about":[{"href":"https:\/\/dmsjuridica.com\/buscador_20179478954\/salapenalcronologico20230723\/wp-json\/wp\/v2\/types\/post"}],"author":[{"embeddable":true,"href":"https:\/\/dmsjuridica.com\/buscador_20179478954\/salapenalcronologico20230723\/wp-json\/wp\/v2\/users\/1"}],"replies":[{"embeddable":true,"href":"https:\/\/dmsjuridica.com\/buscador_20179478954\/salapenalcronologico20230723\/wp-json\/wp\/v2\/comments?post=44040"}],"version-history":[{"count":0,"href":"https:\/\/dmsjuridica.com\/buscador_20179478954\/salapenalcronologico20230723\/wp-json\/wp\/v2\/posts\/44040\/revisions"}],"wp:attachment":[{"href":"https:\/\/dmsjuridica.com\/buscador_20179478954\/salapenalcronologico20230723\/wp-json\/wp\/v2\/media?parent=44040"}],"wp:term":[{"taxonomy":"category","embeddable":true,"href":"https:\/\/dmsjuridica.com\/buscador_20179478954\/salapenalcronologico20230723\/wp-json\/wp\/v2\/categories?post=44040"},{"taxonomy":"post_tag","embeddable":true,"href":"https:\/\/dmsjuridica.com\/buscador_20179478954\/salapenalcronologico20230723\/wp-json\/wp\/v2\/tags?post=44040"}],"curies":[{"name":"wp","href":"https:\/\/api.w.org\/{rel}","templated":true}]}}