{"id":44005,"date":"2023-09-14T21:47:23","date_gmt":"2023-09-14T21:47:23","guid":{"rendered":"https:\/\/dmsjuridica.com\/buscador_20179478954\/salapenalcronologico20230723\/2023\/09\/14\/atp279-2019\/"},"modified":"2023-09-14T21:47:23","modified_gmt":"2023-09-14T21:47:23","slug":"atp279-2019","status":"publish","type":"post","link":"https:\/\/dmsjuridica.com\/buscador_20179478954\/salapenalcronologico20230723\/2023\/09\/14\/atp279-2019\/","title":{"rendered":"ATP279-2019"},"content":{"rendered":"\n<p>\u00a0 \u00a0 \u00a0 \u00a0\u00a0<\/p>\n<p>LUIS GUILLERMO \u00a0SALAZAR OTERO \u00a0<\/p>\n<p>Magistrado \u00a0Ponente \u00a0<\/p>\n<p>ATP279-2019 \u00a0<\/p>\n<p>Radicaci\u00f3n \u00a0N\u00b0 103292 \u00a0<\/p>\n<p>Acta \u00a049 \u00a0<\/p>\n<p>Bogot\u00e1, \u00a0D.C., veintiuno (21) de febrero de dos mil diecinueve (2019). \u00a0<\/p>\n<p>ASUNTO \u00a0<\/p>\n<p>Se \u00a0pronuncia la Sala sobre la admisi\u00f3n de la demanda de tutela \u00a0que presenta el abogado Javier Vargas Moncalejo en representaci\u00f3n \u00a0de Magola Esther Salas Salamanca, por la presunta vulneraci\u00f3n \u00a0de derechos fundamentales al debido proceso, seguridad social y \u00a0protecci\u00f3n a la tercera edad. \u00a0<\/p>\n<p>ANTECEDENTES \u00a0<\/p>\n<p>Expone \u00a0el apoderado que la Sala de Casaci\u00f3n Laboral de la Corte \u00a0Suprema de Justicia, la Sala Laboral del Tribunal Superior del \u00a0Distrito Judicial de Riohacha y los Juzgados Promiscuo de Familia y \u00a0\u00abSegundo \u00a0Municipal (sic)\u00bb \u00a0de Maicao, han incurrido en v\u00edas de hecho al negar el \u00a0reconocimiento de pensi\u00f3n de sobreviviente a la se\u00f1ora \u00a0Magola Esther Salas Salamanca. \u00a0<\/p>\n<p>CONSIDERACIONES \u00a0<\/p>\n<p>1. \u00a0Ser\u00eda del caso admitir y dar curso a la demanda de tutela \u00a0presentada, sino fuera porque el actor no acredita poder especial que \u00a0legitime su actuar. \u00a0<\/p>\n<p>2. \u00a0De todos sabido es, que la acci\u00f3n de tutela carece de \u00a0formalidad cuando se trata de invocar ante el juez constitucional el \u00a0amparo de los derechos fundamentales propios y presuntamente \u00a0vulnerados; sin embargo, la situaci\u00f3n var\u00eda \u00a0ostensiblemente ante determinadas circunstancias, esto es, cuando se \u00a0act\u00faa a nombre de otro; eventualidad ante la cual convergen \u00a0ciertas exigencias que se demandan para habilitar su accionar. \u00a0<\/p>\n<p>2.1. \u00a0Para el efecto el art\u00edculo 10 del Decreto 2591 de 1991 se\u00f1ala: \u00a0<\/p>\n<p>\u201c&#8230;Legitimidad \u00a0e inter\u00e9s. La acci\u00f3n de tutela podr\u00e1 ser \u00a0ejercida, en todo momento y lugar, por cualquiera persona vulnerada o \u00a0amenazada en uno de sus derechos fundamentales, quien actuar\u00e1 \u00a0por s\u00ed misma o a trav\u00e9s de representante. Los poderes \u00a0se presumir\u00e1n aut\u00e9nticos. \u00a0<\/p>\n<p>Tambi\u00e9n \u00a0se puede agenciar derechos ajenos cuando el titular de los mismos no \u00a0est\u00e9 en condiciones de promover su propia defensa. Cuando tal \u00a0circunstancia ocurra, deber\u00e1 manifestarse en la solicitud. \u00a0<\/p>\n<p>Tambi\u00e9n \u00a0podr\u00e1n ejercerla el Defensor del Pueblo y los personeros \u00a0municipales.\u201d \u00a0<\/p>\n<p>De la lectura \u00a0exacta del articulado se puede establecer: \u00a0<\/p>\n<p>i) \u00a0Que la norma legitima para que incoe la acci\u00f3n de amparo, \u00a0solamente a la \u201cpersona \u00a0vulnerada o amenazada en uno de sus derechos fundamentales\u201d, \u00a0quien puede hacerlo de manera directa o por medio de representante, \u00a0bien que \u00e9ste sea judicial o un agente \u00a0oficioso. \u00a0<\/p>\n<p>ii) \u00a0Si se trata de representante \u00a0judicial, \u00a0que obviamente ha de ser un profesional del derecho, surge la \u00a0obligaci\u00f3n de demostrar la existencia del correspondiente \u00a0mandato, en la medida en que por tratarse de derechos fundamentales \u00a0se requiere de poder \u00a0especial. \u00a0<\/p>\n<p>iii) \u00a0Y en el evento que se act\u00fae como agente \u00a0oficioso, \u00a0adem\u00e1s de manifestar tal circunstancia en la solicitud, debe \u00a0acreditarse la indefensi\u00f3n del titular de las garant\u00edas \u00a0cuya tutela se demanda. \u00a0<\/p>\n<p>3. \u00a0En el asunto objeto de examen, advierte la Sala que el abogado Javier \u00a0Vargas Moncalejo carece de poder especial para actuar en \u00a0representaci\u00f3n de su poderdante, pues el anexado, adem\u00e1s \u00a0de ser fotocopia simple y carecer de presentaci\u00f3n personal, \u00a0fue otorgado para adelantar gestiones de solicitud de pensi\u00f3n \u00a0de sobreviviente ante la Unidad de Gesti\u00f3n Pensional y de \u00a0Parafiscales, y no para el diligenciamiento de la presente acci\u00f3n \u00a0constitucional. \u00a0<\/p>\n<p>As\u00ed, \u00a0emerge claro que la sola circunstancia de anunciar derechos \u00a0fundamentales presuntamente vulnerados no es m\u00e1s que una \u00a0simple invocaci\u00f3n la cual de manera alguna lo habilita per \u00a0se \u00a0para acudir por v\u00eda de tutela a obtener la protecci\u00f3n \u00a0de los intereses de Magola Esther Salas Salamanca, quien es en \u00a0\u00faltimas la titular. \u00a0<\/p>\n<p>Por \u00a0ello, al \u00a0carecer el demandante de legitimaci\u00f3n por activa para incoar \u00a0la tutela debe procederse al rechazo del libelo y a su consecuente \u00a0devoluci\u00f3n al signatario. \u00a0<\/p>\n<p>En m\u00e9rito \u00a0de lo expuesto, la \u00a0Corte Suprema de Justicia, Sala de Casaci\u00f3n Penal, \u00a0<\/p>\n<p>RESUELVE \u00a0<\/p>\n<p>Primero-. \u00a0RECHAZAR la \u00a0demanda de tutela formulada \u00a0por Javier Vargas Moncalejo como apoderado judicial de Magola Esther \u00a0Salas Salamanca. \u00a0<\/p>\n<p>En \u00a0consecuencia, devu\u00e9lvasele al demandante el correspondiente \u00a0libelo. \u00a0<\/p>\n<p>NOTIF\u00cdQUESE \u00a0Y C\u00daMPLASE \u00a0<\/p>\n<p>LUIS GUILLERMO \u00a0SALAZAR OTERO \u00a0<\/p>\n<p>EYDER PATI\u00d1O \u00a0CABRERA \u00a0<\/p>\n<p>Nubia Yolanda Nova \u00a0Garc\u00eda \u00a0<\/p>\n<p>Secretaria \u00a0<\/p>\n<p>\u00a0 \u00a0 \u00a0\u00a0<\/p>\n<p><\/p>\n","protected":false},"excerpt":{"rendered":"<p>\u00a0 \u00a0 \u00a0 \u00a0\u00a0 LUIS GUILLERMO \u00a0SALAZAR OTERO \u00a0 Magistrado \u00a0Ponente \u00a0 ATP279-2019 \u00a0 Radicaci\u00f3n \u00a0N\u00b0 103292 \u00a0 Acta \u00a049 \u00a0 Bogot\u00e1, \u00a0D.C., veintiuno (21) de febrero de dos mil diecinueve (2019). \u00a0 ASUNTO \u00a0 Se \u00a0pronuncia la Sala sobre la admisi\u00f3n de la demanda de tutela \u00a0que presenta el abogado Javier Vargas Moncalejo en [&hellip;]<\/p>\n","protected":false},"author":1,"featured_media":0,"comment_status":"open","ping_status":"open","sticky":false,"template":"","format":"standard","meta":{"footnotes":""},"categories":[28],"tags":[],"class_list":["post-44005","post","type-post","status-publish","format-standard","hentry","category-28"],"_links":{"self":[{"href":"https:\/\/dmsjuridica.com\/buscador_20179478954\/salapenalcronologico20230723\/wp-json\/wp\/v2\/posts\/44005","targetHints":{"allow":["GET"]}}],"collection":[{"href":"https:\/\/dmsjuridica.com\/buscador_20179478954\/salapenalcronologico20230723\/wp-json\/wp\/v2\/posts"}],"about":[{"href":"https:\/\/dmsjuridica.com\/buscador_20179478954\/salapenalcronologico20230723\/wp-json\/wp\/v2\/types\/post"}],"author":[{"embeddable":true,"href":"https:\/\/dmsjuridica.com\/buscador_20179478954\/salapenalcronologico20230723\/wp-json\/wp\/v2\/users\/1"}],"replies":[{"embeddable":true,"href":"https:\/\/dmsjuridica.com\/buscador_20179478954\/salapenalcronologico20230723\/wp-json\/wp\/v2\/comments?post=44005"}],"version-history":[{"count":0,"href":"https:\/\/dmsjuridica.com\/buscador_20179478954\/salapenalcronologico20230723\/wp-json\/wp\/v2\/posts\/44005\/revisions"}],"wp:attachment":[{"href":"https:\/\/dmsjuridica.com\/buscador_20179478954\/salapenalcronologico20230723\/wp-json\/wp\/v2\/media?parent=44005"}],"wp:term":[{"taxonomy":"category","embeddable":true,"href":"https:\/\/dmsjuridica.com\/buscador_20179478954\/salapenalcronologico20230723\/wp-json\/wp\/v2\/categories?post=44005"},{"taxonomy":"post_tag","embeddable":true,"href":"https:\/\/dmsjuridica.com\/buscador_20179478954\/salapenalcronologico20230723\/wp-json\/wp\/v2\/tags?post=44005"}],"curies":[{"name":"wp","href":"https:\/\/api.w.org\/{rel}","templated":true}]}}