{"id":43973,"date":"2023-09-14T21:49:01","date_gmt":"2023-09-14T21:49:01","guid":{"rendered":"https:\/\/dmsjuridica.com\/buscador_20179478954\/salapenalcronologico20230723\/2023\/09\/14\/atp2033-2019_1\/"},"modified":"2023-09-14T21:49:01","modified_gmt":"2023-09-14T21:49:01","slug":"atp2033-2019_1","status":"publish","type":"post","link":"https:\/\/dmsjuridica.com\/buscador_20179478954\/salapenalcronologico20230723\/2023\/09\/14\/atp2033-2019_1\/","title":{"rendered":"ATP2033-2019_1"},"content":{"rendered":"\n<p>\u00a0 \u00a0 \u00a0 \u00a0 \u00a0\u00a0<\/p>\n<p>Eyder \u00a0Pati\u00f1o Cabrera \u00a0<\/p>\n<p>Magistrado \u00a0Ponente \u00a0<\/p>\n<p>ATP2033-2019 \u00a0<\/p>\n<p>Radicaci\u00f3n \u00a0n.\u00b0 \u00a0108456 \u00a0<\/p>\n<p>(Aprobado \u00a0Acta n.\u00b0 332) \u00a0<\/p>\n<p>Bogot\u00e1, \u00a0D.C., doce (12) de diciembre de dos mil diecinueve (2019). \u00a0<\/p>\n<p>ASUNTO \u00a0<\/p>\n<p>Se \u00a0resuelve la consulta \u00a0de la providencia proferida el 21 de noviembre de 2019, en virtud de \u00a0la cual la Sala Penal del Tribunal Superior de Barranquilla dispuso \u00a0sancionar a las Directoras de la Penitenciar\u00eda \u00abEl \u00a0Bosque\u00bb de esa ciudad y Regional Norte del Instituto Nacional \u00a0Penitenciario y Carcelario [INPEC], \u00a0con \u00a01 d\u00eda de arresto y multa de 1 salario m\u00ednimo legal \u00a0mensual vigente, dentro del incidente de desacato promovido por \u00a0Ovilson \u00a0Ortega Ar\u00e9valo. \u00a0<\/p>\n<p>ANTECEDENTES \u00a0<\/p>\n<p>\u00a0 \u00a0\u00a0 \u00a0 \u00a0 \u00a0 \u00a0<\/p>\n<p>1. Hechos y \u00a0 \u00a0 \u00a0 \u00a0 \u00a0fundamentos de la acci\u00f3n \u00a0<\/p>\n<p>1.1. \u00a0Mediante fallo de tutela del 24 de septiembre de 20191, \u00a0la Sala Penal del Tribunal Superior de Barranquilla ampar\u00f3 los \u00a0derechos a la salud y a la vida en condiciones dignas de Ovilson \u00a0Ortega Ar\u00e9valo \u00a0por hechos y fundamentos que en el mismo prove\u00eddo fueron \u00a0resumidos as\u00ed: \u00a0<\/p>\n<p>[\u2026] \u00a0Manifiesta \u00a0el accionante que se encuentra recluido en el Establecimiento \u00a0Penitenciario y Carcelario de Mediana de Seguridad \u201cEl Bosque\u201d \u00a0de Barranquilla, con 48 a\u00f1os edad y padece de amigdalitis \u00a0estreptoc\u00f3cica, con antecedente de infarto, diabetes, \u00a0ansiedad, depresi\u00f3n, artritis gotosa, encontr\u00e1ndose en \u00a0la actualidad con controles peri\u00f3dicos en citas de control y \u00a0con especialistas. \u00a0<\/p>\n<p>Anota \u00a0que le fue asignada cita m\u00e9dica para el 10 de septiembre de \u00a02019 con el Dr. Carlos Jos\u00e9 Bula Guti\u00e9rrez de la IPS \u00a0Centro de Atenci\u00f3n Pulmonar CAP Ltda, por lo cual solicit\u00f3 \u00a0de manera verbal su traslado a las personas encargadas de la \u00a0seguridad en el centro de reclusi\u00f3n para asistir a la cita \u00a0mencionada, quienes manifestaron que no ser\u00eda trasladado. \u00a0Tambi\u00e9n solicit\u00f3 el 6 de septiembre de 2019 al Juzgado \u00a05\u00ba de Ejecuci\u00f3n de Penas y Medidas de Seguridad el \u00a0traslado a la cita mencionada. \u00a0<\/p>\n<p>En consecuencia, \u00a0el fallador orden\u00f3: \u00a0<\/p>\n<p>[\u2026] \u00a0al \u00a0Establecimiento Penitenciario y Carcelario de Mediana Seguridad \u201cEl \u00a0Bosque\u201d de Barranquilla que dentro de los cinco (5) d\u00edas \u00a0siguientes a la notificaci\u00f3n de la presente sentencia, \u00a0procedan a tomar todas las medidas necesarias ante la EPS Sanitas y \u00a0la IPS Centro de Atenci\u00f3n Pulmonar CAP Ltda para que se \u00a0identifique cu\u00e1l es el procedimiento m\u00e9dico que se le \u00a0debe practicar al se\u00f1or Ovilson Ortega Ar\u00e9valo y \u00a0coordinar las fechas de cada una de las citas m\u00e9dicas \u00a0programadas. Igualmente se ORDENA \u00a0al \u00a0Instituto Nacional Penitenciario INPEC que, una vez determinado por \u00a0la autoridad m\u00e9dica cu\u00e1l es el tratamiento que se le \u00a0debe dar al interno, adopte todas las medidas necesarias para que ese \u00a0tratamiento se lleve a cabo, incluyendo los desplazamiento fuera del \u00a0centro carcelario, previa adopci\u00f3n de los protocolos y \u00a0dispositivos de seguridad a que haya lugar, absteni\u00e9ndose de \u00a0realizar cualquier acto u omisi\u00f3n que dificulte la obtenci\u00f3n \u00a0de la atenci\u00f3n m\u00e9dica correspondiente. \u00a0<\/p>\n<p>1.2. \u00a0Ortega \u00a0Ar\u00e9valo promovi\u00f3 \u00a0incidente de desacato, por cuanto, vencido el t\u00e9rmino para el \u00a0acatamiento de la orden de tutela, la entidad demandada no ha \u00a0cumplido la sentencia. \u00a0<\/p>\n<p>TRAMITE DEL \u00a0INCIDENTE \u00a0<\/p>\n<p>1. Mediante \u00a0auto del 25 de octubre de 20192 \u00a0la \u00a0Sala Penal del Tribunal Superior de Barranquilla dispuso \u00a0iniciar el \u00a0incidente \u00a0de desacato \u00a0en contra de las Directoras de la Penitenciar\u00eda \u201cEl \u00a0Bosque\u201d de esa ciudad y la Regional Norte del Instituto \u00a0Nacional Penitenciario [INPEC], ordenando \u00a0correr traslado del escrito presentado por el \u00a0accionante y concedi\u00e9ndole un t\u00e9rmino de tres d\u00edas \u00a0para que en su contestaci\u00f3n solicite las pruebas que estime \u00a0necesarias para acreditar el cumplimiento del \u00a0fallo. \u00a0<\/p>\n<p>Las \u00a0incidentadas expusieron las diferentes remisiones que han efectuado \u00a0para que Ovilson \u00a0Ortega Ar\u00e9valo \u00a0a las citas m\u00e9dicas sin demostrar que las mismas se realizaron \u00a0luego de proferida la providencia constitucional cuyo incumplimiento \u00a0se alega. \u00a0<\/p>\n<p>LA \u00a0DECISI\u00d3N MATERIA DE CONSULTA \u00a0<\/p>\n<p>El \u00a0Tribunal Superior de Barranquilla sancion\u00f3 a las incidentadas \u00a0con \u00a01 d\u00eda de arresto y multa de 1 salario m\u00ednimo legal \u00a0mensual vigente, \u00a0al estimar que, a pesar de los traslados y plazos que se han \u00a0concedido, no ha sido posible que cumplan la orden impartida en el \u00a0fallo del 24 de septiembre de 2019. \u00a0<\/p>\n<p>INTERVENCI\u00d3N \u00a0DE LA SANCIONADO \u00a0<\/p>\n<p>La \u00a0Directora Regional Norte del INPEC solicit\u00f3 abstenerse de \u00a0imponer la sanci\u00f3n, toda vez que la orden emitida por el juez \u00a0constitucional ha sido cumplida. \u00a0<\/p>\n<p>Refiri\u00f3 \u00a0que en varias oportunidades ha dado instrucciones a la Penitenciar\u00eda \u00a0\u00abEl Bosque\u00bb de la capital del Atl\u00e1ntico, con el \u00a0prop\u00f3sito de que la parte accionante sea trasladada \u00a0oportunamente a sus citas m\u00e9dicas ordenadas por sus galenos \u00a0tratantes. Indic\u00f3 que Ovilson \u00a0Ortega Ar\u00e9valo \u00a0sido valorado por los especialistas en Urolog\u00eda, medicina \u00a0general PyP, nefrolog\u00eda, neumolog\u00eda, estando pendiente \u00a0la cita de cardiolog\u00eda programada para el 20 de diciembre de \u00a02019. \u00a0<\/p>\n<p>CONSIDERACIONES \u00a0<\/p>\n<p>1. \u00a0De conformidad con las disposiciones del art\u00edculo \u00a052 del Decreto 2591 de 1991, \u00a0esta Sala es \u00a0competente para \u00a0pronunciarse en \u00a0grado de consulta. \u00a0<\/p>\n<p>2. \u00a0El incidente de desacato es el mecanismo a trav\u00e9s del cual se \u00a0impone una sanci\u00f3n a la autoridad p\u00fablica o al \u00a0particular que se sustrae al cumplimiento de una orden contenida en \u00a0un fallo de tutela que lo vincula. Al respecto, la Corte \u00a0Constitucional, en sentencia CC T-421-2003, dijo: \u00a0<\/p>\n<p>[\u2026] \u00a0En \u00a0el evento de presentarse el desconocimiento de una orden proferida \u00a0por el juez constitucional, el sistema jur\u00eddico tiene prevista \u00a0una oportunidad y una v\u00eda procesal espec\u00edfica, con el \u00a0fin de obtener que las sentencias de tutela se cumplan y, para que en \u00a0caso de no ser obedecidas, se impongan sanciones que pueden ser \u00a0pecuniarias o privativas de la libertad, de conformidad con lo \u00a0dispuesto por los art\u00edculos 52 y 53 del Decreto 2591 de 1991. \u00a0<\/p>\n<p>Resulta \u00a0entonces, que la figura jur\u00eddica del desacato, se traduce en \u00a0una medida de car\u00e1cter coercitivo y sancionatorio con que \u00a0cuenta el juez de conocimiento de la tutela, en ejercicio de su \u00a0potestad disciplinaria, para sancionar con arresto y multa, a quien \u00a0desatienda las \u00f3rdenes o resoluciones judiciales que se han \u00a0expedido para hacer efectiva la protecci\u00f3n de derechos \u00a0fundamentales, a favor de quien o quienes han solicitado su amparo. \u00a0<\/p>\n<p>En caso de \u00a0incumplimiento de una sentencia de tutela, el afectado tiene la \u00a0posibilidad de lograr su cumplimiento mediante un incidente de \u00a0desacato, dentro del cual el juez debe establecer objetivamente que \u00a0el fallo o la sentencia de tutela no se ha cumplido, o se ha cumplido \u00a0de manera meramente parcial, o se ha tergiversado, en consecuencia, \u00a0debe proceder a imponer la sanci\u00f3n que corresponda, con el \u00a0fin, como se ha dicho, de restaurar el orden constitucional \u00a0quebrantado. Ese es el objeto del procedimiento incidental, por ello, \u00a0no se puede volver sobre juicios o valoraciones hechas dentro del \u00a0proceso de tutela, pues ello implicar\u00eda revivir un proceso \u00a0concluido afectando de esa manera la instituci\u00f3n de la cosa \u00a0juzgada. \u00a0<\/p>\n<p>2.1. Siguiendo \u00a0lo se\u00f1alado en la sentencia CC \u00a0T-188-2002 \u00a0la finalidad del incidente es \u00absancionar \u00a0con arresto y multa, a quien desatienda las \u00f3rdenes o \u00a0resoluciones judiciales que se han expedido para hacer efectiva la \u00a0protecci\u00f3n de derechos fundamentales, a favor de quien o \u00a0quienes han solicitado su amparo\u00bb. \u00a0Es \u00a0decir, su \u00a0objeto \u00a0no es la imposici\u00f3n de la sanci\u00f3n en s\u00ed misma, \u00a0sino proteger el derecho fundamental vulnerado o amenazado. \u00a0<\/p>\n<p>Visto de esta \u00a0manera, la sanci\u00f3n es concebida como una de las formas a \u00a0trav\u00e9s de las cuales el juez puede lograr la \u00a0ejecui\u00f3n \u00a0de la sentencia de tutela cuando la \u00a0autoridad o persona obligada \u00a0decidi\u00f3 no acatarla, raz\u00f3n por la cual, si la orden \u00a0impartida ha sido cumplida durante el tr\u00e1mite del incidente, \u00a0opera el fen\u00f3meno de la sustracci\u00f3n actual de objeto y \u00a0desaparece el fundamento de la sanci\u00f3n3. \u00a0<\/p>\n<p>3. \u00a0En el caso concreto, se observa que la Sala Penal del Tribunal \u00a0Superior de Barranquilla tramit\u00f3 el incidente propuesto por \u00a0Ovilson \u00a0Ortega Ar\u00e9valo, \u00a0dentro \u00a0del cual se estableci\u00f3 que las Directoras de la c\u00e1rcel \u00a0\u00abEl Bosque\u00bb de esa ciudad y Regional Norte del INPEC \u00a0incumplieron el fallo de tutela del 24 de septiembre de 2019, raz\u00f3n \u00a0por la que procedi\u00f3 a sancionarlas con 1 d\u00eda de arresto \u00a0y multa de 1 salario m\u00ednimo legal mensual vigente. \u00a0<\/p>\n<p>3.1. \u00a0No obstante, durante el tr\u00e1mite de la consulta, la segunda de \u00a0las mencionadas funcionarias, remiti\u00f3 copia de los respectivos \u00a0comprobantes con los que se constata que Ovilson \u00a0Ortega Ar\u00e9valo \u00a0ha sido trasladado para recibir asistencia m\u00e9dica as\u00ed: \u00a0<\/p>\n<p>\u00a0 \u00a0\u00a0 \u00a0 \u00a0 \u00a0 \u00a0 \u00a0 \u00a0 \u00a0 \u00a0 \u00a0 \u00a0 \u00a0 \u00a0 \u00a0 \u00a0 \u00a0 \u00a0 \u00a0 \u00a0 \u00a0 \u00a0 \u00a0 \u00a0 \u00a0 \u00a0 \u00a0 \u00a0 \u00a0 \u00a0 \u00a0 \u00a0 \u00a0 \u00a0 \u00a0 \u00a0 \u00a0 \u00a0 \u00a0 \u00a0 \u00a0 \u00a0 \u00a0 \u00a0 \u00a0 \u00a0 \u00a0 \u00a0 \u00a0 \u00a0 \u00a0 \u00a0 \u00a0 \u00a0 \u00a0 \u00a0 \u00a0 \u00a0 \u00a0 \u00a0 \u00a0 \u00a0 \u00a0 \u00a0 \u00a0 \u00a0 \u00a0 \u00a0 \u00a0 \u00a0 \u00a0 \u00a0 \u00a0 \u00a0 \u00a0 \u00a0<\/p>\n<p>D\u00cdA \u00a0 \u00a0 \u00a0 \u00a0 \u00a0 \u00a0 \u00a0 \u00a0 \u00a0 \u00a0 \u00a0 \u00a0 \u00a0 \u00a0 \u00a0 \u00a0 \u00a0 \u00a0 \u00a0 \u00a0 \u00a0 \u00a0 \u00a0 \u00a0 \u00a0 \u00a0 \u00a0 \u00a0 \u00a0 \u00a0 \u00a0 \u00a0 \u00a0 \u00a0 \u00a0 \u00a0 \u00a0 \u00a0 \u00a0 \u00a0 \u00a0 \u00a0 \u00a0 \u00a0 \u00a0 \u00a0 \u00a0 \u00a0 \u00a0 \u00a0 \u00a0 \u00a0 \u00a0 \u00a0 \u00a0 \u00a0 \u00a0 \u00a0 \u00a0<\/p>\n<p>ESPECIALIDAD \u00a0 \u00a0 \u00a0 \u00a0 \u00a0 \u00a0 \u00a0 \u00a0 \u00a0 \u00a0 \u00a0 \u00a0 \u00a0<\/p>\n<p>1 \u00a0 \u00a0 \u00a0 \u00a0 \u00a0 \u00a0 \u00a0 \u00a0 \u00a0 \u00a0 \u00a0 \u00a0 \u00a0 \u00a0 \u00a0 \u00a0 \u00a0 \u00a0 \u00a0 \u00a0 \u00a0 \u00a0 \u00a0 \u00a0 \u00a0 \u00a0 \u00a0 \u00a0 \u00a0 \u00a0 \u00a0 \u00a0 \u00a0 \u00a0 \u00a0 \u00a0 \u00a0 \u00a0 \u00a0 \u00a0 \u00a0 \u00a0 \u00a0 \u00a0 \u00a0 \u00a0 \u00a0 \u00a0 \u00a0 \u00a0 \u00a0 \u00a0 \u00a0 \u00a0 \u00a0 \u00a0 \u00a0 \u00a0 \u00a0<\/p>\n<p>20 de octubre \u00a0 \u00a0 \u00a0 \u00a0 \u00a0 \u00a0 \u00a0 \u00a0 \u00a0 \u00a0 \u00a0 \u00a0 \u00a0 \u00a0 \u00a0 \u00a0 \u00a0 \u00a0 \u00a0 \u00a0 \u00a0de 2019 \u00a0 \u00a0 \u00a0 \u00a0 \u00a0 \u00a0 \u00a0 \u00a0 \u00a0 \u00a0 \u00a0 \u00a0 \u00a0 \u00a0 \u00a0 \u00a0 \u00a0 \u00a0 \u00a0 \u00a0 \u00a0 \u00a0 \u00a0 \u00a0 \u00a0 \u00a0 \u00a0 \u00a0 \u00a0 \u00a0 \u00a0 \u00a0 \u00a0 \u00a0 \u00a0 \u00a0 \u00a0 \u00a0 \u00a0 \u00a0 \u00a0 \u00a0 \u00a0 \u00a0 \u00a0 \u00a0 \u00a0 \u00a0 \u00a0 \u00a0 \u00a0 \u00a0 \u00a0 \u00a0 \u00a0 \u00a0 \u00a0 \u00a0 \u00a0<\/p>\n<p>Urolog\u00eda \u00a0 \u00a0 \u00a0 \u00a0 \u00a0 \u00a0 \u00a0 \u00a0 \u00a0 \u00a0 \u00a0 \u00a0 \u00a0<\/p>\n<p>2 \u00a0 \u00a0 \u00a0 \u00a0 \u00a0 \u00a0 \u00a0 \u00a0 \u00a0 \u00a0 \u00a0 \u00a0 \u00a0 \u00a0 \u00a0 \u00a0 \u00a0 \u00a0 \u00a0 \u00a0 \u00a0 \u00a0 \u00a0 \u00a0 \u00a0 \u00a0 \u00a0 \u00a0 \u00a0 \u00a0 \u00a0 \u00a0 \u00a0 \u00a0 \u00a0 \u00a0 \u00a0 \u00a0 \u00a0 \u00a0 \u00a0 \u00a0 \u00a0 \u00a0 \u00a0 \u00a0 \u00a0 \u00a0 \u00a0 \u00a0 \u00a0 \u00a0 \u00a0 \u00a0 \u00a0 \u00a0 \u00a0 \u00a0 \u00a0<\/p>\n<p>5 de \u00a0 \u00a0 \u00a0 \u00a0 \u00a0 \u00a0 \u00a0 \u00a0 \u00a0 \u00a0 \u00a0 \u00a0 \u00a0 \u00a0 \u00a0 \u00a0 \u00a0 \u00a0 \u00a0 \u00a0 \u00a0noviembre de 2019 \u00a0 \u00a0 \u00a0 \u00a0 \u00a0 \u00a0 \u00a0 \u00a0 \u00a0 \u00a0 \u00a0 \u00a0 \u00a0 \u00a0 \u00a0 \u00a0 \u00a0 \u00a0 \u00a0 \u00a0 \u00a0 \u00a0 \u00a0 \u00a0 \u00a0 \u00a0 \u00a0 \u00a0 \u00a0 \u00a0 \u00a0 \u00a0 \u00a0 \u00a0 \u00a0 \u00a0 \u00a0 \u00a0 \u00a0 \u00a0 \u00a0 \u00a0 \u00a0 \u00a0 \u00a0 \u00a0 \u00a0 \u00a0 \u00a0 \u00a0 \u00a0 \u00a0 \u00a0 \u00a0 \u00a0 \u00a0 \u00a0 \u00a0 \u00a0<\/p>\n<p>Otorrinolaringolog\u00eda \u00a0 \u00a0 \u00a0 \u00a0 \u00a0 \u00a0 \u00a0 \u00a0 \u00a0 \u00a0 \u00a0 \u00a0 \u00a0<\/p>\n<p>3 \u00a0 \u00a0 \u00a0 \u00a0 \u00a0 \u00a0 \u00a0 \u00a0 \u00a0 \u00a0 \u00a0 \u00a0 \u00a0 \u00a0 \u00a0 \u00a0 \u00a0 \u00a0 \u00a0 \u00a0 \u00a0 \u00a0 \u00a0 \u00a0 \u00a0 \u00a0 \u00a0 \u00a0 \u00a0 \u00a0 \u00a0 \u00a0 \u00a0 \u00a0 \u00a0 \u00a0 \u00a0 \u00a0 \u00a0 \u00a0 \u00a0 \u00a0 \u00a0 \u00a0 \u00a0 \u00a0 \u00a0 \u00a0 \u00a0 \u00a0 \u00a0 \u00a0 \u00a0 \u00a0 \u00a0 \u00a0 \u00a0 \u00a0 \u00a0<\/p>\n<p>15 de \u00a0 \u00a0 \u00a0 \u00a0 \u00a0 \u00a0 \u00a0 \u00a0 \u00a0 \u00a0 \u00a0 \u00a0 \u00a0 \u00a0 \u00a0 \u00a0 \u00a0 \u00a0 \u00a0 \u00a0 \u00a0noviembre de 2019 \u00a0 \u00a0 \u00a0 \u00a0 \u00a0 \u00a0 \u00a0 \u00a0 \u00a0 \u00a0 \u00a0 \u00a0 \u00a0 \u00a0 \u00a0 \u00a0 \u00a0 \u00a0 \u00a0 \u00a0 \u00a0 \u00a0 \u00a0 \u00a0 \u00a0 \u00a0 \u00a0 \u00a0 \u00a0 \u00a0 \u00a0 \u00a0 \u00a0 \u00a0 \u00a0 \u00a0 \u00a0 \u00a0 \u00a0 \u00a0 \u00a0 \u00a0 \u00a0 \u00a0 \u00a0 \u00a0 \u00a0 \u00a0 \u00a0 \u00a0 \u00a0 \u00a0 \u00a0 \u00a0 \u00a0 \u00a0 \u00a0 \u00a0 \u00a0<\/p>\n<p>Medicina \u00a0 \u00a0 \u00a0 \u00a0 \u00a0 \u00a0 \u00a0 \u00a0 \u00a0 \u00a0 \u00a0 \u00a0 \u00a0 \u00a0 \u00a0 \u00a0 \u00a0 \u00a0 \u00a0 \u00a0 \u00a0General PyP \u00a0 \u00a0 \u00a0 \u00a0 \u00a0 \u00a0 \u00a0 \u00a0 \u00a0 \u00a0 \u00a0 \u00a0 \u00a0<\/p>\n<p>4 \u00a0 \u00a0 \u00a0 \u00a0 \u00a0 \u00a0 \u00a0 \u00a0 \u00a0 \u00a0 \u00a0 \u00a0 \u00a0 \u00a0 \u00a0 \u00a0 \u00a0 \u00a0 \u00a0 \u00a0 \u00a0 \u00a0 \u00a0 \u00a0 \u00a0 \u00a0 \u00a0 \u00a0 \u00a0 \u00a0 \u00a0 \u00a0 \u00a0 \u00a0 \u00a0 \u00a0 \u00a0 \u00a0 \u00a0 \u00a0 \u00a0 \u00a0 \u00a0 \u00a0 \u00a0 \u00a0 \u00a0 \u00a0 \u00a0 \u00a0 \u00a0 \u00a0 \u00a0 \u00a0 \u00a0 \u00a0 \u00a0 \u00a0 \u00a0<\/p>\n<p>19 de \u00a0 \u00a0 \u00a0 \u00a0 \u00a0 \u00a0 \u00a0 \u00a0 \u00a0 \u00a0 \u00a0 \u00a0 \u00a0 \u00a0 \u00a0 \u00a0 \u00a0 \u00a0 \u00a0 \u00a0 \u00a0noviembre de 2019 \u00a0 \u00a0 \u00a0 \u00a0 \u00a0 \u00a0 \u00a0 \u00a0 \u00a0 \u00a0 \u00a0 \u00a0 \u00a0 \u00a0 \u00a0 \u00a0 \u00a0 \u00a0 \u00a0 \u00a0 \u00a0 \u00a0 \u00a0 \u00a0 \u00a0 \u00a0 \u00a0 \u00a0 \u00a0 \u00a0 \u00a0 \u00a0 \u00a0 \u00a0 \u00a0 \u00a0 \u00a0 \u00a0 \u00a0 \u00a0 \u00a0 \u00a0 \u00a0 \u00a0 \u00a0 \u00a0 \u00a0 \u00a0 \u00a0 \u00a0 \u00a0 \u00a0 \u00a0 \u00a0 \u00a0 \u00a0 \u00a0 \u00a0 \u00a0<\/p>\n<p>Nefrolog\u00eda \u00a0 \u00a0 \u00a0 \u00a0 \u00a0 \u00a0 \u00a0 \u00a0 \u00a0 \u00a0 \u00a0 \u00a0 \u00a0<\/p>\n<p>5 \u00a0 \u00a0 \u00a0 \u00a0 \u00a0 \u00a0 \u00a0 \u00a0 \u00a0 \u00a0 \u00a0 \u00a0 \u00a0 \u00a0 \u00a0 \u00a0 \u00a0 \u00a0 \u00a0 \u00a0 \u00a0 \u00a0 \u00a0 \u00a0 \u00a0 \u00a0 \u00a0 \u00a0 \u00a0 \u00a0 \u00a0 \u00a0 \u00a0 \u00a0 \u00a0 \u00a0 \u00a0 \u00a0 \u00a0 \u00a0 \u00a0 \u00a0 \u00a0 \u00a0 \u00a0 \u00a0 \u00a0 \u00a0 \u00a0 \u00a0 \u00a0 \u00a0 \u00a0 \u00a0 \u00a0 \u00a0 \u00a0 \u00a0 \u00a0<\/p>\n<p>20 de \u00a0 \u00a0 \u00a0 \u00a0 \u00a0 \u00a0 \u00a0 \u00a0 \u00a0 \u00a0 \u00a0 \u00a0 \u00a0 \u00a0 \u00a0 \u00a0 \u00a0 \u00a0 \u00a0 \u00a0 \u00a0noviembre de 2019 \u00a0 \u00a0 \u00a0 \u00a0 \u00a0 \u00a0 \u00a0 \u00a0 \u00a0 \u00a0 \u00a0 \u00a0 \u00a0 \u00a0 \u00a0 \u00a0 \u00a0 \u00a0 \u00a0 \u00a0 \u00a0 \u00a0 \u00a0 \u00a0 \u00a0 \u00a0 \u00a0 \u00a0 \u00a0 \u00a0 \u00a0 \u00a0 \u00a0 \u00a0 \u00a0 \u00a0 \u00a0 \u00a0 \u00a0 \u00a0 \u00a0 \u00a0 \u00a0 \u00a0 \u00a0 \u00a0 \u00a0 \u00a0 \u00a0 \u00a0 \u00a0 \u00a0 \u00a0 \u00a0 \u00a0 \u00a0 \u00a0 \u00a0 \u00a0<\/p>\n<p>Neumolog\u00eda \u00a0 \u00a0 \u00a0 \u00a0 \u00a0 \u00a0 \u00a0 \u00a0 \u00a0 \u00a0 \u00a0 \u00a0 \u00a0<\/p>\n<p>6 \u00a0 \u00a0 \u00a0 \u00a0 \u00a0 \u00a0 \u00a0 \u00a0 \u00a0 \u00a0 \u00a0 \u00a0 \u00a0 \u00a0 \u00a0 \u00a0 \u00a0 \u00a0 \u00a0 \u00a0 \u00a0 \u00a0 \u00a0 \u00a0 \u00a0 \u00a0 \u00a0 \u00a0 \u00a0 \u00a0 \u00a0 \u00a0 \u00a0 \u00a0 \u00a0 \u00a0 \u00a0 \u00a0 \u00a0 \u00a0 \u00a0 \u00a0 \u00a0 \u00a0 \u00a0 \u00a0 \u00a0 \u00a0 \u00a0 \u00a0 \u00a0 \u00a0 \u00a0 \u00a0 \u00a0 \u00a0 \u00a0 \u00a0 \u00a0<\/p>\n<p>3 de \u00a0 \u00a0 \u00a0 \u00a0 \u00a0 \u00a0 \u00a0 \u00a0 \u00a0 \u00a0 \u00a0 \u00a0 \u00a0 \u00a0 \u00a0 \u00a0 \u00a0 \u00a0 \u00a0 \u00a0 \u00a0diciembre de 2019 \u00a0 \u00a0 \u00a0 \u00a0 \u00a0 \u00a0 \u00a0 \u00a0 \u00a0 \u00a0 \u00a0 \u00a0 \u00a0 \u00a0 \u00a0 \u00a0 \u00a0 \u00a0 \u00a0 \u00a0 \u00a0 \u00a0 \u00a0 \u00a0 \u00a0 \u00a0 \u00a0 \u00a0 \u00a0 \u00a0 \u00a0 \u00a0 \u00a0 \u00a0 \u00a0 \u00a0 \u00a0 \u00a0 \u00a0 \u00a0 \u00a0 \u00a0 \u00a0 \u00a0 \u00a0 \u00a0 \u00a0 \u00a0 \u00a0 \u00a0 \u00a0 \u00a0 \u00a0 \u00a0 \u00a0 \u00a0 \u00a0 \u00a0 \u00a0<\/p>\n<p>Urolog\u00eda4 \u00a0 \u00a0 \u00a0 \u00a0 \u00a0 \u00a0 \u00a0 \u00a0 \u00a0 \u00a0 \u00a0 \u00a0 \u00a0 \u00a0 \u00a0 \u00a0<\/p>\n<p>Resalt\u00f3 \u00a0que se encuentra pendiente de remitir al interno a la cita con el \u00a0especialista en cardiolog\u00eda, la cual est\u00e1 programada \u00a0para el pr\u00f3ximo 20 de diciembre. \u00a0<\/p>\n<p>3.2. \u00a0En ese orden de ideas y considerando que el objeto del incidente, \u00a0est\u00e1 debidamente superado, toda vez que la parte incidentada \u00a0por \u00a0el momento \u00a0est\u00e1 acatando la el fallo de tutela objeto de estudio, la \u00a0Corte considera que desapareci\u00f3 el \u00a0fundamento de la sanci\u00f3n. \u00a0<\/p>\n<p>Al \u00a0respecto esta Sala de \u00a0Decisi\u00f3n en Tutelas \u00a0en prove\u00eddos CSJ ATP, 1 mar. 2007, rad. 30127; CSJ ATP, 16 \u00a0abr. 2011, rad. 59851 y CSJ ATP, 26 ab. 2012, rad. 60.115, se\u00f1al\u00f3: \u00a0<\/p>\n<p>[\u2026] \u00a0aunque \u00a0el accionado inicialmente se sustrajo de forma injustificada al \u00a0cumplimiento de lo dispuesto en el fallo de tutela, se observa luego \u00a0de sancionado con desacato, repar\u00f3 su omisi\u00f3n, y en tal \u00a0sentido, es innecesaria la ejecuci\u00f3n de la misma. \u00a0<\/p>\n<p>Como \u00a0quiera que la sanci\u00f3n impuesta por el A \u00a0quo \u00a0actualmente carece de sentido, se revocar\u00e1. \u00a0<\/p>\n<p>En \u00a0m\u00e9rito de lo expuesto, la Sala de Decisi\u00f3n de Tutelas \u00a0n.\u00b0 3 de la Sala de Casaci\u00f3n Penal de la Corte Suprema de \u00a0Justicia, administrando justicia en nombre de la Rep\u00fablica y \u00a0por autoridad de la ley, \u00a0<\/p>\n<p>RESUELVE \u00a0<\/p>\n<p>Primero. \u00a0Revocar \u00a0la sanci\u00f3n \u00a0impuesta a las Directoras de la Penitenciar\u00eda \u00abEl \u00a0Bosque\u00bb de Barranquilla y Regional Norte del INPEC, mediante \u00a0auto del 21 de noviembre de 2019 emitido por la Sala Penal del \u00a0Tribunal Superior de esa urbe. \u00a0<\/p>\n<p>Segundo. \u00a0Devolver \u00a0el expediente al Tribunal de origen. \u00a0<\/p>\n<p>NOTIF\u00cdQUESE \u00a0Y C\u00daMPLASE \u00a0<\/p>\n<p>Eyder \u00a0Pati\u00f1o Cabrera \u00a0<\/p>\n<p>Jaime \u00a0Humberto Moreno Acero \u00a0<\/p>\n<p>Nubia \u00a0Yolanda Nova Garc\u00eda \u00a0<\/p>\n<p>Secretaria \u00a0<\/p>\n<p>1 \u00a0 \u00a0 \u00a0 \u00a0 \u00a0Cfr. \u00a0 \u00a0 \u00a0 \u00a0 \u00a0Folios 36 a 47 \u2013 cuaderno n.\u00b0 1. \u00a0<\/p>\n<p>2 \u00a0 \u00a0 \u00a0 \u00a0 \u00a0Cfr. \u00a0 \u00a0 \u00a0 \u00a0 \u00a0Folios 85 a 87 \u2013 cuaderno n.\u00b0 2. \u00a0<\/p>\n<p>3 \u00a0 \u00a0 \u00a0 \u00a0 \u00a0En \u00a0 \u00a0 \u00a0 \u00a0 \u00a0este mismo sentido se ha pronunciado reiteradamente la Corte \u00a0 \u00a0 \u00a0 \u00a0 \u00a0Constitucional con base en la sentencia C-092 \u00a0 \u00a0 \u00a0 \u00a0 \u00a0de 1997. \u00a0<\/p>\n<p>4 \u00a0 \u00a0 \u00a0 \u00a0 \u00a0Si \u00a0 \u00a0 \u00a0 \u00a0 \u00a0bien el interno fue trasladado para cumplir con la cita m\u00e9dica, \u00a0 \u00a0 \u00a0 \u00a0 \u00a0la misma no se pudo realizar debido a que el galeno \u00abpresent\u00f3 \u00a0 \u00a0 \u00a0 \u00a0 \u00a0novedad\u00bb. \u00a0 \u00a0 \u00a0 \u00a0 \u00a0La consulta se reprogram\u00f3 para el 14 de enero de 2020. \u00a0<\/p>\n<p>\u00a0 \u00a0 \u00a0\u00a0<\/p>\n<p><\/p>\n","protected":false},"excerpt":{"rendered":"<p>\u00a0 \u00a0 \u00a0 \u00a0 \u00a0\u00a0 Eyder \u00a0Pati\u00f1o Cabrera \u00a0 Magistrado \u00a0Ponente \u00a0 ATP2033-2019 \u00a0 Radicaci\u00f3n \u00a0n.\u00b0 \u00a0108456 \u00a0 (Aprobado \u00a0Acta n.\u00b0 332) \u00a0 Bogot\u00e1, \u00a0D.C., doce (12) de diciembre de dos mil diecinueve (2019). \u00a0 ASUNTO \u00a0 Se \u00a0resuelve la consulta \u00a0de la providencia proferida el 21 de noviembre de 2019, en virtud de \u00a0la [&hellip;]<\/p>\n","protected":false},"author":1,"featured_media":0,"comment_status":"open","ping_status":"open","sticky":false,"template":"","format":"standard","meta":{"footnotes":""},"categories":[28],"tags":[],"class_list":["post-43973","post","type-post","status-publish","format-standard","hentry","category-28"],"_links":{"self":[{"href":"https:\/\/dmsjuridica.com\/buscador_20179478954\/salapenalcronologico20230723\/wp-json\/wp\/v2\/posts\/43973","targetHints":{"allow":["GET"]}}],"collection":[{"href":"https:\/\/dmsjuridica.com\/buscador_20179478954\/salapenalcronologico20230723\/wp-json\/wp\/v2\/posts"}],"about":[{"href":"https:\/\/dmsjuridica.com\/buscador_20179478954\/salapenalcronologico20230723\/wp-json\/wp\/v2\/types\/post"}],"author":[{"embeddable":true,"href":"https:\/\/dmsjuridica.com\/buscador_20179478954\/salapenalcronologico20230723\/wp-json\/wp\/v2\/users\/1"}],"replies":[{"embeddable":true,"href":"https:\/\/dmsjuridica.com\/buscador_20179478954\/salapenalcronologico20230723\/wp-json\/wp\/v2\/comments?post=43973"}],"version-history":[{"count":0,"href":"https:\/\/dmsjuridica.com\/buscador_20179478954\/salapenalcronologico20230723\/wp-json\/wp\/v2\/posts\/43973\/revisions"}],"wp:attachment":[{"href":"https:\/\/dmsjuridica.com\/buscador_20179478954\/salapenalcronologico20230723\/wp-json\/wp\/v2\/media?parent=43973"}],"wp:term":[{"taxonomy":"category","embeddable":true,"href":"https:\/\/dmsjuridica.com\/buscador_20179478954\/salapenalcronologico20230723\/wp-json\/wp\/v2\/categories?post=43973"},{"taxonomy":"post_tag","embeddable":true,"href":"https:\/\/dmsjuridica.com\/buscador_20179478954\/salapenalcronologico20230723\/wp-json\/wp\/v2\/tags?post=43973"}],"curies":[{"name":"wp","href":"https:\/\/api.w.org\/{rel}","templated":true}]}}