{"id":43911,"date":"2023-09-14T21:48:59","date_gmt":"2023-09-14T21:48:59","guid":{"rendered":"https:\/\/dmsjuridica.com\/buscador_20179478954\/salapenalcronologico20230723\/2023\/09\/14\/atp1857-2019\/"},"modified":"2023-09-14T21:48:59","modified_gmt":"2023-09-14T21:48:59","slug":"atp1857-2019","status":"publish","type":"post","link":"https:\/\/dmsjuridica.com\/buscador_20179478954\/salapenalcronologico20230723\/2023\/09\/14\/atp1857-2019\/","title":{"rendered":"ATP1857-2019"},"content":{"rendered":"\n<p>\u00a0 \u00a0 \u00a0 \u00a0\u00a0<\/p>\n<p>JOS\u00c9 \u00a0FRANCISCO ACU\u00d1A VIZCAYA \u00a0<\/p>\n<p>Magistrado \u00a0Ponente \u00a0<\/p>\n<p>ATP1857-2019 \u00a0<\/p>\n<p>Radicaci\u00f3n \u00a0No. 107870 \u00a0<\/p>\n<p>(Aprobado Acta No.315) \u00a0<\/p>\n<p>Bogot\u00e1 \u00a0D.C., veintis\u00e9is (26) de noviembre de dos mil diecinueve \u00a0(2019) \u00a0<\/p>\n<p>Ser\u00eda \u00a0del caso resolver la impugnaci\u00f3n interpuesta por Diolmer \u00a0Montero P\u00e9rez, contra el fallo de \u00a0tutela proferido por la Sala Penal del Tribunal Superior del Distrito \u00a0Judicial de Popay\u00e1n el 16 de octubre de 2019, que declar\u00f3 \u00a0improcedente el amparo formulado con ocasi\u00f3n de la sentencia \u00a0condenatoria emitida en su contra, si no fuera porque se \u00a0observa una causal de nulidad que vicia de manera insalvable la \u00a0legalidad de la actuaci\u00f3n que hasta este punto se ha cumplido. \u00a0<\/p>\n<p>\u00a0 \u00a0\u00a0 \u00a0 \u00a0 \u00a0 \u00a0<\/p>\n<p>1. Por una parte, el accionante censur\u00f3 la \u00a0 \u00a0 \u00a0 \u00a0 \u00a0sentencia condenatoria proferida en su contra dentro del proceso \u00a0 \u00a0 \u00a0 \u00a0 \u00a0penal 190756107366201580095 \u00a0 \u00a0 \u00a0 \u00a0 \u00a0porque considera que su apoderado no ejerci\u00f3 una adecuada \u00a0 \u00a0 \u00a0 \u00a0 \u00a0defensa t\u00e9cnica. \u00a0<\/p>\n<p>Por otra parte, \u00a0puso de presente que en raz\u00f3n de esas diligencias est\u00e1 \u00a0siendo afectado con publicaciones en redes sociales porque circul\u00f3 \u00a0una foto suya \u00abpara \u00a0acabar con mi imagen y mis da\u00f1os morales [sic] \u00a0para quedar bien delante el [sic] \u00a0municipio de Balboa realizando frases fuertes sin ninguna \u00a0consideraci\u00f3n y despiadadamente sin criterios\u2026para ser \u00a0atacado\u2026\u00bb. \u00a0<\/p>\n<p>\u00a0 \u00a0\u00a0 \u00a0 \u00a0 \u00a0 \u00a0<\/p>\n<p>2. La acci\u00f3n \u00a0 \u00a0 \u00a0 \u00a0 \u00a0de tutela fue admitida mediante auto de 1 de octubre de 2019 contra \u00a0 \u00a0 \u00a0 \u00a0 \u00a0la Fiscal\u00eda delegada ante los Jueces Penales del \u00a0 \u00a0 \u00a0 \u00a0 \u00a0Circuito de El Bordo, disponiendo \u00a0 \u00a0 \u00a0 \u00a0 \u00a0vincular como terceros con inter\u00e9s leg\u00edtimo en el \u00a0 \u00a0 \u00a0 \u00a0 \u00a0asunto al Juzgado Primero Penal del \u00a0 \u00a0 \u00a0 \u00a0 \u00a0Circuito de Pat\u00eda con Funci\u00f3n de Conocimiento, al \u00a0 \u00a0 \u00a0 \u00a0 \u00a0Juzgado Primero Promiscuo Municipal de Balboa con Funci\u00f3n de \u00a0 \u00a0 \u00a0 \u00a0 \u00a0Control de Garant\u00edas y al Juzgado Segundo de Ejecuci\u00f3n \u00a0 \u00a0 \u00a0 \u00a0 \u00a0de Penas y Medidas de Seguridad de Popay\u00e1n. \u00a0<\/p>\n<p>Nada se dijo sobre el amparo invocado \u00a0en relaci\u00f3n con el derecho fundamental al buen nombre. \u00a0<\/p>\n<p>\u00a0 \u00a0\u00a0 \u00a0 \u00a0 \u00a0 \u00a0<\/p>\n<p>3. Por ese motivo, y dado que en su recurso de \u00a0 \u00a0 \u00a0 \u00a0 \u00a0impugnaci\u00f3n el accionante insiste frente a la protecci\u00f3n \u00a0 \u00a0 \u00a0 \u00a0 \u00a0de ese derecho fundamental, se evidencia que el Tribunal ha debido \u00a0 \u00a0 \u00a0 \u00a0 \u00a0vincular al presente tr\u00e1mite a los ciudadanos que realizaron \u00a0 \u00a0 \u00a0 \u00a0 \u00a0las publicaciones criticadas, por lo cual no se integr\u00f3 \u00a0 \u00a0 \u00a0 \u00a0 \u00a0debidamente el contradictorio. \u00a0<\/p>\n<p>\u00a0 \u00a0\u00a0 \u00a0 \u00a0 \u00a0 \u00a0<\/p>\n<p>4. Sobre el particular conviene resaltar que lo \u00a0 \u00a0 \u00a0 \u00a0 \u00a0dispuesto en el art\u00edculo 13 del Decreto \u00a0 \u00a0 \u00a0 \u00a0 \u00a02591 de 1991: \u00a0<\/p>\n<p>ARTICULO \u00a013.-Personas contra quien se dirige la acci\u00f3n e \u00a0intervinientes. \u2026\/\/Quien tuviere un inter\u00e9s leg\u00edtimo \u00a0en el resultado del proceso podr\u00e1 intervenir en \u00e9l como \u00a0coadyuvante del actor o de la persona o autoridad p\u00fablica \u00a0contra quien se hubiere hecho la solicitud. (Textual). \u00a0<\/p>\n<p>En relaci\u00f3n con los \u00a0intervinientes, la Corte Constitucional ha se\u00f1alado que \u00a0corresponde al Juez de tutela velar por la debida integraci\u00f3n \u00a0del contradictorio, debido a lo cual deber\u00e1 garantizar la \u00a0intervenci\u00f3n de todas las partes y de los terceros con inter\u00e9s \u00a0leg\u00edtimo en el asunto, so pena de configurarse una nulidad \u00a0insaneable. \u00a0<\/p>\n<p>Dijo la Corte Constitucional en el \u00a0auto n\u00famero 025A de 2012: \u00a0<\/p>\n<p>3.7.\u2026el \u00a0juez constitucional, al momento de ejercer su competencia, est\u00e1 \u00a0obligado a integrar en debida forma el contradictorio, vinculando al \u00a0proceso de tutela no solo a quienes hayan sido demandados sino \u00a0tambi\u00e9n a las personas que tengan un inter\u00e9s leg\u00edtimo \u00a0en la actuaci\u00f3n y puedan resultar afectadas con las decisiones \u00a0que all\u00ed se adopten. \u00a0<\/p>\n<p>3.8. A juicio de \u00a0la Corte, si ese presupuesto no se satisface, carece de sentido un \u00a0pronunciamiento de fondo, ya que\u00a0\u201dla falta u omisi\u00f3n \u00a0en la notificaci\u00f3n de las decisiones proferidas en el tr\u00e1mite \u00a0de una acci\u00f3n de tutela a una parte o a un tercero con inter\u00e9s \u00a0leg\u00edtimo en la misma, surge como una irregularidad que no s\u00f3lo \u00a0vulnera el debido proceso sino que puede llegar a constituirse en una \u00a0verdadera denegaci\u00f3n de justicia, a m\u00e1s de comprometer \u00a0otros derechos de quienes no pudieron intervenir en el tr\u00e1mite \u00a0de la misma por desconocimiento de tal actuaci\u00f3n judicial\u201d. \u00a0(Textual). \u00a0<\/p>\n<p>Se trata de un criterio que ha sido \u00a0acogido por esta Sala mediante varias decisiones. \u00a0<\/p>\n<p>\u00a0 \u00a0\u00a0 \u00a0 \u00a0 \u00a0 \u00a0<\/p>\n<p>5. Por ende, se declarar\u00e1 la nulidad de todo \u00a0 \u00a0 \u00a0 \u00a0 \u00a0lo actuado a partir del auto admisorio, sin \u00a0 \u00a0 \u00a0 \u00a0 \u00a0perjuicio de la legalidad de las pruebas allegadas con posterioridad \u00a0 \u00a0 \u00a0 \u00a0 \u00a0al expediente. \u00a0<\/p>\n<p>Por lo expuesto, la CORTE \u00a0SUPREMA DE JUSTICIA, SALA DE CASACI\u00d3N PENAL \u2013 EN SALA DE \u00a0DECISI\u00d3N DE ACCIONES DE TUTELA N\u00b0 1, \u00a0<\/p>\n<p>RESUELVE \u00a0<\/p>\n<p>\u00a0 \u00a0\u00a0 \u00a0 \u00a0 \u00a0 \u00a0<\/p>\n<p>1. ABSTENERSE \u00a0 \u00a0 \u00a0 \u00a0 \u00a0de resolver el recurso de impugnaci\u00f3n presentado por Diolmer \u00a0 \u00a0 \u00a0 \u00a0 \u00a0Montero P\u00e9rez, por las razones anotadas en precedencia. \u00a0<\/p>\n<p>\u00a0 \u00a0\u00a0 \u00a0 \u00a0 \u00a0 \u00a0<\/p>\n<p>2. DECRETAR \u00a0 \u00a0 \u00a0 \u00a0 \u00a0LA NULIDAD de todo lo actuado dentro de la acci\u00f3n de tutela \u00a0 \u00a0 \u00a0 \u00a0 \u00a0promovida por Diolmer Montero P\u00e9rez a partir de la \u00a0 \u00a0 \u00a0 \u00a0 \u00a0notificaci\u00f3n del auto admisorio de 1 de octubre de 2019, sin \u00a0 \u00a0 \u00a0 \u00a0 \u00a0perjuicio de la legalidad de las pruebas allegadas con posterioridad \u00a0 \u00a0 \u00a0 \u00a0 \u00a0al expediente, por las razones anotadas en precedencia. \u00a0<\/p>\n<p>\u00a0 \u00a0\u00a0 \u00a0 \u00a0 \u00a0 \u00a0<\/p>\n<p>3. REMITIR \u00a0 \u00a0 \u00a0 \u00a0 \u00a0inmediatamente \u00a0 \u00a0 \u00a0 \u00a0 \u00a0las presentes diligencias a la Sala \u00a0 \u00a0 \u00a0 \u00a0 \u00a0Penal del Tribunal Superior de Distrito Judicial de Popay\u00e1n, \u00a0 \u00a0 \u00a0 \u00a0 \u00a0para lo de su competencia. \u00a0<\/p>\n<p>\u00a0 \u00a0\u00a0 \u00a0 \u00a0 \u00a0 \u00a0<\/p>\n<p>4. COMUNICAR \u00a0 \u00a0 \u00a0 \u00a0 \u00a0esta decisi\u00f3n a los interesados. \u00a0<\/p>\n<p>NOTIF\u00cdQUESE Y C\u00daMPLASE \u00a0<\/p>\n<p>JOS\u00c9 \u00a0FRANCISCO ACU\u00d1A VIZCAYA \u00a0<\/p>\n<p>EUGENIO \u00a0FERN\u00c1NDEZ CARLIER \u00a0<\/p>\n<p>NUBIA \u00a0YOLANDA NOVA GARC\u00cdA \u00a0<\/p>\n<p>Secretaria \u00a0 \u00a0 \u00a0<\/p>\n<p><\/p>\n","protected":false},"excerpt":{"rendered":"<p>\u00a0 \u00a0 \u00a0 \u00a0\u00a0 JOS\u00c9 \u00a0FRANCISCO ACU\u00d1A VIZCAYA \u00a0 Magistrado \u00a0Ponente \u00a0 ATP1857-2019 \u00a0 Radicaci\u00f3n \u00a0No. 107870 \u00a0 (Aprobado Acta No.315) \u00a0 Bogot\u00e1 \u00a0D.C., veintis\u00e9is (26) de noviembre de dos mil diecinueve \u00a0(2019) \u00a0 Ser\u00eda \u00a0del caso resolver la impugnaci\u00f3n interpuesta por Diolmer \u00a0Montero P\u00e9rez, contra el fallo de \u00a0tutela proferido por la Sala Penal [&hellip;]<\/p>\n","protected":false},"author":1,"featured_media":0,"comment_status":"open","ping_status":"open","sticky":false,"template":"","format":"standard","meta":{"footnotes":""},"categories":[28],"tags":[],"class_list":["post-43911","post","type-post","status-publish","format-standard","hentry","category-28"],"_links":{"self":[{"href":"https:\/\/dmsjuridica.com\/buscador_20179478954\/salapenalcronologico20230723\/wp-json\/wp\/v2\/posts\/43911","targetHints":{"allow":["GET"]}}],"collection":[{"href":"https:\/\/dmsjuridica.com\/buscador_20179478954\/salapenalcronologico20230723\/wp-json\/wp\/v2\/posts"}],"about":[{"href":"https:\/\/dmsjuridica.com\/buscador_20179478954\/salapenalcronologico20230723\/wp-json\/wp\/v2\/types\/post"}],"author":[{"embeddable":true,"href":"https:\/\/dmsjuridica.com\/buscador_20179478954\/salapenalcronologico20230723\/wp-json\/wp\/v2\/users\/1"}],"replies":[{"embeddable":true,"href":"https:\/\/dmsjuridica.com\/buscador_20179478954\/salapenalcronologico20230723\/wp-json\/wp\/v2\/comments?post=43911"}],"version-history":[{"count":0,"href":"https:\/\/dmsjuridica.com\/buscador_20179478954\/salapenalcronologico20230723\/wp-json\/wp\/v2\/posts\/43911\/revisions"}],"wp:attachment":[{"href":"https:\/\/dmsjuridica.com\/buscador_20179478954\/salapenalcronologico20230723\/wp-json\/wp\/v2\/media?parent=43911"}],"wp:term":[{"taxonomy":"category","embeddable":true,"href":"https:\/\/dmsjuridica.com\/buscador_20179478954\/salapenalcronologico20230723\/wp-json\/wp\/v2\/categories?post=43911"},{"taxonomy":"post_tag","embeddable":true,"href":"https:\/\/dmsjuridica.com\/buscador_20179478954\/salapenalcronologico20230723\/wp-json\/wp\/v2\/tags?post=43911"}],"curies":[{"name":"wp","href":"https:\/\/api.w.org\/{rel}","templated":true}]}}