{"id":43896,"date":"2023-09-14T21:48:58","date_gmt":"2023-09-14T21:48:58","guid":{"rendered":"https:\/\/dmsjuridica.com\/buscador_20179478954\/salapenalcronologico20230723\/2023\/09\/14\/atp1840-2019\/"},"modified":"2023-09-14T21:48:58","modified_gmt":"2023-09-14T21:48:58","slug":"atp1840-2019","status":"publish","type":"post","link":"https:\/\/dmsjuridica.com\/buscador_20179478954\/salapenalcronologico20230723\/2023\/09\/14\/atp1840-2019\/","title":{"rendered":"ATP1840-2019"},"content":{"rendered":"\n<p>\u00a0 \u00a0 \u00a0 \u00a0\u00a0<\/p>\n<p>EYDER PATI\u00d1O \u00a0CABRERA \u00a0<\/p>\n<p>Magistrado \u00a0Ponente \u00a0<\/p>\n<p>ATP1840-2019 \u00a0<\/p>\n<p>Radicaci\u00f3n \u00a0n\u00b0 107005 \u00a0<\/p>\n<p>Acta No. 304 \u00a0<\/p>\n<p>Bogot\u00e1, \u00a0D.C., catorce (14) \u00a0de noviembre \u00a0de dos mil diecinueve (2019). \u00a0<\/p>\n<p>ASUNTO \u00a0<\/p>\n<p>Procede la Sala a \u00a0resolver el incidente de desacato promovido por Luis Carlos \u00c1lvarez \u00a0Bastidas, a ra\u00edz del presunto incumplimiento por parte del \u00a0Juzgado \u00a0Quince Penal del Circuito de Conocimiento de Cali, \u00a0respecto de la orden impartida en fallo del 11 de abril del presente \u00a0a\u00f1o, en virtud del cual, esta Sala de Decisi\u00f3n de \u00a0Tutelas ampar\u00f3 los derechos fundamentales a la honra y al \u00a0h\u00e1beas data. \u00a0<\/p>\n<p>1. ANTECEDENTES \u00a0<\/p>\n<p>1. Se tiene \u00a0conocimiento que \u00c1lvarez Bastidas instaur\u00f3 acci\u00f3n \u00a0de tutela con la finalidad de que sean eliminadas las anotaciones \u00a0judiciales que equivocadamente registra, en raz\u00f3n a que su \u00a0c\u00e9dula fue asociada con Carlos Alberto Gonz\u00e1lez \u00a0Bejarano, persona que al ser capturada, por los delitos de hurto \u00a0calificado y agravado, fue judicializado con el n\u00famero de \u00a0identificaci\u00f3n del demandante. \u00a0<\/p>\n<p>2. Mediante fallo \u00a0del 11 de abril de 20191, \u00a0se tutel\u00f3 los derechos de honra y habeas data, y conforme a \u00a0ello, se orden\u00f3 al \u00a0Juzgado Quince Penal del Circuito de Conocimiento de Cali que: \u00a0<\/p>\n<p>[\u2026] \u00a0de manera inmediata, proceda a efectuar las gestiones pertinentes \u00a0para \u00a0la protecci\u00f3n del derecho al habeas data del accionante, para \u00a0lo cual, deber\u00e1 verificar la\u00a0supresi\u00f3n \u00a0definitiva\u00a0de \u00a0la informaci\u00f3n que asocia su nombre e identificaci\u00f3n \u00a0con la comisi\u00f3n del delito de Hurto Calificado y Agravado en \u00a0grado de tentativa, en la p\u00e1gina web de la rama judicial y\/o \u00a0de cualquier autoridad judicial en la que a\u00fan permanezca dicha \u00a0anotaci\u00f3n, para lo cual, tambi\u00e9n deber\u00e1 tener en \u00a0cuenta lo manifestado por la Polic\u00eda Nacional \u2013 \u00a0Direcci\u00f3n de Investigaci\u00f3n Criminal e Interpol en el \u00a0tr\u00e1mite de esta acci\u00f3n. \u00a0<\/p>\n<p>3. El accionante \u00a0promovi\u00f3 incidente de desacato manifestando que, no obstante \u00a0la orden constitucional dictada en su favor, sigue apareciendo su \u00a0n\u00famero de c\u00e9dula en la p\u00e1gina de la rama \u00a0judicial, en la que se relaciona con el procesado Carlos Alberto \u00a0Gonz\u00e1lez Bejarano. \u00a0<\/p>\n<p>4. \u00a0Antes de \u00a0habilitar el tr\u00e1mite formal del presente incidente de \u00a0desacato, mediante autos del 24 de septiembre y 4 de octubre de este \u00a0a\u00f1o, se requiri\u00f3 al Juzgado Quince Penal del Circuito \u00a0de Cali, as\u00ed como al Jefe de Soporte Tecnol\u00f3gico de la \u00a0Rama Judicial, a la SIJIN, Seccional Cali; a la Registradur\u00eda \u00a0General de la Naci\u00f3n y a la Fiscal\u00eda General de la \u00a0Naci\u00f3n, a fin de que informen si realizaron la supresi\u00f3n \u00a0definitiva de la informaci\u00f3n que asocia al n\u00famero de \u00a0c\u00e9dula del accionante con la comisi\u00f3n del delito de \u00a0hurto calificado y agravado en grado de tentativa, en los t\u00e9rminos \u00a0dispuestos en el fallo de tutela. \u00a0<\/p>\n<p>2. \u00a0CONSIDERACIONES \u00a0<\/p>\n<p>1. En los t\u00e9rminos \u00a0de los art\u00edculos 23, 27 y 52 del Decreto 2591 de 1991, la \u00a0Corte es competente para conocer de la solicitud interpuesta por la \u00a0accionante, como autoridad que en primera instancia conoci\u00f3 de \u00a0la acci\u00f3n de tutela propuesta por Luis Carlos \u00c1lvarez \u00a0Bastidas. \u00a0<\/p>\n<p>2. Frente a la \u00a0perentoriedad de la orden impartida por el Juez de tutela en los \u00a0t\u00e9rminos del art\u00edculo 27 del Decreto 2591 de 1991, se \u00a0prev\u00e9 igualmente que su incumplimiento ser\u00e1 sancionable \u00a0con arresto y multa de hasta de seis meses y 20 salarios m\u00ednimos \u00a0mensuales (art\u00edculo 52 ejusdem). \u00a0<\/p>\n<p>3. Pues bien, \u00a0conforme con las pruebas allegadas a la actuaci\u00f3n surge \u00a0concluir que en el presente evento la orden emitida en el fallo de \u00a0tutela fue debidamente acatada por El Juzgado Quince Penal del \u00a0Circuito de Cali, de manera que la apertura del incidente deviene \u00a0improcedente. Estas las razones: \u00a0<\/p>\n<p>3.1 En primer \u00a0lugar, en respuesta a los requerimientos elevados dentro del presente \u00a0tr\u00e1mite incidental, el Juez Quince Penal del Circuito de Cali \u00a0inform\u00f3 que mediante Oficios 925, 927 y 928 del 25 de abril de \u00a0esta anualidad, orden\u00f3 a la Registradur\u00eda Nacional del \u00a0Estado Civil, a la Fiscal\u00eda General de la Naci\u00f3n Sijin, \u00a0y Direcci\u00f3n Nacional del INPEC, la supresi\u00f3n definitiva \u00a0de los datos de identificaci\u00f3n del accionante en relaci\u00f3n \u00a0con los hechos criminales de hurto calificado y agravado. \u00a0<\/p>\n<p>Al tiempo, \u00a0manifest\u00f3 que, mediante Oficio del 27 de septiembre de 2019, \u00a0 emiti\u00f3 similar orden con destino al Jefe de Soporte \u00a0Tecnol\u00f3gico de la Rama Judicial, ingeniero Andr\u00e9s \u00a0Mauricio Fern\u00e1ndez Pe\u00f1a, para que se hiciera lo mismo \u00a0en el registro de procesos judiciales que administra el Consejo \u00a0Superior de la Judicatura. \u00a0<\/p>\n<p>3.2. Recibidos los \u00a0informes rendidos ante esta Corporaci\u00f3n, las referidas \u00a0autoridades indicaron que dentro de sus bases de datos no reposa \u00a0informaci\u00f3n que relacione al demandante \u00c1lvarez \u00a0Bastidas con la comisi\u00f3n de conducta delictiva alguna. \u00a0<\/p>\n<p>3.3 Concretamente \u00a0en lo relacionado con la aparici\u00f3n del n\u00famero de c\u00e9dula \u00a0e identificaci\u00f3n del accionante dentro del registro de \u00a0procesos de la Rama Judicial, m\u00f3dulo de Ejecuci\u00f3n de \u00a0Penas y Medidas de Seguridad, respecto del cual se sustent\u00f3 la \u00a0acci\u00f3n de tutela, seg\u00fan consulta efectuada el 12 de \u00a0noviembre del presente a\u00f1o, se constat\u00f3 que no aparece \u00a0ning\u00fan reporte que relacione los datos con alg\u00fan \u00a0proceso penal seguido en su contra. \u00a0<\/p>\n<p>3.4 Luego, de lo \u00a0antes narrado se advierte que la autoridad judicial accionada atendi\u00f3 \u00a0en debida forma la orden constitucional, al proceder diligentemente a \u00a0realizar las labores necesarias para borrar el registro inform\u00e1tico \u00a0que reportaba por equivocaci\u00f3n el n\u00famero de c\u00e9dula \u00a0del accionante con la comisi\u00f3n de una conducta delictiva, \u00a0quedando as\u00ed satisfecho lo ordenado por el juez de tutela. \u00a0<\/p>\n<p>4. Lo antes \u00a0se\u00f1alado permite concluir que la orden emitida en fallo del 11 \u00a0de abril de 2019 fue debidamente acatada por el Juzgado Quince Penal \u00a0del Circuito de Cali, circunstancia por la que no surge viable la \u00a0apertura de incidente por posible desacato. \u00a0<\/p>\n<p>En m\u00e9rito \u00a0de lo expuesto, la Corte Suprema de Justicia, Sala de Casaci\u00f3n \u00a0Penal, en Sala de Decisi\u00f3n en Tutela, \u00a0<\/p>\n<p>RESUELVE \u00a0<\/p>\n<p>Primero.- \u00a0Abstenerse \u00a0de \u00a0iniciar incidente de desacato promovido contra el Juzgado Quince \u00a0Penal del Circuito de Cali. \u00a0<\/p>\n<p>Segundo.- \u00a0Comun\u00edquese esta determinaci\u00f3n a los interesados. \u00a0<\/p>\n<p>C\u00famplase \u00a0<\/p>\n<p>EYDER PATI\u00d1O \u00a0CABRERA \u00a0<\/p>\n<p>Magistrado \u00a0<\/p>\n<p>JAIME HUMBERTO \u00a0MORENO ACERO \u00a0<\/p>\n<p>Magistrado \u00a0<\/p>\n<p>Nubia Yolanda Nova \u00a0Garc\u00eda \u00a0<\/p>\n<p>Secretaria \u00a0<\/p>\n<p>1 \u00a0 \u00a0 \u00a0 \u00a0 \u00a0STP 4653-2019, \u00a0 \u00a0 \u00a0 \u00a0 \u00a0radicado 103870. \u00a0<\/p>\n<p>\u00a0 \u00a0 \u00a0\u00a0<\/p>\n<p><\/p>\n","protected":false},"excerpt":{"rendered":"<p>\u00a0 \u00a0 \u00a0 \u00a0\u00a0 EYDER PATI\u00d1O \u00a0CABRERA \u00a0 Magistrado \u00a0Ponente \u00a0 ATP1840-2019 \u00a0 Radicaci\u00f3n \u00a0n\u00b0 107005 \u00a0 Acta No. 304 \u00a0 Bogot\u00e1, \u00a0D.C., catorce (14) \u00a0de noviembre \u00a0de dos mil diecinueve (2019). \u00a0 ASUNTO \u00a0 Procede la Sala a \u00a0resolver el incidente de desacato promovido por Luis Carlos \u00c1lvarez \u00a0Bastidas, a ra\u00edz del presunto incumplimiento [&hellip;]<\/p>\n","protected":false},"author":1,"featured_media":0,"comment_status":"open","ping_status":"open","sticky":false,"template":"","format":"standard","meta":{"footnotes":""},"categories":[28],"tags":[],"class_list":["post-43896","post","type-post","status-publish","format-standard","hentry","category-28"],"_links":{"self":[{"href":"https:\/\/dmsjuridica.com\/buscador_20179478954\/salapenalcronologico20230723\/wp-json\/wp\/v2\/posts\/43896","targetHints":{"allow":["GET"]}}],"collection":[{"href":"https:\/\/dmsjuridica.com\/buscador_20179478954\/salapenalcronologico20230723\/wp-json\/wp\/v2\/posts"}],"about":[{"href":"https:\/\/dmsjuridica.com\/buscador_20179478954\/salapenalcronologico20230723\/wp-json\/wp\/v2\/types\/post"}],"author":[{"embeddable":true,"href":"https:\/\/dmsjuridica.com\/buscador_20179478954\/salapenalcronologico20230723\/wp-json\/wp\/v2\/users\/1"}],"replies":[{"embeddable":true,"href":"https:\/\/dmsjuridica.com\/buscador_20179478954\/salapenalcronologico20230723\/wp-json\/wp\/v2\/comments?post=43896"}],"version-history":[{"count":0,"href":"https:\/\/dmsjuridica.com\/buscador_20179478954\/salapenalcronologico20230723\/wp-json\/wp\/v2\/posts\/43896\/revisions"}],"wp:attachment":[{"href":"https:\/\/dmsjuridica.com\/buscador_20179478954\/salapenalcronologico20230723\/wp-json\/wp\/v2\/media?parent=43896"}],"wp:term":[{"taxonomy":"category","embeddable":true,"href":"https:\/\/dmsjuridica.com\/buscador_20179478954\/salapenalcronologico20230723\/wp-json\/wp\/v2\/categories?post=43896"},{"taxonomy":"post_tag","embeddable":true,"href":"https:\/\/dmsjuridica.com\/buscador_20179478954\/salapenalcronologico20230723\/wp-json\/wp\/v2\/tags?post=43896"}],"curies":[{"name":"wp","href":"https:\/\/api.w.org\/{rel}","templated":true}]}}