{"id":43787,"date":"2023-09-14T21:48:53","date_gmt":"2023-09-14T21:48:53","guid":{"rendered":"https:\/\/dmsjuridica.com\/buscador_20179478954\/salapenalcronologico20230723\/2023\/09\/14\/atp1560-2019\/"},"modified":"2023-09-14T21:48:53","modified_gmt":"2023-09-14T21:48:53","slug":"atp1560-2019","status":"publish","type":"post","link":"https:\/\/dmsjuridica.com\/buscador_20179478954\/salapenalcronologico20230723\/2023\/09\/14\/atp1560-2019\/","title":{"rendered":"ATP1560-2019"},"content":{"rendered":"\n<p>\u00a0 \u00a0 \u00a0 \u00a0\u00a0<\/p>\n<p>PATRICIA \u00a0SALAZAR CU\u00c9LLAR \u00a0<\/p>\n<p>Magistrada ponente \u00a0<\/p>\n<p>ATP1560-2019 \u00a0<\/p>\n<p>Radicaci\u00f3n \u00a0n\u00ba. 107279 \u00a0<\/p>\n<p>Acta \u00a0260 \u00a0<\/p>\n<p>Bogot\u00e1, \u00a0D.C., cuatro (4) de octubre de dos mil diecinueve (2019). \u00a0<\/p>\n<p>VISTOS \u00a0<\/p>\n<p>Ser\u00eda \u00a0del caso que la Sala avocara el conocimiento de la demanda de tutela \u00a0interpuesta por MAURICIO \u00a0HERN\u00c1NDEZ BERM\u00daDEZ, \u00a0contra el CONSEJO \u00a0SUPERIOR DE LA JUDICATURA \u2013 OFICINA DE ASIGNACIONES Y\/O JUZGADO \u00a016 DE PEQUE\u00d1AS CAUSAS, \u00a0si no fuera porque se observa que esta Corporaci\u00f3n, carece de \u00a0competencia para ello. \u00a0<\/p>\n<p>ANTECEDENTES \u00a0F\u00c1CTICOS \u00a0<\/p>\n<p>Se\u00f1al\u00f3 \u00a0el accionante que el 6 de marzo del presente a\u00f1os, solicit\u00f3 \u00a0al \u00abConsejo \u00a0Superior de la Judicatura \u2013 Oficina de Asignaciones\u00bb \u00a0se le informara qu\u00e9 Juzgado conoc\u00eda actualmente del \u00a0proceso radicado bajo el n\u00famero 11001400306920130151400, en el \u00a0aparece como demandante Yamile Sua Mendivelso y MAURICIO HERN\u00c1NDEZ \u00a0BERM\u00daDEZ en calidad de demandado, el cual hab\u00eda sido \u00a0conocido por el Juzgado 69 Civil Municipal de Bogot\u00e1 hoy 51 de \u00a0Peque\u00f1as Causas. \u00a0<\/p>\n<p>Afirm\u00f3 que \u00a0la Oficina en menci\u00f3n, le comunic\u00f3 que dicha actuaci\u00f3n \u00a0se encontraba en el Juzgado 16 de Peque\u00f1as Causas y \u00a0Competencia m\u00faltiple de la aludida ciudad, autoridad que le \u00a0certific\u00f3 que en ese despacho no se hallaba tal expediente y \u00a0aunque ha indagado en varios Juzgados desconoce la autoridad que \u00a0tiene a cargo el proceso adelantado en su contra. \u00a0<\/p>\n<p>Con fundamento en \u00a0lo anterior, impetr\u00f3 el amparo del derecho de acceso a la \u00a0administraci\u00f3n de justicia y en consecuencia, que se ordenara \u00a0a los accionados informarle la ubicaci\u00f3n de la mencionada \u00a0actuaci\u00f3n y en caso de no encontrarse, se tomaran las medidas \u00a0correspondientes. \u00a0<\/p>\n<p>CONSIDERACIONES \u00a0<\/p>\n<p>En un primer \u00a0acercamiento con el asunto objeto de este radicado, encontramos que \u00a0aunque la queja constitucional se dirige, entre otros, contra el \u00a0Consejo Superior de la Judicatura, no se advierte intervenci\u00f3n \u00a0alguna por parte de dicha Colegiatura en la presunta afectaci\u00f3n \u00a0de las garant\u00edas fundamentales de MAURICIO HERN\u00c1NDEZ \u00a0BERM\u00daDEZ. \u00a0<\/p>\n<p>En efecto, de la \u00a0demanda de tutela se advierte que las posibles autoridades \u00a0vulneradores de los derechos del demandante son la Oficina de \u00a0Asignaciones y el Juzgado 16 de Peque\u00f1as Causas y Competencia \u00a0M\u00faltiple de Bogot\u00e1. \u00a0<\/p>\n<p>De manera que, \u00a0esta Corporaci\u00f3n no es competente para conocer en primera \u00a0instancia de la solicitud de amparo, pues la presunta afectaci\u00f3n \u00a0de los derechos del actor no se relaciona con actuaciones del Consejo \u00a0Superior de la Judicatura en sus salas Administrativa y \u00a0Disciplinaria. \u00a0<\/p>\n<p>Aclarado lo \u00a0anterior, pasa a determinar la Sala a que autoridad se debe remitir \u00a0la demanda de tutela presentada por MAURICIO HERN\u00c1NDEZ \u00a0BERM\u00daDEZ, para lo que se debe tener en consideraci\u00f3n lo \u00a0establecido en el numeral 5 del art\u00edculo 2.2.3.1.2.1 del \u00a0Decreto 1983 de 2017, que se\u00f1ala: \u00a0<\/p>\n<p>5. \u00a0Las \u00a0acciones de tutela dirigidas contra los Jueces o Tribunales ser\u00e1n \u00a0repartidas, para su conocimiento en primera instancia, al respectivo \u00a0superior funcional de la autoridad jurisdiccional accionada (\u2026). \u00a0<\/p>\n<p>Ahora, en el \u00a0presente evento se advierte que la autoridad accionada es el Juzgado \u00a016 de Peque\u00f1as Causas y Competencia M\u00faltiple de \u00a0Bogot\u00e11, \u00a0por lo que la competencia para conocer en primera instancia de la \u00a0presente solicitud de amparo, radica en los Juzgados Civiles del \u00a0Circuito del mismo distrito judicial, debido a que es el superior \u00a0funcional de dicho despacho judicial. \u00a0<\/p>\n<p>As\u00ed las \u00a0cosas, lo procedente ser\u00e1 ordenar la remisi\u00f3n del \u00a0asunto a la Oficina de reparto de los Juzgados en menci\u00f3n, \u00a0para que de manera expedita someta a reparto la presente acci\u00f3n \u00a0de tutela. \u00a0<\/p>\n<p>En \u00a0m\u00e9rito de lo expuesto, LA \u00a0CORTE SUPREMA DE JUSTICIA, SALA DE CASACI\u00d3N PENAL \u2013 SALA \u00a0DE DECISI\u00d3N DE ACCIONES DE TUTELA No. 2, \u00a0<\/p>\n<p>RESUELVE \u00a0<\/p>\n<p>1\u00ba. \u00a0REMITIR el \u00a0expediente a la Oficina de reparto de los Juzgados Civiles del \u00a0Circuito de Bogot\u00e1, por ser los competentes para conocer del \u00a0presente proceso constitucional, de conformidad con las \u00a0consideraciones de esta providencia. \u00a0<\/p>\n<p>2\u00ba. \u00a0COMUNICAR al \u00a0accionante la presente decisi\u00f3n. \u00a0<\/p>\n<p>C\u00daMPLASE \u00a0<\/p>\n<p>LUIS ANTONIO \u00a0HERN\u00c1NDEZ BARBOSA \u00a0<\/p>\n<p>PATRICIA \u00a0SALAZAR CU\u00c9LLAR \u00a0<\/p>\n<p>NUBIA \u00a0YOLANDA NOVA GARC\u00cdA \u00a0<\/p>\n<p>Secretaria \u00a0<\/p>\n<p>1 \u00a0 \u00a0 \u00a0 \u00a0 \u00a0Mediante \u00a0 \u00a0 \u00a0 \u00a0 \u00a0Acuerdo PCSJA18-11127 del 12 de octubre de 2018, se dispuso la \u00a0 \u00a0 \u00a0 \u00a0 \u00a0\u00abtransformaci\u00f3n \u00a0 \u00a0 \u00a0 \u00a0 \u00a0transitoria de Juzgados Civiles a Juzgados de Peque\u00f1as Causas \u00a0 \u00a0 \u00a0 \u00a0 \u00a0y Competencia M\u00faltiple en el Distrito Judicial de Bogot\u00e1\u00bb. \u00a0 \u00a0 \u00a0<\/p>\n<p><\/p>\n","protected":false},"excerpt":{"rendered":"<p>\u00a0 \u00a0 \u00a0 \u00a0\u00a0 PATRICIA \u00a0SALAZAR CU\u00c9LLAR \u00a0 Magistrada ponente \u00a0 ATP1560-2019 \u00a0 Radicaci\u00f3n \u00a0n\u00ba. 107279 \u00a0 Acta \u00a0260 \u00a0 Bogot\u00e1, \u00a0D.C., cuatro (4) de octubre de dos mil diecinueve (2019). \u00a0 VISTOS \u00a0 Ser\u00eda \u00a0del caso que la Sala avocara el conocimiento de la demanda de tutela \u00a0interpuesta por MAURICIO \u00a0HERN\u00c1NDEZ BERM\u00daDEZ, \u00a0contra el [&hellip;]<\/p>\n","protected":false},"author":1,"featured_media":0,"comment_status":"open","ping_status":"open","sticky":false,"template":"","format":"standard","meta":{"footnotes":""},"categories":[28],"tags":[],"class_list":["post-43787","post","type-post","status-publish","format-standard","hentry","category-28"],"_links":{"self":[{"href":"https:\/\/dmsjuridica.com\/buscador_20179478954\/salapenalcronologico20230723\/wp-json\/wp\/v2\/posts\/43787","targetHints":{"allow":["GET"]}}],"collection":[{"href":"https:\/\/dmsjuridica.com\/buscador_20179478954\/salapenalcronologico20230723\/wp-json\/wp\/v2\/posts"}],"about":[{"href":"https:\/\/dmsjuridica.com\/buscador_20179478954\/salapenalcronologico20230723\/wp-json\/wp\/v2\/types\/post"}],"author":[{"embeddable":true,"href":"https:\/\/dmsjuridica.com\/buscador_20179478954\/salapenalcronologico20230723\/wp-json\/wp\/v2\/users\/1"}],"replies":[{"embeddable":true,"href":"https:\/\/dmsjuridica.com\/buscador_20179478954\/salapenalcronologico20230723\/wp-json\/wp\/v2\/comments?post=43787"}],"version-history":[{"count":0,"href":"https:\/\/dmsjuridica.com\/buscador_20179478954\/salapenalcronologico20230723\/wp-json\/wp\/v2\/posts\/43787\/revisions"}],"wp:attachment":[{"href":"https:\/\/dmsjuridica.com\/buscador_20179478954\/salapenalcronologico20230723\/wp-json\/wp\/v2\/media?parent=43787"}],"wp:term":[{"taxonomy":"category","embeddable":true,"href":"https:\/\/dmsjuridica.com\/buscador_20179478954\/salapenalcronologico20230723\/wp-json\/wp\/v2\/categories?post=43787"},{"taxonomy":"post_tag","embeddable":true,"href":"https:\/\/dmsjuridica.com\/buscador_20179478954\/salapenalcronologico20230723\/wp-json\/wp\/v2\/tags?post=43787"}],"curies":[{"name":"wp","href":"https:\/\/api.w.org\/{rel}","templated":true}]}}