{"id":43698,"date":"2023-09-14T21:48:49","date_gmt":"2023-09-14T21:48:49","guid":{"rendered":"https:\/\/dmsjuridica.com\/buscador_20179478954\/salapenalcronologico20230723\/2023\/09\/14\/atp1326-2019\/"},"modified":"2023-09-14T21:48:49","modified_gmt":"2023-09-14T21:48:49","slug":"atp1326-2019","status":"publish","type":"post","link":"https:\/\/dmsjuridica.com\/buscador_20179478954\/salapenalcronologico20230723\/2023\/09\/14\/atp1326-2019\/","title":{"rendered":"ATP1326-2019"},"content":{"rendered":"\n<p>\u00a0 \u00a0 \u00a0 \u00a0\u00a0<\/p>\n<p>JOS\u00c9 FRANCISCO \u00a0ACU\u00d1A VIZCAYA \u00a0<\/p>\n<p>Magistrado ponente \u00a0<\/p>\n<p>ATP1326-2019 \u00a0<\/p>\n<p>Radicaci\u00f3n n.\u00b0 \u00a0105108 \u00a0<\/p>\n<p>(Aprobaci\u00f3n \u00a0Acta No. 203) \u00a0<\/p>\n<p>Bogot\u00e1 D.C., \u00a0trece (13) de agosto de dos mil diecinueve (2019) \u00a0<\/p>\n<p>VISTOS \u00a0<\/p>\n<p>Se pronuncia la Sala sobre sobre el \u00a0cumplimiento de las \u00f3rdenes de tutela impartidas a la Fiscal\u00eda \u00a0Segunda delegada ante los Jueces Penales del Circuito Especializado, \u00a0adscrita a la Direcci\u00f3n Especializada contra el narcotr\u00e1fico \u00a0de la Fiscal\u00eda General de la Naci\u00f3n, mediante el fallo \u00a0STP3892-2019 emitido el pasado 26 de marzo dentro del radicado \u00a0103565. \u00a0<\/p>\n<p>ANTECEDENTES \u00a0<\/p>\n<p>\u00a0 \u00a0\u00a0 \u00a0 \u00a0 \u00a0 \u00a0<\/p>\n<p>1. Los ciudadanos Judith Consuelo Garc\u00eda \u00a0 \u00a0 \u00a0 \u00a0 \u00a0Triana y Samuel Hern\u00e1ndez Ayala, mediante apoderado judicial, \u00a0 \u00a0 \u00a0 \u00a0 \u00a0remitieron escrito informando sobre el presunto incumplimiento de \u00a0 \u00a0 \u00a0 \u00a0 \u00a0las \u00f3rdenes de tutela impartidas contra la Fiscal\u00eda \u00a0 \u00a0 \u00a0 \u00a0 \u00a0Segunda delegada ante los Jueces Penales del Circuito Especializado, \u00a0 \u00a0 \u00a0 \u00a0 \u00a0adscrita a la Direcci\u00f3n Especializada contra el narcotr\u00e1fico \u00a0 \u00a0 \u00a0 \u00a0 \u00a0de la Fiscal\u00eda General de la Naci\u00f3n, mediante fallo \u00a0 \u00a0 \u00a0 \u00a0 \u00a0proferido el 26 de marzo de 2019 dentro del expediente radicado bajo \u00a0 \u00a0 \u00a0 \u00a0 \u00a0el n\u00famero 105108.1 \u00a0<\/p>\n<p>Se trata de una providencia en la que \u00a0esta Corporaci\u00f3n resolvi\u00f3: \u00a0<\/p>\n<p>\u00a0 \u00a0\u00a0 \u00a0 \u00a0 \u00a0 \u00a0<\/p>\n<p>3. TUTELAR los derechos \u00a0 \u00a0 \u00a0 \u00a0 \u00a0fundamentales al debido proceso, la defensa y el acceso a la \u00a0 \u00a0 \u00a0 \u00a0 \u00a0administraci\u00f3n de justicia de Judith Consuelo Garc\u00eda \u00a0 \u00a0 \u00a0 \u00a0 \u00a0Triana y Samuel Hern\u00e1ndez Ayala, por las razones anotadas en \u00a0 \u00a0 \u00a0 \u00a0 \u00a0precedencia.<\/p>\n<p>4. En consecuencia, \u00a0 \u00a0 \u00a0 \u00a0 \u00a0ordenar a la Fiscal\u00eda Segunda delegada ante los Jueces \u00a0 \u00a0 \u00a0 \u00a0 \u00a0Penales del Circuito Especializado, adscrita a la Direcci\u00f3n \u00a0 \u00a0 \u00a0 \u00a0 \u00a0Especializada contra el narcotr\u00e1fico de la Fiscal\u00eda \u00a0 \u00a0 \u00a0 \u00a0 \u00a0General de la Naci\u00f3n, que, dentro de los diez (10) d\u00edas \u00a0 \u00a0 \u00a0 \u00a0 \u00a0siguientes, contados a partir de la notificaci\u00f3n de la \u00a0 \u00a0 \u00a0 \u00a0 \u00a0presente decisi\u00f3n, acorde con los par\u00e1metros del \u00a0 \u00a0 \u00a0 \u00a0 \u00a0art\u00edculo 5 de la Resoluci\u00f3n No. 0-5007 de 2004 \u00a0 \u00a0 \u00a0 \u00a0 \u00a0expedida por la Fiscal\u00eda General de la Naci\u00f3n y la \u00a0 \u00a0 \u00a0 \u00a0 \u00a0Resoluci\u00f3n No. 0178 de 2018 expedida por la Direcci\u00f3n \u00a0 \u00a0 \u00a0 \u00a0 \u00a0Especializada contra el Narcotr\u00e1fico, adelante las \u00a0 \u00a0 \u00a0 \u00a0 \u00a0diligencias necesarias con el fin de establecer la ubicaci\u00f3n \u00a0 \u00a0 \u00a0 \u00a0 \u00a0f\u00edsica del expediente radicado bajo el n\u00famero 8915. \u00a0<\/p>\n<p>De no ser posible lo \u00a0anterior, proceder\u00e1 de inmediato a iniciar el tr\u00e1mite \u00a0de reconstrucci\u00f3n. \u00a0<\/p>\n<p>Todo ello en procura de \u00a0resolver debidamente la procedencia de la acci\u00f3n de extinci\u00f3n \u00a0de dominio y de las medidas cautelares decretadas sobre el lote de \u00a0terreno \u00abLa Carbona\u00bb identificado con el n\u00famero de \u00a0matr\u00edcula inmobiliaria 200-19711. (Textual). \u00a0<\/p>\n<p>\u00a0 \u00a0\u00a0 \u00a0 \u00a0 \u00a0 \u00a0<\/p>\n<p>2. Mediante auto de 6 de junio de hoga\u00f1o, se \u00a0 \u00a0 \u00a0 \u00a0 \u00a0requiri\u00f3 a la Fiscal\u00eda Segunda delegada ante los \u00a0 \u00a0 \u00a0 \u00a0 \u00a0Jueces Penales del Circuito Especializado, adscrita a la Direcci\u00f3n \u00a0 \u00a0 \u00a0 \u00a0 \u00a0Especializada contra el narcotr\u00e1fico de la Fiscal\u00eda \u00a0 \u00a0 \u00a0 \u00a0 \u00a0General de la Naci\u00f3n, para que informara sobre el \u00a0 \u00a0 \u00a0 \u00a0 \u00a0cumplimiento de la providencia referida y allegara las pruebas que \u00a0 \u00a0 \u00a0 \u00a0 \u00a0considerara pertinentes.2 \u00a0<\/p>\n<p>\u00a0 \u00a0\u00a0 \u00a0 \u00a0 \u00a0 \u00a0<\/p>\n<p>3. La Fiscal\u00eda Segunda delegada ante los \u00a0 \u00a0 \u00a0 \u00a0 \u00a0Jueces Penales del Circuito Especializado, adscrita a la Direcci\u00f3n \u00a0 \u00a0 \u00a0 \u00a0 \u00a0Especializada contra el narcotr\u00e1fico de la Fiscal\u00eda \u00a0 \u00a0 \u00a0 \u00a0 \u00a0General de la Naci\u00f3n, inform\u00f3 lo siguiente:3 \u00a0<\/p>\n<p>El 5 de abril fui notificada de la sentencia\u2026\/\/ \u00a0En virtud de lo anterior, el 6 de abril de 2019, la suscrita avoc\u00f3 \u00a0su conocimiento y dispuso la solicitud de un Investigador de Polic\u00eda \u00a0Judicial para llevar a cabo diligencias tendientes a dar cumplimiento \u00a0con la citada sentencia. \u00a0<\/p>\n<p>Una vez asignado el Investigador, mediante resoluci\u00f3n \u00a0del 24 de abril de 2019, se orden\u00f3 a la servidora de Polic\u00eda \u00a0Judicial Sandra Marcela Arango Rodr\u00edguez, establecer la \u00a0ubicaci\u00f3n f\u00edsica del expediente radicado bajo el n\u00famero \u00a08915 824631 adelantado por la extinta Unidad de Ley 30 de 1986, con \u00a0ocasi\u00f3n de la actuaciones adelantada por la Unidad \u00a0Investigativa de orden p\u00fablico SIJIN en el inmueble denominado \u00a0\u201cLa Carmona\u201d, identificado con el folio de matr\u00edcula \u00a0inmobiliaria n\u00famero 200-86789, ubicada en la vereda El Salado \u00a0del municipio de Rivera (Huila), propiedad del se\u00f1or Hernando \u00a0Molina Cardona, Investigaci\u00f3n que fuera adelantada en contra \u00a0de los se\u00f1ores Luis Carlos Vel\u00e1squez Dur\u00e1n y \u00a0Luis Antonio Perdomo Perdomo. \u00a0<\/p>\n<p>Para el efecto se orden\u00f3 llevar a cabo \u00a0inspecci\u00f3n judicial, primero en los Juzgados de Ejecuci\u00f3n \u00a0de Penas de Bogot\u00e1, de no reposar all\u00ed el expediente se \u00a0llevar\u00eda a cabo tal diligencia en los Juzgados de Ejecuci\u00f3n \u00a0de Penas de la ciudad de Neiva (Huila) y en el Juzgado Penal del \u00a0Circuito Especializado de Extinci\u00f3n de Dominio de la misma \u00a0ciudad. \u00a0<\/p>\n<p>A su vez se le orden\u00f3 obtener de la oficina de \u00a0Registro de instrumentos P\u00fablicos del Circulo de Neiva (Huila) \u00a0copia del historial de los inmuebles Finca \u201cLa Carmona\u201d; \u00a0identificada con el folio de matr\u00edcula inmobiliaria n\u00famero \u00a0200-86789, as\u00ed como del predio \u201cLa Carbona\u201d, \u00a0identificado con el folio de matr\u00edcula inmobiliaria Nro. \u00a0200-19711 y el predio \u201cEl Carb\u00f3n\u201d. \u00a0<\/p>\n<p>El 5 de junio de 2019, la servidora Sandra Marcela \u00a0Arango Rodriguez, present\u00f3 informe de Polic\u00eda Judicial \u00a0de la misma fecha, indicando los resultados de las labores \u00a0dispuestas, entre otras, inform\u00f3 sobre la ubicaci\u00f3n de \u00a0la actuaci\u00f3n penal requerida y las dificultades para tener \u00a0acceso a la totalidad de la misma por el estado en que se encuentra. \u00a0Al informe acompa\u00f1\u00f3 algunas copias de las piezas \u00a0procesales que obtuvo en la inspecci\u00f3n que realiz\u00f3 al \u00a0proceso. \u00a0<\/p>\n<p>Analizadas las copias obtenidas por la Investigadora \u00a0Judicial designada para este asunto, se consider\u00f3 que para \u00a0mejor proveer era necesario obtener copia de otras piezas procesales, \u00a0por lo que el Despacho dispuso a trav\u00e9s de resoluci\u00f3n \u00a0del 10 de junio del presente a\u00f1o, el desglose \u00edntegro \u00a0del o los incidentes que se hayan promovido en relaci\u00f3n con \u00a0los predios \u201cLa Carbona\u201d y\/o \u201cLa Carmona\u201d, \u00a0incluidos los pronunciamiento del grado jurisdiccional de consulta, \u00a0especialmente de aqu\u00e9l en donde se profirieron las \u00a0resoluciones del 29 de abril de 1993 y del 8 de febrero de 1994 \u00a0(Folios 51 y siguientes y 98 y siguientes del cuaderno Nro. 2) \u00a0respectivamente, con el prop\u00f3sito de tomar decisi\u00f3n de \u00a0fondo correspondiente. \u00a0<\/p>\n<p>Adem\u00e1s, se orden\u00f3 obtener copia de las \u00a0indagatorias rendidas por el se\u00f1or Luis Antonio Perdomo \u00a0Perdomo; as\u00ed como de las ampliaciones a la misma, en caso de \u00a0que se hayan recepcionado; as\u00ed como copia de las sentencias de \u00a0primera y segunda instancia que se hayan proferido en contra del \u00a0se\u00f1or Luis Antonio Perdomo Perdomo y copia de la diligencia de \u00a0ocupaci\u00f3n del bien inmueble ubicado en la vereda El Salado, \u00a0municipio de Rivera (Huila), finca \u201cLa Carmona\u201d, \u00a0realizada por la Unidad de Orden P\u00fablico de la SIJIN del \u00a0Departamento de Polic\u00eda (Huila), a que se refiere el oficio \u00a0Nro. 0290 del 26 de febrero de 1992. Al parecer esta acta se \u00a0encuentra en los folios 12 al 13 del cuaderno copias 1, seg\u00fan \u00a0se desprende de lo consignado en la p\u00e1gina 3 de la resoluci\u00f3n \u00a0de Segunda instancia del 8 de febrero de 1994 (Folio 98 del cuaderno \u00a0Nro. 2.) \u00a0<\/p>\n<p>Como a la fecha no se han obtenido los resultados a \u00a0la orden impartida el 10 de los cursantes, se requiri\u00f3 \u00a0telef\u00f3nicamente a la Investigadora designada para que rinda \u00a0oportunamente el informe correspondiente, para adoptar la decisi\u00f3n \u00a0del caso. (Textual). \u00a0<\/p>\n<p>Para acreditar sus actuaciones, esta \u00a0accionada remiti\u00f3 copia de los soportes respectivos.4 \u00a0<\/p>\n<p>\u00a0 \u00a0\u00a0 \u00a0 \u00a0 \u00a0 \u00a0<\/p>\n<p>4. A partir de esa respuesta, la Sala constat\u00f3 \u00a0 \u00a0 \u00a0 \u00a0 \u00a0que hasta ese momento la autoridad accionada ven\u00eda dando \u00a0 \u00a0 \u00a0 \u00a0 \u00a0cumplimiento a lo ordenado mediante el fallo STP3892-2019 emitido el \u00a0 \u00a0 \u00a0 \u00a0 \u00a0pasado 26 de marzo dentro del radicado 103565, por lo que mediante \u00a0 \u00a0 \u00a0 \u00a0 \u00a0auto ATP1063-2019 de 28 junio hoga\u00f1o, se abstuvo iniciar el \u00a0 \u00a0 \u00a0 \u00a0 \u00a0incidente de desacato solicitado.5 \u00a0<\/p>\n<p>\u00a0 \u00a0\u00a0 \u00a0 \u00a0 \u00a0 \u00a0<\/p>\n<p>5. El pasado 8 de julio, la Fiscal\u00eda Segunda \u00a0 \u00a0 \u00a0 \u00a0 \u00a0delegada ante los Jueces Penales del Circuito Especializado, \u00a0 \u00a0 \u00a0 \u00a0 \u00a0adscrita a la Direcci\u00f3n Especializada contra el narcotr\u00e1fico \u00a0 \u00a0 \u00a0 \u00a0 \u00a0de la Fiscal\u00eda General de la Naci\u00f3n, con el fin de \u00a0 \u00a0 \u00a0 \u00a0 \u00a0acreditar el cumplimiento de las \u00f3rdenes de tutela que le \u00a0 \u00a0 \u00a0 \u00a0 \u00a0fueron impartidas, remiti\u00f3 copia de la Resoluci\u00f3n de 2 \u00a0 \u00a0 \u00a0 \u00a0 \u00a0de julio de 2019 proferida dentro del expediente radicado bajo el \u00a0 \u00a0 \u00a0 \u00a0 \u00a0n\u00famero 8915, mediante la cual se pronunci\u00f3 sobre los \u00a0 \u00a0 \u00a0 \u00a0 \u00a0bienes inmuebles \u00abLa Carbona\u00bb identificado con la \u00a0 \u00a0 \u00a0 \u00a0 \u00a0matr\u00edcula inmobiliaria 200-0019711 y \u00abEl Carb\u00f3n\u00bb \u00a0 \u00a0 \u00a0 \u00a0 \u00a0identificado con el folio de matr\u00edcula inmobiliaria n\u00famero \u00a0 \u00a0 \u00a0 \u00a0 \u00a0200-86789.6 \u00a0<\/p>\n<p>\u00a0 \u00a0\u00a0 \u00a0 \u00a0 \u00a0 \u00a0<\/p>\n<p>6. El pasado 19 de julio, con el fin de contar con \u00a0 \u00a0 \u00a0 \u00a0 \u00a0elementos de juicio suficientes para decidir, se dispuso correrle \u00a0 \u00a0 \u00a0 \u00a0 \u00a0traslado de ese informe a Judith Consuelo Garc\u00eda Triana, \u00a0 \u00a0 \u00a0 \u00a0 \u00a0Samuel Hern\u00e1ndez Ayala y su apoderado judicial, para que se \u00a0 \u00a0 \u00a0 \u00a0 \u00a0pronunciaran sobre el mismo.7 \u00a0<\/p>\n<p>\u00a0 \u00a0\u00a0 \u00a0 \u00a0 \u00a0 \u00a0<\/p>\n<p>7. El pasado 5 de agosto, la Secretar\u00eda \u00a0 \u00a0 \u00a0 \u00a0 \u00a0inform\u00f3 que el 30 de julio anterior, el apoderado de los \u00a0 \u00a0 \u00a0 \u00a0 \u00a0accionantes se notific\u00f3 personalmente de la referida \u00a0 \u00a0 \u00a0 \u00a0 \u00a0decisi\u00f3n8 \u00a0 \u00a0 \u00a0 \u00a0 \u00a0y vencido el t\u00e9rmino concedido no present\u00f3 \u00a0 \u00a0 \u00a0 \u00a0 \u00a0intervenci\u00f3n alguna.9 \u00a0<\/p>\n<p>CONSIDERACIONES DE LA SALA \u00a0<\/p>\n<p>De conformidad con el art\u00edculo \u00a027 del Decreto 2591 de 1991, esta Sala es competente para verificar \u00a0el cumplimiento del fallo STP3892-2019 emitido el pasado 26 de marzo \u00a0dentro del radicado 103565. \u00a0<\/p>\n<p>El problema jur\u00eddico que \u00a0convoca a la Sala consiste en determinar si a \u00a0partir de la decisi\u00f3n proferida el 2 de julio de 2019 por la \u00a0Fiscal\u00eda Segunda delegada ante los Jueces Penales del \u00a0Circuito Especializado, adscrita a la Direcci\u00f3n Especializada \u00a0contra el narcotr\u00e1fico de la Fiscal\u00eda General de la \u00a0Naci\u00f3n, debe declararse el cumplimiento \u00a0de las \u00f3rdenes de tutela impartidas mediante el fallo \u00a0STP3892-2019 emitido el pasado 26 de marzo dentro del radicado \u00a0103565. \u00a0<\/p>\n<p>Al respecto, la Sala procedi\u00f3 \u00a0a revisar la Resoluci\u00f3n de 2 de julio de 2019 proferida dentro \u00a0del expediente radicado bajo el n\u00famero 8915, encontrando que, \u00a0en lo que concierne al amparo concedido, mediante esa providencia la \u00a0autoridad accionada determin\u00f3 que la Unidad Investigativa de \u00a0Orden P\u00fablico de la SIJIN del Departamento de Polic\u00eda \u00a0de Huila, por error orden\u00f3 la ocupaci\u00f3n del bien \u00a0identificado con el n\u00famero de matr\u00edcula inmobiliaria \u00a0200-0019711. \u00a0<\/p>\n<p>Por ese motivo, resolvi\u00f3 \u00a0\u00ab\u2026comunicar a la Direcci\u00f3n \u00a0Nacional de Estupefacientes y\/o a la Sociedad de Activos Especiales \u00a0SAE y a la Oficina de Registro de Instrumentos P\u00fablicos de \u00a0Neiva (Huila) que el inmueble denominado \u201cLa \u00a0Carbona\u201d identificado con la \u00a0matr\u00edcula inmobiliaria 200-0019711, \u00a0no se requiere para efectos de extinci\u00f3n de dominio, ni para \u00a0ning\u00fan otro efecto dentro de este proceso y, en consecuencia, \u00a0se proceda de inmediato a levantar los grav\u00e1menes y \u00a0anotaciones que se hayan impuesto sobre el mismo con ocasi\u00f3n \u00a0del proceso n\u00famero 8915 (24631) \u00a0adelantado por la extinta Unidad de Ley 30 de 1986\u00bb. \u00a0<\/p>\n<p>De esta manera, comoquiera que el \u00a0amparo concedido mediante el fallo STP3892-2019 \u00a0emitido el pasado 26 de marzo dentro del radicado 103565, estaba \u00a0encaminado a que se resolviera la situaci\u00f3n jur\u00eddica \u00a0del lote de terreno \u00abLa Carbona\u00bb identificado \u00a0con el n\u00famero de matr\u00edcula inmobiliaria 200-19711, se \u00a0constata que la Fiscal\u00eda Segunda delegada ante los Jueces \u00a0Penales del Circuito Especializado, adscrita a la Direcci\u00f3n \u00a0Especializada contra el narcotr\u00e1fico de la Fiscal\u00eda \u00a0General de la Naci\u00f3n, s\u00ed dio cumplimiento a la orden \u00a0que le fue impartida. \u00a0<\/p>\n<p>Aunado a lo anterior, la Sala no \u00a0puede pasar por alto que la parte accionante no present\u00f3 \u00a0objeci\u00f3n alguna frente a la decisi\u00f3n adoptada por la \u00a0autoridad accionada y, que en caso de inconformidad con la \u00a0determinaci\u00f3n adoptada por la autoridad accionada, podr\u00e1 \u00a0ejercer su derecho de contradicci\u00f3n y defensa en el marco del \u00a0proceso n\u00famero 8915 (24631). \u00a0<\/p>\n<p>Por estas razones se declarar\u00e1 \u00a0el cumplimiento de las \u00f3rdenes de tutela \u00a0impartidas mediante el fallo STP3892-2019 emitido el pasado 26 \u00a0de marzo dentro del radicado 103565, y se ordenar\u00e1 el archivo \u00a0de las actuaciones. \u00a0<\/p>\n<p>Por lo expuesto, la CORTE \u00a0SUPREMA DE JUSTICIA, SALA DE CASACI\u00d3N PENAL \u2013 EN SALA DE \u00a0DECISI\u00d3N DE ACCIONES DE TUTELA N\u00b0 1, \u00a0<\/p>\n<p>RESUELVE \u00a0<\/p>\n<p>\u00a0 \u00a0\u00a0 \u00a0 \u00a0 \u00a0 \u00a0<\/p>\n<p>1. DECLARAR que la \u00a0 \u00a0 \u00a0 \u00a0 \u00a0Fiscal\u00eda Segunda delegada ante los Jueces Penales del \u00a0 \u00a0 \u00a0 \u00a0 \u00a0Circuito Especializado, adscrita a la Direcci\u00f3n Especializada \u00a0 \u00a0 \u00a0 \u00a0 \u00a0contra el narcotr\u00e1fico de la Fiscal\u00eda General de la \u00a0 \u00a0 \u00a0 \u00a0 \u00a0Naci\u00f3n, cumpli\u00f3 las \u00f3rdenes de tutela \u00a0 \u00a0 \u00a0 \u00a0 \u00a0impartidas mediante el fallo STP3892-2019 proferido el pasado 26 de \u00a0 \u00a0 \u00a0 \u00a0 \u00a0marzo dentro del radicado 103565, por las razones anotadas en \u00a0 \u00a0 \u00a0 \u00a0 \u00a0precedencia. \u00a0<\/p>\n<p>\u00a0 \u00a0\u00a0 \u00a0 \u00a0 \u00a0 \u00a0<\/p>\n<p>2. NOTIFICAR esta \u00a0 \u00a0 \u00a0 \u00a0 \u00a0providencia de conformidad con el art\u00edculo 30 del Decreto \u00a0 \u00a0 \u00a0 \u00a0 \u00a02591 de 1991, informando que contra la misma no procede recurso \u00a0 \u00a0 \u00a0 \u00a0 \u00a0alguno. \u00a0<\/p>\n<p>\u00a0 \u00a0\u00a0 \u00a0 \u00a0 \u00a0 \u00a0<\/p>\n<p>3. Cumplido lo anterior, ARCHIVAR las diligencias. \u00a0<\/p>\n<p>NOTIF\u00cdQUESE Y C\u00daMPLASE \u00a0<\/p>\n<p>JOS\u00c9 FRANCISCO ACU\u00d1A VIZCAYA \u00a0<\/p>\n<p>EUGENIO FERN\u00c1NDEZ \u00a0CARLIER \u00a0<\/p>\n<p>NUBIA YOLANDA NOVA GARC\u00cdA \u00a0<\/p>\n<p>Secretaria \u00a0<\/p>\n<p>1 \u00a0 \u00a0 \u00a0 \u00a0 \u00a0Folios 1 a 4. \u00a0<\/p>\n<p>2 \u00a0 \u00a0 \u00a0 \u00a0 \u00a0Folios 7 a 9. \u00a0<\/p>\n<p>3 \u00a0 \u00a0 \u00a0 \u00a0 \u00a0Folios 11 a 12. \u00a0<\/p>\n<p>4 \u00a0 \u00a0 \u00a0 \u00a0 \u00a0Folios 13 a 27. \u00a0<\/p>\n<p>5 \u00a0 \u00a0 \u00a0 \u00a0 \u00a0Folios 29 a 38. \u00a0<\/p>\n<p>6 \u00a0 \u00a0 \u00a0 \u00a0 \u00a0Folios 41 a 43. \u00a0<\/p>\n<p>7 \u00a0 \u00a0 \u00a0 \u00a0 \u00a0Folios 44 a 45. \u00a0<\/p>\n<p>8 \u00a0 \u00a0 \u00a0 \u00a0 \u00a0Folio 48. \u00a0<\/p>\n<p>9 \u00a0 \u00a0 \u00a0 \u00a0 \u00a0Folio 49. \u00a0 \u00a0 \u00a0<\/p>\n<p><\/p>\n","protected":false},"excerpt":{"rendered":"<p>\u00a0 \u00a0 \u00a0 \u00a0\u00a0 JOS\u00c9 FRANCISCO \u00a0ACU\u00d1A VIZCAYA \u00a0 Magistrado ponente \u00a0 ATP1326-2019 \u00a0 Radicaci\u00f3n n.\u00b0 \u00a0105108 \u00a0 (Aprobaci\u00f3n \u00a0Acta No. 203) \u00a0 Bogot\u00e1 D.C., \u00a0trece (13) de agosto de dos mil diecinueve (2019) \u00a0 VISTOS \u00a0 Se pronuncia la Sala sobre sobre el \u00a0cumplimiento de las \u00f3rdenes de tutela impartidas a la Fiscal\u00eda \u00a0Segunda [&hellip;]<\/p>\n","protected":false},"author":1,"featured_media":0,"comment_status":"open","ping_status":"open","sticky":false,"template":"","format":"standard","meta":{"footnotes":""},"categories":[28],"tags":[],"class_list":["post-43698","post","type-post","status-publish","format-standard","hentry","category-28"],"_links":{"self":[{"href":"https:\/\/dmsjuridica.com\/buscador_20179478954\/salapenalcronologico20230723\/wp-json\/wp\/v2\/posts\/43698","targetHints":{"allow":["GET"]}}],"collection":[{"href":"https:\/\/dmsjuridica.com\/buscador_20179478954\/salapenalcronologico20230723\/wp-json\/wp\/v2\/posts"}],"about":[{"href":"https:\/\/dmsjuridica.com\/buscador_20179478954\/salapenalcronologico20230723\/wp-json\/wp\/v2\/types\/post"}],"author":[{"embeddable":true,"href":"https:\/\/dmsjuridica.com\/buscador_20179478954\/salapenalcronologico20230723\/wp-json\/wp\/v2\/users\/1"}],"replies":[{"embeddable":true,"href":"https:\/\/dmsjuridica.com\/buscador_20179478954\/salapenalcronologico20230723\/wp-json\/wp\/v2\/comments?post=43698"}],"version-history":[{"count":0,"href":"https:\/\/dmsjuridica.com\/buscador_20179478954\/salapenalcronologico20230723\/wp-json\/wp\/v2\/posts\/43698\/revisions"}],"wp:attachment":[{"href":"https:\/\/dmsjuridica.com\/buscador_20179478954\/salapenalcronologico20230723\/wp-json\/wp\/v2\/media?parent=43698"}],"wp:term":[{"taxonomy":"category","embeddable":true,"href":"https:\/\/dmsjuridica.com\/buscador_20179478954\/salapenalcronologico20230723\/wp-json\/wp\/v2\/categories?post=43698"},{"taxonomy":"post_tag","embeddable":true,"href":"https:\/\/dmsjuridica.com\/buscador_20179478954\/salapenalcronologico20230723\/wp-json\/wp\/v2\/tags?post=43698"}],"curies":[{"name":"wp","href":"https:\/\/api.w.org\/{rel}","templated":true}]}}