{"id":43648,"date":"2023-09-14T21:48:47","date_gmt":"2023-09-14T21:48:47","guid":{"rendered":"https:\/\/dmsjuridica.com\/buscador_20179478954\/salapenalcronologico20230723\/2023\/09\/14\/atp1187-2019\/"},"modified":"2023-09-14T21:48:47","modified_gmt":"2023-09-14T21:48:47","slug":"atp1187-2019","status":"publish","type":"post","link":"https:\/\/dmsjuridica.com\/buscador_20179478954\/salapenalcronologico20230723\/2023\/09\/14\/atp1187-2019\/","title":{"rendered":"ATP1187-2019"},"content":{"rendered":"\n<p>\u00a0 \u00a0 \u00a0 \u00a0\u00a0<\/p>\n<p>JAIME HUMBERTO \u00a0MORENO ACERO \u00a0<\/p>\n<p>Magistrado \u00a0ponente \u00a0<\/p>\n<p>ATP1187-2019 \u00a0<\/p>\n<p>Radicaci\u00f3n \u00a0n.\u00b0 106108 \u00a0<\/p>\n<p>Acta 190. \u00a0<\/p>\n<p>Bogot\u00e1, D. \u00a0C., primero (1\u00b0) de agosto de dos mil diecinueve (2019). \u00a0<\/p>\n<p>\u00a0 \u00a0\u00a0 \u00a0 \u00a0 \u00a0 \u00a0<\/p>\n<p>I. ASUNTO \u00a0<\/p>\n<p>Ser\u00eda del \u00a0caso avocar el conocimiento de la acci\u00f3n de tutela promovida \u00a0por Jacqueline Galindo Echeverri en representaci\u00f3n de su \u00a0hermano Gustavo \u00a0Galindo Echeverri, \u00a0contra la Sala \u00a0Penal del Tribunal Superior de Medell\u00edn, \u00a0los Juzgados \u00a0Primero y Cuarto Penales del Circuito Especializados, \u00a0y Cuartos \u00a0Penal Municipal \u00a0y Penal \u00a0del Circuito, \u00a0todos de Villavicencio, el Instituto \u00a0Nacional Penitenciario y Carcelario -INPEC- y \u00a0el Establecimiento \u00a0de Reclusi\u00f3n de \u00a0la misma ciudad, \u00a0de no ser porque carece de legitimidad. \u00a0<\/p>\n<p>II. HECHOS Y \u00a0FUNDAMENTOS DE LA ACCI\u00d3N \u00a0<\/p>\n<p>\u00a0 \u00a0\u00a0 \u00a0 \u00a0 \u00a0 \u00a0<\/p>\n<p>1. Gustavo \u00a0 \u00a0 \u00a0 \u00a0 \u00a0Galindo Echeverri \u00a0 \u00a0 \u00a0 \u00a0 \u00a0fue condenado por autoridades judiciales de Villavicencio, por el \u00a0 \u00a0 \u00a0 \u00a0 \u00a0delito de secuestro. Luego de haber cumplido pena por cuenta de ese \u00a0 \u00a0 \u00a0 \u00a0 \u00a0asunto, nuevamente fue capturado, esta vez, para cumplir la sanci\u00f3n \u00a0 \u00a0 \u00a0 \u00a0 \u00a0por el homicidio de la misma persona sobre la cual recay\u00f3 la \u00a0 \u00a0 \u00a0 \u00a0 \u00a0primera de las conductas. En \u00a0 \u00a0 \u00a0 \u00a0 \u00a0tal virtud, actualmente se encuentra privado de la libertad en el \u00a0 \u00a0 \u00a0 \u00a0 \u00a0Establecimiento Penitenciario y Carcelario de aquella ciudad. \u00a0<\/p>\n<p>2. Jacqueline \u00a0Galindo Echeverri, acude a la presente acci\u00f3n constitucional \u00a0con fundamento en que su hermano Gustavo \u00a0Galindo Echeverri, \u00a0en favor de quien invoca la solicitud de amparo: i) fue condenado dos \u00a0veces por los mismos hechos y, ii) padece diabetes y el Centro de \u00a0Reclusi\u00f3n no le han garantizado la prestaci\u00f3n del \u00a0servicio de salud, al punto que \u00ablleva \u00a0varios d\u00edas con diarrea y no ha sido atendido\u00bb. \u00a0<\/p>\n<p>3. Reclama que, \u00a0mediante este tr\u00e1mite preferente, se ordena la atenci\u00f3n \u00a0m\u00e9dica a su familiar y se le conceda la libertad. \u00a0<\/p>\n<p>\u00a0 \u00a0\u00a0 \u00a0 \u00a0 \u00a0 \u00a0<\/p>\n<p>III. CONSIDERACIONES \u00a0<\/p>\n<p>\u00a0 \u00a0\u00a0 \u00a0 \u00a0 \u00a0 \u00a0<\/p>\n<p>1. El \u00a0 \u00a0 \u00a0 \u00a0 \u00a0art\u00edculo 10 del Decreto 2591 de 1991 establece que la acci\u00f3n \u00a0 \u00a0 \u00a0 \u00a0 \u00a0de tutela puede ser ejercida: i) directamente por quien considere \u00a0 \u00a0 \u00a0 \u00a0 \u00a0lesionados o amenazados sus derechos fundamentales; ii) por su \u00a0 \u00a0 \u00a0 \u00a0 \u00a0representante legal; iii) a trav\u00e9s de apoderado judicial; iv) \u00a0 \u00a0 \u00a0 \u00a0 \u00a0mediante la agencia de derechos ajenos; y, v) por el Defensor del \u00a0 \u00a0 \u00a0 \u00a0 \u00a0Pueblo y los Personeros municipales. \u00a0<\/p>\n<p>En relaci\u00f3n \u00a0con la modalidad del agente oficioso, la Corte Constitucional (CC \u00a0T-511\/17, T-051\/15, entre otras), ha \u00a0establecido ciertos requisitos que deben ser considerados para que \u00a0una persona pueda asistir bajo esta figura a otra en la defensa de \u00a0sus derechos fundamentales, estos son: (i) \u00a0que el demandante exprese actuar en la condici\u00f3n de agente \u00a0oficioso; y (ii) \u00a0que de los hechos y pruebas obrantes en el expediente se infiera que \u00a0el representado no se encuentra en condiciones para ejercer la acci\u00f3n \u00a0de tutela. \u00a0<\/p>\n<p>\u00a0 \u00a0\u00a0 \u00a0 \u00a0 \u00a0 \u00a0<\/p>\n<p>2. En el presente \u00a0 \u00a0 \u00a0 \u00a0 \u00a0asunto, Jacqueline \u00a0 \u00a0 \u00a0 \u00a0 \u00a0Galindo Echeverri \u00a0 \u00a0 \u00a0 \u00a0 \u00a0act\u00faa en la condici\u00f3n antes referida. Sin embargo, no \u00a0 \u00a0 \u00a0 \u00a0 \u00a0se satisface el segundo de los requisitos citados, dado que, de \u00a0 \u00a0 \u00a0 \u00a0 \u00a0acuerdo con la informaci\u00f3n contenida en la demanda, el \u00a0 \u00a0 \u00a0 \u00a0 \u00a0ciudadano Gustavo \u00a0 \u00a0 \u00a0 \u00a0 \u00a0Galindo Echeverri \u00a0 \u00a0 \u00a0 \u00a0 \u00a0no se encuentra en ninguna situaci\u00f3n especial que le impida \u00a0 \u00a0 \u00a0 \u00a0 \u00a0acudir directamente a este mecanismo preferente y solicitar el \u00a0 \u00a0 \u00a0 \u00a0 \u00a0amparo de sus garant\u00edas fundamentales. \u00a0<\/p>\n<p>La privaci\u00f3n \u00a0de la libertad en establecimiento de reclusi\u00f3n, no constituye \u00a0una situaci\u00f3n que impida acudir directamente a la tutela, o \u00a0bien, a trav\u00e9s de apoderado, e incluso, mediante el programa \u00a0de asistencia jur\u00eddica que presta la Defensor\u00eda del \u00a0Pueblo en esos penales; siendo importante resaltar que, si bien, \u00a0Gustavo \u00a0Galindo padece \u00a0algunos quebrantos de salud, estos no son de tal naturaleza que le \u00a0imposibiliten acudir a cualquiera de las mencionadas opciones. \u00a0<\/p>\n<p>3. \u00a0En el anterior contexto, como \u00a0no se cumple el presupuesto de la legitimaci\u00f3n por activa, la \u00a0acci\u00f3n de tutela ser\u00e1 rechazar\u00e1. \u00a0<\/p>\n<p>En m\u00e9rito \u00a0de lo expuesto, la Sala \u00a0de Decisi\u00f3n de Tutelas No. 3 de la Sala de Casaci\u00f3n \u00a0Penal de la Corte Suprema de Justicia \u00a0<\/p>\n<p>RESUELVE \u00a0<\/p>\n<p>Primero. \u00a0Rechazar \u00a0por falta de legitimidad la acci\u00f3n de tutela presentada por \u00a0Jacqueline \u00a0Galindo Echeverri, como agente oficioso de su hermano Gustavo \u00a0Galindo Echeverri. \u00a0<\/p>\n<p>Segundo: \u00a0Remitir \u00a0el expediente, \u00a0en \u00a0el caso que no sea impugnada la presente determinaci\u00f3n, \u00a0a la Corte Constitucional para su eventual revisi\u00f3n. \u00a0<\/p>\n<p>Tercero: \u00a0Notificar \u00a0esta decisi\u00f3n de conformidad con lo dispuesto en el art\u00edculo \u00a030 del Decreto 2591 de 1991. \u00a0<\/p>\n<p>Notif\u00edquese \u00a0y c\u00famplase. \u00a0<\/p>\n<p>JAIME HUMBERTO \u00a0MORENO ACERO \u00a0<\/p>\n<p>EYDER PATI\u00d1O \u00a0CABRERA \u00a0<\/p>\n<p>LUIS \u00a0GUILLERMO SALAZAR OTERO \u00a0<\/p>\n<p>Nubia \u00a0Yolanda Nova Garc\u00eda \u00a0<\/p>\n<p>Secretaria \u00a0<\/p>\n<p>\u00a0 \u00a0 \u00a0\u00a0<\/p>\n<p><\/p>\n","protected":false},"excerpt":{"rendered":"<p>\u00a0 \u00a0 \u00a0 \u00a0\u00a0 JAIME HUMBERTO \u00a0MORENO ACERO \u00a0 Magistrado \u00a0ponente \u00a0 ATP1187-2019 \u00a0 Radicaci\u00f3n \u00a0n.\u00b0 106108 \u00a0 Acta 190. \u00a0 Bogot\u00e1, D. \u00a0C., primero (1\u00b0) de agosto de dos mil diecinueve (2019). \u00a0 \u00a0 \u00a0\u00a0 \u00a0 \u00a0 \u00a0 \u00a0 I. ASUNTO \u00a0 Ser\u00eda del \u00a0caso avocar el conocimiento de la acci\u00f3n de tutela promovida [&hellip;]<\/p>\n","protected":false},"author":1,"featured_media":0,"comment_status":"open","ping_status":"open","sticky":false,"template":"","format":"standard","meta":{"footnotes":""},"categories":[28],"tags":[],"class_list":["post-43648","post","type-post","status-publish","format-standard","hentry","category-28"],"_links":{"self":[{"href":"https:\/\/dmsjuridica.com\/buscador_20179478954\/salapenalcronologico20230723\/wp-json\/wp\/v2\/posts\/43648","targetHints":{"allow":["GET"]}}],"collection":[{"href":"https:\/\/dmsjuridica.com\/buscador_20179478954\/salapenalcronologico20230723\/wp-json\/wp\/v2\/posts"}],"about":[{"href":"https:\/\/dmsjuridica.com\/buscador_20179478954\/salapenalcronologico20230723\/wp-json\/wp\/v2\/types\/post"}],"author":[{"embeddable":true,"href":"https:\/\/dmsjuridica.com\/buscador_20179478954\/salapenalcronologico20230723\/wp-json\/wp\/v2\/users\/1"}],"replies":[{"embeddable":true,"href":"https:\/\/dmsjuridica.com\/buscador_20179478954\/salapenalcronologico20230723\/wp-json\/wp\/v2\/comments?post=43648"}],"version-history":[{"count":0,"href":"https:\/\/dmsjuridica.com\/buscador_20179478954\/salapenalcronologico20230723\/wp-json\/wp\/v2\/posts\/43648\/revisions"}],"wp:attachment":[{"href":"https:\/\/dmsjuridica.com\/buscador_20179478954\/salapenalcronologico20230723\/wp-json\/wp\/v2\/media?parent=43648"}],"wp:term":[{"taxonomy":"category","embeddable":true,"href":"https:\/\/dmsjuridica.com\/buscador_20179478954\/salapenalcronologico20230723\/wp-json\/wp\/v2\/categories?post=43648"},{"taxonomy":"post_tag","embeddable":true,"href":"https:\/\/dmsjuridica.com\/buscador_20179478954\/salapenalcronologico20230723\/wp-json\/wp\/v2\/tags?post=43648"}],"curies":[{"name":"wp","href":"https:\/\/api.w.org\/{rel}","templated":true}]}}