{"id":43579,"date":"2023-09-14T21:48:44","date_gmt":"2023-09-14T21:48:44","guid":{"rendered":"https:\/\/dmsjuridica.com\/buscador_20179478954\/salapenalcronologico20230723\/2023\/09\/14\/atp1017-2019\/"},"modified":"2023-09-14T21:48:44","modified_gmt":"2023-09-14T21:48:44","slug":"atp1017-2019","status":"publish","type":"post","link":"https:\/\/dmsjuridica.com\/buscador_20179478954\/salapenalcronologico20230723\/2023\/09\/14\/atp1017-2019\/","title":{"rendered":"ATP1017-2019"},"content":{"rendered":"\n<p>\u00a0 \u00a0 \u00a0 \u00a0\u00a0<\/p>\n<p>LUIS \u00a0ANTONIO HERN\u00c1NDEZ BARBOSA \u00a0<\/p>\n<p>Magistrado \u00a0<\/p>\n<p>ATP1017-2019 \u00a0<\/p>\n<p>Radicaci\u00f3n No. 105049 \u00a0<\/p>\n<p>Aprobado Acta n. \u00b0 163 \u00a0<\/p>\n<p>Bogot\u00e1 \u00a0D.C., nueve (09) de julio de dos mil diecinueve (2019) \u00a0<\/p>\n<p>Ser\u00eda \u00a0del caso resolver la impugnaci\u00f3n presentada por el accionante, \u00a0Johny Alejandro Londo\u00f1o Diez, frente a la sentencia \u00a0proferida el 1\u00ba de marzo de 2019 por la Sala \u00a0Penal del Tribunal Superior de Ibagu\u00e9, en la que neg\u00f3 \u00a0el amparo que aquel invoc\u00f3 contra el Juzgado \u00a0Quinto de Ejecuci\u00f3n de Penas y Medidas de Seguridad de \u00a0la misma ciudad y el Establecimiento de Mediana \u00a0Seguridad de Espinal (Tolima), si no \u00a0fuera porque se advierte que la censura ataca otro fallo de tutela \u00a0diferente al que concita la atenci\u00f3n de la Sala. \u00a0<\/p>\n<p>En \u00a0efecto, la revisi\u00f3n del escrito evidencia que el actor impugna \u00a0la sentencia de tutela que el 5 de marzo de 2019 emiti\u00f3 el \u00a0Juzgado Once Administrativo del Circuito Judicial de Ibagu\u00e9 en \u00a0el radicado n.\u00b0 730013333011201900020, mediante la cual neg\u00f3 \u00a0el amparo que instaur\u00f3 contra el Establecimiento \u00a0Penitenciario de Mediana Seguridad de Espinal (Tolima). \u00a0Situaci\u00f3n que constat\u00f3 la Corte en la p\u00e1gina web \u00a0de la Rama Judicial, link \u00abconsulta \u00a0de procesos\u00bb. \u00a0<\/p>\n<p>Por tal \u00a0raz\u00f3n, se dispone que por la Secretar\u00eda de la Sala de \u00a0Casaci\u00f3n Penal de esta Corporaci\u00f3n, \u00a0<\/p>\n<p>1. \u00a0Desglosar del expediente constitucional de la \u00a0referencia el memorial de impugnaci\u00f3n que el 14 de marzo de \u00a02019, present\u00f3 Johny Alejandro Londo\u00f1o Diez y se \u00a0remita con destino al Juzgado Once Administrativo del Circuito \u00a0Judicial de Ibagu\u00e9, a fin de que esa autoridad imparta el \u00a0tr\u00e1mite que corresponde dentro de la acci\u00f3n de tutela \u00a0n.\u00b0 730013333011201900020 00. \u00a0<\/p>\n<p>2. \u00a0Remitir el expediente a la \u00a0Corte Constitucional para su eventual revisi\u00f3n. \u00a0<\/p>\n<p>COMUN\u00cdQUESE Y \u00a0C\u00daMPLASE \u00a0<\/p>\n<p>EUGENIO FERN\u00c1NDEZ \u00a0CARLIER \u00a0<\/p>\n<p>LUIS ANTONIO HERN\u00c1NDEZ BARBOSA \u00a0<\/p>\n<p>NUBIA YOLANDA NOVA GARC\u00cdA \u00a0<\/p>\n<p>Secretaria \u00a0<\/p>\n<p>\u00a0 \u00a0 \u00a0\u00a0<\/p>\n<p><\/p>\n","protected":false},"excerpt":{"rendered":"<p>\u00a0 \u00a0 \u00a0 \u00a0\u00a0 LUIS \u00a0ANTONIO HERN\u00c1NDEZ BARBOSA \u00a0 Magistrado \u00a0 ATP1017-2019 \u00a0 Radicaci\u00f3n No. 105049 \u00a0 Aprobado Acta n. \u00b0 163 \u00a0 Bogot\u00e1 \u00a0D.C., nueve (09) de julio de dos mil diecinueve (2019) \u00a0 Ser\u00eda \u00a0del caso resolver la impugnaci\u00f3n presentada por el accionante, \u00a0Johny Alejandro Londo\u00f1o Diez, frente a la sentencia \u00a0proferida el [&hellip;]<\/p>\n","protected":false},"author":1,"featured_media":0,"comment_status":"open","ping_status":"open","sticky":false,"template":"","format":"standard","meta":{"footnotes":""},"categories":[28],"tags":[],"class_list":["post-43579","post","type-post","status-publish","format-standard","hentry","category-28"],"_links":{"self":[{"href":"https:\/\/dmsjuridica.com\/buscador_20179478954\/salapenalcronologico20230723\/wp-json\/wp\/v2\/posts\/43579","targetHints":{"allow":["GET"]}}],"collection":[{"href":"https:\/\/dmsjuridica.com\/buscador_20179478954\/salapenalcronologico20230723\/wp-json\/wp\/v2\/posts"}],"about":[{"href":"https:\/\/dmsjuridica.com\/buscador_20179478954\/salapenalcronologico20230723\/wp-json\/wp\/v2\/types\/post"}],"author":[{"embeddable":true,"href":"https:\/\/dmsjuridica.com\/buscador_20179478954\/salapenalcronologico20230723\/wp-json\/wp\/v2\/users\/1"}],"replies":[{"embeddable":true,"href":"https:\/\/dmsjuridica.com\/buscador_20179478954\/salapenalcronologico20230723\/wp-json\/wp\/v2\/comments?post=43579"}],"version-history":[{"count":0,"href":"https:\/\/dmsjuridica.com\/buscador_20179478954\/salapenalcronologico20230723\/wp-json\/wp\/v2\/posts\/43579\/revisions"}],"wp:attachment":[{"href":"https:\/\/dmsjuridica.com\/buscador_20179478954\/salapenalcronologico20230723\/wp-json\/wp\/v2\/media?parent=43579"}],"wp:term":[{"taxonomy":"category","embeddable":true,"href":"https:\/\/dmsjuridica.com\/buscador_20179478954\/salapenalcronologico20230723\/wp-json\/wp\/v2\/categories?post=43579"},{"taxonomy":"post_tag","embeddable":true,"href":"https:\/\/dmsjuridica.com\/buscador_20179478954\/salapenalcronologico20230723\/wp-json\/wp\/v2\/tags?post=43579"}],"curies":[{"name":"wp","href":"https:\/\/api.w.org\/{rel}","templated":true}]}}