{"id":43480,"date":"2023-09-14T21:44:15","date_gmt":"2023-09-14T21:44:15","guid":{"rendered":"https:\/\/dmsjuridica.com\/buscador_20179478954\/salapenalcronologico20230723\/2023\/09\/14\/ap835-201949319\/"},"modified":"2023-09-14T21:44:15","modified_gmt":"2023-09-14T21:44:15","slug":"ap835-201949319","status":"publish","type":"post","link":"https:\/\/dmsjuridica.com\/buscador_20179478954\/salapenalcronologico20230723\/2023\/09\/14\/ap835-201949319\/","title":{"rendered":"AP835-2019(49319)"},"content":{"rendered":"\n<p>\u00a0 \u00a0 \u00a0 \u00a0\u00a0<\/p>\n<p>JOS\u00c9 \u00a0FRANCISCO ACU\u00d1A VIZCAYA \u00a0<\/p>\n<p>Magistrado Ponente \u00a0<\/p>\n<p>AP835-2019 \u00a0<\/p>\n<p>Radicaci\u00f3n \u00a0No \u00a049.319 \u00a0<\/p>\n<p>(Aprobado \u00a0en Acta No.59) \u00a0<\/p>\n<p>Bogot\u00e1. \u00a0D.C seis \u00a0(06) de marzo de dos mil diecinueve (2019). \u00a0<\/p>\n<p>VISTOS \u00a0<\/p>\n<p>Se pronuncia la \u00a0Sala sobre la solicitud de desistimiento del recurso de casaci\u00f3n \u00a0presentado por el apoderado de los acusados JHON ALEXIS ALZATE \u00a0RAMIREZ y WILFER DE JES\u00daS ALZATE RAM\u00cdREZ. \u00a0<\/p>\n<p>ANTECEDENTES \u00a0<\/p>\n<p>El \u00a0Tribunal Superior del Distrito Judicial de Manizales, mediante fallo \u00a0del 24 de agosto de 2016, recurrido en casaci\u00f3n, confirm\u00f3 \u00a0la condena de 238 meses de prisi\u00f3n e inhabilitaci\u00f3n \u00a0para el ejercicio de derechos y funciones p\u00fablicas por el \u00a0mismo per\u00edodo, impuesto por el Juzgado Penal del Circuito de \u00a0Anserma- Caldas, como autores responsables de los delitos de \u00a0homicidio, tentativa de homicidio y fabricaci\u00f3n, tr\u00e1fico, \u00a0porte o tenencia de armas de fuego. \u00a0<\/p>\n<p>Encontr\u00e1ndose \u00a0el asunto en turno para calificar la demanda de casaci\u00f3n, los \u00a0procesados recurrentes coadyuvados por su apoderado judicial, \u00a0allegaron un escrito en el cual expresaron al un\u00edsono que \u00a0desisten del recurso extraordinario presentado con anterioridad.1 \u00a0<\/p>\n<p>CONSIDERACIONES \u00a0<\/p>\n<p>El \u00a0art\u00edculo 199 del C\u00f3digo de Procedimiento Penal permite \u00a0desistir de la casaci\u00f3n o la revisi\u00f3n antes de que la \u00a0Sala decida de fondo el recurso o la acci\u00f3n; facultad \u00a0concedida tambi\u00e9n en los ordenamientos procesales que \u00a0antecedieron a la presente legislaci\u00f3n procesal, seg\u00fan \u00a0se puede constatar en los art\u00edculos 230 de la Ley 600 de 2000, \u00a0212 del Decreto 2700 de 1991 y 215 del Decreto 050 de 1987. \u00a0<\/p>\n<p>Debido \u00a0a que se trata de una facultad que puede ejercer libremente el \u00a0interesado y en atenci\u00f3n a que la solicitud elevada en ese \u00a0sentido fue realizada en primer lugar por quienes son procesados bajo \u00a0la presente actuaci\u00f3n judicial2, \u00a0y luego de que esta Sala de Casaci\u00f3n Penal requiriera al \u00a0defensor de los procesados3, \u00a0para que confirmara si coadyuvaba dicha postulaci\u00f3n, siendo \u00a0confirmada en oficio del 21 de febrero de la presente anualidad4, \u00a0se encuentra dentro de la exigencia legal referida a que a\u00fan \u00a0no haya sido resuelta la impugnaci\u00f3n extraordinaria propuesta \u00a0por quien desiste de la misma, y por lo tanto procede la aceptaci\u00f3n \u00a0del desistimiento del recurso de casaci\u00f3n. \u00a0<\/p>\n<p>Seg\u00fan \u00a0lo expuesto, la SALA \u00a0DE CASACI\u00d3N PENAL DE LA CORTE SUPREMA DE JUSTICIA \u00a0<\/p>\n<p>RESUELVE \u00a0<\/p>\n<p>ADMITIR \u00a0el desistimiento del recurso de casaci\u00f3n presentado por JHON \u00a0ALEXIS ALZATE RAM\u00cdREZ y WILFER DE JES\u00daS ALZATE RAM\u00cdREZ \u00a0coadyuvado por su apoderado judicial ROSEMBERG HIDALGO D\u00cdAZ. \u00a0<\/p>\n<p>Notif\u00edquese \u00a0y devu\u00e9lvase al Tribunal de origen. \u00a0<\/p>\n<p>EYDER PATI\u00d1O \u00a0CABRERA \u00a0<\/p>\n<p>JOS\u00c9 \u00a0FRANCISCO ACU\u00d1A VIZCAYA \u00a0<\/p>\n<p>JOS\u00c9 \u00a0LUIS BARCEL\u00d3 CAMACHO \u00a0<\/p>\n<p>EUGENIO \u00a0FERN\u00c1NDEZ CARLIER \u00a0<\/p>\n<p>LUIS ANTONIO \u00a0HERN\u00c1NDEZ BARBOSA \u00a0<\/p>\n<p>PATRICIA \u00a0SALAZAR CU\u00c9LLAR \u00a0<\/p>\n<p>LUIS GUILLERMO \u00a0SALAZAR OTERO \u00a0<\/p>\n<p>NUBIA YOLANDA \u00a0NOVA GARC\u00cdA \u00a0<\/p>\n<p>Secretaria \u00a0<\/p>\n<p>1 \u00a0 \u00a0 \u00a0 \u00a0 \u00a0Cuaderno \u00a0 \u00a0 \u00a0 \u00a0 \u00a0Corte. Fls. \u00a0 \u00a0 \u00a0 \u00a0 \u00a036 y 40. \u00a0<\/p>\n<p>2 \u00a0 \u00a0 \u00a0 \u00a0 \u00a0Cuaderno \u00a0 \u00a0 \u00a0 \u00a0 \u00a0Corte. Fl. \u00a0 \u00a0 \u00a0 \u00a0 \u00a036. \u00a0<\/p>\n<p>3 \u00a0 \u00a0 \u00a0 \u00a0 \u00a0Cuaderno \u00a0 \u00a0 \u00a0 \u00a0 \u00a0Corte. Fl. \u00a0 \u00a0 \u00a0 \u00a0 \u00a038. \u00a0<\/p>\n<p>4 \u00a0 \u00a0 \u00a0 \u00a0 \u00a0Cuaderno \u00a0 \u00a0 \u00a0 \u00a0 \u00a0Corte. Fl. \u00a0 \u00a0 \u00a0 \u00a0 \u00a040. \u00a0<\/p>\n<p>\u00a0 \u00a0 \u00a0\u00a0<\/p>\n<p><\/p>\n","protected":false},"excerpt":{"rendered":"<p>\u00a0 \u00a0 \u00a0 \u00a0\u00a0 JOS\u00c9 \u00a0FRANCISCO ACU\u00d1A VIZCAYA \u00a0 Magistrado Ponente \u00a0 AP835-2019 \u00a0 Radicaci\u00f3n \u00a0No \u00a049.319 \u00a0 (Aprobado \u00a0en Acta No.59) \u00a0 Bogot\u00e1. \u00a0D.C seis \u00a0(06) de marzo de dos mil diecinueve (2019). \u00a0 VISTOS \u00a0 Se pronuncia la \u00a0Sala sobre la solicitud de desistimiento del recurso de casaci\u00f3n \u00a0presentado por el apoderado de [&hellip;]<\/p>\n","protected":false},"author":1,"featured_media":0,"comment_status":"open","ping_status":"open","sticky":false,"template":"","format":"standard","meta":{"footnotes":""},"categories":[28],"tags":[],"class_list":["post-43480","post","type-post","status-publish","format-standard","hentry","category-28"],"_links":{"self":[{"href":"https:\/\/dmsjuridica.com\/buscador_20179478954\/salapenalcronologico20230723\/wp-json\/wp\/v2\/posts\/43480","targetHints":{"allow":["GET"]}}],"collection":[{"href":"https:\/\/dmsjuridica.com\/buscador_20179478954\/salapenalcronologico20230723\/wp-json\/wp\/v2\/posts"}],"about":[{"href":"https:\/\/dmsjuridica.com\/buscador_20179478954\/salapenalcronologico20230723\/wp-json\/wp\/v2\/types\/post"}],"author":[{"embeddable":true,"href":"https:\/\/dmsjuridica.com\/buscador_20179478954\/salapenalcronologico20230723\/wp-json\/wp\/v2\/users\/1"}],"replies":[{"embeddable":true,"href":"https:\/\/dmsjuridica.com\/buscador_20179478954\/salapenalcronologico20230723\/wp-json\/wp\/v2\/comments?post=43480"}],"version-history":[{"count":0,"href":"https:\/\/dmsjuridica.com\/buscador_20179478954\/salapenalcronologico20230723\/wp-json\/wp\/v2\/posts\/43480\/revisions"}],"wp:attachment":[{"href":"https:\/\/dmsjuridica.com\/buscador_20179478954\/salapenalcronologico20230723\/wp-json\/wp\/v2\/media?parent=43480"}],"wp:term":[{"taxonomy":"category","embeddable":true,"href":"https:\/\/dmsjuridica.com\/buscador_20179478954\/salapenalcronologico20230723\/wp-json\/wp\/v2\/categories?post=43480"},{"taxonomy":"post_tag","embeddable":true,"href":"https:\/\/dmsjuridica.com\/buscador_20179478954\/salapenalcronologico20230723\/wp-json\/wp\/v2\/tags?post=43480"}],"curies":[{"name":"wp","href":"https:\/\/api.w.org\/{rel}","templated":true}]}}