{"id":43479,"date":"2023-09-14T21:44:15","date_gmt":"2023-09-14T21:44:15","guid":{"rendered":"https:\/\/dmsjuridica.com\/buscador_20179478954\/salapenalcronologico20230723\/2023\/09\/14\/ap834-201954005\/"},"modified":"2023-09-14T21:44:15","modified_gmt":"2023-09-14T21:44:15","slug":"ap834-201954005","status":"publish","type":"post","link":"https:\/\/dmsjuridica.com\/buscador_20179478954\/salapenalcronologico20230723\/2023\/09\/14\/ap834-201954005\/","title":{"rendered":"AP834-2019(54005)"},"content":{"rendered":"\n<p>\u00a0 \u00a0 \u00a0 \u00a0\u00a0<\/p>\n<p>JOS\u00c9 \u00a0FRANCISCO ACU\u00d1A VIZCAYA \u00a0<\/p>\n<p>Magistrado \u00a0Ponente \u00a0<\/p>\n<p>AP834-2019 \u00a0<\/p>\n<p>Radicaci\u00f3n \u00a0N\u00b0 54005 \u00a0<\/p>\n<p>(Aprobado \u00a0Acta No.59) \u00a0<\/p>\n<p>Bogot\u00e1 \u00a0D. C., seis (06) de marzo de dos mil diecinueve (2019). \u00a0<\/p>\n<p>ASUNTO \u00a0<\/p>\n<p>La Corte resuelve \u00a0la solicitud probatoria efectuada por la representante \u00a0del Ministerio P\u00fablico, \u00a0en el tr\u00e1mite seguido \u00a0contra el ciudadano colombiano Leonar \u00a0Molina Ferro, \u00a0requerido en extradici\u00f3n por el Gobierno de los Estados Unidos \u00a0de Am\u00e9rica. \u00a0<\/p>\n<p>ANTECEDENTES \u00a0<\/p>\n<p>1.- \u00a0Mediante Nota Verbal No. 0891 del 12 de junio de 2018,1 \u00a0el Gobierno de los Estados Unidos de Am\u00e9rica, a trav\u00e9s \u00a0de su embajada en Colombia, reclam\u00f3 la detenci\u00f3n \u00a0preventiva con fines de extradici\u00f3n del ciudadano colombiano \u00a0Leonar \u00a0Molina Ferro, \u00a0identificado con la c\u00e9dula de ciudadan\u00eda No. 15.534.100 \u00a0\u00ab\u2026 \u00a0requerido para comparecer a juicio por los delitos de tr\u00e1fico \u00a0de narc\u00f3ticos\u00bb. \u00a0<\/p>\n<p>2.- \u00a0En \u00a0cumplimiento de lo dispuesto en el art\u00edculo 509 de la Ley 906 \u00a0de 2004, la Fiscal\u00eda General de la Naci\u00f3n, en la \u00a0Resoluci\u00f3n del 15 de junio de 2018,2 \u00a0decret\u00f3 la captura con fines de extradici\u00f3n del \u00a0mencionado, quien fue detenido en la ciudad de Medell\u00edn, el 14 \u00a0de agosto de 2018, por miembros de la Polic\u00eda Nacional, \u00a0Direcci\u00f3n de Investigaci\u00f3n Criminal e Interpol, con \u00a0fundamento en \u00a0la circular roja de INTERPOL No. A-0891, publicada el 12 de junio de \u00a0 2018. \u00a0<\/p>\n<p>3.- \u00a0La embajada de los Estados Unidos formaliz\u00f3 la petici\u00f3n \u00a0de extradici\u00f3n con la Nota Verbal No. 1785 del 9 de octubre \u00a0del mismo a\u00f1o.3 \u00a0<\/p>\n<p>4.- \u00a0La \u00a0Canciller\u00eda, mediante oficio DIAJI No. 2830 del 9 de octubre \u00a0de 2018,4 \u00a0remiti\u00f3 copia de la documentaci\u00f3n pertinente y sus \u00a0anexos al Director de Asuntos Internacionales del Ministerio de \u00a0Justicia y del Derecho, entidad \u00a0que a su vez hizo llegar el expediente a esta Corporaci\u00f3n con \u00a0oficio OFI-18-0704-DAI-1100 del 12 de octubre de 2018.5 \u00a0<\/p>\n<p>5.- \u00a0Una vez la Sala reconoci\u00f3 personer\u00eda para actuar a la \u00a0defensora de confianza de Leonar \u00a0Molina Ferro, \u00a0orden\u00f3 surtir el respectivo traslado para la solicitud de \u00a0pruebas, previsto en el art\u00edculo 500 de la Ley 906 de 2004.6 \u00a0<\/p>\n<p>6.- \u00a0Dentro \u00a0del t\u00e9rmino antes se\u00f1alado, la Procuradora \u00a0Segunda Delegada para la Casaci\u00f3n Penal \u00a0solicit\u00f3 oficiar a la Fiscal\u00eda General de la Naci\u00f3n \u00a0para que indique si contra el requerido se tramita o se ha seguido \u00a0investigaci\u00f3n o juzgamiento por hechos y delitos relacionados \u00a0con los que se aluden en el pedido de extradici\u00f3n, ello con la \u00a0finalidad de descartar una presunta afectaci\u00f3n al principio \u00a0del non \u00a0bis in \u00eddem. \u00a0<\/p>\n<p>Leonar \u00a0Molina Ferro \u00a0y su apoderada guardaron silencio. \u00a0<\/p>\n<p>CONSIDERACIONES \u00a0<\/p>\n<p>De \u00a0la solicitud probatoria. \u00a0<\/p>\n<p>El \u00a0decreto y pr\u00e1ctica de pruebas en el marco del presente tr\u00e1mite \u00a0est\u00e1n sometidos a la observancia de los criterios de \u00a0conducencia, \u00a0pertinencia \u00a0y utilidad, \u00a0cuya determinaci\u00f3n est\u00e1 limitada por los asuntos \u00a0necesarios para la emisi\u00f3n del concepto de extradici\u00f3n, \u00a0tales como, el cumplimiento de las previsiones \u00a0constitucionales sobre la materia y los requisitos se\u00f1alados, \u00a0bien en los tratados p\u00fablicos o en la ley, seg\u00fan sea el \u00a0caso. \u00a0<\/p>\n<p>Dado \u00a0que el tratado de extradici\u00f3n suscrito entre Colombia y los \u00a0Estados Unidos de Am\u00e9rica, el 14 de septiembre de 1979, no es \u00a0aplicable en el orden interno debido a la inconstitucionalidad de la \u00a0Ley 27 de 1980, declarada por la Corte Suprema de Justicia en la \u00a0sentencia de 12 de diciembre de 1986,7 \u00a0el concepto deber\u00e1 guiarse por la observaci\u00f3n de las \u00a0exigencias contenidas en los art\u00edculos 502 y 493 del C\u00f3digo \u00a0de Procedimiento Penal. \u00a0<\/p>\n<p>Por \u00a0ello, espec\u00edficamente, las solicitudes que en ese sentido se \u00a0hagan deben estar orientadas a constatar los siguientes aspectos: \u00a0i) \u00a0la validez formal de la documentaci\u00f3n presentada, ii) \u00a0la plena identidad del solicitado, iii) \u00a0la \u00a0doble incriminaci\u00f3n de la conducta y la previsi\u00f3n en la \u00a0legislaci\u00f3n nacional de una pena cuyo m\u00ednimo no sea \u00a0inferior a 4 a\u00f1os de prisi\u00f3n, iv) \u00a0la \u00a0similitud de la providencia proferida en el extranjero con una \u00a0sentencia o acusaci\u00f3n, v) \u00a0el \u00a0acatamiento de lo se\u00f1alado en los tratados p\u00fablicos, \u00a0cuando fuere el caso, vi) \u00a0la \u00a0presencia de aspectos ligados a la imposici\u00f3n de \u00a0condicionamientos \u00a0en caso de emitirse concepto favorable a la extradici\u00f3n,8 \u00a0vii) \u00a0la \u00a0existencia o no de las restricciones contenidas en el art\u00edculo \u00a035 de la Constituci\u00f3n Pol\u00edtica y en el art\u00edculo \u00a0transitorio 19 del Acto Legislativo No. 01 de 2017, \u00a0as\u00ed como viii) \u00a0la \u00a0concurrencia o no de circunstancias que inhiben la extradici\u00f3n9. \u00a0<\/p>\n<p>Si \u00a0no guardan relaci\u00f3n con esos temas o versan sobre hechos \u00a0notoriamente impertinentes, superfluos o carentes de utilidad, deben \u00a0desestimarse. \u00a0<\/p>\n<p>An\u00e1lisis \u00a0del caso concreto \u00a0<\/p>\n<p>1.- \u00a0En el asunto examinado la Procuradora \u00a0Segunda Delegada para la Casaci\u00f3n Penal \u00a0solicit\u00f3 oficiar a la Fiscal\u00eda General de la Naci\u00f3n \u00a0para que indique si contra Leonar \u00a0Molina Ferro \u00abse \u00a0adelant\u00f3 o actualmente se tramita alguna investigaci\u00f3n \u00a0o juicio penal, o ha sido absuelto o condenado por alg\u00fan \u00a0delito relacionado con narcotr\u00e1fico, lavado de activos o \u00a0concierto para delinquir\u2026\u00bb, \u00a0ello en aras de descartar una presunta afrenta al non \u00a0bis in \u00eddem. \u00a0<\/p>\n<p>2.- \u00a0Al respecto, debe indicarse que el criterio esbozado en varias \u00a0oportunidades por la Sala consist\u00eda en que para la prosperidad \u00a0de tal pretensi\u00f3n se requer\u00eda de evidencia que apuntara \u00a0a se\u00f1alar el eventual desconocimiento del citado principio, en \u00a0cuyo caso el afectado, su defensor o el Ministerio P\u00fablico \u00a0ten\u00edan la obligaci\u00f3n de informar que los hechos y \u00a0conductas por los cuales se formula la solicitud de extradici\u00f3n \u00a0han sido objeto de investigaci\u00f3n y juzgamiento, as\u00ed \u00a0como, adem\u00e1s, precisar las autoridades colombianas que \u00a0hubieren conocido de la respectiva actuaci\u00f3n.10 \u00a0<\/p>\n<p>Sin \u00a0embargo, al examinar bajo una perspectiva garantista11 \u00a0el imperativo de verificar que no se presenten situaciones \u00a0constitutivas de una eventual lesi\u00f3n del derecho fundamental \u00a0al debido proceso, se advirti\u00f3 la necesidad de reformular \u00a0dicha postura.12 \u00a0<\/p>\n<p>Ello, \u00a0en atenci\u00f3n a que la constataci\u00f3n de la configuraci\u00f3n \u00a0del non \u00a0bis in \u00eddem \u00a0constituye una causal de improcedencia de la extradici\u00f3n y, si \u00a0bien, es cierto que el \u00fanico autorizado en nuestro \u00a0ordenamiento para disponerla es el Gobierno Nacional, no menos lo es \u00a0que la \u00fanica facultada para determinar los requisitos de \u00a0procedencia del mecanismo es la Sala de Casaci\u00f3n a trav\u00e9s \u00a0del concepto que de ella se demanda en estos asuntos. \u00a0<\/p>\n<p>En \u00a0ese sentido, aunado a la labor de corroborar el cumplimiento de las \u00a0exigencias contenidas en los art\u00edculos 490, 493, 495 y 502 de \u00a0la Ley 906 de 2004, la Sala, en virtud del art\u00edculo 29 de la \u00a0Constituci\u00f3n Pol\u00edtica y los convenios internacionales \u00a0ratificados por Colombia, debe establecer que en nuestro pa\u00eds \u00a0no se haya aplicado ni se est\u00e9 ejerciendo jurisdicci\u00f3n \u00a0sobre el acontecer f\u00e1ctico y delitos que sustentan el pedido \u00a0de extradici\u00f3n, todo con el fin de prevenir la afectaci\u00f3n \u00a0del mencionado principio. \u00a0<\/p>\n<p>Ciertamente, \u00a0sucede que en el expediente no obra elemento a partir del cual pueda \u00a0inferirse la existencia de un doble juzgamiento o que los interesados \u00a0no suministran un dato concreto sobre el particular, al promover una \u00a0solicitud probatoria en ese sentido; no obstante, tal panorama no \u00a0releva a la Sala del deber de verificaci\u00f3n, toda vez que la \u00a0salvaguarda de dicha prerrogativa no entra\u00f1a una naturaleza \u00a0dispositiva o discrecional; por el contrario, persiste para la Corte \u00a0el compromiso de disipar de cualquier perplejidad tal aspecto, por \u00a0cuanto de esa manera se efectiviza no s\u00f3lo la autonom\u00eda \u00a0y soberan\u00eda nacionales, en caso de acreditarse que el Estado \u00a0Colombiano ha desplegado su poder punitivo, sino que adem\u00e1s se \u00a0procura la observancia de prerrogativas fundamentales de los \u00a0procesados, como la de no ser juzgado dos veces por el mismo hecho. \u00a0<\/p>\n<p>3.- \u00a0Conforme a este nuevo entendimiento, y en aras de descartar de manera \u00a0fundada la vinculaci\u00f3n del requerido a alg\u00fan tr\u00e1mite \u00a0judicial en Colombia, y por contera la posible afectaci\u00f3n del \u00a0principio del non \u00a0bis in \u00eddem, \u00a0resulta pertinente y conducente oficiar a la Fiscal\u00eda General \u00a0de la Naci\u00f3n para que informe si Leonar \u00a0Molina Ferro \u00a0ha sido investigado, juzgado o condenado por conductas punibles \u00a0relacionadas con narcotr\u00e1fico, lavado de activos o concierto \u00a0para delinquir. \u00a0<\/p>\n<p>En \u00a0caso positivo, dicha autoridad deber\u00e1 precisar el contexto \u00a0f\u00e1ctico en que se desarroll\u00f3 la respectiva actuaci\u00f3n, \u00a0la autoridad judicial y el estado actual del proceso. \u00a0<\/p>\n<p>4. \u00a0La \u00a0Corte no observa necesidad de evacuar pruebas de oficio. \u00a0<\/p>\n<p>En \u00a0m\u00e9rito de lo expuesto, la Corte Suprema de Justicia, Sala de \u00a0Casaci\u00f3n Penal, \u00a0<\/p>\n<p>RESUELVE \u00a0<\/p>\n<p>1\u00ba. \u00a0DECRETAR, \u00a0por solicitud de la Procuradora \u00a0Segunda Delegada para la Casaci\u00f3n Penal, la siguiente prueba: \u00a0<\/p>\n<p>Oficiar \u00a0a la \u00a0Fiscal\u00eda General de la Naci\u00f3n para que informe si \u00a0Leonar \u00a0Molina Ferro \u00a0ha sido investigado, juzgado o condenado por conductas punibles \u00a0relacionadas con narcotr\u00e1fico, lavado de activos o concierto \u00a0para delinquir; en caso positivo, se precise el contexto f\u00e1ctico \u00a0en que se desarroll\u00f3 la respectiva actuaci\u00f3n, la \u00a0autoridad judicial y el estado actual del proceso. \u00a0<\/p>\n<p>2\u00b0. \u00a0Contra \u00a0esta decisi\u00f3n procede el recurso de reposici\u00f3n. \u00a0<\/p>\n<p>Notif\u00edquese \u00a0y c\u00famplase \u00a0<\/p>\n<p>EYDER \u00a0PATI\u00d1O CABRERA \u00a0<\/p>\n<p>Magistrado \u00a0<\/p>\n<p>JOS\u00c9 \u00a0FRANCISCO ACU\u00d1A VIZCAYA \u00a0<\/p>\n<p>Magistrado \u00a0<\/p>\n<p>JOS\u00c9 \u00a0LUIS BARCEL\u00d3 CAMACHO \u00a0<\/p>\n<p>Magistrado \u00a0<\/p>\n<p>EUGENIO \u00a0FERN\u00c1NDEZ CARLIER \u00a0<\/p>\n<p>Magistrado \u00a0<\/p>\n<p>LUIS \u00a0ANTONIO HERN\u00c1NDEZ BARBOSA \u00a0<\/p>\n<p>Magistrado \u00a0<\/p>\n<p>PATRICIA \u00a0SALAZAR CU\u00c9LLAR \u00a0<\/p>\n<p>Magistrado \u00a0<\/p>\n<p>LUIS \u00a0GUILLERMO SALAZAR OTERO \u00a0<\/p>\n<p>Magistrado \u00a0<\/p>\n<p>NUBIA \u00a0YOLANDA NOVA GARC\u00cdA \u00a0<\/p>\n<p>Secretaria \u00a0<\/p>\n<p>1 \u00a0 \u00a0 \u00a0 \u00a0 \u00a0Folio. 30 y ss de la Carpeta \u00a0 \u00a0 \u00a0 \u00a0 \u00a0del Ministerio de Justicia y del Derecho. \u00a0<\/p>\n<p>2 \u00a0 \u00a0 \u00a0 \u00a0 \u00a0Folios. \u00a0 \u00a0 \u00a0 \u00a0 \u00a09-12 ib\u00eddem. \u00a0<\/p>\n<p>3 \u00a0 \u00a0 \u00a0 \u00a0 \u00a0Folios. \u00a0 \u00a0 \u00a0 \u00a0 \u00a040 y siguientes ib\u00eddem. \u00a0<\/p>\n<p>4 \u00a0 \u00a0 \u00a0 \u00a0 \u00a0Folio. \u00a0 \u00a0 \u00a0 \u00a0 \u00a034 Carpeta del Ministerio de Justicia y del Derecho. \u00a0<\/p>\n<p>5 \u00a0 \u00a0 \u00a0 \u00a0 \u00a0Folio. 1 Cuaderno de la \u00a0 \u00a0 \u00a0 \u00a0 \u00a0Corte. \u00a0<\/p>\n<p>6 \u00a0 \u00a0 \u00a0 \u00a0 \u00a0Folios. \u00a0 \u00a0 \u00a0 \u00a0 \u00a017 y 18 ib\u00eddem. \u00a0<\/p>\n<p>7 \u00a0 \u00a0 \u00a0 \u00a0 \u00a0Publicada en Gaceta Judicial: Tomo CLXXXVII-2 n.\u00b0 2426, p\u00e1g. \u00a0 \u00a0 \u00a0 \u00a0 \u00a0580-604 \u00a0<\/p>\n<p>8 \u00a0 \u00a0 \u00a0 \u00a0 \u00a0En lo que concierne al \u00a0 \u00a0 \u00a0 \u00a0 \u00a0estado de salud de los requeridos en extradici\u00f3n, en la \u00a0 \u00a0 \u00a0 \u00a0 \u00a0providencia CSJ AP, 3 jul 2013, rad. 41270, se aclar\u00f3 que: \u00abA \u00a0 \u00a0 \u00a0 \u00a0 \u00a0pesar de que en principio habr\u00eda lugar a sostener que la \u00a0 \u00a0 \u00a0 \u00a0 \u00a0prueba reclamada por la defensa no es pertinente, por cuanto no se \u00a0 \u00a0 \u00a0 \u00a0 \u00a0vincula con los requisitos que debe constatar la Corte al momento de \u00a0 \u00a0 \u00a0 \u00a0 \u00a0emitir el concepto respectivo, a su vez no debe perderse de vista \u00a0 \u00a0 \u00a0 \u00a0 \u00a0que el medio de convicci\u00f3n deprecado tiene relaci\u00f3n \u00a0 \u00a0 \u00a0 \u00a0 \u00a0con los eventuales condicionamientos que pueden imponerse en caso de \u00a0 \u00a0 \u00a0 \u00a0 \u00a0que el concepto sea favorable a la extradici\u00f3n, en particular \u00a0 \u00a0 \u00a0 \u00a0 \u00a0en punto del tratamiento que se le debe prodigar al solicitado por \u00a0 \u00a0 \u00a0 \u00a0 \u00a0su calidad de persona humana y de nacional colombiano por \u00a0 \u00a0 \u00a0 \u00a0 \u00a0nacimiento\u00bb. \u00a0<\/p>\n<p>9 \u00a0 \u00a0 \u00a0 \u00a0 \u00a0Dentro \u00a0 \u00a0 \u00a0 \u00a0 \u00a0de estas se destacan, la \u00a0 \u00a0 \u00a0 \u00a0 \u00a0inobservancia de la prohibici\u00f3n de doble juzgamiento (CSJ \u00a0 \u00a0 \u00a0 \u00a0 \u00a0CP001-2015 y CSJ CP166-2014, entre otros), y la prescripci\u00f3n \u00a0 \u00a0 \u00a0 \u00a0 \u00a0de la acci\u00f3n penal o la sanci\u00f3n que dio lugar al \u00a0 \u00a0 \u00a0 \u00a0 \u00a0pedido de extradici\u00f3n. \u00a0<\/p>\n<p>10 \u00a0 \u00a0 \u00a0 \u00a0 \u00a0 CSJ AP, 26 agosto de 2009, rad. 31951, CSJ AP3664-2018 del 29 de \u00a0 \u00a0 \u00a0 \u00a0 \u00a0agosto de 2018, rad. 52625, entre otras. \u00a0<\/p>\n<p>11 \u00a0 \u00a0 \u00a0 \u00a0 \u00a0La \u00a0 \u00a0 \u00a0 \u00a0 \u00a0teor\u00eda garantista designa un modelo de derecho orientado a \u00a0 \u00a0 \u00a0 \u00a0 \u00a0garantizar derechos subjetivos. \u00a0<\/p>\n<p>12 \u00a0 \u00a0 \u00a0 \u00a0 \u00a0Entre \u00a0 \u00a0 \u00a0 \u00a0 \u00a0otras, providencias AP4733, AP4797, AP4793 y AP5187 del 31 de \u00a0 \u00a0 \u00a0 \u00a0 \u00a0octubre, 7 de noviembre y 5 de diciembre de 2018, respectivamente. \u00a0<\/p>\n<p>5 \u00a0 \u00a0 \u00a0<\/p>\n<p><\/p>\n","protected":false},"excerpt":{"rendered":"<p>\u00a0 \u00a0 \u00a0 \u00a0\u00a0 JOS\u00c9 \u00a0FRANCISCO ACU\u00d1A VIZCAYA \u00a0 Magistrado \u00a0Ponente \u00a0 AP834-2019 \u00a0 Radicaci\u00f3n \u00a0N\u00b0 54005 \u00a0 (Aprobado \u00a0Acta No.59) \u00a0 Bogot\u00e1 \u00a0D. C., seis (06) de marzo de dos mil diecinueve (2019). \u00a0 ASUNTO \u00a0 La Corte resuelve \u00a0la solicitud probatoria efectuada por la representante \u00a0del Ministerio P\u00fablico, \u00a0en el tr\u00e1mite seguido \u00a0contra [&hellip;]<\/p>\n","protected":false},"author":1,"featured_media":0,"comment_status":"open","ping_status":"open","sticky":false,"template":"","format":"standard","meta":{"footnotes":""},"categories":[28],"tags":[],"class_list":["post-43479","post","type-post","status-publish","format-standard","hentry","category-28"],"_links":{"self":[{"href":"https:\/\/dmsjuridica.com\/buscador_20179478954\/salapenalcronologico20230723\/wp-json\/wp\/v2\/posts\/43479","targetHints":{"allow":["GET"]}}],"collection":[{"href":"https:\/\/dmsjuridica.com\/buscador_20179478954\/salapenalcronologico20230723\/wp-json\/wp\/v2\/posts"}],"about":[{"href":"https:\/\/dmsjuridica.com\/buscador_20179478954\/salapenalcronologico20230723\/wp-json\/wp\/v2\/types\/post"}],"author":[{"embeddable":true,"href":"https:\/\/dmsjuridica.com\/buscador_20179478954\/salapenalcronologico20230723\/wp-json\/wp\/v2\/users\/1"}],"replies":[{"embeddable":true,"href":"https:\/\/dmsjuridica.com\/buscador_20179478954\/salapenalcronologico20230723\/wp-json\/wp\/v2\/comments?post=43479"}],"version-history":[{"count":0,"href":"https:\/\/dmsjuridica.com\/buscador_20179478954\/salapenalcronologico20230723\/wp-json\/wp\/v2\/posts\/43479\/revisions"}],"wp:attachment":[{"href":"https:\/\/dmsjuridica.com\/buscador_20179478954\/salapenalcronologico20230723\/wp-json\/wp\/v2\/media?parent=43479"}],"wp:term":[{"taxonomy":"category","embeddable":true,"href":"https:\/\/dmsjuridica.com\/buscador_20179478954\/salapenalcronologico20230723\/wp-json\/wp\/v2\/categories?post=43479"},{"taxonomy":"post_tag","embeddable":true,"href":"https:\/\/dmsjuridica.com\/buscador_20179478954\/salapenalcronologico20230723\/wp-json\/wp\/v2\/tags?post=43479"}],"curies":[{"name":"wp","href":"https:\/\/api.w.org\/{rel}","templated":true}]}}