{"id":43463,"date":"2023-09-14T21:44:14","date_gmt":"2023-09-14T21:44:14","guid":{"rendered":"https:\/\/dmsjuridica.com\/buscador_20179478954\/salapenalcronologico20230723\/2023\/09\/14\/ap783-201952765\/"},"modified":"2023-09-14T21:44:14","modified_gmt":"2023-09-14T21:44:14","slug":"ap783-201952765","status":"publish","type":"post","link":"https:\/\/dmsjuridica.com\/buscador_20179478954\/salapenalcronologico20230723\/2023\/09\/14\/ap783-201952765\/","title":{"rendered":"AP783-2019(52765)"},"content":{"rendered":"\n<p>\u00a0 \u00a0 \u00a0 \u00a0\u00a0<\/p>\n<p>LUIS \u00a0GUILLERMO SALAZAR OTERO \u00a0<\/p>\n<p>Magistrado \u00a0Ponente \u00a0<\/p>\n<p>AP783-2019 \u00a0<\/p>\n<p>Radicaci\u00f3n \u00a0n\u00b0 52765 \u00a0<\/p>\n<p>Acta \u00a052 \u00a0<\/p>\n<p>Bogot\u00e1 \u00a0D.C., veintisiete (27) de febrero de dos mil diecinueve (2019). \u00a0<\/p>\n<p>ASUNTO \u00a0<\/p>\n<p>Se \u00a0pronuncia la Sala sobre la admisi\u00f3n de la demanda sustento de \u00a0la acci\u00f3n de revisi\u00f3n presentada por JOS\u00c9 DANIEL \u00a0FORERO DUARTE, quien fuera condenado por el delito de homicidio \u00a0agravado. \u00a0<\/p>\n<p>CONSIDERACIONES \u00a0<\/p>\n<p>La \u00a0demanda ser\u00e1 inadmitida, al tenor de las siguientes razones: \u00a0<\/p>\n<p>1. \u00a0Para promover la acci\u00f3n de revisi\u00f3n, es imprescindible \u00a0que la demanda se ajuste a las prescripciones legales del art\u00edculo \u00a0194 de la Ley 906 de 2004 y sea presentada mediante abogado titulado. \u00a0<\/p>\n<p>El \u00a0art\u00edculo 193 de la citada ley establece que el fiscal, el \u00a0Ministerio P\u00fablico, el defensor y dem\u00e1s intervinientes, \u00a0pueden instaurarla, siempre que ostenten \u00a0inter\u00e9s jur\u00eddico \u00a0y hayan sido legalmente reconocidos dentro de la actuaci\u00f3n \u00a0materia de revisi\u00f3n. \u00a0<\/p>\n<p>En \u00a0relaci\u00f3n con los intervinientes, precisa que la pueden incoar \u00a0directamente quienes sean abogados en ejercicio; en caso contrario, \u00a0deber\u00e1n otorgar mandato a un profesional del derecho, en tanto \u00a0la norma exige \u201cpoder \u00a0especial\u201d \u00a0para tal efecto1. \u00a0<\/p>\n<p>2. \u00a0En este asunto, quien presenta la revisi\u00f3n es el sentenciado \u00a0Forero Duarte, que no es abogado, lo cual se erige en motivo \u00a0suficiente para que se rechace la demanda. Y ello as\u00ed, porque \u00a0la revisi\u00f3n es un instrumento extraordinario que busca derruir \u00a0la fuerza de cosa juzgada de los fallos judiciales, la cual se \u00a0promueve con la presentaci\u00f3n de un escrito que ha de contener \u00a0los \u00a0fundamentos \u00a0de hecho y de derecho en que se apoya la solicitud, \u00a0 con un desarrollo adecuado de la causal que se invoca, de manera que \u00a0\u00fanicamente la persona versada en derecho, que por lo mismo \u00a0cuenta con los especiales conocimientos jur\u00eddicos, se \u00a0encuentra en condiciones de postular la revisi\u00f3n.2 \u00a0<\/p>\n<p>3. \u00a0En esas condiciones, ante la falta de legitimidad para actuar de Jos\u00e9 \u00a0Daniel Forero Duarte, se inadmitir\u00e1 la demanda presentada, \u00a0porque el accionante carece de legitimidad para presentarla por no \u00a0tener la calidad de abogado. \u00a0<\/p>\n<p>Por \u00a0lo expuesto, la Sala \u00a0de Casaci\u00f3n Penal de la Corte Suprema de Justicia \u00a0<\/p>\n<p>RESUELVE \u00a0<\/p>\n<p>Inadmitir \u00a0la demanda de revisi\u00f3n presentada por el JOS\u00c9 DANIEL \u00a0FORERO DUARTE, por falta de legitimidad para actuar. \u00a0<\/p>\n<p>Contra \u00a0esta decisi\u00f3n procede el recurso de reposici\u00f3n. \u00a0<\/p>\n<p>Notif\u00edquese \u00a0y C\u00famplase \u00a0<\/p>\n<p>EYDER \u00a0PATI\u00d1O CABRERA \u00a0<\/p>\n<p>JOS\u00c9 \u00a0FRANCISCO ACU\u00d1A VIZCAYA \u00a0<\/p>\n<p>JOS\u00c9 \u00a0LUIS BARCEL\u00d3 CAMACHO \u00a0<\/p>\n<p>EUGENIO \u00a0FERN\u00c1NDEZ CARLIER \u00a0<\/p>\n<p>LUIS \u00a0ANTONIO HERN\u00c1NDEZ BARBOSA \u00a0<\/p>\n<p>PATRICIA \u00a0SALAZAR CUELLAR \u00a0<\/p>\n<p>LUIS \u00a0GUILLERMO SALAZAR OTERO \u00a0<\/p>\n<p>Nubia \u00a0Yolanda Nova Garc\u00eda \u00a0<\/p>\n<p>Secretaria \u00a0<\/p>\n<p>1 \u00a0 \u00a0 \u00a0 \u00a0 \u00a0CSJ AP, 6 \u00a0 \u00a0 \u00a0 \u00a0 \u00a0may. 2009, rad. 29664; 14 abr. 2010, rad. 33560; 27 jun. 2012, rad. \u00a0 \u00a0 \u00a0 \u00a0 \u00a039118. \u00a0<\/p>\n<p>2 \u00a0 \u00a0 \u00a0 \u00a0 \u00a0AP 4246, Radicado 51933, 26 de septiembre de \u00a0 \u00a0 \u00a0 \u00a0 \u00a02018. \u00a0<\/p>\n<p>4 \u00a0 \u00a0 \u00a0<\/p>\n<p><\/p>\n","protected":false},"excerpt":{"rendered":"<p>\u00a0 \u00a0 \u00a0 \u00a0\u00a0 LUIS \u00a0GUILLERMO SALAZAR OTERO \u00a0 Magistrado \u00a0Ponente \u00a0 AP783-2019 \u00a0 Radicaci\u00f3n \u00a0n\u00b0 52765 \u00a0 Acta \u00a052 \u00a0 Bogot\u00e1 \u00a0D.C., veintisiete (27) de febrero de dos mil diecinueve (2019). \u00a0 ASUNTO \u00a0 Se \u00a0pronuncia la Sala sobre la admisi\u00f3n de la demanda sustento de \u00a0la acci\u00f3n de revisi\u00f3n presentada por JOS\u00c9 DANIEL [&hellip;]<\/p>\n","protected":false},"author":1,"featured_media":0,"comment_status":"open","ping_status":"open","sticky":false,"template":"","format":"standard","meta":{"footnotes":""},"categories":[28],"tags":[],"class_list":["post-43463","post","type-post","status-publish","format-standard","hentry","category-28"],"_links":{"self":[{"href":"https:\/\/dmsjuridica.com\/buscador_20179478954\/salapenalcronologico20230723\/wp-json\/wp\/v2\/posts\/43463","targetHints":{"allow":["GET"]}}],"collection":[{"href":"https:\/\/dmsjuridica.com\/buscador_20179478954\/salapenalcronologico20230723\/wp-json\/wp\/v2\/posts"}],"about":[{"href":"https:\/\/dmsjuridica.com\/buscador_20179478954\/salapenalcronologico20230723\/wp-json\/wp\/v2\/types\/post"}],"author":[{"embeddable":true,"href":"https:\/\/dmsjuridica.com\/buscador_20179478954\/salapenalcronologico20230723\/wp-json\/wp\/v2\/users\/1"}],"replies":[{"embeddable":true,"href":"https:\/\/dmsjuridica.com\/buscador_20179478954\/salapenalcronologico20230723\/wp-json\/wp\/v2\/comments?post=43463"}],"version-history":[{"count":0,"href":"https:\/\/dmsjuridica.com\/buscador_20179478954\/salapenalcronologico20230723\/wp-json\/wp\/v2\/posts\/43463\/revisions"}],"wp:attachment":[{"href":"https:\/\/dmsjuridica.com\/buscador_20179478954\/salapenalcronologico20230723\/wp-json\/wp\/v2\/media?parent=43463"}],"wp:term":[{"taxonomy":"category","embeddable":true,"href":"https:\/\/dmsjuridica.com\/buscador_20179478954\/salapenalcronologico20230723\/wp-json\/wp\/v2\/categories?post=43463"},{"taxonomy":"post_tag","embeddable":true,"href":"https:\/\/dmsjuridica.com\/buscador_20179478954\/salapenalcronologico20230723\/wp-json\/wp\/v2\/tags?post=43463"}],"curies":[{"name":"wp","href":"https:\/\/api.w.org\/{rel}","templated":true}]}}