{"id":43339,"date":"2023-09-14T21:47:17","date_gmt":"2023-09-14T21:47:17","guid":{"rendered":"https:\/\/dmsjuridica.com\/buscador_20179478954\/salapenalcronologico20230723\/2023\/09\/14\/ap5464-201956562\/"},"modified":"2023-09-14T21:47:17","modified_gmt":"2023-09-14T21:47:17","slug":"ap5464-201956562","status":"publish","type":"post","link":"https:\/\/dmsjuridica.com\/buscador_20179478954\/salapenalcronologico20230723\/2023\/09\/14\/ap5464-201956562\/","title":{"rendered":"AP5464-2019(56562)"},"content":{"rendered":"\n<p>\u00a0 \u00a0 \u00a0 \u00a0\u00a0<\/p>\n<p>PATRICIA SALAZAR CU\u00c9LLAR \u00a0<\/p>\n<p>Magistrada Ponente \u00a0<\/p>\n<p>AP5464-2019 \u00a0<\/p>\n<p>Radicado n.\u00b0 56562 \u00a0<\/p>\n<p>Acta n.\u00b0 331 \u00a0<\/p>\n<p>Bogot\u00e1, D. C., doce (12) de diciembre de dos mil diecinueve \u00a0(2019). \u00a0<\/p>\n<p>ASUNTO: \u00a0<\/p>\n<p>Se \u00a0decide sobre el impedimento expresado por el H. Magistrado JAIME \u00a0HUMBERTO MORENO ACERO con fundamento en la causal especial prevista \u00a0por el art\u00edculo 197 de la Ley 906 de 2004. \u00a0<\/p>\n<p>ANTECEDENTES: \u00a0<\/p>\n<p>Alix Mosquera Manzano, por intermedio de \u00a0apoderado, demanda la revisi\u00f3n de la sentencia de segunda \u00a0instancia proferida por el Tribunal Superior del Distrito Judicial de \u00a0Buga, Sala de Decisi\u00f3n Penal, le\u00edda el 22 de agosto de \u00a02017, por medio de la cual revoc\u00f3 la sentencia absolutoria del \u00a0Juzgado Cuarto Penal del Circuito con funciones de conocimiento de \u00a0Tulu\u00e1 (Valle) y, en su lugar, conden\u00f3 al acusado, hoy \u00a0accionante, como autor de homicidio agravado en grado de tentativa y \u00a0fabricaci\u00f3n, tr\u00e1fico, porte o tenencia de armas de \u00a0fuego, accesorios, partes o municiones. \u00a0<\/p>\n<p>Dicho fallo fue suscrito por el entonces \u00a0Magistrado de la Sala Penal del Tribunal Superior del Distrito \u00a0Judicial de Buga y ahora Magistrado de la Sala de Casaci\u00f3n \u00a0Penal de la Corte Suprema de Justicia Doctor JAIME HUMBERTO MORENO \u00a0ACERO, quien se ha declarado impedido para conocer de la presente \u00a0demanda de revisi\u00f3n, aduciendo la concurrencia de la causal \u00a0especial de impedimento de que trata el art\u00edculo 197 de la Ley \u00a0906 de 2004. \u00a0<\/p>\n<p>CONSIDERACIONES: \u00a0<\/p>\n<p>Como \u00a0quiera que la decisi\u00f3n que es objeto de la demanda de revisi\u00f3n \u00a0efectivamente fue suscrita por el H. Magistrado JAIME HUMBERTO MORENO \u00a0ACERO, quien en su momento integr\u00f3 la correspondiente Sala de \u00a0Decisi\u00f3n Penal del Tribunal Superior del Distrito Judicial de \u00a0Buga que fall\u00f3 el caso en segunda instancia, a criterio de la \u00a0Sala es indudable que se configura la causal impeditiva del art\u00edculo \u00a0197 del C\u00f3digo de Procedimiento Penal (Ley 906 de 2004), de \u00a0conformidad con la cual: \u201cNo podr\u00e1 intervenir \u00a0en el tr\u00e1mite y decisi\u00f3n de esta acci\u00f3n ning\u00fan \u00a0magistrado que haya suscrito la decisi\u00f3n objeto de la misma\u201d. \u00a0<\/p>\n<p>Por consiguiente, se aceptar\u00e1 su manifestaci\u00f3n y se le \u00a0separar\u00e1 del conocimiento de la presente actuaci\u00f3n. \u00a0<\/p>\n<p>En m\u00e9rito \u00a0de lo expuesto, la CORTE SUPREMA DE JUSTICIA, Sala de Casaci\u00f3n \u00a0Penal, \u00a0<\/p>\n<p>RESUELVE: \u00a0<\/p>\n<p>Aceptar el impedimento expresado por el H. Magistrado Doctor \u00a0JAIME HUMBERTO MORENO ACERO, a quien, en \u00a0consecuencia, se le separa del conocimiento del presente caso. \u00a0<\/p>\n<p>Comun\u00edquese y C\u00famplase \u00a0<\/p>\n<p>EYDER \u00a0PATI\u00d1O CABRERA \u00a0<\/p>\n<p>Presidente \u00a0<\/p>\n<p>JOS\u00c9 FRANCISCO ACU\u00d1A VIZCAYA \u00a0<\/p>\n<p>EUGENIO FERN\u00c1NDEZ CARLIER \u00a0<\/p>\n<p>LUIS ANTONIO HERN\u00c1NDEZ BARBOSA \u00a0<\/p>\n<p>PATRICIA SALAZAR CU\u00c9LLAR \u00a0<\/p>\n<p>NUBIA YOLANDA NOVA GARC\u00cdA \u00a0<\/p>\n<p>Secretaria \u00a0<\/p>\n<p>\u00a0 \u00a0 \u00a0\u00a0<\/p>\n<p><\/p>\n","protected":false},"excerpt":{"rendered":"<p>\u00a0 \u00a0 \u00a0 \u00a0\u00a0 PATRICIA SALAZAR CU\u00c9LLAR \u00a0 Magistrada Ponente \u00a0 AP5464-2019 \u00a0 Radicado n.\u00b0 56562 \u00a0 Acta n.\u00b0 331 \u00a0 Bogot\u00e1, D. C., doce (12) de diciembre de dos mil diecinueve \u00a0(2019). \u00a0 ASUNTO: \u00a0 Se \u00a0decide sobre el impedimento expresado por el H. Magistrado JAIME \u00a0HUMBERTO MORENO ACERO con fundamento en la causal [&hellip;]<\/p>\n","protected":false},"author":1,"featured_media":0,"comment_status":"open","ping_status":"open","sticky":false,"template":"","format":"standard","meta":{"footnotes":""},"categories":[28],"tags":[],"class_list":["post-43339","post","type-post","status-publish","format-standard","hentry","category-28"],"_links":{"self":[{"href":"https:\/\/dmsjuridica.com\/buscador_20179478954\/salapenalcronologico20230723\/wp-json\/wp\/v2\/posts\/43339","targetHints":{"allow":["GET"]}}],"collection":[{"href":"https:\/\/dmsjuridica.com\/buscador_20179478954\/salapenalcronologico20230723\/wp-json\/wp\/v2\/posts"}],"about":[{"href":"https:\/\/dmsjuridica.com\/buscador_20179478954\/salapenalcronologico20230723\/wp-json\/wp\/v2\/types\/post"}],"author":[{"embeddable":true,"href":"https:\/\/dmsjuridica.com\/buscador_20179478954\/salapenalcronologico20230723\/wp-json\/wp\/v2\/users\/1"}],"replies":[{"embeddable":true,"href":"https:\/\/dmsjuridica.com\/buscador_20179478954\/salapenalcronologico20230723\/wp-json\/wp\/v2\/comments?post=43339"}],"version-history":[{"count":0,"href":"https:\/\/dmsjuridica.com\/buscador_20179478954\/salapenalcronologico20230723\/wp-json\/wp\/v2\/posts\/43339\/revisions"}],"wp:attachment":[{"href":"https:\/\/dmsjuridica.com\/buscador_20179478954\/salapenalcronologico20230723\/wp-json\/wp\/v2\/media?parent=43339"}],"wp:term":[{"taxonomy":"category","embeddable":true,"href":"https:\/\/dmsjuridica.com\/buscador_20179478954\/salapenalcronologico20230723\/wp-json\/wp\/v2\/categories?post=43339"},{"taxonomy":"post_tag","embeddable":true,"href":"https:\/\/dmsjuridica.com\/buscador_20179478954\/salapenalcronologico20230723\/wp-json\/wp\/v2\/tags?post=43339"}],"curies":[{"name":"wp","href":"https:\/\/api.w.org\/{rel}","templated":true}]}}